{"id":22228,"date":"2022-09-22T14:00:37","date_gmt":"2022-09-22T14:00:37","guid":{"rendered":"https:\/\/www.manabi.gob.ec\/?p=22228"},"modified":"2022-09-22T14:00:42","modified_gmt":"2022-09-22T14:00:42","slug":"manabi-sera-promocionada-por-la-fao-en-roma-la-comunidad-global-conocera-las-oportunidades-para-venir-a-invertir-en-la-cadena-del-cacao","status":"publish","type":"post","link":"https:\/\/www.manabi.gob.ec\/index.php\/manabi-sera-promocionada-por-la-fao-en-roma-la-comunidad-global-conocera-las-oportunidades-para-venir-a-invertir-en-la-cadena-del-cacao\/","title":{"rendered":"\u00a1Manab\u00ed ser\u00e1 promocionada por la FAO en Roma! La comunidad global conocer\u00e1 las oportunidades para venir a invertir en la cadena del cacao."},"content":{"rendered":"\n<p>El pr\u00f3ximo mes de octubre, en la ciudad italiana de Roma, sede de la Organizaci\u00f3n de las Naciones Unidas para la Agricultura y la Alimentaci\u00f3n (FAO), el Ecuador va a presentar dos oportunidades de inversi\u00f3n en el sector rural: una en la producci\u00f3n de aguacate, y otra en la cadena del cacao; esta \u00faltima incluye territorios de la provincia de Manab\u00ed.<\/p>\n\n\n\n<p>Esto lo dio a conocer Agust\u00edn Zimmermann, representante de la FAO en Ecuador, durante una reuni\u00f3n de trabajo con el prefecto, Leonardo Orlando, referente a la iniciativa mano de la mano (Hand-in-Hand Initiative), cuya finalidad es acelerar la transformaci\u00f3n agr\u00edcola con miras a erradicar la pobreza, poner fin al hambre y la malnutrici\u00f3n, y reducir las desigualdades, para contribuir con los Objetivos de Desarrollo Sostenible de la ONU, ODS 1,2, y 10.<\/p>\n\n\n\n<p>\u201cEn todo el trabajo t\u00e9cnico que hemos hecho, la provincia de Manab\u00ed y sus territorios aparecen seleccionados como territorios de alta prioridad para la promoci\u00f3n de inversiones, precisamente por el alto potencial que tienen de contribuir a acelerar los avances hacia estos ODS\u201d, manifest\u00f3 el representante de la FAO.<\/p>\n\n\n\n<p>Agust\u00edn Zimmermann, tambi\u00e9n resalt\u00f3 la importancia de este evento mundial en el que se va dar visibilidad a estas oportunidades de inversi\u00f3n. \u201cY la provincia de Manab\u00ed, obviamente, va a aparecer para la comunidad global como un lugar donde se puede venir a invertir en la cadena del cacao\u201d, indic\u00f3.<\/p>\n\n\n\n<p>La reuni\u00f3n de trabajo, que se realiz\u00f3 en el despacho de la Prefectura, concluy\u00f3 con la entrega, por parte del Prefecto, de un ejemplar de la Pol\u00edtica P\u00fablica Provincial para la Implementaci\u00f3n de la Agricultura Agroecol\u00f3gica.<\/p>\n","protected":false},"excerpt":{"rendered":"<p>ducci\u00f3n de aguacate, y otra en la cadena del cacao; esta \u00faltima incluye territorios de la provincia de Manab\u00ed.<\/p>\n","protected":false},"author":10,"featured_media":22229,"comment_status":"closed","ping_status":"closed","sticky":false,"template":"","format":"standard","meta":{"_joinchat":[],"footnotes":""},"categories":[142,92,140,91],"tags":[],"class_list":["post-22228","post","type-post","status-publish","format-standard","has-post-thumbnail","hentry","category-desarrollo-social","category-noticias-manabi","category-produccion","category-todas"],"yoast_head":"<!-- This site is optimized with the Yoast SEO plugin v27.4 - https:\/\/yoast.com\/product\/yoast-seo-wordpress\/ -->\n<title>\u00a1Manab\u00ed ser\u00e1 promocionada por la FAO en Roma! La comunidad global conocer\u00e1 las oportunidades para venir a invertir en la cadena del cacao. - Prefectura de Manab\u00ed<\/title>\n<meta name=\"description\" content=\"El pr\u00f3ximo mes de octubre, en la ciudad italiana de Roma, sede de la Organizaci\u00f3n de las Naciones Unidas para la Agricultura y la Alimentaci\u00f3n (FAO), el Ecuador va a presentar dos oportunidades de inversi\u00f3n en el sector rural: una en la producci\u00f3n de aguacate, y otra en la cadena del cacao; esta \u00faltima incluye territorios de la provincia de Manab\u00ed.Esto lo dio a conocer Agust\u00edn Zimmermann, representante de la FAO en Ecuador, durante una reuni\u00f3n de trabajo con el prefecto, Leonardo Orlando, referente a la iniciativa mano de la mano (Hand-in-Hand Initiative), cuya finalidad es acelerar la transformaci\u00f3n agr\u00edcola con miras a erradicar la pobreza, poner fin al hambre y la malnutrici\u00f3n, y reducir las desigualdades, para contribuir con los Objetivos de Desarrollo Sostenible de la ONU, ODS 1,2, y 10.\u201cEn todo el trabajo t\u00e9cnico que hemos hecho, la provincia de Manab\u00ed y sus territorios aparecen seleccionados como territorios de alta prioridad para la promoci\u00f3n de inversiones, precisamente por el alto potencial que tienen de contribuir a acelerar los avances hacia estos ODS\u201d, manifest\u00f3 el representante de la FAO.Agust\u00edn Zimmermann, tambi\u00e9n resalt\u00f3 la importancia de este evento mundial en el que se va dar visibilidad a estas oportunidades de inversi\u00f3n. \u201cY la provincia de Manab\u00ed, obviamente, va a aparecer para la comunidad global como un lugar donde se puede venir a invertir en la cadena del cacao\u201d, indic\u00f3.La reuni\u00f3n de trabajo, que se realiz\u00f3 en el despacho de la Prefectura, concluy\u00f3 con la entrega, por parte del Prefecto, de un ejemplar de la Pol\u00edtica P\u00fablica Provincial para la Implementaci\u00f3n de la Agricultura Agroecol\u00f3gica.\" \/>\n<meta name=\"robots\" content=\"index, follow, max-snippet:-1, max-image-preview:large, max-video-preview:-1\" \/>\n<link rel=\"canonical\" href=\"https:\/\/www.manabi.gob.ec\/index.php\/manabi-sera-promocionada-por-la-fao-en-roma-la-comunidad-global-conocera-las-oportunidades-para-venir-a-invertir-en-la-cadena-del-cacao\/\" \/>\n<meta property=\"og:locale\" content=\"es_ES\" \/>\n<meta property=\"og:type\" content=\"article\" \/>\n<meta property=\"og:title\" content=\"\u00a1Manab\u00ed ser\u00e1 promocionada por la FAO en Roma! La comunidad global conocer\u00e1 las oportunidades para venir a invertir en la cadena del cacao. - Prefectura de Manab\u00ed\" \/>\n<meta property=\"og:description\" content=\"El pr\u00f3ximo mes de octubre, en la ciudad italiana de Roma, sede de la Organizaci\u00f3n de las Naciones Unidas para la Agricultura y la Alimentaci\u00f3n (FAO), el Ecuador va a presentar dos oportunidades de inversi\u00f3n en el sector rural: una en la producci\u00f3n de aguacate, y otra en la cadena del cacao; esta \u00faltima incluye territorios de la provincia de Manab\u00ed.Esto lo dio a conocer Agust\u00edn Zimmermann, representante de la FAO en Ecuador, durante una reuni\u00f3n de trabajo con el prefecto, Leonardo Orlando, referente a la iniciativa mano de la mano (Hand-in-Hand Initiative), cuya finalidad es acelerar la transformaci\u00f3n agr\u00edcola con miras a erradicar la pobreza, poner fin al hambre y la malnutrici\u00f3n, y reducir las desigualdades, para contribuir con los Objetivos de Desarrollo Sostenible de la ONU, ODS 1,2, y 10.\u201cEn todo el trabajo t\u00e9cnico que hemos hecho, la provincia de Manab\u00ed y sus territorios aparecen seleccionados como territorios de alta prioridad para la promoci\u00f3n de inversiones, precisamente por el alto potencial que tienen de contribuir a acelerar los avances hacia estos ODS\u201d, manifest\u00f3 el representante de la FAO.Agust\u00edn Zimmermann, tambi\u00e9n resalt\u00f3 la importancia de este evento mundial en el que se va dar visibilidad a estas oportunidades de inversi\u00f3n. \u201cY la provincia de Manab\u00ed, obviamente, va a aparecer para la comunidad global como un lugar donde se puede venir a invertir en la cadena del cacao\u201d, indic\u00f3.La reuni\u00f3n de trabajo, que se realiz\u00f3 en el despacho de la Prefectura, concluy\u00f3 con la entrega, por parte del Prefecto, de un ejemplar de la Pol\u00edtica P\u00fablica Provincial para la Implementaci\u00f3n de la Agricultura Agroecol\u00f3gica.\" \/>\n<meta property=\"og:url\" content=\"https:\/\/www.manabi.gob.ec\/index.php\/manabi-sera-promocionada-por-la-fao-en-roma-la-comunidad-global-conocera-las-oportunidades-para-venir-a-invertir-en-la-cadena-del-cacao\/\" \/>\n<meta property=\"og:site_name\" content=\"Prefectura de Manab\u00ed\" \/>\n<meta property=\"article:published_time\" content=\"2022-09-22T14:00:37+00:00\" \/>\n<meta property=\"article:modified_time\" content=\"2022-09-22T14:00:42+00:00\" \/>\n<meta property=\"og:image\" content=\"https:\/\/www.manabi.gob.ec\/wp-content\/uploads\/2022\/09\/WhatsApp-Image-2022-09-20-at-8.45.36-AM.jpeg\" \/>\n\t<meta property=\"og:image:width\" content=\"1280\" \/>\n\t<meta property=\"og:image:height\" content=\"855\" \/>\n\t<meta property=\"og:image:type\" content=\"image\/jpeg\" \/>\n<meta name=\"author\" content=\"Lui Ochoa\" \/>\n<meta name=\"twitter:card\" content=\"summary_large_image\" \/>\n<meta name=\"twitter:label1\" content=\"Escrito por\" \/>\n\t<meta name=\"twitter:data1\" content=\"Lui Ochoa\" \/>\n\t<meta name=\"twitter:label2\" content=\"Tiempo de lectura\" \/>\n\t<meta name=\"twitter:data2\" content=\"2 minutos\" \/>\n<script type=\"application\/ld+json\" class=\"yoast-schema-graph\">{\"@context\":\"https:\\\/\\\/schema.org\",\"@graph\":[{\"@type\":\"Article\",\"@id\":\"https:\\\/\\\/www.manabi.gob.ec\\\/index.php\\\/manabi-sera-promocionada-por-la-fao-en-roma-la-comunidad-global-conocera-las-oportunidades-para-venir-a-invertir-en-la-cadena-del-cacao\\\/#article\",\"isPartOf\":{\"@id\":\"https:\\\/\\\/www.manabi.gob.ec\\\/index.php\\\/manabi-sera-promocionada-por-la-fao-en-roma-la-comunidad-global-conocera-las-oportunidades-para-venir-a-invertir-en-la-cadena-del-cacao\\\/\"},\"author\":{\"name\":\"Lui Ochoa\",\"@id\":\"https:\\\/\\\/www.manabi.gob.ec\\\/#\\\/schema\\\/person\\\/c4f117989332ad723a6ced5994aa7d7a\"},\"headline\":\"\u00a1Manab\u00ed ser\u00e1 promocionada por la FAO en Roma! La comunidad global conocer\u00e1 las oportunidades para venir a invertir en la cadena del cacao.\",\"datePublished\":\"2022-09-22T14:00:37+00:00\",\"dateModified\":\"2022-09-22T14:00:42+00:00\",\"mainEntityOfPage\":{\"@id\":\"https:\\\/\\\/www.manabi.gob.ec\\\/index.php\\\/manabi-sera-promocionada-por-la-fao-en-roma-la-comunidad-global-conocera-las-oportunidades-para-venir-a-invertir-en-la-cadena-del-cacao\\\/\"},\"wordCount\":309,\"image\":{\"@id\":\"https:\\\/\\\/www.manabi.gob.ec\\\/index.php\\\/manabi-sera-promocionada-por-la-fao-en-roma-la-comunidad-global-conocera-las-oportunidades-para-venir-a-invertir-en-la-cadena-del-cacao\\\/#primaryimage\"},\"thumbnailUrl\":\"https:\\\/\\\/www.manabi.gob.ec\\\/wp-content\\\/uploads\\\/2022\\\/09\\\/WhatsApp-Image-2022-09-20-at-8.45.36-AM.jpeg\",\"articleSection\":[\"Desarrollo Social\",\"Noticias\",\"Producci\u00f3n\",\"Todas\"],\"inLanguage\":\"es\"},{\"@type\":\"WebPage\",\"@id\":\"https:\\\/\\\/www.manabi.gob.ec\\\/index.php\\\/manabi-sera-promocionada-por-la-fao-en-roma-la-comunidad-global-conocera-las-oportunidades-para-venir-a-invertir-en-la-cadena-del-cacao\\\/\",\"url\":\"https:\\\/\\\/www.manabi.gob.ec\\\/index.php\\\/manabi-sera-promocionada-por-la-fao-en-roma-la-comunidad-global-conocera-las-oportunidades-para-venir-a-invertir-en-la-cadena-del-cacao\\\/\",\"name\":\"\u00a1Manab\u00ed ser\u00e1 promocionada por la FAO en Roma! La comunidad global conocer\u00e1 las oportunidades para venir a invertir en la cadena del cacao. - Prefectura de Manab\u00ed\",\"isPartOf\":{\"@id\":\"https:\\\/\\\/www.manabi.gob.ec\\\/#website\"},\"primaryImageOfPage\":{\"@id\":\"https:\\\/\\\/www.manabi.gob.ec\\\/index.php\\\/manabi-sera-promocionada-por-la-fao-en-roma-la-comunidad-global-conocera-las-oportunidades-para-venir-a-invertir-en-la-cadena-del-cacao\\\/#primaryimage\"},\"image\":{\"@id\":\"https:\\\/\\\/www.manabi.gob.ec\\\/index.php\\\/manabi-sera-promocionada-por-la-fao-en-roma-la-comunidad-global-conocera-las-oportunidades-para-venir-a-invertir-en-la-cadena-del-cacao\\\/#primaryimage\"},\"thumbnailUrl\":\"https:\\\/\\\/www.manabi.gob.ec\\\/wp-content\\\/uploads\\\/2022\\\/09\\\/WhatsApp-Image-2022-09-20-at-8.45.36-AM.jpeg\",\"datePublished\":\"2022-09-22T14:00:37+00:00\",\"dateModified\":\"2022-09-22T14:00:42+00:00\",\"author\":{\"@id\":\"https:\\\/\\\/www.manabi.gob.ec\\\/#\\\/schema\\\/person\\\/c4f117989332ad723a6ced5994aa7d7a\"},\"description\":\"El pr\u00f3ximo mes de octubre, en la ciudad italiana de Roma, sede de la Organizaci\u00f3n de las Naciones Unidas para la Agricultura y la Alimentaci\u00f3n (FAO), el Ecuador va a presentar dos oportunidades de inversi\u00f3n en el sector rural: una en la producci\u00f3n de aguacate, y otra en la cadena del cacao; esta \u00faltima incluye territorios de la provincia de Manab\u00ed.Esto lo dio a conocer Agust\u00edn Zimmermann, representante de la FAO en Ecuador, durante una reuni\u00f3n de trabajo con el prefecto, Leonardo Orlando, referente a la iniciativa mano de la mano (Hand-in-Hand Initiative), cuya finalidad es acelerar la transformaci\u00f3n agr\u00edcola con miras a erradicar la pobreza, poner fin al hambre y la malnutrici\u00f3n, y reducir las desigualdades, para contribuir con los Objetivos de Desarrollo Sostenible de la ONU, ODS 1,2, y 10.\u201cEn todo el trabajo t\u00e9cnico que hemos hecho, la provincia de Manab\u00ed y sus territorios aparecen seleccionados como territorios de alta prioridad para la promoci\u00f3n de inversiones, precisamente por el alto potencial que tienen de contribuir a acelerar los avances hacia estos ODS\u201d, manifest\u00f3 el representante de la FAO.Agust\u00edn Zimmermann, tambi\u00e9n resalt\u00f3 la importancia de este evento mundial en el que se va dar visibilidad a estas oportunidades de inversi\u00f3n. \u201cY la provincia de Manab\u00ed, obviamente, va a aparecer para la comunidad global como un lugar donde se puede venir a invertir en la cadena del cacao\u201d, indic\u00f3.La reuni\u00f3n de trabajo, que se realiz\u00f3 en el despacho de la Prefectura, concluy\u00f3 con la entrega, por parte del Prefecto, de un ejemplar de la Pol\u00edtica P\u00fablica Provincial para la Implementaci\u00f3n de la Agricultura Agroecol\u00f3gica.\",\"breadcrumb\":{\"@id\":\"https:\\\/\\\/www.manabi.gob.ec\\\/index.php\\\/manabi-sera-promocionada-por-la-fao-en-roma-la-comunidad-global-conocera-las-oportunidades-para-venir-a-invertir-en-la-cadena-del-cacao\\\/#breadcrumb\"},\"inLanguage\":\"es\",\"potentialAction\":[{\"@type\":\"ReadAction\",\"target\":[\"https:\\\/\\\/www.manabi.gob.ec\\\/index.php\\\/manabi-sera-promocionada-por-la-fao-en-roma-la-comunidad-global-conocera-las-oportunidades-para-venir-a-invertir-en-la-cadena-del-cacao\\\/\"]}]},{\"@type\":\"ImageObject\",\"inLanguage\":\"es\",\"@id\":\"https:\\\/\\\/www.manabi.gob.ec\\\/index.php\\\/manabi-sera-promocionada-por-la-fao-en-roma-la-comunidad-global-conocera-las-oportunidades-para-venir-a-invertir-en-la-cadena-del-cacao\\\/#primaryimage\",\"url\":\"https:\\\/\\\/www.manabi.gob.ec\\\/wp-content\\\/uploads\\\/2022\\\/09\\\/WhatsApp-Image-2022-09-20-at-8.45.36-AM.jpeg\",\"contentUrl\":\"https:\\\/\\\/www.manabi.gob.ec\\\/wp-content\\\/uploads\\\/2022\\\/09\\\/WhatsApp-Image-2022-09-20-at-8.45.36-AM.jpeg\",\"width\":1280,\"height\":855},{\"@type\":\"BreadcrumbList\",\"@id\":\"https:\\\/\\\/www.manabi.gob.ec\\\/index.php\\\/manabi-sera-promocionada-por-la-fao-en-roma-la-comunidad-global-conocera-las-oportunidades-para-venir-a-invertir-en-la-cadena-del-cacao\\\/#breadcrumb\",\"itemListElement\":[{\"@type\":\"ListItem\",\"position\":1,\"name\":\"Portada\",\"item\":\"https:\\\/\\\/www.manabi.gob.ec\\\/\"},{\"@type\":\"ListItem\",\"position\":2,\"name\":\"\u00a1Manab\u00ed ser\u00e1 promocionada por la FAO en Roma! La comunidad global conocer\u00e1 las oportunidades para venir a invertir en la cadena del cacao.\"}]},{\"@type\":\"WebSite\",\"@id\":\"https:\\\/\\\/www.manabi.gob.ec\\\/#website\",\"url\":\"https:\\\/\\\/www.manabi.gob.ec\\\/\",\"name\":\"Prefectura de Manab\u00ed\",\"description\":\"P\u00e1gina web de la prefectura\",\"potentialAction\":[{\"@type\":\"SearchAction\",\"target\":{\"@type\":\"EntryPoint\",\"urlTemplate\":\"https:\\\/\\\/www.manabi.gob.ec\\\/?s={search_term_string}\"},\"query-input\":{\"@type\":\"PropertyValueSpecification\",\"valueRequired\":true,\"valueName\":\"search_term_string\"}}],\"inLanguage\":\"es\"},{\"@type\":\"Person\",\"@id\":\"https:\\\/\\\/www.manabi.gob.ec\\\/#\\\/schema\\\/person\\\/c4f117989332ad723a6ced5994aa7d7a\",\"name\":\"Lui Ochoa\",\"image\":{\"@type\":\"ImageObject\",\"inLanguage\":\"es\",\"@id\":\"https:\\\/\\\/secure.gravatar.com\\\/avatar\\\/6e8017d0fe69dead8a95864d2eb6e1e1d8bf8e01194ba49cf7b897ff038126ba?s=96&d=mm&r=g\",\"url\":\"https:\\\/\\\/secure.gravatar.com\\\/avatar\\\/6e8017d0fe69dead8a95864d2eb6e1e1d8bf8e01194ba49cf7b897ff038126ba?s=96&d=mm&r=g\",\"contentUrl\":\"https:\\\/\\\/secure.gravatar.com\\\/avatar\\\/6e8017d0fe69dead8a95864d2eb6e1e1d8bf8e01194ba49cf7b897ff038126ba?s=96&d=mm&r=g\",\"caption\":\"Lui Ochoa\"},\"url\":\"https:\\\/\\\/www.manabi.gob.ec\\\/index.php\\\/author\\\/lochoa\\\/\"}]}<\/script>\n<!-- \/ Yoast SEO plugin. -->","yoast_head_json":{"title":"\u00a1Manab\u00ed ser\u00e1 promocionada por la FAO en Roma! La comunidad global conocer\u00e1 las oportunidades para venir a invertir en la cadena del cacao. - Prefectura de Manab\u00ed","description":"El pr\u00f3ximo mes de octubre, en la ciudad italiana de Roma, sede de la Organizaci\u00f3n de las Naciones Unidas para la Agricultura y la Alimentaci\u00f3n (FAO), el Ecuador va a presentar dos oportunidades de inversi\u00f3n en el sector rural: una en la producci\u00f3n de aguacate, y otra en la cadena del cacao; esta \u00faltima incluye territorios de la provincia de Manab\u00ed.Esto lo dio a conocer Agust\u00edn Zimmermann, representante de la FAO en Ecuador, durante una reuni\u00f3n de trabajo con el prefecto, Leonardo Orlando, referente a la iniciativa mano de la mano (Hand-in-Hand Initiative), cuya finalidad es acelerar la transformaci\u00f3n agr\u00edcola con miras a erradicar la pobreza, poner fin al hambre y la malnutrici\u00f3n, y reducir las desigualdades, para contribuir con los Objetivos de Desarrollo Sostenible de la ONU, ODS 1,2, y 10.\u201cEn todo el trabajo t\u00e9cnico que hemos hecho, la provincia de Manab\u00ed y sus territorios aparecen seleccionados como territorios de alta prioridad para la promoci\u00f3n de inversiones, precisamente por el alto potencial que tienen de contribuir a acelerar los avances hacia estos ODS\u201d, manifest\u00f3 el representante de la FAO.Agust\u00edn Zimmermann, tambi\u00e9n resalt\u00f3 la importancia de este evento mundial en el que se va dar visibilidad a estas oportunidades de inversi\u00f3n. \u201cY la provincia de Manab\u00ed, obviamente, va a aparecer para la comunidad global como un lugar donde se puede venir a invertir en la cadena del cacao\u201d, indic\u00f3.La reuni\u00f3n de trabajo, que se realiz\u00f3 en el despacho de la Prefectura, concluy\u00f3 con la entrega, por parte del Prefecto, de un ejemplar de la Pol\u00edtica P\u00fablica Provincial para la Implementaci\u00f3n de la Agricultura Agroecol\u00f3gica.","robots":{"index":"index","follow":"follow","max-snippet":"max-snippet:-1","max-image-preview":"max-image-preview:large","max-video-preview":"max-video-preview:-1"},"canonical":"https:\/\/www.manabi.gob.ec\/index.php\/manabi-sera-promocionada-por-la-fao-en-roma-la-comunidad-global-conocera-las-oportunidades-para-venir-a-invertir-en-la-cadena-del-cacao\/","og_locale":"es_ES","og_type":"article","og_title":"\u00a1Manab\u00ed ser\u00e1 promocionada por la FAO en Roma! La comunidad global conocer\u00e1 las oportunidades para venir a invertir en la cadena del cacao. - Prefectura de Manab\u00ed","og_description":"El pr\u00f3ximo mes de octubre, en la ciudad italiana de Roma, sede de la Organizaci\u00f3n de las Naciones Unidas para la Agricultura y la Alimentaci\u00f3n (FAO), el Ecuador va a presentar dos oportunidades de inversi\u00f3n en el sector rural: una en la producci\u00f3n de aguacate, y otra en la cadena del cacao; esta \u00faltima incluye territorios de la provincia de Manab\u00ed.Esto lo dio a conocer Agust\u00edn Zimmermann, representante de la FAO en Ecuador, durante una reuni\u00f3n de trabajo con el prefecto, Leonardo Orlando, referente a la iniciativa mano de la mano (Hand-in-Hand Initiative), cuya finalidad es acelerar la transformaci\u00f3n agr\u00edcola con miras a erradicar la pobreza, poner fin al hambre y la malnutrici\u00f3n, y reducir las desigualdades, para contribuir con los Objetivos de Desarrollo Sostenible de la ONU, ODS 1,2, y 10.\u201cEn todo el trabajo t\u00e9cnico que hemos hecho, la provincia de Manab\u00ed y sus territorios aparecen seleccionados como territorios de alta prioridad para la promoci\u00f3n de inversiones, precisamente por el alto potencial que tienen de contribuir a acelerar los avances hacia estos ODS\u201d, manifest\u00f3 el representante de la FAO.Agust\u00edn Zimmermann, tambi\u00e9n resalt\u00f3 la importancia de este evento mundial en el que se va dar visibilidad a estas oportunidades de inversi\u00f3n. \u201cY la provincia de Manab\u00ed, obviamente, va a aparecer para la comunidad global como un lugar donde se puede venir a invertir en la cadena del cacao\u201d, indic\u00f3.La reuni\u00f3n de trabajo, que se realiz\u00f3 en el despacho de la Prefectura, concluy\u00f3 con la entrega, por parte del Prefecto, de un ejemplar de la Pol\u00edtica P\u00fablica Provincial para la Implementaci\u00f3n de la Agricultura Agroecol\u00f3gica.","og_url":"https:\/\/www.manabi.gob.ec\/index.php\/manabi-sera-promocionada-por-la-fao-en-roma-la-comunidad-global-conocera-las-oportunidades-para-venir-a-invertir-en-la-cadena-del-cacao\/","og_site_name":"Prefectura de Manab\u00ed","article_published_time":"2022-09-22T14:00:37+00:00","article_modified_time":"2022-09-22T14:00:42+00:00","og_image":[{"width":1280,"height":855,"url":"https:\/\/www.manabi.gob.ec\/wp-content\/uploads\/2022\/09\/WhatsApp-Image-2022-09-20-at-8.45.36-AM.jpeg","type":"image\/jpeg"}],"author":"Lui Ochoa","twitter_card":"summary_large_image","twitter_misc":{"Escrito por":"Lui Ochoa","Tiempo de lectura":"2 minutos"},"schema":{"@context":"https:\/\/schema.org","@graph":[{"@type":"Article","@id":"https:\/\/www.manabi.gob.ec\/index.php\/manabi-sera-promocionada-por-la-fao-en-roma-la-comunidad-global-conocera-las-oportunidades-para-venir-a-invertir-en-la-cadena-del-cacao\/#article","isPartOf":{"@id":"https:\/\/www.manabi.gob.ec\/index.php\/manabi-sera-promocionada-por-la-fao-en-roma-la-comunidad-global-conocera-las-oportunidades-para-venir-a-invertir-en-la-cadena-del-cacao\/"},"author":{"name":"Lui Ochoa","@id":"https:\/\/www.manabi.gob.ec\/#\/schema\/person\/c4f117989332ad723a6ced5994aa7d7a"},"headline":"\u00a1Manab\u00ed ser\u00e1 promocionada por la FAO en Roma! La comunidad global conocer\u00e1 las oportunidades para venir a invertir en la cadena del cacao.","datePublished":"2022-09-22T14:00:37+00:00","dateModified":"2022-09-22T14:00:42+00:00","mainEntityOfPage":{"@id":"https:\/\/www.manabi.gob.ec\/index.php\/manabi-sera-promocionada-por-la-fao-en-roma-la-comunidad-global-conocera-las-oportunidades-para-venir-a-invertir-en-la-cadena-del-cacao\/"},"wordCount":309,"image":{"@id":"https:\/\/www.manabi.gob.ec\/index.php\/manabi-sera-promocionada-por-la-fao-en-roma-la-comunidad-global-conocera-las-oportunidades-para-venir-a-invertir-en-la-cadena-del-cacao\/#primaryimage"},"thumbnailUrl":"https:\/\/www.manabi.gob.ec\/wp-content\/uploads\/2022\/09\/WhatsApp-Image-2022-09-20-at-8.45.36-AM.jpeg","articleSection":["Desarrollo Social","Noticias","Producci\u00f3n","Todas"],"inLanguage":"es"},{"@type":"WebPage","@id":"https:\/\/www.manabi.gob.ec\/index.php\/manabi-sera-promocionada-por-la-fao-en-roma-la-comunidad-global-conocera-las-oportunidades-para-venir-a-invertir-en-la-cadena-del-cacao\/","url":"https:\/\/www.manabi.gob.ec\/index.php\/manabi-sera-promocionada-por-la-fao-en-roma-la-comunidad-global-conocera-las-oportunidades-para-venir-a-invertir-en-la-cadena-del-cacao\/","name":"\u00a1Manab\u00ed ser\u00e1 promocionada por la FAO en Roma! La comunidad global conocer\u00e1 las oportunidades para venir a invertir en la cadena del cacao. - Prefectura de Manab\u00ed","isPartOf":{"@id":"https:\/\/www.manabi.gob.ec\/#website"},"primaryImageOfPage":{"@id":"https:\/\/www.manabi.gob.ec\/index.php\/manabi-sera-promocionada-por-la-fao-en-roma-la-comunidad-global-conocera-las-oportunidades-para-venir-a-invertir-en-la-cadena-del-cacao\/#primaryimage"},"image":{"@id":"https:\/\/www.manabi.gob.ec\/index.php\/manabi-sera-promocionada-por-la-fao-en-roma-la-comunidad-global-conocera-las-oportunidades-para-venir-a-invertir-en-la-cadena-del-cacao\/#primaryimage"},"thumbnailUrl":"https:\/\/www.manabi.gob.ec\/wp-content\/uploads\/2022\/09\/WhatsApp-Image-2022-09-20-at-8.45.36-AM.jpeg","datePublished":"2022-09-22T14:00:37+00:00","dateModified":"2022-09-22T14:00:42+00:00","author":{"@id":"https:\/\/www.manabi.gob.ec\/#\/schema\/person\/c4f117989332ad723a6ced5994aa7d7a"},"description":"El pr\u00f3ximo mes de octubre, en la ciudad italiana de Roma, sede de la Organizaci\u00f3n de las Naciones Unidas para la Agricultura y la Alimentaci\u00f3n (FAO), el Ecuador va a presentar dos oportunidades de inversi\u00f3n en el sector rural: una en la producci\u00f3n de aguacate, y otra en la cadena del cacao; esta \u00faltima incluye territorios de la provincia de Manab\u00ed.Esto lo dio a conocer Agust\u00edn Zimmermann, representante de la FAO en Ecuador, durante una reuni\u00f3n de trabajo con el prefecto, Leonardo Orlando, referente a la iniciativa mano de la mano (Hand-in-Hand Initiative), cuya finalidad es acelerar la transformaci\u00f3n agr\u00edcola con miras a erradicar la pobreza, poner fin al hambre y la malnutrici\u00f3n, y reducir las desigualdades, para contribuir con los Objetivos de Desarrollo Sostenible de la ONU, ODS 1,2, y 10.\u201cEn todo el trabajo t\u00e9cnico que hemos hecho, la provincia de Manab\u00ed y sus territorios aparecen seleccionados como territorios de alta prioridad para la promoci\u00f3n de inversiones, precisamente por el alto potencial que tienen de contribuir a acelerar los avances hacia estos ODS\u201d, manifest\u00f3 el representante de la FAO.Agust\u00edn Zimmermann, tambi\u00e9n resalt\u00f3 la importancia de este evento mundial en el que se va dar visibilidad a estas oportunidades de inversi\u00f3n. \u201cY la provincia de Manab\u00ed, obviamente, va a aparecer para la comunidad global como un lugar donde se puede venir a invertir en la cadena del cacao\u201d, indic\u00f3.La reuni\u00f3n de trabajo, que se realiz\u00f3 en el despacho de la Prefectura, concluy\u00f3 con la entrega, por parte del Prefecto, de un ejemplar de la Pol\u00edtica P\u00fablica Provincial para la Implementaci\u00f3n de la Agricultura Agroecol\u00f3gica.","breadcrumb":{"@id":"https:\/\/www.manabi.gob.ec\/index.php\/manabi-sera-promocionada-por-la-fao-en-roma-la-comunidad-global-conocera-las-oportunidades-para-venir-a-invertir-en-la-cadena-del-cacao\/#breadcrumb"},"inLanguage":"es","potentialAction":[{"@type":"ReadAction","target":["https:\/\/www.manabi.gob.ec\/index.php\/manabi-sera-promocionada-por-la-fao-en-roma-la-comunidad-global-conocera-las-oportunidades-para-venir-a-invertir-en-la-cadena-del-cacao\/"]}]},{"@type":"ImageObject","inLanguage":"es","@id":"https:\/\/www.manabi.gob.ec\/index.php\/manabi-sera-promocionada-por-la-fao-en-roma-la-comunidad-global-conocera-las-oportunidades-para-venir-a-invertir-en-la-cadena-del-cacao\/#primaryimage","url":"https:\/\/www.manabi.gob.ec\/wp-content\/uploads\/2022\/09\/WhatsApp-Image-2022-09-20-at-8.45.36-AM.jpeg","contentUrl":"https:\/\/www.manabi.gob.ec\/wp-content\/uploads\/2022\/09\/WhatsApp-Image-2022-09-20-at-8.45.36-AM.jpeg","width":1280,"height":855},{"@type":"BreadcrumbList","@id":"https:\/\/www.manabi.gob.ec\/index.php\/manabi-sera-promocionada-por-la-fao-en-roma-la-comunidad-global-conocera-las-oportunidades-para-venir-a-invertir-en-la-cadena-del-cacao\/#breadcrumb","itemListElement":[{"@type":"ListItem","position":1,"name":"Portada","item":"https:\/\/www.manabi.gob.ec\/"},{"@type":"ListItem","position":2,"name":"\u00a1Manab\u00ed ser\u00e1 promocionada por la FAO en Roma! La comunidad global conocer\u00e1 las oportunidades para venir a invertir en la cadena del cacao."}]},{"@type":"WebSite","@id":"https:\/\/www.manabi.gob.ec\/#website","url":"https:\/\/www.manabi.gob.ec\/","name":"Prefectura de Manab\u00ed","description":"P\u00e1gina web de la prefectura","potentialAction":[{"@type":"SearchAction","target":{"@type":"EntryPoint","urlTemplate":"https:\/\/www.manabi.gob.ec\/?s={search_term_string}"},"query-input":{"@type":"PropertyValueSpecification","valueRequired":true,"valueName":"search_term_string"}}],"inLanguage":"es"},{"@type":"Person","@id":"https:\/\/www.manabi.gob.ec\/#\/schema\/person\/c4f117989332ad723a6ced5994aa7d7a","name":"Lui Ochoa","image":{"@type":"ImageObject","inLanguage":"es","@id":"https:\/\/secure.gravatar.com\/avatar\/6e8017d0fe69dead8a95864d2eb6e1e1d8bf8e01194ba49cf7b897ff038126ba?s=96&d=mm&r=g","url":"https:\/\/secure.gravatar.com\/avatar\/6e8017d0fe69dead8a95864d2eb6e1e1d8bf8e01194ba49cf7b897ff038126ba?s=96&d=mm&r=g","contentUrl":"https:\/\/secure.gravatar.com\/avatar\/6e8017d0fe69dead8a95864d2eb6e1e1d8bf8e01194ba49cf7b897ff038126ba?s=96&d=mm&r=g","caption":"Lui Ochoa"},"url":"https:\/\/www.manabi.gob.ec\/index.php\/author\/lochoa\/"}]}},"jetpack_featured_media_url":"https:\/\/www.manabi.gob.ec\/wp-content\/uploads\/2022\/09\/WhatsApp-Image-2022-09-20-at-8.45.36-AM.jpeg","_links":{"self":[{"href":"https:\/\/www.manabi.gob.ec\/index.php\/wp-json\/wp\/v2\/posts\/22228","targetHints":{"allow":["GET"]}}],"collection":[{"href":"https:\/\/www.manabi.gob.ec\/index.php\/wp-json\/wp\/v2\/posts"}],"about":[{"href":"https:\/\/www.manabi.gob.ec\/index.php\/wp-json\/wp\/v2\/types\/post"}],"author":[{"embeddable":true,"href":"https:\/\/www.manabi.gob.ec\/index.php\/wp-json\/wp\/v2\/users\/10"}],"replies":[{"embeddable":true,"href":"https:\/\/www.manabi.gob.ec\/index.php\/wp-json\/wp\/v2\/comments?post=22228"}],"version-history":[{"count":0,"href":"https:\/\/www.manabi.gob.ec\/index.php\/wp-json\/wp\/v2\/posts\/22228\/revisions"}],"wp:featuredmedia":[{"embeddable":true,"href":"https:\/\/www.manabi.gob.ec\/index.php\/wp-json\/wp\/v2\/media\/22229"}],"wp:attachment":[{"href":"https:\/\/www.manabi.gob.ec\/index.php\/wp-json\/wp\/v2\/media?parent=22228"}],"wp:term":[{"taxonomy":"category","embeddable":true,"href":"https:\/\/www.manabi.gob.ec\/index.php\/wp-json\/wp\/v2\/categories?post=22228"},{"taxonomy":"post_tag","embeddable":true,"href":"https:\/\/www.manabi.gob.ec\/index.php\/wp-json\/wp\/v2\/tags?post=22228"}],"curies":[{"name":"wp","href":"https:\/\/api.w.org\/{rel}","templated":true}]}}