{"id":22231,"date":"2022-09-22T14:02:55","date_gmt":"2022-09-22T14:02:55","guid":{"rendered":"https:\/\/www.manabi.gob.ec\/?p=22231"},"modified":"2022-09-22T14:02:59","modified_gmt":"2022-09-22T14:02:59","slug":"fortalecemos-el-turismo-comunitario-en-el-canton-sucre","status":"publish","type":"post","link":"https:\/\/www.manabi.gob.ec\/index.php\/fortalecemos-el-turismo-comunitario-en-el-canton-sucre\/","title":{"rendered":"\u00a1Fortalecemos el turismo comunitario en el cant\u00f3n Sucre!"},"content":{"rendered":"\n<p>Las construcciones de las facilidades tur\u00edsticas de San Jacinto y San Roque de la parroquia Charapot\u00f3 del cant\u00f3n Sucre presentan un avance del 60%.<\/p>\n\n\n\n<p><br>En San Roque se avanza con la construcci\u00f3n de un muelle tipo voladizo; una caba\u00f1a gastron\u00f3mica, una caba\u00f1a de descanso y bater\u00edas sanitarias.<br>En San Jacinto se realiza mantenimiento del sendero, construcci\u00f3n de locales comerciales, boleter\u00edas y bater\u00edas sanitarias.<\/p>\n\n\n\n<p><br>Este proyecto beneficiar\u00e1 a 2.307 personas de 668 familias con una inversi\u00f3n de aproximadamente 99.985,22 d\u00f3lares.<br>Esta obra que impulsa la Prefectura de Manab\u00ed en convenio con FIDES se realiza con el objetivo de incentivar el turismo comunitario en nuestra provincia.<\/p>\n","protected":false},"excerpt":{"rendered":"<p>Las construcciones de las facilidades tur\u00edsticas de San Jacinto y San Roque de la parroquia Charapot\u00f3 del cant\u00f3n Sucre presentan un avance del 60%. En San Roque se avanza con la construcci\u00f3n de un muelle tipo voladizo; una caba\u00f1a gastron\u00f3mica, una caba\u00f1a de descanso y bater\u00edas sanitarias.En San Jacinto se realiza mantenimiento del sendero, construcci\u00f3n [&hellip;]<\/p>\n","protected":false},"author":10,"featured_media":22232,"comment_status":"closed","ping_status":"closed","sticky":false,"template":"","format":"standard","meta":{"_joinchat":[],"footnotes":""},"categories":[92,160,91,81],"tags":[],"class_list":["post-22231","post","type-post","status-publish","format-standard","has-post-thumbnail","hentry","category-noticias-manabi","category-sucre","category-todas","category-turismo"],"yoast_head":"<!-- This site is optimized with the Yoast SEO plugin v27.4 - https:\/\/yoast.com\/product\/yoast-seo-wordpress\/ -->\n<title>\u00a1Fortalecemos el turismo comunitario en el cant\u00f3n Sucre! - Prefectura de Manab\u00ed<\/title>\n<meta name=\"robots\" content=\"index, follow, max-snippet:-1, max-image-preview:large, max-video-preview:-1\" \/>\n<link rel=\"canonical\" href=\"https:\/\/www.manabi.gob.ec\/index.php\/fortalecemos-el-turismo-comunitario-en-el-canton-sucre\/\" \/>\n<meta property=\"og:locale\" content=\"es_ES\" \/>\n<meta property=\"og:type\" content=\"article\" \/>\n<meta property=\"og:title\" content=\"\u00a1Fortalecemos el turismo comunitario en el cant\u00f3n Sucre! - Prefectura de Manab\u00ed\" \/>\n<meta property=\"og:description\" content=\"Las construcciones de las facilidades tur\u00edsticas de San Jacinto y San Roque de la parroquia Charapot\u00f3 del cant\u00f3n Sucre presentan un avance del 60%. En San Roque se avanza con la construcci\u00f3n de un muelle tipo voladizo; una caba\u00f1a gastron\u00f3mica, una caba\u00f1a de descanso y bater\u00edas sanitarias.En San Jacinto se realiza mantenimiento del sendero, construcci\u00f3n [&hellip;]\" \/>\n<meta property=\"og:url\" content=\"https:\/\/www.manabi.gob.ec\/index.php\/fortalecemos-el-turismo-comunitario-en-el-canton-sucre\/\" \/>\n<meta property=\"og:site_name\" content=\"Prefectura de Manab\u00ed\" \/>\n<meta property=\"article:published_time\" content=\"2022-09-22T14:02:55+00:00\" \/>\n<meta property=\"article:modified_time\" content=\"2022-09-22T14:02:59+00:00\" \/>\n<meta property=\"og:image\" content=\"https:\/\/www.manabi.gob.ec\/wp-content\/uploads\/2022\/09\/WhatsApp-Image-2022-09-20-at-3.47.45-PM.jpeg\" \/>\n\t<meta property=\"og:image:width\" content=\"1280\" \/>\n\t<meta property=\"og:image:height\" content=\"960\" \/>\n\t<meta property=\"og:image:type\" content=\"image\/jpeg\" \/>\n<meta name=\"author\" content=\"Lui Ochoa\" \/>\n<meta name=\"twitter:card\" content=\"summary_large_image\" \/>\n<meta name=\"twitter:label1\" content=\"Escrito por\" \/>\n\t<meta name=\"twitter:data1\" content=\"Lui Ochoa\" \/>\n\t<meta name=\"twitter:label2\" content=\"Tiempo de lectura\" \/>\n\t<meta name=\"twitter:data2\" content=\"1 minuto\" \/>\n<script type=\"application\/ld+json\" class=\"yoast-schema-graph\">{\"@context\":\"https:\\\/\\\/schema.org\",\"@graph\":[{\"@type\":\"Article\",\"@id\":\"https:\\\/\\\/www.manabi.gob.ec\\\/index.php\\\/fortalecemos-el-turismo-comunitario-en-el-canton-sucre\\\/#article\",\"isPartOf\":{\"@id\":\"https:\\\/\\\/www.manabi.gob.ec\\\/index.php\\\/fortalecemos-el-turismo-comunitario-en-el-canton-sucre\\\/\"},\"author\":{\"name\":\"Lui Ochoa\",\"@id\":\"https:\\\/\\\/www.manabi.gob.ec\\\/#\\\/schema\\\/person\\\/c4f117989332ad723a6ced5994aa7d7a\"},\"headline\":\"\u00a1Fortalecemos el turismo comunitario en el cant\u00f3n Sucre!\",\"datePublished\":\"2022-09-22T14:02:55+00:00\",\"dateModified\":\"2022-09-22T14:02:59+00:00\",\"mainEntityOfPage\":{\"@id\":\"https:\\\/\\\/www.manabi.gob.ec\\\/index.php\\\/fortalecemos-el-turismo-comunitario-en-el-canton-sucre\\\/\"},\"wordCount\":121,\"image\":{\"@id\":\"https:\\\/\\\/www.manabi.gob.ec\\\/index.php\\\/fortalecemos-el-turismo-comunitario-en-el-canton-sucre\\\/#primaryimage\"},\"thumbnailUrl\":\"https:\\\/\\\/www.manabi.gob.ec\\\/wp-content\\\/uploads\\\/2022\\\/09\\\/WhatsApp-Image-2022-09-20-at-3.47.45-PM.jpeg\",\"articleSection\":[\"Noticias\",\"Sucre\",\"Todas\",\"Turismo\"],\"inLanguage\":\"es\"},{\"@type\":\"WebPage\",\"@id\":\"https:\\\/\\\/www.manabi.gob.ec\\\/index.php\\\/fortalecemos-el-turismo-comunitario-en-el-canton-sucre\\\/\",\"url\":\"https:\\\/\\\/www.manabi.gob.ec\\\/index.php\\\/fortalecemos-el-turismo-comunitario-en-el-canton-sucre\\\/\",\"name\":\"\u00a1Fortalecemos el turismo comunitario en el cant\u00f3n Sucre! - Prefectura de Manab\u00ed\",\"isPartOf\":{\"@id\":\"https:\\\/\\\/www.manabi.gob.ec\\\/#website\"},\"primaryImageOfPage\":{\"@id\":\"https:\\\/\\\/www.manabi.gob.ec\\\/index.php\\\/fortalecemos-el-turismo-comunitario-en-el-canton-sucre\\\/#primaryimage\"},\"image\":{\"@id\":\"https:\\\/\\\/www.manabi.gob.ec\\\/index.php\\\/fortalecemos-el-turismo-comunitario-en-el-canton-sucre\\\/#primaryimage\"},\"thumbnailUrl\":\"https:\\\/\\\/www.manabi.gob.ec\\\/wp-content\\\/uploads\\\/2022\\\/09\\\/WhatsApp-Image-2022-09-20-at-3.47.45-PM.jpeg\",\"datePublished\":\"2022-09-22T14:02:55+00:00\",\"dateModified\":\"2022-09-22T14:02:59+00:00\",\"author\":{\"@id\":\"https:\\\/\\\/www.manabi.gob.ec\\\/#\\\/schema\\\/person\\\/c4f117989332ad723a6ced5994aa7d7a\"},\"breadcrumb\":{\"@id\":\"https:\\\/\\\/www.manabi.gob.ec\\\/index.php\\\/fortalecemos-el-turismo-comunitario-en-el-canton-sucre\\\/#breadcrumb\"},\"inLanguage\":\"es\",\"potentialAction\":[{\"@type\":\"ReadAction\",\"target\":[\"https:\\\/\\\/www.manabi.gob.ec\\\/index.php\\\/fortalecemos-el-turismo-comunitario-en-el-canton-sucre\\\/\"]}]},{\"@type\":\"ImageObject\",\"inLanguage\":\"es\",\"@id\":\"https:\\\/\\\/www.manabi.gob.ec\\\/index.php\\\/fortalecemos-el-turismo-comunitario-en-el-canton-sucre\\\/#primaryimage\",\"url\":\"https:\\\/\\\/www.manabi.gob.ec\\\/wp-content\\\/uploads\\\/2022\\\/09\\\/WhatsApp-Image-2022-09-20-at-3.47.45-PM.jpeg\",\"contentUrl\":\"https:\\\/\\\/www.manabi.gob.ec\\\/wp-content\\\/uploads\\\/2022\\\/09\\\/WhatsApp-Image-2022-09-20-at-3.47.45-PM.jpeg\",\"width\":1280,\"height\":960},{\"@type\":\"BreadcrumbList\",\"@id\":\"https:\\\/\\\/www.manabi.gob.ec\\\/index.php\\\/fortalecemos-el-turismo-comunitario-en-el-canton-sucre\\\/#breadcrumb\",\"itemListElement\":[{\"@type\":\"ListItem\",\"position\":1,\"name\":\"Portada\",\"item\":\"https:\\\/\\\/www.manabi.gob.ec\\\/\"},{\"@type\":\"ListItem\",\"position\":2,\"name\":\"\u00a1Fortalecemos el turismo comunitario en el cant\u00f3n Sucre!\"}]},{\"@type\":\"WebSite\",\"@id\":\"https:\\\/\\\/www.manabi.gob.ec\\\/#website\",\"url\":\"https:\\\/\\\/www.manabi.gob.ec\\\/\",\"name\":\"Prefectura de Manab\u00ed\",\"description\":\"P\u00e1gina web de la prefectura\",\"potentialAction\":[{\"@type\":\"SearchAction\",\"target\":{\"@type\":\"EntryPoint\",\"urlTemplate\":\"https:\\\/\\\/www.manabi.gob.ec\\\/?s={search_term_string}\"},\"query-input\":{\"@type\":\"PropertyValueSpecification\",\"valueRequired\":true,\"valueName\":\"search_term_string\"}}],\"inLanguage\":\"es\"},{\"@type\":\"Person\",\"@id\":\"https:\\\/\\\/www.manabi.gob.ec\\\/#\\\/schema\\\/person\\\/c4f117989332ad723a6ced5994aa7d7a\",\"name\":\"Lui Ochoa\",\"image\":{\"@type\":\"ImageObject\",\"inLanguage\":\"es\",\"@id\":\"https:\\\/\\\/secure.gravatar.com\\\/avatar\\\/6e8017d0fe69dead8a95864d2eb6e1e1d8bf8e01194ba49cf7b897ff038126ba?s=96&d=mm&r=g\",\"url\":\"https:\\\/\\\/secure.gravatar.com\\\/avatar\\\/6e8017d0fe69dead8a95864d2eb6e1e1d8bf8e01194ba49cf7b897ff038126ba?s=96&d=mm&r=g\",\"contentUrl\":\"https:\\\/\\\/secure.gravatar.com\\\/avatar\\\/6e8017d0fe69dead8a95864d2eb6e1e1d8bf8e01194ba49cf7b897ff038126ba?s=96&d=mm&r=g\",\"caption\":\"Lui Ochoa\"},\"url\":\"https:\\\/\\\/www.manabi.gob.ec\\\/index.php\\\/author\\\/lochoa\\\/\"}]}<\/script>\n<!-- \/ Yoast SEO plugin. -->","yoast_head_json":{"title":"\u00a1Fortalecemos el turismo comunitario en el cant\u00f3n Sucre! - Prefectura de Manab\u00ed","robots":{"index":"index","follow":"follow","max-snippet":"max-snippet:-1","max-image-preview":"max-image-preview:large","max-video-preview":"max-video-preview:-1"},"canonical":"https:\/\/www.manabi.gob.ec\/index.php\/fortalecemos-el-turismo-comunitario-en-el-canton-sucre\/","og_locale":"es_ES","og_type":"article","og_title":"\u00a1Fortalecemos el turismo comunitario en el cant\u00f3n Sucre! - Prefectura de Manab\u00ed","og_description":"Las construcciones de las facilidades tur\u00edsticas de San Jacinto y San Roque de la parroquia Charapot\u00f3 del cant\u00f3n Sucre presentan un avance del 60%. En San Roque se avanza con la construcci\u00f3n de un muelle tipo voladizo; una caba\u00f1a gastron\u00f3mica, una caba\u00f1a de descanso y bater\u00edas sanitarias.En San Jacinto se realiza mantenimiento del sendero, construcci\u00f3n [&hellip;]","og_url":"https:\/\/www.manabi.gob.ec\/index.php\/fortalecemos-el-turismo-comunitario-en-el-canton-sucre\/","og_site_name":"Prefectura de Manab\u00ed","article_published_time":"2022-09-22T14:02:55+00:00","article_modified_time":"2022-09-22T14:02:59+00:00","og_image":[{"width":1280,"height":960,"url":"https:\/\/www.manabi.gob.ec\/wp-content\/uploads\/2022\/09\/WhatsApp-Image-2022-09-20-at-3.47.45-PM.jpeg","type":"image\/jpeg"}],"author":"Lui Ochoa","twitter_card":"summary_large_image","twitter_misc":{"Escrito por":"Lui Ochoa","Tiempo de lectura":"1 minuto"},"schema":{"@context":"https:\/\/schema.org","@graph":[{"@type":"Article","@id":"https:\/\/www.manabi.gob.ec\/index.php\/fortalecemos-el-turismo-comunitario-en-el-canton-sucre\/#article","isPartOf":{"@id":"https:\/\/www.manabi.gob.ec\/index.php\/fortalecemos-el-turismo-comunitario-en-el-canton-sucre\/"},"author":{"name":"Lui Ochoa","@id":"https:\/\/www.manabi.gob.ec\/#\/schema\/person\/c4f117989332ad723a6ced5994aa7d7a"},"headline":"\u00a1Fortalecemos el turismo comunitario en el cant\u00f3n Sucre!","datePublished":"2022-09-22T14:02:55+00:00","dateModified":"2022-09-22T14:02:59+00:00","mainEntityOfPage":{"@id":"https:\/\/www.manabi.gob.ec\/index.php\/fortalecemos-el-turismo-comunitario-en-el-canton-sucre\/"},"wordCount":121,"image":{"@id":"https:\/\/www.manabi.gob.ec\/index.php\/fortalecemos-el-turismo-comunitario-en-el-canton-sucre\/#primaryimage"},"thumbnailUrl":"https:\/\/www.manabi.gob.ec\/wp-content\/uploads\/2022\/09\/WhatsApp-Image-2022-09-20-at-3.47.45-PM.jpeg","articleSection":["Noticias","Sucre","Todas","Turismo"],"inLanguage":"es"},{"@type":"WebPage","@id":"https:\/\/www.manabi.gob.ec\/index.php\/fortalecemos-el-turismo-comunitario-en-el-canton-sucre\/","url":"https:\/\/www.manabi.gob.ec\/index.php\/fortalecemos-el-turismo-comunitario-en-el-canton-sucre\/","name":"\u00a1Fortalecemos el turismo comunitario en el cant\u00f3n Sucre! - Prefectura de Manab\u00ed","isPartOf":{"@id":"https:\/\/www.manabi.gob.ec\/#website"},"primaryImageOfPage":{"@id":"https:\/\/www.manabi.gob.ec\/index.php\/fortalecemos-el-turismo-comunitario-en-el-canton-sucre\/#primaryimage"},"image":{"@id":"https:\/\/www.manabi.gob.ec\/index.php\/fortalecemos-el-turismo-comunitario-en-el-canton-sucre\/#primaryimage"},"thumbnailUrl":"https:\/\/www.manabi.gob.ec\/wp-content\/uploads\/2022\/09\/WhatsApp-Image-2022-09-20-at-3.47.45-PM.jpeg","datePublished":"2022-09-22T14:02:55+00:00","dateModified":"2022-09-22T14:02:59+00:00","author":{"@id":"https:\/\/www.manabi.gob.ec\/#\/schema\/person\/c4f117989332ad723a6ced5994aa7d7a"},"breadcrumb":{"@id":"https:\/\/www.manabi.gob.ec\/index.php\/fortalecemos-el-turismo-comunitario-en-el-canton-sucre\/#breadcrumb"},"inLanguage":"es","potentialAction":[{"@type":"ReadAction","target":["https:\/\/www.manabi.gob.ec\/index.php\/fortalecemos-el-turismo-comunitario-en-el-canton-sucre\/"]}]},{"@type":"ImageObject","inLanguage":"es","@id":"https:\/\/www.manabi.gob.ec\/index.php\/fortalecemos-el-turismo-comunitario-en-el-canton-sucre\/#primaryimage","url":"https:\/\/www.manabi.gob.ec\/wp-content\/uploads\/2022\/09\/WhatsApp-Image-2022-09-20-at-3.47.45-PM.jpeg","contentUrl":"https:\/\/www.manabi.gob.ec\/wp-content\/uploads\/2022\/09\/WhatsApp-Image-2022-09-20-at-3.47.45-PM.jpeg","width":1280,"height":960},{"@type":"BreadcrumbList","@id":"https:\/\/www.manabi.gob.ec\/index.php\/fortalecemos-el-turismo-comunitario-en-el-canton-sucre\/#breadcrumb","itemListElement":[{"@type":"ListItem","position":1,"name":"Portada","item":"https:\/\/www.manabi.gob.ec\/"},{"@type":"ListItem","position":2,"name":"\u00a1Fortalecemos el turismo comunitario en el cant\u00f3n Sucre!"}]},{"@type":"WebSite","@id":"https:\/\/www.manabi.gob.ec\/#website","url":"https:\/\/www.manabi.gob.ec\/","name":"Prefectura de Manab\u00ed","description":"P\u00e1gina web de la prefectura","potentialAction":[{"@type":"SearchAction","target":{"@type":"EntryPoint","urlTemplate":"https:\/\/www.manabi.gob.ec\/?s={search_term_string}"},"query-input":{"@type":"PropertyValueSpecification","valueRequired":true,"valueName":"search_term_string"}}],"inLanguage":"es"},{"@type":"Person","@id":"https:\/\/www.manabi.gob.ec\/#\/schema\/person\/c4f117989332ad723a6ced5994aa7d7a","name":"Lui Ochoa","image":{"@type":"ImageObject","inLanguage":"es","@id":"https:\/\/secure.gravatar.com\/avatar\/6e8017d0fe69dead8a95864d2eb6e1e1d8bf8e01194ba49cf7b897ff038126ba?s=96&d=mm&r=g","url":"https:\/\/secure.gravatar.com\/avatar\/6e8017d0fe69dead8a95864d2eb6e1e1d8bf8e01194ba49cf7b897ff038126ba?s=96&d=mm&r=g","contentUrl":"https:\/\/secure.gravatar.com\/avatar\/6e8017d0fe69dead8a95864d2eb6e1e1d8bf8e01194ba49cf7b897ff038126ba?s=96&d=mm&r=g","caption":"Lui Ochoa"},"url":"https:\/\/www.manabi.gob.ec\/index.php\/author\/lochoa\/"}]}},"jetpack_featured_media_url":"https:\/\/www.manabi.gob.ec\/wp-content\/uploads\/2022\/09\/WhatsApp-Image-2022-09-20-at-3.47.45-PM.jpeg","_links":{"self":[{"href":"https:\/\/www.manabi.gob.ec\/index.php\/wp-json\/wp\/v2\/posts\/22231","targetHints":{"allow":["GET"]}}],"collection":[{"href":"https:\/\/www.manabi.gob.ec\/index.php\/wp-json\/wp\/v2\/posts"}],"about":[{"href":"https:\/\/www.manabi.gob.ec\/index.php\/wp-json\/wp\/v2\/types\/post"}],"author":[{"embeddable":true,"href":"https:\/\/www.manabi.gob.ec\/index.php\/wp-json\/wp\/v2\/users\/10"}],"replies":[{"embeddable":true,"href":"https:\/\/www.manabi.gob.ec\/index.php\/wp-json\/wp\/v2\/comments?post=22231"}],"version-history":[{"count":0,"href":"https:\/\/www.manabi.gob.ec\/index.php\/wp-json\/wp\/v2\/posts\/22231\/revisions"}],"wp:featuredmedia":[{"embeddable":true,"href":"https:\/\/www.manabi.gob.ec\/index.php\/wp-json\/wp\/v2\/media\/22232"}],"wp:attachment":[{"href":"https:\/\/www.manabi.gob.ec\/index.php\/wp-json\/wp\/v2\/media?parent=22231"}],"wp:term":[{"taxonomy":"category","embeddable":true,"href":"https:\/\/www.manabi.gob.ec\/index.php\/wp-json\/wp\/v2\/categories?post=22231"},{"taxonomy":"post_tag","embeddable":true,"href":"https:\/\/www.manabi.gob.ec\/index.php\/wp-json\/wp\/v2\/tags?post=22231"}],"curies":[{"name":"wp","href":"https:\/\/api.w.org\/{rel}","templated":true}]}}