{"id":22234,"date":"2022-09-22T14:05:44","date_gmt":"2022-09-22T14:05:44","guid":{"rendered":"https:\/\/www.manabi.gob.ec\/?p=22234"},"modified":"2022-09-22T14:05:48","modified_gmt":"2022-09-22T14:05:48","slug":"la-prefectura-de-manabi-recibio-el-premio-mas-importante-de-la-industria-tic","status":"publish","type":"post","link":"https:\/\/www.manabi.gob.ec\/index.php\/la-prefectura-de-manabi-recibio-el-premio-mas-importante-de-la-industria-tic\/","title":{"rendered":"La prefectura de Manab\u00ed recibi\u00f3 el premio m\u00e1s importante de la industria TIC."},"content":{"rendered":"\n<p>La Prefectura de Manab\u00ed junto a Territorios Inteligentes recibieron este martes 20 de septiembre en Quito, el premio \u201cThe Best Project 2022\u201d en la categor\u00eda Gold como mejor PROYECTO DE IMPLEMENTACI\u00d3N DEL SISTEMA DE GESTI\u00d3N GUBERNAMENTAL E-GOB ERP.<\/p>\n\n\n\n<p>El evento Tech Revolution organizado por Grupo Ekos, di\u00f3 a conocer que la metodolog\u00eda en la que se llev\u00f3 a cabo la elecci\u00f3n de las categor\u00edas fue que las empresas pod\u00edan postular hasta dos proyectos que hayan sido implementados a partir de 2020 y que a la fecha de postulaci\u00f3n est\u00e9n totalmente ejecutados, estos proyectos deb\u00edan contar con el aval de las empresas en las que han sido implementados.<\/p>\n\n\n\n<p>Dicho sistema tiene como objetivo Implementar la soluci\u00f3n corporativa de Gesti\u00f3n Gubernamental tipo ERP, e-Gob en el Gobierno Provincial de Manab\u00ed y sus entes adscritos, que soporte los procesos: financieros, administrativos, de talento humano, etc.<\/p>\n\n\n\n<p>\u201cEs un verdadero honor representar a la provincia, teniendo esta vanguardia en innovaci\u00f3n, la plataforma que hemos implementado permite dar transparencia a los procesos, mejorar la calidad del servicio p\u00fablico y crecer dentro de la familia del Gobierno Provincial y de nuestras empresas p\u00fablicas Manab\u00ed Vial y Manab\u00ed Produce\u201d, expres\u00f3 el prefecto de Manab\u00ed, Leonardo Orlando.<\/p>\n","protected":false},"excerpt":{"rendered":"<p>La Prefectura de Manab\u00ed junto a Territorios Inteligentes recibieron este martes 20 de septiembre en Quito, el premio \u201cThe Best Project 2022\u201d en la categor\u00eda Gold como mejor PROYECTO DE IMPLEMENTACI\u00d3N DEL SISTEMA DE GESTI\u00d3N GUBERNAMENTAL E-GOB ERP. El evento Tech Revolution organizado por Grupo Ekos, di\u00f3 a conocer que la metodolog\u00eda en la que [&hellip;]<\/p>\n","protected":false},"author":10,"featured_media":22235,"comment_status":"closed","ping_status":"closed","sticky":false,"template":"","format":"standard","meta":{"_joinchat":[],"footnotes":""},"categories":[142,92,91,81],"tags":[],"class_list":["post-22234","post","type-post","status-publish","format-standard","has-post-thumbnail","hentry","category-desarrollo-social","category-noticias-manabi","category-todas","category-turismo"],"yoast_head":"<!-- This site is optimized with the Yoast SEO plugin v27.4 - https:\/\/yoast.com\/product\/yoast-seo-wordpress\/ -->\n<title>La prefectura de Manab\u00ed recibi\u00f3 el premio m\u00e1s importante de la industria TIC. - Prefectura de Manab\u00ed<\/title>\n<meta name=\"description\" content=\"La Prefectura de Manab\u00ed junto a Territorios Inteligentes recibieron este martes 20 de septiembre en Quito, el premio \u201cThe Best Project 2022\u201d en la categor\u00eda Gold como mejor PROYECTO DE IMPLEMENTACI\u00d3N DEL SISTEMA DE GESTI\u00d3N GUBERNAMENTAL E-GOB ERP.El evento Tech Revolution organizado por Grupo Ekos, di\u00f3 a conocer que la metodolog\u00eda en la que se llev\u00f3 a cabo la elecci\u00f3n de las categor\u00edas fue que las empresas pod\u00edan postular hasta dos proyectos que hayan sido implementados a partir de 2020 y que a la fecha de postulaci\u00f3n est\u00e9n totalmente ejecutados, estos proyectos deb\u00edan contar con el aval de las empresas en las que han sido implementados.Dicho sistema tiene como objetivo Implementar la soluci\u00f3n corporativa de Gesti\u00f3n Gubernamental tipo ERP, e-Gob en el Gobierno Provincial de Manab\u00ed y sus entes adscritos, que soporte los procesos: financieros, administrativos, de talento humano, etc.\u201cEs un verdadero honor representar a la provincia, teniendo esta vanguardia en innovaci\u00f3n, la plataforma que hemos implementado permite dar transparencia a los procesos, mejorar la calidad del servicio p\u00fablico y crecer dentro de la familia del Gobierno Provincial y de nuestras empresas p\u00fablicas Manab\u00ed Vial y Manab\u00ed Produce\u201d, expres\u00f3 el prefecto de Manab\u00ed, Leonardo Orlando.\" \/>\n<meta name=\"robots\" content=\"index, follow, max-snippet:-1, max-image-preview:large, max-video-preview:-1\" \/>\n<link rel=\"canonical\" href=\"https:\/\/www.manabi.gob.ec\/index.php\/la-prefectura-de-manabi-recibio-el-premio-mas-importante-de-la-industria-tic\/\" \/>\n<meta property=\"og:locale\" content=\"es_ES\" \/>\n<meta property=\"og:type\" content=\"article\" \/>\n<meta property=\"og:title\" content=\"La prefectura de Manab\u00ed recibi\u00f3 el premio m\u00e1s importante de la industria TIC. - Prefectura de Manab\u00ed\" \/>\n<meta property=\"og:description\" content=\"La Prefectura de Manab\u00ed junto a Territorios Inteligentes recibieron este martes 20 de septiembre en Quito, el premio \u201cThe Best Project 2022\u201d en la categor\u00eda Gold como mejor PROYECTO DE IMPLEMENTACI\u00d3N DEL SISTEMA DE GESTI\u00d3N GUBERNAMENTAL E-GOB ERP.El evento Tech Revolution organizado por Grupo Ekos, di\u00f3 a conocer que la metodolog\u00eda en la que se llev\u00f3 a cabo la elecci\u00f3n de las categor\u00edas fue que las empresas pod\u00edan postular hasta dos proyectos que hayan sido implementados a partir de 2020 y que a la fecha de postulaci\u00f3n est\u00e9n totalmente ejecutados, estos proyectos deb\u00edan contar con el aval de las empresas en las que han sido implementados.Dicho sistema tiene como objetivo Implementar la soluci\u00f3n corporativa de Gesti\u00f3n Gubernamental tipo ERP, e-Gob en el Gobierno Provincial de Manab\u00ed y sus entes adscritos, que soporte los procesos: financieros, administrativos, de talento humano, etc.\u201cEs un verdadero honor representar a la provincia, teniendo esta vanguardia en innovaci\u00f3n, la plataforma que hemos implementado permite dar transparencia a los procesos, mejorar la calidad del servicio p\u00fablico y crecer dentro de la familia del Gobierno Provincial y de nuestras empresas p\u00fablicas Manab\u00ed Vial y Manab\u00ed Produce\u201d, expres\u00f3 el prefecto de Manab\u00ed, Leonardo Orlando.\" \/>\n<meta property=\"og:url\" content=\"https:\/\/www.manabi.gob.ec\/index.php\/la-prefectura-de-manabi-recibio-el-premio-mas-importante-de-la-industria-tic\/\" \/>\n<meta property=\"og:site_name\" content=\"Prefectura de Manab\u00ed\" \/>\n<meta property=\"article:published_time\" content=\"2022-09-22T14:05:44+00:00\" \/>\n<meta property=\"article:modified_time\" content=\"2022-09-22T14:05:48+00:00\" \/>\n<meta property=\"og:image\" content=\"https:\/\/www.manabi.gob.ec\/wp-content\/uploads\/2022\/09\/WhatsApp-Image-2022-09-20-at-5.51.47-PM.jpeg\" \/>\n\t<meta property=\"og:image:width\" content=\"1280\" \/>\n\t<meta property=\"og:image:height\" content=\"853\" \/>\n\t<meta property=\"og:image:type\" content=\"image\/jpeg\" \/>\n<meta name=\"author\" content=\"Lui Ochoa\" \/>\n<meta name=\"twitter:card\" content=\"summary_large_image\" \/>\n<meta name=\"twitter:label1\" content=\"Escrito por\" \/>\n\t<meta name=\"twitter:data1\" content=\"Lui Ochoa\" \/>\n\t<meta name=\"twitter:label2\" content=\"Tiempo de lectura\" \/>\n\t<meta name=\"twitter:data2\" content=\"1 minuto\" \/>\n<script type=\"application\/ld+json\" class=\"yoast-schema-graph\">{\"@context\":\"https:\\\/\\\/schema.org\",\"@graph\":[{\"@type\":\"Article\",\"@id\":\"https:\\\/\\\/www.manabi.gob.ec\\\/index.php\\\/la-prefectura-de-manabi-recibio-el-premio-mas-importante-de-la-industria-tic\\\/#article\",\"isPartOf\":{\"@id\":\"https:\\\/\\\/www.manabi.gob.ec\\\/index.php\\\/la-prefectura-de-manabi-recibio-el-premio-mas-importante-de-la-industria-tic\\\/\"},\"author\":{\"name\":\"Lui Ochoa\",\"@id\":\"https:\\\/\\\/www.manabi.gob.ec\\\/#\\\/schema\\\/person\\\/c4f117989332ad723a6ced5994aa7d7a\"},\"headline\":\"La prefectura de Manab\u00ed recibi\u00f3 el premio m\u00e1s importante de la industria TIC.\",\"datePublished\":\"2022-09-22T14:05:44+00:00\",\"dateModified\":\"2022-09-22T14:05:48+00:00\",\"mainEntityOfPage\":{\"@id\":\"https:\\\/\\\/www.manabi.gob.ec\\\/index.php\\\/la-prefectura-de-manabi-recibio-el-premio-mas-importante-de-la-industria-tic\\\/\"},\"wordCount\":224,\"image\":{\"@id\":\"https:\\\/\\\/www.manabi.gob.ec\\\/index.php\\\/la-prefectura-de-manabi-recibio-el-premio-mas-importante-de-la-industria-tic\\\/#primaryimage\"},\"thumbnailUrl\":\"https:\\\/\\\/www.manabi.gob.ec\\\/wp-content\\\/uploads\\\/2022\\\/09\\\/WhatsApp-Image-2022-09-20-at-5.51.47-PM.jpeg\",\"articleSection\":[\"Desarrollo Social\",\"Noticias\",\"Todas\",\"Turismo\"],\"inLanguage\":\"es\"},{\"@type\":\"WebPage\",\"@id\":\"https:\\\/\\\/www.manabi.gob.ec\\\/index.php\\\/la-prefectura-de-manabi-recibio-el-premio-mas-importante-de-la-industria-tic\\\/\",\"url\":\"https:\\\/\\\/www.manabi.gob.ec\\\/index.php\\\/la-prefectura-de-manabi-recibio-el-premio-mas-importante-de-la-industria-tic\\\/\",\"name\":\"La prefectura de Manab\u00ed recibi\u00f3 el premio m\u00e1s importante de la industria TIC. - Prefectura de Manab\u00ed\",\"isPartOf\":{\"@id\":\"https:\\\/\\\/www.manabi.gob.ec\\\/#website\"},\"primaryImageOfPage\":{\"@id\":\"https:\\\/\\\/www.manabi.gob.ec\\\/index.php\\\/la-prefectura-de-manabi-recibio-el-premio-mas-importante-de-la-industria-tic\\\/#primaryimage\"},\"image\":{\"@id\":\"https:\\\/\\\/www.manabi.gob.ec\\\/index.php\\\/la-prefectura-de-manabi-recibio-el-premio-mas-importante-de-la-industria-tic\\\/#primaryimage\"},\"thumbnailUrl\":\"https:\\\/\\\/www.manabi.gob.ec\\\/wp-content\\\/uploads\\\/2022\\\/09\\\/WhatsApp-Image-2022-09-20-at-5.51.47-PM.jpeg\",\"datePublished\":\"2022-09-22T14:05:44+00:00\",\"dateModified\":\"2022-09-22T14:05:48+00:00\",\"author\":{\"@id\":\"https:\\\/\\\/www.manabi.gob.ec\\\/#\\\/schema\\\/person\\\/c4f117989332ad723a6ced5994aa7d7a\"},\"description\":\"La Prefectura de Manab\u00ed junto a Territorios Inteligentes recibieron este martes 20 de septiembre en Quito, el premio \u201cThe Best Project 2022\u201d en la categor\u00eda Gold como mejor PROYECTO DE IMPLEMENTACI\u00d3N DEL SISTEMA DE GESTI\u00d3N GUBERNAMENTAL E-GOB ERP.El evento Tech Revolution organizado por Grupo Ekos, di\u00f3 a conocer que la metodolog\u00eda en la que se llev\u00f3 a cabo la elecci\u00f3n de las categor\u00edas fue que las empresas pod\u00edan postular hasta dos proyectos que hayan sido implementados a partir de 2020 y que a la fecha de postulaci\u00f3n est\u00e9n totalmente ejecutados, estos proyectos deb\u00edan contar con el aval de las empresas en las que han sido implementados.Dicho sistema tiene como objetivo Implementar la soluci\u00f3n corporativa de Gesti\u00f3n Gubernamental tipo ERP, e-Gob en el Gobierno Provincial de Manab\u00ed y sus entes adscritos, que soporte los procesos: financieros, administrativos, de talento humano, etc.\u201cEs un verdadero honor representar a la provincia, teniendo esta vanguardia en innovaci\u00f3n, la plataforma que hemos implementado permite dar transparencia a los procesos, mejorar la calidad del servicio p\u00fablico y crecer dentro de la familia del Gobierno Provincial y de nuestras empresas p\u00fablicas Manab\u00ed Vial y Manab\u00ed Produce\u201d, expres\u00f3 el prefecto de Manab\u00ed, Leonardo Orlando.\",\"breadcrumb\":{\"@id\":\"https:\\\/\\\/www.manabi.gob.ec\\\/index.php\\\/la-prefectura-de-manabi-recibio-el-premio-mas-importante-de-la-industria-tic\\\/#breadcrumb\"},\"inLanguage\":\"es\",\"potentialAction\":[{\"@type\":\"ReadAction\",\"target\":[\"https:\\\/\\\/www.manabi.gob.ec\\\/index.php\\\/la-prefectura-de-manabi-recibio-el-premio-mas-importante-de-la-industria-tic\\\/\"]}]},{\"@type\":\"ImageObject\",\"inLanguage\":\"es\",\"@id\":\"https:\\\/\\\/www.manabi.gob.ec\\\/index.php\\\/la-prefectura-de-manabi-recibio-el-premio-mas-importante-de-la-industria-tic\\\/#primaryimage\",\"url\":\"https:\\\/\\\/www.manabi.gob.ec\\\/wp-content\\\/uploads\\\/2022\\\/09\\\/WhatsApp-Image-2022-09-20-at-5.51.47-PM.jpeg\",\"contentUrl\":\"https:\\\/\\\/www.manabi.gob.ec\\\/wp-content\\\/uploads\\\/2022\\\/09\\\/WhatsApp-Image-2022-09-20-at-5.51.47-PM.jpeg\",\"width\":1280,\"height\":853},{\"@type\":\"BreadcrumbList\",\"@id\":\"https:\\\/\\\/www.manabi.gob.ec\\\/index.php\\\/la-prefectura-de-manabi-recibio-el-premio-mas-importante-de-la-industria-tic\\\/#breadcrumb\",\"itemListElement\":[{\"@type\":\"ListItem\",\"position\":1,\"name\":\"Portada\",\"item\":\"https:\\\/\\\/www.manabi.gob.ec\\\/\"},{\"@type\":\"ListItem\",\"position\":2,\"name\":\"La prefectura de Manab\u00ed recibi\u00f3 el premio m\u00e1s importante de la industria TIC.\"}]},{\"@type\":\"WebSite\",\"@id\":\"https:\\\/\\\/www.manabi.gob.ec\\\/#website\",\"url\":\"https:\\\/\\\/www.manabi.gob.ec\\\/\",\"name\":\"Prefectura de Manab\u00ed\",\"description\":\"P\u00e1gina web de la prefectura\",\"potentialAction\":[{\"@type\":\"SearchAction\",\"target\":{\"@type\":\"EntryPoint\",\"urlTemplate\":\"https:\\\/\\\/www.manabi.gob.ec\\\/?s={search_term_string}\"},\"query-input\":{\"@type\":\"PropertyValueSpecification\",\"valueRequired\":true,\"valueName\":\"search_term_string\"}}],\"inLanguage\":\"es\"},{\"@type\":\"Person\",\"@id\":\"https:\\\/\\\/www.manabi.gob.ec\\\/#\\\/schema\\\/person\\\/c4f117989332ad723a6ced5994aa7d7a\",\"name\":\"Lui Ochoa\",\"image\":{\"@type\":\"ImageObject\",\"inLanguage\":\"es\",\"@id\":\"https:\\\/\\\/secure.gravatar.com\\\/avatar\\\/6e8017d0fe69dead8a95864d2eb6e1e1d8bf8e01194ba49cf7b897ff038126ba?s=96&d=mm&r=g\",\"url\":\"https:\\\/\\\/secure.gravatar.com\\\/avatar\\\/6e8017d0fe69dead8a95864d2eb6e1e1d8bf8e01194ba49cf7b897ff038126ba?s=96&d=mm&r=g\",\"contentUrl\":\"https:\\\/\\\/secure.gravatar.com\\\/avatar\\\/6e8017d0fe69dead8a95864d2eb6e1e1d8bf8e01194ba49cf7b897ff038126ba?s=96&d=mm&r=g\",\"caption\":\"Lui Ochoa\"},\"url\":\"https:\\\/\\\/www.manabi.gob.ec\\\/index.php\\\/author\\\/lochoa\\\/\"}]}<\/script>\n<!-- \/ Yoast SEO plugin. -->","yoast_head_json":{"title":"La prefectura de Manab\u00ed recibi\u00f3 el premio m\u00e1s importante de la industria TIC. - Prefectura de Manab\u00ed","description":"La Prefectura de Manab\u00ed junto a Territorios Inteligentes recibieron este martes 20 de septiembre en Quito, el premio \u201cThe Best Project 2022\u201d en la categor\u00eda Gold como mejor PROYECTO DE IMPLEMENTACI\u00d3N DEL SISTEMA DE GESTI\u00d3N GUBERNAMENTAL E-GOB ERP.El evento Tech Revolution organizado por Grupo Ekos, di\u00f3 a conocer que la metodolog\u00eda en la que se llev\u00f3 a cabo la elecci\u00f3n de las categor\u00edas fue que las empresas pod\u00edan postular hasta dos proyectos que hayan sido implementados a partir de 2020 y que a la fecha de postulaci\u00f3n est\u00e9n totalmente ejecutados, estos proyectos deb\u00edan contar con el aval de las empresas en las que han sido implementados.Dicho sistema tiene como objetivo Implementar la soluci\u00f3n corporativa de Gesti\u00f3n Gubernamental tipo ERP, e-Gob en el Gobierno Provincial de Manab\u00ed y sus entes adscritos, que soporte los procesos: financieros, administrativos, de talento humano, etc.\u201cEs un verdadero honor representar a la provincia, teniendo esta vanguardia en innovaci\u00f3n, la plataforma que hemos implementado permite dar transparencia a los procesos, mejorar la calidad del servicio p\u00fablico y crecer dentro de la familia del Gobierno Provincial y de nuestras empresas p\u00fablicas Manab\u00ed Vial y Manab\u00ed Produce\u201d, expres\u00f3 el prefecto de Manab\u00ed, Leonardo Orlando.","robots":{"index":"index","follow":"follow","max-snippet":"max-snippet:-1","max-image-preview":"max-image-preview:large","max-video-preview":"max-video-preview:-1"},"canonical":"https:\/\/www.manabi.gob.ec\/index.php\/la-prefectura-de-manabi-recibio-el-premio-mas-importante-de-la-industria-tic\/","og_locale":"es_ES","og_type":"article","og_title":"La prefectura de Manab\u00ed recibi\u00f3 el premio m\u00e1s importante de la industria TIC. - Prefectura de Manab\u00ed","og_description":"La Prefectura de Manab\u00ed junto a Territorios Inteligentes recibieron este martes 20 de septiembre en Quito, el premio \u201cThe Best Project 2022\u201d en la categor\u00eda Gold como mejor PROYECTO DE IMPLEMENTACI\u00d3N DEL SISTEMA DE GESTI\u00d3N GUBERNAMENTAL E-GOB ERP.El evento Tech Revolution organizado por Grupo Ekos, di\u00f3 a conocer que la metodolog\u00eda en la que se llev\u00f3 a cabo la elecci\u00f3n de las categor\u00edas fue que las empresas pod\u00edan postular hasta dos proyectos que hayan sido implementados a partir de 2020 y que a la fecha de postulaci\u00f3n est\u00e9n totalmente ejecutados, estos proyectos deb\u00edan contar con el aval de las empresas en las que han sido implementados.Dicho sistema tiene como objetivo Implementar la soluci\u00f3n corporativa de Gesti\u00f3n Gubernamental tipo ERP, e-Gob en el Gobierno Provincial de Manab\u00ed y sus entes adscritos, que soporte los procesos: financieros, administrativos, de talento humano, etc.\u201cEs un verdadero honor representar a la provincia, teniendo esta vanguardia en innovaci\u00f3n, la plataforma que hemos implementado permite dar transparencia a los procesos, mejorar la calidad del servicio p\u00fablico y crecer dentro de la familia del Gobierno Provincial y de nuestras empresas p\u00fablicas Manab\u00ed Vial y Manab\u00ed Produce\u201d, expres\u00f3 el prefecto de Manab\u00ed, Leonardo Orlando.","og_url":"https:\/\/www.manabi.gob.ec\/index.php\/la-prefectura-de-manabi-recibio-el-premio-mas-importante-de-la-industria-tic\/","og_site_name":"Prefectura de Manab\u00ed","article_published_time":"2022-09-22T14:05:44+00:00","article_modified_time":"2022-09-22T14:05:48+00:00","og_image":[{"width":1280,"height":853,"url":"https:\/\/www.manabi.gob.ec\/wp-content\/uploads\/2022\/09\/WhatsApp-Image-2022-09-20-at-5.51.47-PM.jpeg","type":"image\/jpeg"}],"author":"Lui Ochoa","twitter_card":"summary_large_image","twitter_misc":{"Escrito por":"Lui Ochoa","Tiempo de lectura":"1 minuto"},"schema":{"@context":"https:\/\/schema.org","@graph":[{"@type":"Article","@id":"https:\/\/www.manabi.gob.ec\/index.php\/la-prefectura-de-manabi-recibio-el-premio-mas-importante-de-la-industria-tic\/#article","isPartOf":{"@id":"https:\/\/www.manabi.gob.ec\/index.php\/la-prefectura-de-manabi-recibio-el-premio-mas-importante-de-la-industria-tic\/"},"author":{"name":"Lui Ochoa","@id":"https:\/\/www.manabi.gob.ec\/#\/schema\/person\/c4f117989332ad723a6ced5994aa7d7a"},"headline":"La prefectura de Manab\u00ed recibi\u00f3 el premio m\u00e1s importante de la industria TIC.","datePublished":"2022-09-22T14:05:44+00:00","dateModified":"2022-09-22T14:05:48+00:00","mainEntityOfPage":{"@id":"https:\/\/www.manabi.gob.ec\/index.php\/la-prefectura-de-manabi-recibio-el-premio-mas-importante-de-la-industria-tic\/"},"wordCount":224,"image":{"@id":"https:\/\/www.manabi.gob.ec\/index.php\/la-prefectura-de-manabi-recibio-el-premio-mas-importante-de-la-industria-tic\/#primaryimage"},"thumbnailUrl":"https:\/\/www.manabi.gob.ec\/wp-content\/uploads\/2022\/09\/WhatsApp-Image-2022-09-20-at-5.51.47-PM.jpeg","articleSection":["Desarrollo Social","Noticias","Todas","Turismo"],"inLanguage":"es"},{"@type":"WebPage","@id":"https:\/\/www.manabi.gob.ec\/index.php\/la-prefectura-de-manabi-recibio-el-premio-mas-importante-de-la-industria-tic\/","url":"https:\/\/www.manabi.gob.ec\/index.php\/la-prefectura-de-manabi-recibio-el-premio-mas-importante-de-la-industria-tic\/","name":"La prefectura de Manab\u00ed recibi\u00f3 el premio m\u00e1s importante de la industria TIC. - Prefectura de Manab\u00ed","isPartOf":{"@id":"https:\/\/www.manabi.gob.ec\/#website"},"primaryImageOfPage":{"@id":"https:\/\/www.manabi.gob.ec\/index.php\/la-prefectura-de-manabi-recibio-el-premio-mas-importante-de-la-industria-tic\/#primaryimage"},"image":{"@id":"https:\/\/www.manabi.gob.ec\/index.php\/la-prefectura-de-manabi-recibio-el-premio-mas-importante-de-la-industria-tic\/#primaryimage"},"thumbnailUrl":"https:\/\/www.manabi.gob.ec\/wp-content\/uploads\/2022\/09\/WhatsApp-Image-2022-09-20-at-5.51.47-PM.jpeg","datePublished":"2022-09-22T14:05:44+00:00","dateModified":"2022-09-22T14:05:48+00:00","author":{"@id":"https:\/\/www.manabi.gob.ec\/#\/schema\/person\/c4f117989332ad723a6ced5994aa7d7a"},"description":"La Prefectura de Manab\u00ed junto a Territorios Inteligentes recibieron este martes 20 de septiembre en Quito, el premio \u201cThe Best Project 2022\u201d en la categor\u00eda Gold como mejor PROYECTO DE IMPLEMENTACI\u00d3N DEL SISTEMA DE GESTI\u00d3N GUBERNAMENTAL E-GOB ERP.El evento Tech Revolution organizado por Grupo Ekos, di\u00f3 a conocer que la metodolog\u00eda en la que se llev\u00f3 a cabo la elecci\u00f3n de las categor\u00edas fue que las empresas pod\u00edan postular hasta dos proyectos que hayan sido implementados a partir de 2020 y que a la fecha de postulaci\u00f3n est\u00e9n totalmente ejecutados, estos proyectos deb\u00edan contar con el aval de las empresas en las que han sido implementados.Dicho sistema tiene como objetivo Implementar la soluci\u00f3n corporativa de Gesti\u00f3n Gubernamental tipo ERP, e-Gob en el Gobierno Provincial de Manab\u00ed y sus entes adscritos, que soporte los procesos: financieros, administrativos, de talento humano, etc.\u201cEs un verdadero honor representar a la provincia, teniendo esta vanguardia en innovaci\u00f3n, la plataforma que hemos implementado permite dar transparencia a los procesos, mejorar la calidad del servicio p\u00fablico y crecer dentro de la familia del Gobierno Provincial y de nuestras empresas p\u00fablicas Manab\u00ed Vial y Manab\u00ed Produce\u201d, expres\u00f3 el prefecto de Manab\u00ed, Leonardo Orlando.","breadcrumb":{"@id":"https:\/\/www.manabi.gob.ec\/index.php\/la-prefectura-de-manabi-recibio-el-premio-mas-importante-de-la-industria-tic\/#breadcrumb"},"inLanguage":"es","potentialAction":[{"@type":"ReadAction","target":["https:\/\/www.manabi.gob.ec\/index.php\/la-prefectura-de-manabi-recibio-el-premio-mas-importante-de-la-industria-tic\/"]}]},{"@type":"ImageObject","inLanguage":"es","@id":"https:\/\/www.manabi.gob.ec\/index.php\/la-prefectura-de-manabi-recibio-el-premio-mas-importante-de-la-industria-tic\/#primaryimage","url":"https:\/\/www.manabi.gob.ec\/wp-content\/uploads\/2022\/09\/WhatsApp-Image-2022-09-20-at-5.51.47-PM.jpeg","contentUrl":"https:\/\/www.manabi.gob.ec\/wp-content\/uploads\/2022\/09\/WhatsApp-Image-2022-09-20-at-5.51.47-PM.jpeg","width":1280,"height":853},{"@type":"BreadcrumbList","@id":"https:\/\/www.manabi.gob.ec\/index.php\/la-prefectura-de-manabi-recibio-el-premio-mas-importante-de-la-industria-tic\/#breadcrumb","itemListElement":[{"@type":"ListItem","position":1,"name":"Portada","item":"https:\/\/www.manabi.gob.ec\/"},{"@type":"ListItem","position":2,"name":"La prefectura de Manab\u00ed recibi\u00f3 el premio m\u00e1s importante de la industria TIC."}]},{"@type":"WebSite","@id":"https:\/\/www.manabi.gob.ec\/#website","url":"https:\/\/www.manabi.gob.ec\/","name":"Prefectura de Manab\u00ed","description":"P\u00e1gina web de la prefectura","potentialAction":[{"@type":"SearchAction","target":{"@type":"EntryPoint","urlTemplate":"https:\/\/www.manabi.gob.ec\/?s={search_term_string}"},"query-input":{"@type":"PropertyValueSpecification","valueRequired":true,"valueName":"search_term_string"}}],"inLanguage":"es"},{"@type":"Person","@id":"https:\/\/www.manabi.gob.ec\/#\/schema\/person\/c4f117989332ad723a6ced5994aa7d7a","name":"Lui Ochoa","image":{"@type":"ImageObject","inLanguage":"es","@id":"https:\/\/secure.gravatar.com\/avatar\/6e8017d0fe69dead8a95864d2eb6e1e1d8bf8e01194ba49cf7b897ff038126ba?s=96&d=mm&r=g","url":"https:\/\/secure.gravatar.com\/avatar\/6e8017d0fe69dead8a95864d2eb6e1e1d8bf8e01194ba49cf7b897ff038126ba?s=96&d=mm&r=g","contentUrl":"https:\/\/secure.gravatar.com\/avatar\/6e8017d0fe69dead8a95864d2eb6e1e1d8bf8e01194ba49cf7b897ff038126ba?s=96&d=mm&r=g","caption":"Lui Ochoa"},"url":"https:\/\/www.manabi.gob.ec\/index.php\/author\/lochoa\/"}]}},"jetpack_featured_media_url":"https:\/\/www.manabi.gob.ec\/wp-content\/uploads\/2022\/09\/WhatsApp-Image-2022-09-20-at-5.51.47-PM.jpeg","_links":{"self":[{"href":"https:\/\/www.manabi.gob.ec\/index.php\/wp-json\/wp\/v2\/posts\/22234","targetHints":{"allow":["GET"]}}],"collection":[{"href":"https:\/\/www.manabi.gob.ec\/index.php\/wp-json\/wp\/v2\/posts"}],"about":[{"href":"https:\/\/www.manabi.gob.ec\/index.php\/wp-json\/wp\/v2\/types\/post"}],"author":[{"embeddable":true,"href":"https:\/\/www.manabi.gob.ec\/index.php\/wp-json\/wp\/v2\/users\/10"}],"replies":[{"embeddable":true,"href":"https:\/\/www.manabi.gob.ec\/index.php\/wp-json\/wp\/v2\/comments?post=22234"}],"version-history":[{"count":0,"href":"https:\/\/www.manabi.gob.ec\/index.php\/wp-json\/wp\/v2\/posts\/22234\/revisions"}],"wp:featuredmedia":[{"embeddable":true,"href":"https:\/\/www.manabi.gob.ec\/index.php\/wp-json\/wp\/v2\/media\/22235"}],"wp:attachment":[{"href":"https:\/\/www.manabi.gob.ec\/index.php\/wp-json\/wp\/v2\/media?parent=22234"}],"wp:term":[{"taxonomy":"category","embeddable":true,"href":"https:\/\/www.manabi.gob.ec\/index.php\/wp-json\/wp\/v2\/categories?post=22234"},{"taxonomy":"post_tag","embeddable":true,"href":"https:\/\/www.manabi.gob.ec\/index.php\/wp-json\/wp\/v2\/tags?post=22234"}],"curies":[{"name":"wp","href":"https:\/\/api.w.org\/{rel}","templated":true}]}}