{"id":22237,"date":"2022-09-22T14:13:00","date_gmt":"2022-09-22T14:13:00","guid":{"rendered":"https:\/\/www.manabi.gob.ec\/?p=22237"},"modified":"2022-09-22T14:13:05","modified_gmt":"2022-09-22T14:13:05","slug":"fiestas-parroquiales","status":"publish","type":"post","link":"https:\/\/www.manabi.gob.ec\/index.php\/fiestas-parroquiales\/","title":{"rendered":"\u00a1FIESTAS PARROQUIALES!"},"content":{"rendered":"\n<p>El Prefecto celebr\u00f3 junto a los habitantes de Noboa los 101 a\u00f1os de vida pol\u00edtica<\/p>\n\n\n\n<p>Los habitantes de la parroquia Noboa del cant\u00f3n 24 de Mayo celebraron con entusiasmo los 101 a\u00f1os de vida pol\u00edtica, este mi\u00e9rcoles 21 de septiembre.<br>El prefecto de Manab\u00ed, Leonardo Orlando, tambi\u00e9n se sum\u00f3 a las actividades conmemorativas, siendo parte del desfile c\u00edvico e institucional en homenaje a este productivo sector que en sus inicios llevaba el nombre de Guineal.<\/p>\n\n\n\n<p>Previamente, la autoridad provincial visit\u00f3 y recorri\u00f3 las instalaciones del centro de rehabilitaci\u00f3n f\u00edsica Integral de Noboa, el cual est\u00e1 brindando servicio a la comunidad desde el 1 de junio de este a\u00f1o, en base a un convenio entre la Prefectura y el GAD parroquial Noboa; a la fecha se registran m\u00e1s de 1.200 atenciones a adultos mayores, personas con discapacidad, y otros beneficiarios pertenecientes a los grupos vulnerables.<\/p>\n\n\n\n<p>\u201cEs un gusto celebrar con obras, y con proyectos sociales, a esta querida parroquias que hoy se regocija con el civismo, el fervor, y el amor de sus hijos por cumplir un a\u00f1o m\u00e1s de vida parroquial, as\u00ed se hace patria, as\u00ed se hace Manab\u00ed\u201d, expres\u00f3 el Prefecto Orlando.<\/p>\n","protected":false},"excerpt":{"rendered":"<p>El Prefecto celebr\u00f3 junto a los habitantes de Noboa los 101 a\u00f1os de vida pol\u00edtica Los habitantes de la parroquia Noboa del cant\u00f3n 24 de Mayo celebraron con entusiasmo los 101 a\u00f1os de vida pol\u00edtica, este mi\u00e9rcoles 21 de septiembre.El prefecto de Manab\u00ed, Leonardo Orlando, tambi\u00e9n se sum\u00f3 a las actividades conmemorativas, siendo parte del [&hellip;]<\/p>\n","protected":false},"author":10,"featured_media":22238,"comment_status":"closed","ping_status":"closed","sticky":false,"template":"","format":"standard","meta":{"_joinchat":[],"footnotes":""},"categories":[138,142,92,193,91],"tags":[],"class_list":["post-22237","post","type-post","status-publish","format-standard","has-post-thumbnail","hentry","category-24-de-mayo","category-desarrollo-social","category-noticias-manabi","category-participacion-ciudadana","category-todas"],"yoast_head":"<!-- This site is optimized with the Yoast SEO plugin v27.4 - https:\/\/yoast.com\/product\/yoast-seo-wordpress\/ -->\n<title>\u00a1FIESTAS PARROQUIALES! - Prefectura de Manab\u00ed<\/title>\n<meta name=\"robots\" content=\"index, follow, max-snippet:-1, max-image-preview:large, max-video-preview:-1\" \/>\n<link rel=\"canonical\" href=\"https:\/\/www.manabi.gob.ec\/index.php\/fiestas-parroquiales\/\" \/>\n<meta property=\"og:locale\" content=\"es_ES\" \/>\n<meta property=\"og:type\" content=\"article\" \/>\n<meta property=\"og:title\" content=\"\u00a1FIESTAS PARROQUIALES! - Prefectura de Manab\u00ed\" \/>\n<meta property=\"og:description\" content=\"El Prefecto celebr\u00f3 junto a los habitantes de Noboa los 101 a\u00f1os de vida pol\u00edtica Los habitantes de la parroquia Noboa del cant\u00f3n 24 de Mayo celebraron con entusiasmo los 101 a\u00f1os de vida pol\u00edtica, este mi\u00e9rcoles 21 de septiembre.El prefecto de Manab\u00ed, Leonardo Orlando, tambi\u00e9n se sum\u00f3 a las actividades conmemorativas, siendo parte del [&hellip;]\" \/>\n<meta property=\"og:url\" content=\"https:\/\/www.manabi.gob.ec\/index.php\/fiestas-parroquiales\/\" \/>\n<meta property=\"og:site_name\" content=\"Prefectura de Manab\u00ed\" \/>\n<meta property=\"article:published_time\" content=\"2022-09-22T14:13:00+00:00\" \/>\n<meta property=\"article:modified_time\" content=\"2022-09-22T14:13:05+00:00\" \/>\n<meta property=\"og:image\" content=\"https:\/\/www.manabi.gob.ec\/wp-content\/uploads\/2022\/09\/WhatsApp-Image-2022-09-21-at-12.23.09-PM.jpeg\" \/>\n\t<meta property=\"og:image:width\" content=\"1280\" \/>\n\t<meta property=\"og:image:height\" content=\"855\" \/>\n\t<meta property=\"og:image:type\" content=\"image\/jpeg\" \/>\n<meta name=\"author\" content=\"Lui Ochoa\" \/>\n<meta name=\"twitter:card\" content=\"summary_large_image\" \/>\n<meta name=\"twitter:label1\" content=\"Escrito por\" \/>\n\t<meta name=\"twitter:data1\" content=\"Lui Ochoa\" \/>\n\t<meta name=\"twitter:label2\" content=\"Tiempo de lectura\" \/>\n\t<meta name=\"twitter:data2\" content=\"1 minuto\" \/>\n<script type=\"application\/ld+json\" class=\"yoast-schema-graph\">{\"@context\":\"https:\\\/\\\/schema.org\",\"@graph\":[{\"@type\":\"Article\",\"@id\":\"https:\\\/\\\/www.manabi.gob.ec\\\/index.php\\\/fiestas-parroquiales\\\/#article\",\"isPartOf\":{\"@id\":\"https:\\\/\\\/www.manabi.gob.ec\\\/index.php\\\/fiestas-parroquiales\\\/\"},\"author\":{\"name\":\"Lui Ochoa\",\"@id\":\"https:\\\/\\\/www.manabi.gob.ec\\\/#\\\/schema\\\/person\\\/c4f117989332ad723a6ced5994aa7d7a\"},\"headline\":\"\u00a1FIESTAS PARROQUIALES!\",\"datePublished\":\"2022-09-22T14:13:00+00:00\",\"dateModified\":\"2022-09-22T14:13:05+00:00\",\"mainEntityOfPage\":{\"@id\":\"https:\\\/\\\/www.manabi.gob.ec\\\/index.php\\\/fiestas-parroquiales\\\/\"},\"wordCount\":203,\"image\":{\"@id\":\"https:\\\/\\\/www.manabi.gob.ec\\\/index.php\\\/fiestas-parroquiales\\\/#primaryimage\"},\"thumbnailUrl\":\"https:\\\/\\\/www.manabi.gob.ec\\\/wp-content\\\/uploads\\\/2022\\\/09\\\/WhatsApp-Image-2022-09-21-at-12.23.09-PM.jpeg\",\"articleSection\":[\"24 de Mayo\",\"Desarrollo Social\",\"Noticias\",\"Participaci\u00f3n ciudadana\",\"Todas\"],\"inLanguage\":\"es\"},{\"@type\":\"WebPage\",\"@id\":\"https:\\\/\\\/www.manabi.gob.ec\\\/index.php\\\/fiestas-parroquiales\\\/\",\"url\":\"https:\\\/\\\/www.manabi.gob.ec\\\/index.php\\\/fiestas-parroquiales\\\/\",\"name\":\"\u00a1FIESTAS PARROQUIALES! - Prefectura de Manab\u00ed\",\"isPartOf\":{\"@id\":\"https:\\\/\\\/www.manabi.gob.ec\\\/#website\"},\"primaryImageOfPage\":{\"@id\":\"https:\\\/\\\/www.manabi.gob.ec\\\/index.php\\\/fiestas-parroquiales\\\/#primaryimage\"},\"image\":{\"@id\":\"https:\\\/\\\/www.manabi.gob.ec\\\/index.php\\\/fiestas-parroquiales\\\/#primaryimage\"},\"thumbnailUrl\":\"https:\\\/\\\/www.manabi.gob.ec\\\/wp-content\\\/uploads\\\/2022\\\/09\\\/WhatsApp-Image-2022-09-21-at-12.23.09-PM.jpeg\",\"datePublished\":\"2022-09-22T14:13:00+00:00\",\"dateModified\":\"2022-09-22T14:13:05+00:00\",\"author\":{\"@id\":\"https:\\\/\\\/www.manabi.gob.ec\\\/#\\\/schema\\\/person\\\/c4f117989332ad723a6ced5994aa7d7a\"},\"breadcrumb\":{\"@id\":\"https:\\\/\\\/www.manabi.gob.ec\\\/index.php\\\/fiestas-parroquiales\\\/#breadcrumb\"},\"inLanguage\":\"es\",\"potentialAction\":[{\"@type\":\"ReadAction\",\"target\":[\"https:\\\/\\\/www.manabi.gob.ec\\\/index.php\\\/fiestas-parroquiales\\\/\"]}]},{\"@type\":\"ImageObject\",\"inLanguage\":\"es\",\"@id\":\"https:\\\/\\\/www.manabi.gob.ec\\\/index.php\\\/fiestas-parroquiales\\\/#primaryimage\",\"url\":\"https:\\\/\\\/www.manabi.gob.ec\\\/wp-content\\\/uploads\\\/2022\\\/09\\\/WhatsApp-Image-2022-09-21-at-12.23.09-PM.jpeg\",\"contentUrl\":\"https:\\\/\\\/www.manabi.gob.ec\\\/wp-content\\\/uploads\\\/2022\\\/09\\\/WhatsApp-Image-2022-09-21-at-12.23.09-PM.jpeg\",\"width\":1280,\"height\":855},{\"@type\":\"BreadcrumbList\",\"@id\":\"https:\\\/\\\/www.manabi.gob.ec\\\/index.php\\\/fiestas-parroquiales\\\/#breadcrumb\",\"itemListElement\":[{\"@type\":\"ListItem\",\"position\":1,\"name\":\"Portada\",\"item\":\"https:\\\/\\\/www.manabi.gob.ec\\\/\"},{\"@type\":\"ListItem\",\"position\":2,\"name\":\"\u00a1FIESTAS PARROQUIALES!\"}]},{\"@type\":\"WebSite\",\"@id\":\"https:\\\/\\\/www.manabi.gob.ec\\\/#website\",\"url\":\"https:\\\/\\\/www.manabi.gob.ec\\\/\",\"name\":\"Prefectura de Manab\u00ed\",\"description\":\"P\u00e1gina web de la prefectura\",\"potentialAction\":[{\"@type\":\"SearchAction\",\"target\":{\"@type\":\"EntryPoint\",\"urlTemplate\":\"https:\\\/\\\/www.manabi.gob.ec\\\/?s={search_term_string}\"},\"query-input\":{\"@type\":\"PropertyValueSpecification\",\"valueRequired\":true,\"valueName\":\"search_term_string\"}}],\"inLanguage\":\"es\"},{\"@type\":\"Person\",\"@id\":\"https:\\\/\\\/www.manabi.gob.ec\\\/#\\\/schema\\\/person\\\/c4f117989332ad723a6ced5994aa7d7a\",\"name\":\"Lui Ochoa\",\"image\":{\"@type\":\"ImageObject\",\"inLanguage\":\"es\",\"@id\":\"https:\\\/\\\/secure.gravatar.com\\\/avatar\\\/6e8017d0fe69dead8a95864d2eb6e1e1d8bf8e01194ba49cf7b897ff038126ba?s=96&d=mm&r=g\",\"url\":\"https:\\\/\\\/secure.gravatar.com\\\/avatar\\\/6e8017d0fe69dead8a95864d2eb6e1e1d8bf8e01194ba49cf7b897ff038126ba?s=96&d=mm&r=g\",\"contentUrl\":\"https:\\\/\\\/secure.gravatar.com\\\/avatar\\\/6e8017d0fe69dead8a95864d2eb6e1e1d8bf8e01194ba49cf7b897ff038126ba?s=96&d=mm&r=g\",\"caption\":\"Lui Ochoa\"},\"url\":\"https:\\\/\\\/www.manabi.gob.ec\\\/index.php\\\/author\\\/lochoa\\\/\"}]}<\/script>\n<!-- \/ Yoast SEO plugin. -->","yoast_head_json":{"title":"\u00a1FIESTAS PARROQUIALES! - Prefectura de Manab\u00ed","robots":{"index":"index","follow":"follow","max-snippet":"max-snippet:-1","max-image-preview":"max-image-preview:large","max-video-preview":"max-video-preview:-1"},"canonical":"https:\/\/www.manabi.gob.ec\/index.php\/fiestas-parroquiales\/","og_locale":"es_ES","og_type":"article","og_title":"\u00a1FIESTAS PARROQUIALES! - Prefectura de Manab\u00ed","og_description":"El Prefecto celebr\u00f3 junto a los habitantes de Noboa los 101 a\u00f1os de vida pol\u00edtica Los habitantes de la parroquia Noboa del cant\u00f3n 24 de Mayo celebraron con entusiasmo los 101 a\u00f1os de vida pol\u00edtica, este mi\u00e9rcoles 21 de septiembre.El prefecto de Manab\u00ed, Leonardo Orlando, tambi\u00e9n se sum\u00f3 a las actividades conmemorativas, siendo parte del [&hellip;]","og_url":"https:\/\/www.manabi.gob.ec\/index.php\/fiestas-parroquiales\/","og_site_name":"Prefectura de Manab\u00ed","article_published_time":"2022-09-22T14:13:00+00:00","article_modified_time":"2022-09-22T14:13:05+00:00","og_image":[{"width":1280,"height":855,"url":"https:\/\/www.manabi.gob.ec\/wp-content\/uploads\/2022\/09\/WhatsApp-Image-2022-09-21-at-12.23.09-PM.jpeg","type":"image\/jpeg"}],"author":"Lui Ochoa","twitter_card":"summary_large_image","twitter_misc":{"Escrito por":"Lui Ochoa","Tiempo de lectura":"1 minuto"},"schema":{"@context":"https:\/\/schema.org","@graph":[{"@type":"Article","@id":"https:\/\/www.manabi.gob.ec\/index.php\/fiestas-parroquiales\/#article","isPartOf":{"@id":"https:\/\/www.manabi.gob.ec\/index.php\/fiestas-parroquiales\/"},"author":{"name":"Lui Ochoa","@id":"https:\/\/www.manabi.gob.ec\/#\/schema\/person\/c4f117989332ad723a6ced5994aa7d7a"},"headline":"\u00a1FIESTAS PARROQUIALES!","datePublished":"2022-09-22T14:13:00+00:00","dateModified":"2022-09-22T14:13:05+00:00","mainEntityOfPage":{"@id":"https:\/\/www.manabi.gob.ec\/index.php\/fiestas-parroquiales\/"},"wordCount":203,"image":{"@id":"https:\/\/www.manabi.gob.ec\/index.php\/fiestas-parroquiales\/#primaryimage"},"thumbnailUrl":"https:\/\/www.manabi.gob.ec\/wp-content\/uploads\/2022\/09\/WhatsApp-Image-2022-09-21-at-12.23.09-PM.jpeg","articleSection":["24 de Mayo","Desarrollo Social","Noticias","Participaci\u00f3n ciudadana","Todas"],"inLanguage":"es"},{"@type":"WebPage","@id":"https:\/\/www.manabi.gob.ec\/index.php\/fiestas-parroquiales\/","url":"https:\/\/www.manabi.gob.ec\/index.php\/fiestas-parroquiales\/","name":"\u00a1FIESTAS PARROQUIALES! - Prefectura de Manab\u00ed","isPartOf":{"@id":"https:\/\/www.manabi.gob.ec\/#website"},"primaryImageOfPage":{"@id":"https:\/\/www.manabi.gob.ec\/index.php\/fiestas-parroquiales\/#primaryimage"},"image":{"@id":"https:\/\/www.manabi.gob.ec\/index.php\/fiestas-parroquiales\/#primaryimage"},"thumbnailUrl":"https:\/\/www.manabi.gob.ec\/wp-content\/uploads\/2022\/09\/WhatsApp-Image-2022-09-21-at-12.23.09-PM.jpeg","datePublished":"2022-09-22T14:13:00+00:00","dateModified":"2022-09-22T14:13:05+00:00","author":{"@id":"https:\/\/www.manabi.gob.ec\/#\/schema\/person\/c4f117989332ad723a6ced5994aa7d7a"},"breadcrumb":{"@id":"https:\/\/www.manabi.gob.ec\/index.php\/fiestas-parroquiales\/#breadcrumb"},"inLanguage":"es","potentialAction":[{"@type":"ReadAction","target":["https:\/\/www.manabi.gob.ec\/index.php\/fiestas-parroquiales\/"]}]},{"@type":"ImageObject","inLanguage":"es","@id":"https:\/\/www.manabi.gob.ec\/index.php\/fiestas-parroquiales\/#primaryimage","url":"https:\/\/www.manabi.gob.ec\/wp-content\/uploads\/2022\/09\/WhatsApp-Image-2022-09-21-at-12.23.09-PM.jpeg","contentUrl":"https:\/\/www.manabi.gob.ec\/wp-content\/uploads\/2022\/09\/WhatsApp-Image-2022-09-21-at-12.23.09-PM.jpeg","width":1280,"height":855},{"@type":"BreadcrumbList","@id":"https:\/\/www.manabi.gob.ec\/index.php\/fiestas-parroquiales\/#breadcrumb","itemListElement":[{"@type":"ListItem","position":1,"name":"Portada","item":"https:\/\/www.manabi.gob.ec\/"},{"@type":"ListItem","position":2,"name":"\u00a1FIESTAS PARROQUIALES!"}]},{"@type":"WebSite","@id":"https:\/\/www.manabi.gob.ec\/#website","url":"https:\/\/www.manabi.gob.ec\/","name":"Prefectura de Manab\u00ed","description":"P\u00e1gina web de la prefectura","potentialAction":[{"@type":"SearchAction","target":{"@type":"EntryPoint","urlTemplate":"https:\/\/www.manabi.gob.ec\/?s={search_term_string}"},"query-input":{"@type":"PropertyValueSpecification","valueRequired":true,"valueName":"search_term_string"}}],"inLanguage":"es"},{"@type":"Person","@id":"https:\/\/www.manabi.gob.ec\/#\/schema\/person\/c4f117989332ad723a6ced5994aa7d7a","name":"Lui Ochoa","image":{"@type":"ImageObject","inLanguage":"es","@id":"https:\/\/secure.gravatar.com\/avatar\/6e8017d0fe69dead8a95864d2eb6e1e1d8bf8e01194ba49cf7b897ff038126ba?s=96&d=mm&r=g","url":"https:\/\/secure.gravatar.com\/avatar\/6e8017d0fe69dead8a95864d2eb6e1e1d8bf8e01194ba49cf7b897ff038126ba?s=96&d=mm&r=g","contentUrl":"https:\/\/secure.gravatar.com\/avatar\/6e8017d0fe69dead8a95864d2eb6e1e1d8bf8e01194ba49cf7b897ff038126ba?s=96&d=mm&r=g","caption":"Lui Ochoa"},"url":"https:\/\/www.manabi.gob.ec\/index.php\/author\/lochoa\/"}]}},"jetpack_featured_media_url":"https:\/\/www.manabi.gob.ec\/wp-content\/uploads\/2022\/09\/WhatsApp-Image-2022-09-21-at-12.23.09-PM.jpeg","_links":{"self":[{"href":"https:\/\/www.manabi.gob.ec\/index.php\/wp-json\/wp\/v2\/posts\/22237","targetHints":{"allow":["GET"]}}],"collection":[{"href":"https:\/\/www.manabi.gob.ec\/index.php\/wp-json\/wp\/v2\/posts"}],"about":[{"href":"https:\/\/www.manabi.gob.ec\/index.php\/wp-json\/wp\/v2\/types\/post"}],"author":[{"embeddable":true,"href":"https:\/\/www.manabi.gob.ec\/index.php\/wp-json\/wp\/v2\/users\/10"}],"replies":[{"embeddable":true,"href":"https:\/\/www.manabi.gob.ec\/index.php\/wp-json\/wp\/v2\/comments?post=22237"}],"version-history":[{"count":0,"href":"https:\/\/www.manabi.gob.ec\/index.php\/wp-json\/wp\/v2\/posts\/22237\/revisions"}],"wp:featuredmedia":[{"embeddable":true,"href":"https:\/\/www.manabi.gob.ec\/index.php\/wp-json\/wp\/v2\/media\/22238"}],"wp:attachment":[{"href":"https:\/\/www.manabi.gob.ec\/index.php\/wp-json\/wp\/v2\/media?parent=22237"}],"wp:term":[{"taxonomy":"category","embeddable":true,"href":"https:\/\/www.manabi.gob.ec\/index.php\/wp-json\/wp\/v2\/categories?post=22237"},{"taxonomy":"post_tag","embeddable":true,"href":"https:\/\/www.manabi.gob.ec\/index.php\/wp-json\/wp\/v2\/tags?post=22237"}],"curies":[{"name":"wp","href":"https:\/\/api.w.org\/{rel}","templated":true}]}}