{"id":22244,"date":"2022-09-22T14:25:03","date_gmt":"2022-09-22T14:25:03","guid":{"rendered":"https:\/\/www.manabi.gob.ec\/?p=22244"},"modified":"2022-09-22T14:25:07","modified_gmt":"2022-09-22T14:25:07","slug":"historico-empezo-el-montaje-del-nuevo-puente-de-correagua","status":"publish","type":"post","link":"https:\/\/www.manabi.gob.ec\/index.php\/historico-empezo-el-montaje-del-nuevo-puente-de-correagua\/","title":{"rendered":"\u00a1HIST\u00d3RICO! Empez\u00f3 el montaje del nuevo puente de Correagua."},"content":{"rendered":"\n<p><\/p>\n\n\n\n<p>Con la izada de la primera viga prefabricada de hormig\u00f3n, de un total de cuatro, se inici\u00f3 la tarde de este mi\u00e9rcoles 21 de septiembre el montaje del nuevo puente sobre el r\u00edo Portoviejo, en el sector de Correagua, obra que integra a los cantones Portoviejo y Sucre a trav\u00e9s de las parroquias Crucita y Charapot\u00f3 respectivamente.<\/p>\n\n\n\n<p>El prefecto, Leonardo Orlando, quien lleg\u00f3 al lugar de los trabajos, destac\u00f3 que este es uno de los hitos fundamentales de proyecto de integraci\u00f3n vial La Sequita \u2013 Correagua, que ejecuta la Prefectura con una inversi\u00f3n superior a 2 millones de d\u00f3lares, de los cuales unos 220 mil corresponden a la ejecuci\u00f3n del viaducto.<\/p>\n\n\n\n<p>\u201cEs un d\u00eda muy importante para nuestra administraci\u00f3n y la provincia, porque con esto pasamos de un puente met\u00e1lico de un solo carril, que se iba a cumplir las cuatro d\u00e9cadas, a un puente de hormig\u00f3n armado de dos carriles, con vigas pre-tensadas\u201d, manifest\u00f3 Leonardo Orlando.<\/p>\n\n\n\n<p>Las vigas pretensadas de hormig\u00f3n fueron fabricadas en Guayaquil, tienen 36 metros de longitud, 1.8 metros de altura, y pesan 50 toneladas cada una; para su ubicaci\u00f3n sobre las bases del puente se utilizan dos gr\u00faas con capacidad para 70 y 100 toneladas.<\/p>\n\n\n\n<p>En horas de la noche se continu\u00f3 con la izada de la segunda y tercera viga. El Prefecto indic\u00f3 que se tiene previsto terminar el s\u00e1bado con la colocaci\u00f3n de las cuatro vigas y las losetas prefabricadas. \u201cCon esto vamos a superar el noventa por ciento de avance; solo faltan peque\u00f1os detalles como la se\u00f1alizaci\u00f3n horizontal y vertical, y aspiramos tener totalmente operativa la v\u00eda en el mes de octubre\u201d, expres\u00f3 Orlando.<\/p>\n","protected":false},"excerpt":{"rendered":"<p>Con la izada de la primera viga prefabricada de hormig\u00f3n, de un total de cuatro, se inici\u00f3 la tarde de este mi\u00e9rcoles 21 de septiembre el montaje del nuevo puente sobre el r\u00edo Portoviejo, en el sector de Correagua, obra que integra a los cantones Portoviejo y Sucre a trav\u00e9s de las parroquias Crucita y [&hellip;]<\/p>\n","protected":false},"author":10,"featured_media":22245,"comment_status":"closed","ping_status":"closed","sticky":false,"template":"","format":"standard","meta":{"_joinchat":[],"footnotes":""},"categories":[142,170,92,181,132,160,91,127],"tags":[],"class_list":["post-22244","post","type-post","status-publish","format-standard","has-post-thumbnail","hentry","category-desarrollo-social","category-manabi-vial","category-noticias-manabi","category-obra-publica","category-portoviejo","category-sucre","category-todas","category-vialidad"],"yoast_head":"<!-- This site is optimized with the Yoast SEO plugin v27.4 - https:\/\/yoast.com\/product\/yoast-seo-wordpress\/ -->\n<title>\u00a1HIST\u00d3RICO! Empez\u00f3 el montaje del nuevo puente de Correagua. - Prefectura de Manab\u00ed<\/title>\n<meta name=\"description\" content=\"Con la izada de la primera viga prefabricada de hormig\u00f3n, de un total de cuatro, se inici\u00f3 la tarde de este mi\u00e9rcoles 21 de septiembre el montaje del nuevo puente sobre el r\u00edo Portoviejo, en el sector de Correagua, obra que integra a los cantones Portoviejo y Sucre a trav\u00e9s de las parroquias Crucita y Charapot\u00f3 respectivamente.El prefecto, Leonardo Orlando, quien lleg\u00f3 al lugar de los trabajos, destac\u00f3 que este es uno de los hitos fundamentales de proyecto de integraci\u00f3n vial La Sequita \u2013 Correagua, que ejecuta la Prefectura con una inversi\u00f3n superior a 2 millones de d\u00f3lares, de los cuales unos 220 mil corresponden a la ejecuci\u00f3n del viaducto.\u201cEs un d\u00eda muy importante para nuestra administraci\u00f3n y la provincia, porque con esto pasamos de un puente met\u00e1lico de un solo carril, que se iba a cumplir las cuatro d\u00e9cadas, a un puente de hormig\u00f3n armado de dos carriles, con vigas pre-tensadas\u201d, manifest\u00f3 Leonardo Orlando.Las vigas pretensadas de hormig\u00f3n fueron fabricadas en Guayaquil, tienen 36 metros de longitud, 1.8 metros de altura, y pesan 50 toneladas cada una; para su ubicaci\u00f3n sobre las bases del puente se utilizan dos gr\u00faas con capacidad para 70 y 100 toneladas.En horas de la noche se continu\u00f3 con la izada de la segunda y tercera viga. El Prefecto indic\u00f3 que se tiene previsto terminar el s\u00e1bado con la colocaci\u00f3n de las cuatro vigas y las losetas prefabricadas. \u201cCon esto vamos a superar el noventa por ciento de avance; solo faltan peque\u00f1os detalles como la se\u00f1alizaci\u00f3n horizontal y vertical, y aspiramos tener totalmente operativa la v\u00eda en el mes de octubre\u201d, expres\u00f3 Orlando.\" \/>\n<meta name=\"robots\" content=\"index, follow, max-snippet:-1, max-image-preview:large, max-video-preview:-1\" \/>\n<link rel=\"canonical\" href=\"https:\/\/www.manabi.gob.ec\/index.php\/historico-empezo-el-montaje-del-nuevo-puente-de-correagua\/\" \/>\n<meta property=\"og:locale\" content=\"es_ES\" \/>\n<meta property=\"og:type\" content=\"article\" \/>\n<meta property=\"og:title\" content=\"\u00a1HIST\u00d3RICO! Empez\u00f3 el montaje del nuevo puente de Correagua. - Prefectura de Manab\u00ed\" \/>\n<meta property=\"og:description\" content=\"Con la izada de la primera viga prefabricada de hormig\u00f3n, de un total de cuatro, se inici\u00f3 la tarde de este mi\u00e9rcoles 21 de septiembre el montaje del nuevo puente sobre el r\u00edo Portoviejo, en el sector de Correagua, obra que integra a los cantones Portoviejo y Sucre a trav\u00e9s de las parroquias Crucita y Charapot\u00f3 respectivamente.El prefecto, Leonardo Orlando, quien lleg\u00f3 al lugar de los trabajos, destac\u00f3 que este es uno de los hitos fundamentales de proyecto de integraci\u00f3n vial La Sequita \u2013 Correagua, que ejecuta la Prefectura con una inversi\u00f3n superior a 2 millones de d\u00f3lares, de los cuales unos 220 mil corresponden a la ejecuci\u00f3n del viaducto.\u201cEs un d\u00eda muy importante para nuestra administraci\u00f3n y la provincia, porque con esto pasamos de un puente met\u00e1lico de un solo carril, que se iba a cumplir las cuatro d\u00e9cadas, a un puente de hormig\u00f3n armado de dos carriles, con vigas pre-tensadas\u201d, manifest\u00f3 Leonardo Orlando.Las vigas pretensadas de hormig\u00f3n fueron fabricadas en Guayaquil, tienen 36 metros de longitud, 1.8 metros de altura, y pesan 50 toneladas cada una; para su ubicaci\u00f3n sobre las bases del puente se utilizan dos gr\u00faas con capacidad para 70 y 100 toneladas.En horas de la noche se continu\u00f3 con la izada de la segunda y tercera viga. El Prefecto indic\u00f3 que se tiene previsto terminar el s\u00e1bado con la colocaci\u00f3n de las cuatro vigas y las losetas prefabricadas. \u201cCon esto vamos a superar el noventa por ciento de avance; solo faltan peque\u00f1os detalles como la se\u00f1alizaci\u00f3n horizontal y vertical, y aspiramos tener totalmente operativa la v\u00eda en el mes de octubre\u201d, expres\u00f3 Orlando.\" \/>\n<meta property=\"og:url\" content=\"https:\/\/www.manabi.gob.ec\/index.php\/historico-empezo-el-montaje-del-nuevo-puente-de-correagua\/\" \/>\n<meta property=\"og:site_name\" content=\"Prefectura de Manab\u00ed\" \/>\n<meta property=\"article:published_time\" content=\"2022-09-22T14:25:03+00:00\" \/>\n<meta property=\"article:modified_time\" content=\"2022-09-22T14:25:07+00:00\" \/>\n<meta property=\"og:image\" content=\"https:\/\/www.manabi.gob.ec\/wp-content\/uploads\/2022\/09\/WhatsApp-Image-2022-09-21-at-7.44.37-PM-1.jpeg\" \/>\n\t<meta property=\"og:image:width\" content=\"1600\" \/>\n\t<meta property=\"og:image:height\" content=\"1069\" \/>\n\t<meta property=\"og:image:type\" content=\"image\/jpeg\" \/>\n<meta name=\"author\" content=\"Lui Ochoa\" \/>\n<meta name=\"twitter:card\" content=\"summary_large_image\" \/>\n<meta name=\"twitter:label1\" content=\"Escrito por\" \/>\n\t<meta name=\"twitter:data1\" content=\"Lui Ochoa\" \/>\n\t<meta name=\"twitter:label2\" content=\"Tiempo de lectura\" \/>\n\t<meta name=\"twitter:data2\" content=\"2 minutos\" \/>\n<script type=\"application\/ld+json\" class=\"yoast-schema-graph\">{\"@context\":\"https:\\\/\\\/schema.org\",\"@graph\":[{\"@type\":\"Article\",\"@id\":\"https:\\\/\\\/www.manabi.gob.ec\\\/index.php\\\/historico-empezo-el-montaje-del-nuevo-puente-de-correagua\\\/#article\",\"isPartOf\":{\"@id\":\"https:\\\/\\\/www.manabi.gob.ec\\\/index.php\\\/historico-empezo-el-montaje-del-nuevo-puente-de-correagua\\\/\"},\"author\":{\"name\":\"Lui Ochoa\",\"@id\":\"https:\\\/\\\/www.manabi.gob.ec\\\/#\\\/schema\\\/person\\\/c4f117989332ad723a6ced5994aa7d7a\"},\"headline\":\"\u00a1HIST\u00d3RICO! Empez\u00f3 el montaje del nuevo puente de Correagua.\",\"datePublished\":\"2022-09-22T14:25:03+00:00\",\"dateModified\":\"2022-09-22T14:25:07+00:00\",\"mainEntityOfPage\":{\"@id\":\"https:\\\/\\\/www.manabi.gob.ec\\\/index.php\\\/historico-empezo-el-montaje-del-nuevo-puente-de-correagua\\\/\"},\"wordCount\":295,\"image\":{\"@id\":\"https:\\\/\\\/www.manabi.gob.ec\\\/index.php\\\/historico-empezo-el-montaje-del-nuevo-puente-de-correagua\\\/#primaryimage\"},\"thumbnailUrl\":\"https:\\\/\\\/www.manabi.gob.ec\\\/wp-content\\\/uploads\\\/2022\\\/09\\\/WhatsApp-Image-2022-09-21-at-7.44.37-PM-1.jpeg\",\"articleSection\":[\"Desarrollo Social\",\"Manab\u00ed Vial\",\"Noticias\",\"Obra P\u00fablica\",\"Portoviejo\",\"Sucre\",\"Todas\",\"Vialidad\"],\"inLanguage\":\"es\"},{\"@type\":\"WebPage\",\"@id\":\"https:\\\/\\\/www.manabi.gob.ec\\\/index.php\\\/historico-empezo-el-montaje-del-nuevo-puente-de-correagua\\\/\",\"url\":\"https:\\\/\\\/www.manabi.gob.ec\\\/index.php\\\/historico-empezo-el-montaje-del-nuevo-puente-de-correagua\\\/\",\"name\":\"\u00a1HIST\u00d3RICO! Empez\u00f3 el montaje del nuevo puente de Correagua. - Prefectura de Manab\u00ed\",\"isPartOf\":{\"@id\":\"https:\\\/\\\/www.manabi.gob.ec\\\/#website\"},\"primaryImageOfPage\":{\"@id\":\"https:\\\/\\\/www.manabi.gob.ec\\\/index.php\\\/historico-empezo-el-montaje-del-nuevo-puente-de-correagua\\\/#primaryimage\"},\"image\":{\"@id\":\"https:\\\/\\\/www.manabi.gob.ec\\\/index.php\\\/historico-empezo-el-montaje-del-nuevo-puente-de-correagua\\\/#primaryimage\"},\"thumbnailUrl\":\"https:\\\/\\\/www.manabi.gob.ec\\\/wp-content\\\/uploads\\\/2022\\\/09\\\/WhatsApp-Image-2022-09-21-at-7.44.37-PM-1.jpeg\",\"datePublished\":\"2022-09-22T14:25:03+00:00\",\"dateModified\":\"2022-09-22T14:25:07+00:00\",\"author\":{\"@id\":\"https:\\\/\\\/www.manabi.gob.ec\\\/#\\\/schema\\\/person\\\/c4f117989332ad723a6ced5994aa7d7a\"},\"description\":\"Con la izada de la primera viga prefabricada de hormig\u00f3n, de un total de cuatro, se inici\u00f3 la tarde de este mi\u00e9rcoles 21 de septiembre el montaje del nuevo puente sobre el r\u00edo Portoviejo, en el sector de Correagua, obra que integra a los cantones Portoviejo y Sucre a trav\u00e9s de las parroquias Crucita y Charapot\u00f3 respectivamente.El prefecto, Leonardo Orlando, quien lleg\u00f3 al lugar de los trabajos, destac\u00f3 que este es uno de los hitos fundamentales de proyecto de integraci\u00f3n vial La Sequita \u2013 Correagua, que ejecuta la Prefectura con una inversi\u00f3n superior a 2 millones de d\u00f3lares, de los cuales unos 220 mil corresponden a la ejecuci\u00f3n del viaducto.\u201cEs un d\u00eda muy importante para nuestra administraci\u00f3n y la provincia, porque con esto pasamos de un puente met\u00e1lico de un solo carril, que se iba a cumplir las cuatro d\u00e9cadas, a un puente de hormig\u00f3n armado de dos carriles, con vigas pre-tensadas\u201d, manifest\u00f3 Leonardo Orlando.Las vigas pretensadas de hormig\u00f3n fueron fabricadas en Guayaquil, tienen 36 metros de longitud, 1.8 metros de altura, y pesan 50 toneladas cada una; para su ubicaci\u00f3n sobre las bases del puente se utilizan dos gr\u00faas con capacidad para 70 y 100 toneladas.En horas de la noche se continu\u00f3 con la izada de la segunda y tercera viga. El Prefecto indic\u00f3 que se tiene previsto terminar el s\u00e1bado con la colocaci\u00f3n de las cuatro vigas y las losetas prefabricadas. \u201cCon esto vamos a superar el noventa por ciento de avance; solo faltan peque\u00f1os detalles como la se\u00f1alizaci\u00f3n horizontal y vertical, y aspiramos tener totalmente operativa la v\u00eda en el mes de octubre\u201d, expres\u00f3 Orlando.\",\"breadcrumb\":{\"@id\":\"https:\\\/\\\/www.manabi.gob.ec\\\/index.php\\\/historico-empezo-el-montaje-del-nuevo-puente-de-correagua\\\/#breadcrumb\"},\"inLanguage\":\"es\",\"potentialAction\":[{\"@type\":\"ReadAction\",\"target\":[\"https:\\\/\\\/www.manabi.gob.ec\\\/index.php\\\/historico-empezo-el-montaje-del-nuevo-puente-de-correagua\\\/\"]}]},{\"@type\":\"ImageObject\",\"inLanguage\":\"es\",\"@id\":\"https:\\\/\\\/www.manabi.gob.ec\\\/index.php\\\/historico-empezo-el-montaje-del-nuevo-puente-de-correagua\\\/#primaryimage\",\"url\":\"https:\\\/\\\/www.manabi.gob.ec\\\/wp-content\\\/uploads\\\/2022\\\/09\\\/WhatsApp-Image-2022-09-21-at-7.44.37-PM-1.jpeg\",\"contentUrl\":\"https:\\\/\\\/www.manabi.gob.ec\\\/wp-content\\\/uploads\\\/2022\\\/09\\\/WhatsApp-Image-2022-09-21-at-7.44.37-PM-1.jpeg\",\"width\":1600,\"height\":1069},{\"@type\":\"BreadcrumbList\",\"@id\":\"https:\\\/\\\/www.manabi.gob.ec\\\/index.php\\\/historico-empezo-el-montaje-del-nuevo-puente-de-correagua\\\/#breadcrumb\",\"itemListElement\":[{\"@type\":\"ListItem\",\"position\":1,\"name\":\"Portada\",\"item\":\"https:\\\/\\\/www.manabi.gob.ec\\\/\"},{\"@type\":\"ListItem\",\"position\":2,\"name\":\"\u00a1HIST\u00d3RICO! Empez\u00f3 el montaje del nuevo puente de Correagua.\"}]},{\"@type\":\"WebSite\",\"@id\":\"https:\\\/\\\/www.manabi.gob.ec\\\/#website\",\"url\":\"https:\\\/\\\/www.manabi.gob.ec\\\/\",\"name\":\"Prefectura de Manab\u00ed\",\"description\":\"P\u00e1gina web de la prefectura\",\"potentialAction\":[{\"@type\":\"SearchAction\",\"target\":{\"@type\":\"EntryPoint\",\"urlTemplate\":\"https:\\\/\\\/www.manabi.gob.ec\\\/?s={search_term_string}\"},\"query-input\":{\"@type\":\"PropertyValueSpecification\",\"valueRequired\":true,\"valueName\":\"search_term_string\"}}],\"inLanguage\":\"es\"},{\"@type\":\"Person\",\"@id\":\"https:\\\/\\\/www.manabi.gob.ec\\\/#\\\/schema\\\/person\\\/c4f117989332ad723a6ced5994aa7d7a\",\"name\":\"Lui Ochoa\",\"image\":{\"@type\":\"ImageObject\",\"inLanguage\":\"es\",\"@id\":\"https:\\\/\\\/secure.gravatar.com\\\/avatar\\\/6e8017d0fe69dead8a95864d2eb6e1e1d8bf8e01194ba49cf7b897ff038126ba?s=96&d=mm&r=g\",\"url\":\"https:\\\/\\\/secure.gravatar.com\\\/avatar\\\/6e8017d0fe69dead8a95864d2eb6e1e1d8bf8e01194ba49cf7b897ff038126ba?s=96&d=mm&r=g\",\"contentUrl\":\"https:\\\/\\\/secure.gravatar.com\\\/avatar\\\/6e8017d0fe69dead8a95864d2eb6e1e1d8bf8e01194ba49cf7b897ff038126ba?s=96&d=mm&r=g\",\"caption\":\"Lui Ochoa\"},\"url\":\"https:\\\/\\\/www.manabi.gob.ec\\\/index.php\\\/author\\\/lochoa\\\/\"}]}<\/script>\n<!-- \/ Yoast SEO plugin. -->","yoast_head_json":{"title":"\u00a1HIST\u00d3RICO! Empez\u00f3 el montaje del nuevo puente de Correagua. - Prefectura de Manab\u00ed","description":"Con la izada de la primera viga prefabricada de hormig\u00f3n, de un total de cuatro, se inici\u00f3 la tarde de este mi\u00e9rcoles 21 de septiembre el montaje del nuevo puente sobre el r\u00edo Portoviejo, en el sector de Correagua, obra que integra a los cantones Portoviejo y Sucre a trav\u00e9s de las parroquias Crucita y Charapot\u00f3 respectivamente.El prefecto, Leonardo Orlando, quien lleg\u00f3 al lugar de los trabajos, destac\u00f3 que este es uno de los hitos fundamentales de proyecto de integraci\u00f3n vial La Sequita \u2013 Correagua, que ejecuta la Prefectura con una inversi\u00f3n superior a 2 millones de d\u00f3lares, de los cuales unos 220 mil corresponden a la ejecuci\u00f3n del viaducto.\u201cEs un d\u00eda muy importante para nuestra administraci\u00f3n y la provincia, porque con esto pasamos de un puente met\u00e1lico de un solo carril, que se iba a cumplir las cuatro d\u00e9cadas, a un puente de hormig\u00f3n armado de dos carriles, con vigas pre-tensadas\u201d, manifest\u00f3 Leonardo Orlando.Las vigas pretensadas de hormig\u00f3n fueron fabricadas en Guayaquil, tienen 36 metros de longitud, 1.8 metros de altura, y pesan 50 toneladas cada una; para su ubicaci\u00f3n sobre las bases del puente se utilizan dos gr\u00faas con capacidad para 70 y 100 toneladas.En horas de la noche se continu\u00f3 con la izada de la segunda y tercera viga. El Prefecto indic\u00f3 que se tiene previsto terminar el s\u00e1bado con la colocaci\u00f3n de las cuatro vigas y las losetas prefabricadas. \u201cCon esto vamos a superar el noventa por ciento de avance; solo faltan peque\u00f1os detalles como la se\u00f1alizaci\u00f3n horizontal y vertical, y aspiramos tener totalmente operativa la v\u00eda en el mes de octubre\u201d, expres\u00f3 Orlando.","robots":{"index":"index","follow":"follow","max-snippet":"max-snippet:-1","max-image-preview":"max-image-preview:large","max-video-preview":"max-video-preview:-1"},"canonical":"https:\/\/www.manabi.gob.ec\/index.php\/historico-empezo-el-montaje-del-nuevo-puente-de-correagua\/","og_locale":"es_ES","og_type":"article","og_title":"\u00a1HIST\u00d3RICO! Empez\u00f3 el montaje del nuevo puente de Correagua. - Prefectura de Manab\u00ed","og_description":"Con la izada de la primera viga prefabricada de hormig\u00f3n, de un total de cuatro, se inici\u00f3 la tarde de este mi\u00e9rcoles 21 de septiembre el montaje del nuevo puente sobre el r\u00edo Portoviejo, en el sector de Correagua, obra que integra a los cantones Portoviejo y Sucre a trav\u00e9s de las parroquias Crucita y Charapot\u00f3 respectivamente.El prefecto, Leonardo Orlando, quien lleg\u00f3 al lugar de los trabajos, destac\u00f3 que este es uno de los hitos fundamentales de proyecto de integraci\u00f3n vial La Sequita \u2013 Correagua, que ejecuta la Prefectura con una inversi\u00f3n superior a 2 millones de d\u00f3lares, de los cuales unos 220 mil corresponden a la ejecuci\u00f3n del viaducto.\u201cEs un d\u00eda muy importante para nuestra administraci\u00f3n y la provincia, porque con esto pasamos de un puente met\u00e1lico de un solo carril, que se iba a cumplir las cuatro d\u00e9cadas, a un puente de hormig\u00f3n armado de dos carriles, con vigas pre-tensadas\u201d, manifest\u00f3 Leonardo Orlando.Las vigas pretensadas de hormig\u00f3n fueron fabricadas en Guayaquil, tienen 36 metros de longitud, 1.8 metros de altura, y pesan 50 toneladas cada una; para su ubicaci\u00f3n sobre las bases del puente se utilizan dos gr\u00faas con capacidad para 70 y 100 toneladas.En horas de la noche se continu\u00f3 con la izada de la segunda y tercera viga. El Prefecto indic\u00f3 que se tiene previsto terminar el s\u00e1bado con la colocaci\u00f3n de las cuatro vigas y las losetas prefabricadas. \u201cCon esto vamos a superar el noventa por ciento de avance; solo faltan peque\u00f1os detalles como la se\u00f1alizaci\u00f3n horizontal y vertical, y aspiramos tener totalmente operativa la v\u00eda en el mes de octubre\u201d, expres\u00f3 Orlando.","og_url":"https:\/\/www.manabi.gob.ec\/index.php\/historico-empezo-el-montaje-del-nuevo-puente-de-correagua\/","og_site_name":"Prefectura de Manab\u00ed","article_published_time":"2022-09-22T14:25:03+00:00","article_modified_time":"2022-09-22T14:25:07+00:00","og_image":[{"width":1600,"height":1069,"url":"https:\/\/www.manabi.gob.ec\/wp-content\/uploads\/2022\/09\/WhatsApp-Image-2022-09-21-at-7.44.37-PM-1.jpeg","type":"image\/jpeg"}],"author":"Lui Ochoa","twitter_card":"summary_large_image","twitter_misc":{"Escrito por":"Lui Ochoa","Tiempo de lectura":"2 minutos"},"schema":{"@context":"https:\/\/schema.org","@graph":[{"@type":"Article","@id":"https:\/\/www.manabi.gob.ec\/index.php\/historico-empezo-el-montaje-del-nuevo-puente-de-correagua\/#article","isPartOf":{"@id":"https:\/\/www.manabi.gob.ec\/index.php\/historico-empezo-el-montaje-del-nuevo-puente-de-correagua\/"},"author":{"name":"Lui Ochoa","@id":"https:\/\/www.manabi.gob.ec\/#\/schema\/person\/c4f117989332ad723a6ced5994aa7d7a"},"headline":"\u00a1HIST\u00d3RICO! Empez\u00f3 el montaje del nuevo puente de Correagua.","datePublished":"2022-09-22T14:25:03+00:00","dateModified":"2022-09-22T14:25:07+00:00","mainEntityOfPage":{"@id":"https:\/\/www.manabi.gob.ec\/index.php\/historico-empezo-el-montaje-del-nuevo-puente-de-correagua\/"},"wordCount":295,"image":{"@id":"https:\/\/www.manabi.gob.ec\/index.php\/historico-empezo-el-montaje-del-nuevo-puente-de-correagua\/#primaryimage"},"thumbnailUrl":"https:\/\/www.manabi.gob.ec\/wp-content\/uploads\/2022\/09\/WhatsApp-Image-2022-09-21-at-7.44.37-PM-1.jpeg","articleSection":["Desarrollo Social","Manab\u00ed Vial","Noticias","Obra P\u00fablica","Portoviejo","Sucre","Todas","Vialidad"],"inLanguage":"es"},{"@type":"WebPage","@id":"https:\/\/www.manabi.gob.ec\/index.php\/historico-empezo-el-montaje-del-nuevo-puente-de-correagua\/","url":"https:\/\/www.manabi.gob.ec\/index.php\/historico-empezo-el-montaje-del-nuevo-puente-de-correagua\/","name":"\u00a1HIST\u00d3RICO! Empez\u00f3 el montaje del nuevo puente de Correagua. - Prefectura de Manab\u00ed","isPartOf":{"@id":"https:\/\/www.manabi.gob.ec\/#website"},"primaryImageOfPage":{"@id":"https:\/\/www.manabi.gob.ec\/index.php\/historico-empezo-el-montaje-del-nuevo-puente-de-correagua\/#primaryimage"},"image":{"@id":"https:\/\/www.manabi.gob.ec\/index.php\/historico-empezo-el-montaje-del-nuevo-puente-de-correagua\/#primaryimage"},"thumbnailUrl":"https:\/\/www.manabi.gob.ec\/wp-content\/uploads\/2022\/09\/WhatsApp-Image-2022-09-21-at-7.44.37-PM-1.jpeg","datePublished":"2022-09-22T14:25:03+00:00","dateModified":"2022-09-22T14:25:07+00:00","author":{"@id":"https:\/\/www.manabi.gob.ec\/#\/schema\/person\/c4f117989332ad723a6ced5994aa7d7a"},"description":"Con la izada de la primera viga prefabricada de hormig\u00f3n, de un total de cuatro, se inici\u00f3 la tarde de este mi\u00e9rcoles 21 de septiembre el montaje del nuevo puente sobre el r\u00edo Portoviejo, en el sector de Correagua, obra que integra a los cantones Portoviejo y Sucre a trav\u00e9s de las parroquias Crucita y Charapot\u00f3 respectivamente.El prefecto, Leonardo Orlando, quien lleg\u00f3 al lugar de los trabajos, destac\u00f3 que este es uno de los hitos fundamentales de proyecto de integraci\u00f3n vial La Sequita \u2013 Correagua, que ejecuta la Prefectura con una inversi\u00f3n superior a 2 millones de d\u00f3lares, de los cuales unos 220 mil corresponden a la ejecuci\u00f3n del viaducto.\u201cEs un d\u00eda muy importante para nuestra administraci\u00f3n y la provincia, porque con esto pasamos de un puente met\u00e1lico de un solo carril, que se iba a cumplir las cuatro d\u00e9cadas, a un puente de hormig\u00f3n armado de dos carriles, con vigas pre-tensadas\u201d, manifest\u00f3 Leonardo Orlando.Las vigas pretensadas de hormig\u00f3n fueron fabricadas en Guayaquil, tienen 36 metros de longitud, 1.8 metros de altura, y pesan 50 toneladas cada una; para su ubicaci\u00f3n sobre las bases del puente se utilizan dos gr\u00faas con capacidad para 70 y 100 toneladas.En horas de la noche se continu\u00f3 con la izada de la segunda y tercera viga. El Prefecto indic\u00f3 que se tiene previsto terminar el s\u00e1bado con la colocaci\u00f3n de las cuatro vigas y las losetas prefabricadas. \u201cCon esto vamos a superar el noventa por ciento de avance; solo faltan peque\u00f1os detalles como la se\u00f1alizaci\u00f3n horizontal y vertical, y aspiramos tener totalmente operativa la v\u00eda en el mes de octubre\u201d, expres\u00f3 Orlando.","breadcrumb":{"@id":"https:\/\/www.manabi.gob.ec\/index.php\/historico-empezo-el-montaje-del-nuevo-puente-de-correagua\/#breadcrumb"},"inLanguage":"es","potentialAction":[{"@type":"ReadAction","target":["https:\/\/www.manabi.gob.ec\/index.php\/historico-empezo-el-montaje-del-nuevo-puente-de-correagua\/"]}]},{"@type":"ImageObject","inLanguage":"es","@id":"https:\/\/www.manabi.gob.ec\/index.php\/historico-empezo-el-montaje-del-nuevo-puente-de-correagua\/#primaryimage","url":"https:\/\/www.manabi.gob.ec\/wp-content\/uploads\/2022\/09\/WhatsApp-Image-2022-09-21-at-7.44.37-PM-1.jpeg","contentUrl":"https:\/\/www.manabi.gob.ec\/wp-content\/uploads\/2022\/09\/WhatsApp-Image-2022-09-21-at-7.44.37-PM-1.jpeg","width":1600,"height":1069},{"@type":"BreadcrumbList","@id":"https:\/\/www.manabi.gob.ec\/index.php\/historico-empezo-el-montaje-del-nuevo-puente-de-correagua\/#breadcrumb","itemListElement":[{"@type":"ListItem","position":1,"name":"Portada","item":"https:\/\/www.manabi.gob.ec\/"},{"@type":"ListItem","position":2,"name":"\u00a1HIST\u00d3RICO! Empez\u00f3 el montaje del nuevo puente de Correagua."}]},{"@type":"WebSite","@id":"https:\/\/www.manabi.gob.ec\/#website","url":"https:\/\/www.manabi.gob.ec\/","name":"Prefectura de Manab\u00ed","description":"P\u00e1gina web de la prefectura","potentialAction":[{"@type":"SearchAction","target":{"@type":"EntryPoint","urlTemplate":"https:\/\/www.manabi.gob.ec\/?s={search_term_string}"},"query-input":{"@type":"PropertyValueSpecification","valueRequired":true,"valueName":"search_term_string"}}],"inLanguage":"es"},{"@type":"Person","@id":"https:\/\/www.manabi.gob.ec\/#\/schema\/person\/c4f117989332ad723a6ced5994aa7d7a","name":"Lui Ochoa","image":{"@type":"ImageObject","inLanguage":"es","@id":"https:\/\/secure.gravatar.com\/avatar\/6e8017d0fe69dead8a95864d2eb6e1e1d8bf8e01194ba49cf7b897ff038126ba?s=96&d=mm&r=g","url":"https:\/\/secure.gravatar.com\/avatar\/6e8017d0fe69dead8a95864d2eb6e1e1d8bf8e01194ba49cf7b897ff038126ba?s=96&d=mm&r=g","contentUrl":"https:\/\/secure.gravatar.com\/avatar\/6e8017d0fe69dead8a95864d2eb6e1e1d8bf8e01194ba49cf7b897ff038126ba?s=96&d=mm&r=g","caption":"Lui Ochoa"},"url":"https:\/\/www.manabi.gob.ec\/index.php\/author\/lochoa\/"}]}},"jetpack_featured_media_url":"https:\/\/www.manabi.gob.ec\/wp-content\/uploads\/2022\/09\/WhatsApp-Image-2022-09-21-at-7.44.37-PM-1.jpeg","_links":{"self":[{"href":"https:\/\/www.manabi.gob.ec\/index.php\/wp-json\/wp\/v2\/posts\/22244","targetHints":{"allow":["GET"]}}],"collection":[{"href":"https:\/\/www.manabi.gob.ec\/index.php\/wp-json\/wp\/v2\/posts"}],"about":[{"href":"https:\/\/www.manabi.gob.ec\/index.php\/wp-json\/wp\/v2\/types\/post"}],"author":[{"embeddable":true,"href":"https:\/\/www.manabi.gob.ec\/index.php\/wp-json\/wp\/v2\/users\/10"}],"replies":[{"embeddable":true,"href":"https:\/\/www.manabi.gob.ec\/index.php\/wp-json\/wp\/v2\/comments?post=22244"}],"version-history":[{"count":0,"href":"https:\/\/www.manabi.gob.ec\/index.php\/wp-json\/wp\/v2\/posts\/22244\/revisions"}],"wp:featuredmedia":[{"embeddable":true,"href":"https:\/\/www.manabi.gob.ec\/index.php\/wp-json\/wp\/v2\/media\/22245"}],"wp:attachment":[{"href":"https:\/\/www.manabi.gob.ec\/index.php\/wp-json\/wp\/v2\/media?parent=22244"}],"wp:term":[{"taxonomy":"category","embeddable":true,"href":"https:\/\/www.manabi.gob.ec\/index.php\/wp-json\/wp\/v2\/categories?post=22244"},{"taxonomy":"post_tag","embeddable":true,"href":"https:\/\/www.manabi.gob.ec\/index.php\/wp-json\/wp\/v2\/tags?post=22244"}],"curies":[{"name":"wp","href":"https:\/\/api.w.org\/{rel}","templated":true}]}}