{"id":22255,"date":"2022-09-26T03:28:44","date_gmt":"2022-09-26T03:28:44","guid":{"rendered":"https:\/\/www.manabi.gob.ec\/?p=22255"},"modified":"2022-09-26T03:28:48","modified_gmt":"2022-09-26T03:28:48","slug":"seguimos-articulando-acciones-a-favor-de-la-poblacion-en-movilidad-humana","status":"publish","type":"post","link":"https:\/\/www.manabi.gob.ec\/index.php\/seguimos-articulando-acciones-a-favor-de-la-poblacion-en-movilidad-humana\/","title":{"rendered":"Seguimos articulando acciones a favor de la poblaci\u00f3n en movilidad humana"},"content":{"rendered":"\n<p>El prefecto, Leonardo Orlando, recibi\u00f3 la visita de la secretaria nacional del Consejo para la Igualdad de la Movilidad Humana, Lorena Ponce, y de la directora t\u00e9cnica del organismo, Nancy Garc\u00eda, con el objetivo de articular acciones para la protecci\u00f3n, atenci\u00f3n, promoci\u00f3n, respeto, y garant\u00eda de derechos de la poblaci\u00f3n en movilidad humana.<\/p>\n\n\n\n<p>En este contexto, se dio a conocer el accionar del Gobierno Provincial de Manab\u00ed frente a la realidad de los flujos migratorios provinciales y la movilidad humana en toda su diversidad, por ejemplo, la generaci\u00f3n de una pol\u00edtica p\u00fablica provincial en este \u00e1mbito, en coordinaci\u00f3n con la Organizaci\u00f3n Internacional del Trabajo (OIT), la cual ser\u00e1 elevada a ordenanza provincial.<\/p>\n\n\n\n<p>Luego de este primer acercamiento, se reunir\u00e1n los equip\u00f3 t\u00e9cnicos de ambas partes para establecer una hoja de ruta y establecer los pormenores para la firma de una carta de intenci\u00f3n, en base de la cual se llevar\u00e1 adelante un trabajo articulado a favor de las personas en condici\u00f3n de movilidad humana.<\/p>\n","protected":false},"excerpt":{"rendered":"<p>El prefecto, Leonardo Orlando, recibi\u00f3 la visita de la secretaria nacional del Consejo para la Igualdad de la Movilidad Humana, Lorena Ponce, y de la directora t\u00e9cnica del organismo, Nancy Garc\u00eda, con el objetivo de articular acciones para la protecci\u00f3n, atenci\u00f3n, promoci\u00f3n, respeto, y garant\u00eda de derechos de la poblaci\u00f3n en movilidad humana. En este [&hellip;]<\/p>\n","protected":false},"author":10,"featured_media":22256,"comment_status":"closed","ping_status":"closed","sticky":false,"template":"","format":"standard","meta":{"_joinchat":[],"footnotes":""},"categories":[142,224,92,193,91],"tags":[],"class_list":["post-22255","post","type-post","status-publish","format-standard","has-post-thumbnail","hentry","category-desarrollo-social","category-mujeres","category-noticias-manabi","category-participacion-ciudadana","category-todas"],"yoast_head":"<!-- This site is optimized with the Yoast SEO plugin v27.4 - https:\/\/yoast.com\/product\/yoast-seo-wordpress\/ -->\n<title>Seguimos articulando acciones a favor de la poblaci\u00f3n en movilidad humana - Prefectura de Manab\u00ed<\/title>\n<meta name=\"robots\" content=\"index, follow, max-snippet:-1, max-image-preview:large, max-video-preview:-1\" \/>\n<link rel=\"canonical\" href=\"https:\/\/www.manabi.gob.ec\/index.php\/seguimos-articulando-acciones-a-favor-de-la-poblacion-en-movilidad-humana\/\" \/>\n<meta property=\"og:locale\" content=\"es_ES\" \/>\n<meta property=\"og:type\" content=\"article\" \/>\n<meta property=\"og:title\" content=\"Seguimos articulando acciones a favor de la poblaci\u00f3n en movilidad humana - Prefectura de Manab\u00ed\" \/>\n<meta property=\"og:description\" content=\"El prefecto, Leonardo Orlando, recibi\u00f3 la visita de la secretaria nacional del Consejo para la Igualdad de la Movilidad Humana, Lorena Ponce, y de la directora t\u00e9cnica del organismo, Nancy Garc\u00eda, con el objetivo de articular acciones para la protecci\u00f3n, atenci\u00f3n, promoci\u00f3n, respeto, y garant\u00eda de derechos de la poblaci\u00f3n en movilidad humana. En este [&hellip;]\" \/>\n<meta property=\"og:url\" content=\"https:\/\/www.manabi.gob.ec\/index.php\/seguimos-articulando-acciones-a-favor-de-la-poblacion-en-movilidad-humana\/\" \/>\n<meta property=\"og:site_name\" content=\"Prefectura de Manab\u00ed\" \/>\n<meta property=\"article:published_time\" content=\"2022-09-26T03:28:44+00:00\" \/>\n<meta property=\"article:modified_time\" content=\"2022-09-26T03:28:48+00:00\" \/>\n<meta property=\"og:image\" content=\"https:\/\/www.manabi.gob.ec\/wp-content\/uploads\/2022\/09\/WhatsApp-Image-2022-09-23-at-8.48.56-PM.jpeg\" \/>\n\t<meta property=\"og:image:width\" content=\"1600\" \/>\n\t<meta property=\"og:image:height\" content=\"1069\" \/>\n\t<meta property=\"og:image:type\" content=\"image\/jpeg\" \/>\n<meta name=\"author\" content=\"Lui Ochoa\" \/>\n<meta name=\"twitter:card\" content=\"summary_large_image\" \/>\n<meta name=\"twitter:label1\" content=\"Escrito por\" \/>\n\t<meta name=\"twitter:data1\" content=\"Lui Ochoa\" \/>\n\t<meta name=\"twitter:label2\" content=\"Tiempo de lectura\" \/>\n\t<meta name=\"twitter:data2\" content=\"1 minuto\" \/>\n<script type=\"application\/ld+json\" class=\"yoast-schema-graph\">{\"@context\":\"https:\\\/\\\/schema.org\",\"@graph\":[{\"@type\":\"Article\",\"@id\":\"https:\\\/\\\/www.manabi.gob.ec\\\/index.php\\\/seguimos-articulando-acciones-a-favor-de-la-poblacion-en-movilidad-humana\\\/#article\",\"isPartOf\":{\"@id\":\"https:\\\/\\\/www.manabi.gob.ec\\\/index.php\\\/seguimos-articulando-acciones-a-favor-de-la-poblacion-en-movilidad-humana\\\/\"},\"author\":{\"name\":\"Lui Ochoa\",\"@id\":\"https:\\\/\\\/www.manabi.gob.ec\\\/#\\\/schema\\\/person\\\/c4f117989332ad723a6ced5994aa7d7a\"},\"headline\":\"Seguimos articulando acciones a favor de la poblaci\u00f3n en movilidad humana\",\"datePublished\":\"2022-09-26T03:28:44+00:00\",\"dateModified\":\"2022-09-26T03:28:48+00:00\",\"mainEntityOfPage\":{\"@id\":\"https:\\\/\\\/www.manabi.gob.ec\\\/index.php\\\/seguimos-articulando-acciones-a-favor-de-la-poblacion-en-movilidad-humana\\\/\"},\"wordCount\":192,\"image\":{\"@id\":\"https:\\\/\\\/www.manabi.gob.ec\\\/index.php\\\/seguimos-articulando-acciones-a-favor-de-la-poblacion-en-movilidad-humana\\\/#primaryimage\"},\"thumbnailUrl\":\"https:\\\/\\\/www.manabi.gob.ec\\\/wp-content\\\/uploads\\\/2022\\\/09\\\/WhatsApp-Image-2022-09-23-at-8.48.56-PM.jpeg\",\"articleSection\":[\"Desarrollo Social\",\"Mujeres\",\"Noticias\",\"Participaci\u00f3n ciudadana\",\"Todas\"],\"inLanguage\":\"es\"},{\"@type\":\"WebPage\",\"@id\":\"https:\\\/\\\/www.manabi.gob.ec\\\/index.php\\\/seguimos-articulando-acciones-a-favor-de-la-poblacion-en-movilidad-humana\\\/\",\"url\":\"https:\\\/\\\/www.manabi.gob.ec\\\/index.php\\\/seguimos-articulando-acciones-a-favor-de-la-poblacion-en-movilidad-humana\\\/\",\"name\":\"Seguimos articulando acciones a favor de la poblaci\u00f3n en movilidad humana - Prefectura de Manab\u00ed\",\"isPartOf\":{\"@id\":\"https:\\\/\\\/www.manabi.gob.ec\\\/#website\"},\"primaryImageOfPage\":{\"@id\":\"https:\\\/\\\/www.manabi.gob.ec\\\/index.php\\\/seguimos-articulando-acciones-a-favor-de-la-poblacion-en-movilidad-humana\\\/#primaryimage\"},\"image\":{\"@id\":\"https:\\\/\\\/www.manabi.gob.ec\\\/index.php\\\/seguimos-articulando-acciones-a-favor-de-la-poblacion-en-movilidad-humana\\\/#primaryimage\"},\"thumbnailUrl\":\"https:\\\/\\\/www.manabi.gob.ec\\\/wp-content\\\/uploads\\\/2022\\\/09\\\/WhatsApp-Image-2022-09-23-at-8.48.56-PM.jpeg\",\"datePublished\":\"2022-09-26T03:28:44+00:00\",\"dateModified\":\"2022-09-26T03:28:48+00:00\",\"author\":{\"@id\":\"https:\\\/\\\/www.manabi.gob.ec\\\/#\\\/schema\\\/person\\\/c4f117989332ad723a6ced5994aa7d7a\"},\"breadcrumb\":{\"@id\":\"https:\\\/\\\/www.manabi.gob.ec\\\/index.php\\\/seguimos-articulando-acciones-a-favor-de-la-poblacion-en-movilidad-humana\\\/#breadcrumb\"},\"inLanguage\":\"es\",\"potentialAction\":[{\"@type\":\"ReadAction\",\"target\":[\"https:\\\/\\\/www.manabi.gob.ec\\\/index.php\\\/seguimos-articulando-acciones-a-favor-de-la-poblacion-en-movilidad-humana\\\/\"]}]},{\"@type\":\"ImageObject\",\"inLanguage\":\"es\",\"@id\":\"https:\\\/\\\/www.manabi.gob.ec\\\/index.php\\\/seguimos-articulando-acciones-a-favor-de-la-poblacion-en-movilidad-humana\\\/#primaryimage\",\"url\":\"https:\\\/\\\/www.manabi.gob.ec\\\/wp-content\\\/uploads\\\/2022\\\/09\\\/WhatsApp-Image-2022-09-23-at-8.48.56-PM.jpeg\",\"contentUrl\":\"https:\\\/\\\/www.manabi.gob.ec\\\/wp-content\\\/uploads\\\/2022\\\/09\\\/WhatsApp-Image-2022-09-23-at-8.48.56-PM.jpeg\",\"width\":1600,\"height\":1069},{\"@type\":\"BreadcrumbList\",\"@id\":\"https:\\\/\\\/www.manabi.gob.ec\\\/index.php\\\/seguimos-articulando-acciones-a-favor-de-la-poblacion-en-movilidad-humana\\\/#breadcrumb\",\"itemListElement\":[{\"@type\":\"ListItem\",\"position\":1,\"name\":\"Portada\",\"item\":\"https:\\\/\\\/www.manabi.gob.ec\\\/\"},{\"@type\":\"ListItem\",\"position\":2,\"name\":\"Seguimos articulando acciones a favor de la poblaci\u00f3n en movilidad humana\"}]},{\"@type\":\"WebSite\",\"@id\":\"https:\\\/\\\/www.manabi.gob.ec\\\/#website\",\"url\":\"https:\\\/\\\/www.manabi.gob.ec\\\/\",\"name\":\"Prefectura de Manab\u00ed\",\"description\":\"P\u00e1gina web de la prefectura\",\"potentialAction\":[{\"@type\":\"SearchAction\",\"target\":{\"@type\":\"EntryPoint\",\"urlTemplate\":\"https:\\\/\\\/www.manabi.gob.ec\\\/?s={search_term_string}\"},\"query-input\":{\"@type\":\"PropertyValueSpecification\",\"valueRequired\":true,\"valueName\":\"search_term_string\"}}],\"inLanguage\":\"es\"},{\"@type\":\"Person\",\"@id\":\"https:\\\/\\\/www.manabi.gob.ec\\\/#\\\/schema\\\/person\\\/c4f117989332ad723a6ced5994aa7d7a\",\"name\":\"Lui Ochoa\",\"image\":{\"@type\":\"ImageObject\",\"inLanguage\":\"es\",\"@id\":\"https:\\\/\\\/secure.gravatar.com\\\/avatar\\\/6e8017d0fe69dead8a95864d2eb6e1e1d8bf8e01194ba49cf7b897ff038126ba?s=96&d=mm&r=g\",\"url\":\"https:\\\/\\\/secure.gravatar.com\\\/avatar\\\/6e8017d0fe69dead8a95864d2eb6e1e1d8bf8e01194ba49cf7b897ff038126ba?s=96&d=mm&r=g\",\"contentUrl\":\"https:\\\/\\\/secure.gravatar.com\\\/avatar\\\/6e8017d0fe69dead8a95864d2eb6e1e1d8bf8e01194ba49cf7b897ff038126ba?s=96&d=mm&r=g\",\"caption\":\"Lui Ochoa\"},\"url\":\"https:\\\/\\\/www.manabi.gob.ec\\\/index.php\\\/author\\\/lochoa\\\/\"}]}<\/script>\n<!-- \/ Yoast SEO plugin. -->","yoast_head_json":{"title":"Seguimos articulando acciones a favor de la poblaci\u00f3n en movilidad humana - Prefectura de Manab\u00ed","robots":{"index":"index","follow":"follow","max-snippet":"max-snippet:-1","max-image-preview":"max-image-preview:large","max-video-preview":"max-video-preview:-1"},"canonical":"https:\/\/www.manabi.gob.ec\/index.php\/seguimos-articulando-acciones-a-favor-de-la-poblacion-en-movilidad-humana\/","og_locale":"es_ES","og_type":"article","og_title":"Seguimos articulando acciones a favor de la poblaci\u00f3n en movilidad humana - Prefectura de Manab\u00ed","og_description":"El prefecto, Leonardo Orlando, recibi\u00f3 la visita de la secretaria nacional del Consejo para la Igualdad de la Movilidad Humana, Lorena Ponce, y de la directora t\u00e9cnica del organismo, Nancy Garc\u00eda, con el objetivo de articular acciones para la protecci\u00f3n, atenci\u00f3n, promoci\u00f3n, respeto, y garant\u00eda de derechos de la poblaci\u00f3n en movilidad humana. En este [&hellip;]","og_url":"https:\/\/www.manabi.gob.ec\/index.php\/seguimos-articulando-acciones-a-favor-de-la-poblacion-en-movilidad-humana\/","og_site_name":"Prefectura de Manab\u00ed","article_published_time":"2022-09-26T03:28:44+00:00","article_modified_time":"2022-09-26T03:28:48+00:00","og_image":[{"width":1600,"height":1069,"url":"https:\/\/www.manabi.gob.ec\/wp-content\/uploads\/2022\/09\/WhatsApp-Image-2022-09-23-at-8.48.56-PM.jpeg","type":"image\/jpeg"}],"author":"Lui Ochoa","twitter_card":"summary_large_image","twitter_misc":{"Escrito por":"Lui Ochoa","Tiempo de lectura":"1 minuto"},"schema":{"@context":"https:\/\/schema.org","@graph":[{"@type":"Article","@id":"https:\/\/www.manabi.gob.ec\/index.php\/seguimos-articulando-acciones-a-favor-de-la-poblacion-en-movilidad-humana\/#article","isPartOf":{"@id":"https:\/\/www.manabi.gob.ec\/index.php\/seguimos-articulando-acciones-a-favor-de-la-poblacion-en-movilidad-humana\/"},"author":{"name":"Lui Ochoa","@id":"https:\/\/www.manabi.gob.ec\/#\/schema\/person\/c4f117989332ad723a6ced5994aa7d7a"},"headline":"Seguimos articulando acciones a favor de la poblaci\u00f3n en movilidad humana","datePublished":"2022-09-26T03:28:44+00:00","dateModified":"2022-09-26T03:28:48+00:00","mainEntityOfPage":{"@id":"https:\/\/www.manabi.gob.ec\/index.php\/seguimos-articulando-acciones-a-favor-de-la-poblacion-en-movilidad-humana\/"},"wordCount":192,"image":{"@id":"https:\/\/www.manabi.gob.ec\/index.php\/seguimos-articulando-acciones-a-favor-de-la-poblacion-en-movilidad-humana\/#primaryimage"},"thumbnailUrl":"https:\/\/www.manabi.gob.ec\/wp-content\/uploads\/2022\/09\/WhatsApp-Image-2022-09-23-at-8.48.56-PM.jpeg","articleSection":["Desarrollo Social","Mujeres","Noticias","Participaci\u00f3n ciudadana","Todas"],"inLanguage":"es"},{"@type":"WebPage","@id":"https:\/\/www.manabi.gob.ec\/index.php\/seguimos-articulando-acciones-a-favor-de-la-poblacion-en-movilidad-humana\/","url":"https:\/\/www.manabi.gob.ec\/index.php\/seguimos-articulando-acciones-a-favor-de-la-poblacion-en-movilidad-humana\/","name":"Seguimos articulando acciones a favor de la poblaci\u00f3n en movilidad humana - Prefectura de Manab\u00ed","isPartOf":{"@id":"https:\/\/www.manabi.gob.ec\/#website"},"primaryImageOfPage":{"@id":"https:\/\/www.manabi.gob.ec\/index.php\/seguimos-articulando-acciones-a-favor-de-la-poblacion-en-movilidad-humana\/#primaryimage"},"image":{"@id":"https:\/\/www.manabi.gob.ec\/index.php\/seguimos-articulando-acciones-a-favor-de-la-poblacion-en-movilidad-humana\/#primaryimage"},"thumbnailUrl":"https:\/\/www.manabi.gob.ec\/wp-content\/uploads\/2022\/09\/WhatsApp-Image-2022-09-23-at-8.48.56-PM.jpeg","datePublished":"2022-09-26T03:28:44+00:00","dateModified":"2022-09-26T03:28:48+00:00","author":{"@id":"https:\/\/www.manabi.gob.ec\/#\/schema\/person\/c4f117989332ad723a6ced5994aa7d7a"},"breadcrumb":{"@id":"https:\/\/www.manabi.gob.ec\/index.php\/seguimos-articulando-acciones-a-favor-de-la-poblacion-en-movilidad-humana\/#breadcrumb"},"inLanguage":"es","potentialAction":[{"@type":"ReadAction","target":["https:\/\/www.manabi.gob.ec\/index.php\/seguimos-articulando-acciones-a-favor-de-la-poblacion-en-movilidad-humana\/"]}]},{"@type":"ImageObject","inLanguage":"es","@id":"https:\/\/www.manabi.gob.ec\/index.php\/seguimos-articulando-acciones-a-favor-de-la-poblacion-en-movilidad-humana\/#primaryimage","url":"https:\/\/www.manabi.gob.ec\/wp-content\/uploads\/2022\/09\/WhatsApp-Image-2022-09-23-at-8.48.56-PM.jpeg","contentUrl":"https:\/\/www.manabi.gob.ec\/wp-content\/uploads\/2022\/09\/WhatsApp-Image-2022-09-23-at-8.48.56-PM.jpeg","width":1600,"height":1069},{"@type":"BreadcrumbList","@id":"https:\/\/www.manabi.gob.ec\/index.php\/seguimos-articulando-acciones-a-favor-de-la-poblacion-en-movilidad-humana\/#breadcrumb","itemListElement":[{"@type":"ListItem","position":1,"name":"Portada","item":"https:\/\/www.manabi.gob.ec\/"},{"@type":"ListItem","position":2,"name":"Seguimos articulando acciones a favor de la poblaci\u00f3n en movilidad humana"}]},{"@type":"WebSite","@id":"https:\/\/www.manabi.gob.ec\/#website","url":"https:\/\/www.manabi.gob.ec\/","name":"Prefectura de Manab\u00ed","description":"P\u00e1gina web de la prefectura","potentialAction":[{"@type":"SearchAction","target":{"@type":"EntryPoint","urlTemplate":"https:\/\/www.manabi.gob.ec\/?s={search_term_string}"},"query-input":{"@type":"PropertyValueSpecification","valueRequired":true,"valueName":"search_term_string"}}],"inLanguage":"es"},{"@type":"Person","@id":"https:\/\/www.manabi.gob.ec\/#\/schema\/person\/c4f117989332ad723a6ced5994aa7d7a","name":"Lui Ochoa","image":{"@type":"ImageObject","inLanguage":"es","@id":"https:\/\/secure.gravatar.com\/avatar\/6e8017d0fe69dead8a95864d2eb6e1e1d8bf8e01194ba49cf7b897ff038126ba?s=96&d=mm&r=g","url":"https:\/\/secure.gravatar.com\/avatar\/6e8017d0fe69dead8a95864d2eb6e1e1d8bf8e01194ba49cf7b897ff038126ba?s=96&d=mm&r=g","contentUrl":"https:\/\/secure.gravatar.com\/avatar\/6e8017d0fe69dead8a95864d2eb6e1e1d8bf8e01194ba49cf7b897ff038126ba?s=96&d=mm&r=g","caption":"Lui Ochoa"},"url":"https:\/\/www.manabi.gob.ec\/index.php\/author\/lochoa\/"}]}},"jetpack_featured_media_url":"https:\/\/www.manabi.gob.ec\/wp-content\/uploads\/2022\/09\/WhatsApp-Image-2022-09-23-at-8.48.56-PM.jpeg","_links":{"self":[{"href":"https:\/\/www.manabi.gob.ec\/index.php\/wp-json\/wp\/v2\/posts\/22255","targetHints":{"allow":["GET"]}}],"collection":[{"href":"https:\/\/www.manabi.gob.ec\/index.php\/wp-json\/wp\/v2\/posts"}],"about":[{"href":"https:\/\/www.manabi.gob.ec\/index.php\/wp-json\/wp\/v2\/types\/post"}],"author":[{"embeddable":true,"href":"https:\/\/www.manabi.gob.ec\/index.php\/wp-json\/wp\/v2\/users\/10"}],"replies":[{"embeddable":true,"href":"https:\/\/www.manabi.gob.ec\/index.php\/wp-json\/wp\/v2\/comments?post=22255"}],"version-history":[{"count":0,"href":"https:\/\/www.manabi.gob.ec\/index.php\/wp-json\/wp\/v2\/posts\/22255\/revisions"}],"wp:featuredmedia":[{"embeddable":true,"href":"https:\/\/www.manabi.gob.ec\/index.php\/wp-json\/wp\/v2\/media\/22256"}],"wp:attachment":[{"href":"https:\/\/www.manabi.gob.ec\/index.php\/wp-json\/wp\/v2\/media?parent=22255"}],"wp:term":[{"taxonomy":"category","embeddable":true,"href":"https:\/\/www.manabi.gob.ec\/index.php\/wp-json\/wp\/v2\/categories?post=22255"},{"taxonomy":"post_tag","embeddable":true,"href":"https:\/\/www.manabi.gob.ec\/index.php\/wp-json\/wp\/v2\/tags?post=22255"}],"curies":[{"name":"wp","href":"https:\/\/api.w.org\/{rel}","templated":true}]}}