{"id":22269,"date":"2022-09-27T17:04:43","date_gmt":"2022-09-27T17:04:43","guid":{"rendered":"https:\/\/www.manabi.gob.ec\/?p=22269"},"modified":"2022-09-27T17:04:48","modified_gmt":"2022-09-27T17:04:48","slug":"productos-manabitas-con-buena-acogida-en-machala","status":"publish","type":"post","link":"https:\/\/www.manabi.gob.ec\/index.php\/productos-manabitas-con-buena-acogida-en-machala\/","title":{"rendered":"PRODUCTOS MANABITAS CON BUENA ACOGIDA EN MACHALA"},"content":{"rendered":"\n<p>El caf\u00e9 San Jos\u00e9 de Jipijapa ha logrado tener su espacio en el paladar de los Orenses, al igual que los chocolates de menta, caf\u00e9 y ar\u00e1ndanos de la marca Samor de Manta.<\/p>\n\n\n\n<p>La innovaci\u00f3n y encanto de los elaborados hacen que Manab\u00ed se destaque en la Feria de la Reina Mundial del Banano que se desarrolla en Machala del 22 al 25 de septiembre 2022.<\/p>\n\n\n\n<p>Julio Aveiga, de rompope Amorfino, valora cada invitaci\u00f3n que le hace la Prefectura de Manab\u00ed para participar en ferias o activaciones que le ayudan a promover su producto en otros mercados. \u00abEs una \u00e9poca de crisis y necesitamos el apoyo de las instituciones para impulsar nuestros emprendimientos\u00bb, sostuvo.<\/p>\n\n\n\n<p>Ang\u00e9lica Moreira, de chocolate Samor, expres\u00f3 que le emociona el crecimiento de ventas que han tenido sus chocolates gracias a la promoci\u00f3n impulsada por el \u00e1rea de Comercializaci\u00f3n de Fomento Productivo del Gobierno de Manab\u00ed.<\/p>\n\n\n\n<p>\u00abYo estoy emocionada porque he logrado que mi marca se conozca a nivel de muchas provincias gracias a la Prefectura y he conseguido puntos de venta muy estrat\u00e9gicos para las barras de chocolate\u00bb, expreso.<\/p>\n\n\n\n<p>En Machala son 8 los productos que se promocionan a los orenses en el stand manabita, donde pueden degustar del man\u00ed quebrado, salprieta, aj\u00ed,caf\u00e9, rompope, chocolates, dulces y ver una variedad de artesan\u00edas labradas a mano a base de tagua, concha, ca\u00f1a guadua y otros materiales de la zona costera manabita.<\/p>\n","protected":false},"excerpt":{"rendered":"<p>El caf\u00e9 San Jos\u00e9 de Jipijapa ha logrado tener su espacio en el paladar de los Orenses, al igual que los chocolates de menta, caf\u00e9 y ar\u00e1ndanos de la marca Samor de Manta. La innovaci\u00f3n y encanto de los elaborados hacen que Manab\u00ed se destaque en la Feria de la Reina Mundial del Banano que [&hellip;]<\/p>\n","protected":false},"author":10,"featured_media":22270,"comment_status":"closed","ping_status":"closed","sticky":false,"template":"","format":"standard","meta":{"_joinchat":[],"footnotes":""},"categories":[142,92,140,91],"tags":[],"class_list":["post-22269","post","type-post","status-publish","format-standard","has-post-thumbnail","hentry","category-desarrollo-social","category-noticias-manabi","category-produccion","category-todas"],"yoast_head":"<!-- This site is optimized with the Yoast SEO plugin v27.4 - https:\/\/yoast.com\/product\/yoast-seo-wordpress\/ -->\n<title>PRODUCTOS MANABITAS CON BUENA ACOGIDA EN MACHALA - Prefectura de Manab\u00ed<\/title>\n<meta name=\"description\" content=\"El caf\u00e9 San Jos\u00e9 de Jipijapa ha logrado tener su espacio en el paladar de los Orenses, al igual que los chocolates de menta, caf\u00e9 y ar\u00e1ndanos de la marca Samor de Manta.La innovaci\u00f3n y encanto de los elaborados hacen que Manab\u00ed se destaque en la Feria de la Reina Mundial del Banano que se desarrolla en Machala del 22 al 25 de septiembre 2022.Julio Aveiga, de rompope Amorfino, valora cada invitaci\u00f3n que le hace la Prefectura de Manab\u00ed para participar en ferias o activaciones que le ayudan a promover su producto en otros mercados. &quot;Es una \u00e9poca de crisis y necesitamos el apoyo de las instituciones para impulsar nuestros emprendimientos&quot;, sostuvo.Ang\u00e9lica Moreira, de chocolate Samor, expres\u00f3 que le emociona el crecimiento de ventas que han tenido sus chocolates gracias a la promoci\u00f3n impulsada por el \u00e1rea de Comercializaci\u00f3n de Fomento Productivo del Gobierno de Manab\u00ed.&quot;Yo estoy emocionada porque he logrado que mi marca se conozca a nivel de muchas provincias gracias a la Prefectura y he conseguido puntos de venta muy estrat\u00e9gicos para las barras de chocolate&quot;, expreso.En Machala son 8 los productos que se promocionan a los orenses en el stand manabita, donde pueden degustar del man\u00ed quebrado, salprieta, aj\u00ed,caf\u00e9, rompope, chocolates, dulces y ver una variedad de artesan\u00edas labradas a mano a base de tagua, concha, ca\u00f1a guadua y otros materiales de la zona costera manabita.\" \/>\n<meta name=\"robots\" content=\"index, follow, max-snippet:-1, max-image-preview:large, max-video-preview:-1\" \/>\n<link rel=\"canonical\" href=\"https:\/\/www.manabi.gob.ec\/index.php\/productos-manabitas-con-buena-acogida-en-machala\/\" \/>\n<meta property=\"og:locale\" content=\"es_ES\" \/>\n<meta property=\"og:type\" content=\"article\" \/>\n<meta property=\"og:title\" content=\"PRODUCTOS MANABITAS CON BUENA ACOGIDA EN MACHALA - Prefectura de Manab\u00ed\" \/>\n<meta property=\"og:description\" content=\"El caf\u00e9 San Jos\u00e9 de Jipijapa ha logrado tener su espacio en el paladar de los Orenses, al igual que los chocolates de menta, caf\u00e9 y ar\u00e1ndanos de la marca Samor de Manta.La innovaci\u00f3n y encanto de los elaborados hacen que Manab\u00ed se destaque en la Feria de la Reina Mundial del Banano que se desarrolla en Machala del 22 al 25 de septiembre 2022.Julio Aveiga, de rompope Amorfino, valora cada invitaci\u00f3n que le hace la Prefectura de Manab\u00ed para participar en ferias o activaciones que le ayudan a promover su producto en otros mercados. &quot;Es una \u00e9poca de crisis y necesitamos el apoyo de las instituciones para impulsar nuestros emprendimientos&quot;, sostuvo.Ang\u00e9lica Moreira, de chocolate Samor, expres\u00f3 que le emociona el crecimiento de ventas que han tenido sus chocolates gracias a la promoci\u00f3n impulsada por el \u00e1rea de Comercializaci\u00f3n de Fomento Productivo del Gobierno de Manab\u00ed.&quot;Yo estoy emocionada porque he logrado que mi marca se conozca a nivel de muchas provincias gracias a la Prefectura y he conseguido puntos de venta muy estrat\u00e9gicos para las barras de chocolate&quot;, expreso.En Machala son 8 los productos que se promocionan a los orenses en el stand manabita, donde pueden degustar del man\u00ed quebrado, salprieta, aj\u00ed,caf\u00e9, rompope, chocolates, dulces y ver una variedad de artesan\u00edas labradas a mano a base de tagua, concha, ca\u00f1a guadua y otros materiales de la zona costera manabita.\" \/>\n<meta property=\"og:url\" content=\"https:\/\/www.manabi.gob.ec\/index.php\/productos-manabitas-con-buena-acogida-en-machala\/\" \/>\n<meta property=\"og:site_name\" content=\"Prefectura de Manab\u00ed\" \/>\n<meta property=\"article:published_time\" content=\"2022-09-27T17:04:43+00:00\" \/>\n<meta property=\"article:modified_time\" content=\"2022-09-27T17:04:48+00:00\" \/>\n<meta property=\"og:image\" content=\"https:\/\/www.manabi.gob.ec\/wp-content\/uploads\/2022\/09\/WhatsApp-Image-2022-09-24-at-8.29.32-AM.jpeg\" \/>\n\t<meta property=\"og:image:width\" content=\"1599\" \/>\n\t<meta property=\"og:image:height\" content=\"899\" \/>\n\t<meta property=\"og:image:type\" content=\"image\/jpeg\" \/>\n<meta name=\"author\" content=\"Lui Ochoa\" \/>\n<meta name=\"twitter:card\" content=\"summary_large_image\" \/>\n<meta name=\"twitter:label1\" content=\"Escrito por\" \/>\n\t<meta name=\"twitter:data1\" content=\"Lui Ochoa\" \/>\n\t<meta name=\"twitter:label2\" content=\"Tiempo de lectura\" \/>\n\t<meta name=\"twitter:data2\" content=\"2 minutos\" \/>\n<script type=\"application\/ld+json\" class=\"yoast-schema-graph\">{\"@context\":\"https:\\\/\\\/schema.org\",\"@graph\":[{\"@type\":\"Article\",\"@id\":\"https:\\\/\\\/www.manabi.gob.ec\\\/index.php\\\/productos-manabitas-con-buena-acogida-en-machala\\\/#article\",\"isPartOf\":{\"@id\":\"https:\\\/\\\/www.manabi.gob.ec\\\/index.php\\\/productos-manabitas-con-buena-acogida-en-machala\\\/\"},\"author\":{\"name\":\"Lui Ochoa\",\"@id\":\"https:\\\/\\\/www.manabi.gob.ec\\\/#\\\/schema\\\/person\\\/c4f117989332ad723a6ced5994aa7d7a\"},\"headline\":\"PRODUCTOS MANABITAS CON BUENA ACOGIDA EN MACHALA\",\"datePublished\":\"2022-09-27T17:04:43+00:00\",\"dateModified\":\"2022-09-27T17:04:48+00:00\",\"mainEntityOfPage\":{\"@id\":\"https:\\\/\\\/www.manabi.gob.ec\\\/index.php\\\/productos-manabitas-con-buena-acogida-en-machala\\\/\"},\"wordCount\":247,\"image\":{\"@id\":\"https:\\\/\\\/www.manabi.gob.ec\\\/index.php\\\/productos-manabitas-con-buena-acogida-en-machala\\\/#primaryimage\"},\"thumbnailUrl\":\"https:\\\/\\\/www.manabi.gob.ec\\\/wp-content\\\/uploads\\\/2022\\\/09\\\/WhatsApp-Image-2022-09-24-at-8.29.32-AM.jpeg\",\"articleSection\":[\"Desarrollo Social\",\"Noticias\",\"Producci\u00f3n\",\"Todas\"],\"inLanguage\":\"es\"},{\"@type\":\"WebPage\",\"@id\":\"https:\\\/\\\/www.manabi.gob.ec\\\/index.php\\\/productos-manabitas-con-buena-acogida-en-machala\\\/\",\"url\":\"https:\\\/\\\/www.manabi.gob.ec\\\/index.php\\\/productos-manabitas-con-buena-acogida-en-machala\\\/\",\"name\":\"PRODUCTOS MANABITAS CON BUENA ACOGIDA EN MACHALA - Prefectura de Manab\u00ed\",\"isPartOf\":{\"@id\":\"https:\\\/\\\/www.manabi.gob.ec\\\/#website\"},\"primaryImageOfPage\":{\"@id\":\"https:\\\/\\\/www.manabi.gob.ec\\\/index.php\\\/productos-manabitas-con-buena-acogida-en-machala\\\/#primaryimage\"},\"image\":{\"@id\":\"https:\\\/\\\/www.manabi.gob.ec\\\/index.php\\\/productos-manabitas-con-buena-acogida-en-machala\\\/#primaryimage\"},\"thumbnailUrl\":\"https:\\\/\\\/www.manabi.gob.ec\\\/wp-content\\\/uploads\\\/2022\\\/09\\\/WhatsApp-Image-2022-09-24-at-8.29.32-AM.jpeg\",\"datePublished\":\"2022-09-27T17:04:43+00:00\",\"dateModified\":\"2022-09-27T17:04:48+00:00\",\"author\":{\"@id\":\"https:\\\/\\\/www.manabi.gob.ec\\\/#\\\/schema\\\/person\\\/c4f117989332ad723a6ced5994aa7d7a\"},\"description\":\"El caf\u00e9 San Jos\u00e9 de Jipijapa ha logrado tener su espacio en el paladar de los Orenses, al igual que los chocolates de menta, caf\u00e9 y ar\u00e1ndanos de la marca Samor de Manta.La innovaci\u00f3n y encanto de los elaborados hacen que Manab\u00ed se destaque en la Feria de la Reina Mundial del Banano que se desarrolla en Machala del 22 al 25 de septiembre 2022.Julio Aveiga, de rompope Amorfino, valora cada invitaci\u00f3n que le hace la Prefectura de Manab\u00ed para participar en ferias o activaciones que le ayudan a promover su producto en otros mercados. \\\"Es una \u00e9poca de crisis y necesitamos el apoyo de las instituciones para impulsar nuestros emprendimientos\\\", sostuvo.Ang\u00e9lica Moreira, de chocolate Samor, expres\u00f3 que le emociona el crecimiento de ventas que han tenido sus chocolates gracias a la promoci\u00f3n impulsada por el \u00e1rea de Comercializaci\u00f3n de Fomento Productivo del Gobierno de Manab\u00ed.\\\"Yo estoy emocionada porque he logrado que mi marca se conozca a nivel de muchas provincias gracias a la Prefectura y he conseguido puntos de venta muy estrat\u00e9gicos para las barras de chocolate\\\", expreso.En Machala son 8 los productos que se promocionan a los orenses en el stand manabita, donde pueden degustar del man\u00ed quebrado, salprieta, aj\u00ed,caf\u00e9, rompope, chocolates, dulces y ver una variedad de artesan\u00edas labradas a mano a base de tagua, concha, ca\u00f1a guadua y otros materiales de la zona costera manabita.\",\"breadcrumb\":{\"@id\":\"https:\\\/\\\/www.manabi.gob.ec\\\/index.php\\\/productos-manabitas-con-buena-acogida-en-machala\\\/#breadcrumb\"},\"inLanguage\":\"es\",\"potentialAction\":[{\"@type\":\"ReadAction\",\"target\":[\"https:\\\/\\\/www.manabi.gob.ec\\\/index.php\\\/productos-manabitas-con-buena-acogida-en-machala\\\/\"]}]},{\"@type\":\"ImageObject\",\"inLanguage\":\"es\",\"@id\":\"https:\\\/\\\/www.manabi.gob.ec\\\/index.php\\\/productos-manabitas-con-buena-acogida-en-machala\\\/#primaryimage\",\"url\":\"https:\\\/\\\/www.manabi.gob.ec\\\/wp-content\\\/uploads\\\/2022\\\/09\\\/WhatsApp-Image-2022-09-24-at-8.29.32-AM.jpeg\",\"contentUrl\":\"https:\\\/\\\/www.manabi.gob.ec\\\/wp-content\\\/uploads\\\/2022\\\/09\\\/WhatsApp-Image-2022-09-24-at-8.29.32-AM.jpeg\",\"width\":1599,\"height\":899},{\"@type\":\"BreadcrumbList\",\"@id\":\"https:\\\/\\\/www.manabi.gob.ec\\\/index.php\\\/productos-manabitas-con-buena-acogida-en-machala\\\/#breadcrumb\",\"itemListElement\":[{\"@type\":\"ListItem\",\"position\":1,\"name\":\"Portada\",\"item\":\"https:\\\/\\\/www.manabi.gob.ec\\\/\"},{\"@type\":\"ListItem\",\"position\":2,\"name\":\"PRODUCTOS MANABITAS CON BUENA ACOGIDA EN MACHALA\"}]},{\"@type\":\"WebSite\",\"@id\":\"https:\\\/\\\/www.manabi.gob.ec\\\/#website\",\"url\":\"https:\\\/\\\/www.manabi.gob.ec\\\/\",\"name\":\"Prefectura de Manab\u00ed\",\"description\":\"P\u00e1gina web de la prefectura\",\"potentialAction\":[{\"@type\":\"SearchAction\",\"target\":{\"@type\":\"EntryPoint\",\"urlTemplate\":\"https:\\\/\\\/www.manabi.gob.ec\\\/?s={search_term_string}\"},\"query-input\":{\"@type\":\"PropertyValueSpecification\",\"valueRequired\":true,\"valueName\":\"search_term_string\"}}],\"inLanguage\":\"es\"},{\"@type\":\"Person\",\"@id\":\"https:\\\/\\\/www.manabi.gob.ec\\\/#\\\/schema\\\/person\\\/c4f117989332ad723a6ced5994aa7d7a\",\"name\":\"Lui Ochoa\",\"image\":{\"@type\":\"ImageObject\",\"inLanguage\":\"es\",\"@id\":\"https:\\\/\\\/secure.gravatar.com\\\/avatar\\\/6e8017d0fe69dead8a95864d2eb6e1e1d8bf8e01194ba49cf7b897ff038126ba?s=96&d=mm&r=g\",\"url\":\"https:\\\/\\\/secure.gravatar.com\\\/avatar\\\/6e8017d0fe69dead8a95864d2eb6e1e1d8bf8e01194ba49cf7b897ff038126ba?s=96&d=mm&r=g\",\"contentUrl\":\"https:\\\/\\\/secure.gravatar.com\\\/avatar\\\/6e8017d0fe69dead8a95864d2eb6e1e1d8bf8e01194ba49cf7b897ff038126ba?s=96&d=mm&r=g\",\"caption\":\"Lui Ochoa\"},\"url\":\"https:\\\/\\\/www.manabi.gob.ec\\\/index.php\\\/author\\\/lochoa\\\/\"}]}<\/script>\n<!-- \/ Yoast SEO plugin. -->","yoast_head_json":{"title":"PRODUCTOS MANABITAS CON BUENA ACOGIDA EN MACHALA - Prefectura de Manab\u00ed","description":"El caf\u00e9 San Jos\u00e9 de Jipijapa ha logrado tener su espacio en el paladar de los Orenses, al igual que los chocolates de menta, caf\u00e9 y ar\u00e1ndanos de la marca Samor de Manta.La innovaci\u00f3n y encanto de los elaborados hacen que Manab\u00ed se destaque en la Feria de la Reina Mundial del Banano que se desarrolla en Machala del 22 al 25 de septiembre 2022.Julio Aveiga, de rompope Amorfino, valora cada invitaci\u00f3n que le hace la Prefectura de Manab\u00ed para participar en ferias o activaciones que le ayudan a promover su producto en otros mercados. \"Es una \u00e9poca de crisis y necesitamos el apoyo de las instituciones para impulsar nuestros emprendimientos\", sostuvo.Ang\u00e9lica Moreira, de chocolate Samor, expres\u00f3 que le emociona el crecimiento de ventas que han tenido sus chocolates gracias a la promoci\u00f3n impulsada por el \u00e1rea de Comercializaci\u00f3n de Fomento Productivo del Gobierno de Manab\u00ed.\"Yo estoy emocionada porque he logrado que mi marca se conozca a nivel de muchas provincias gracias a la Prefectura y he conseguido puntos de venta muy estrat\u00e9gicos para las barras de chocolate\", expreso.En Machala son 8 los productos que se promocionan a los orenses en el stand manabita, donde pueden degustar del man\u00ed quebrado, salprieta, aj\u00ed,caf\u00e9, rompope, chocolates, dulces y ver una variedad de artesan\u00edas labradas a mano a base de tagua, concha, ca\u00f1a guadua y otros materiales de la zona costera manabita.","robots":{"index":"index","follow":"follow","max-snippet":"max-snippet:-1","max-image-preview":"max-image-preview:large","max-video-preview":"max-video-preview:-1"},"canonical":"https:\/\/www.manabi.gob.ec\/index.php\/productos-manabitas-con-buena-acogida-en-machala\/","og_locale":"es_ES","og_type":"article","og_title":"PRODUCTOS MANABITAS CON BUENA ACOGIDA EN MACHALA - Prefectura de Manab\u00ed","og_description":"El caf\u00e9 San Jos\u00e9 de Jipijapa ha logrado tener su espacio en el paladar de los Orenses, al igual que los chocolates de menta, caf\u00e9 y ar\u00e1ndanos de la marca Samor de Manta.La innovaci\u00f3n y encanto de los elaborados hacen que Manab\u00ed se destaque en la Feria de la Reina Mundial del Banano que se desarrolla en Machala del 22 al 25 de septiembre 2022.Julio Aveiga, de rompope Amorfino, valora cada invitaci\u00f3n que le hace la Prefectura de Manab\u00ed para participar en ferias o activaciones que le ayudan a promover su producto en otros mercados. \"Es una \u00e9poca de crisis y necesitamos el apoyo de las instituciones para impulsar nuestros emprendimientos\", sostuvo.Ang\u00e9lica Moreira, de chocolate Samor, expres\u00f3 que le emociona el crecimiento de ventas que han tenido sus chocolates gracias a la promoci\u00f3n impulsada por el \u00e1rea de Comercializaci\u00f3n de Fomento Productivo del Gobierno de Manab\u00ed.\"Yo estoy emocionada porque he logrado que mi marca se conozca a nivel de muchas provincias gracias a la Prefectura y he conseguido puntos de venta muy estrat\u00e9gicos para las barras de chocolate\", expreso.En Machala son 8 los productos que se promocionan a los orenses en el stand manabita, donde pueden degustar del man\u00ed quebrado, salprieta, aj\u00ed,caf\u00e9, rompope, chocolates, dulces y ver una variedad de artesan\u00edas labradas a mano a base de tagua, concha, ca\u00f1a guadua y otros materiales de la zona costera manabita.","og_url":"https:\/\/www.manabi.gob.ec\/index.php\/productos-manabitas-con-buena-acogida-en-machala\/","og_site_name":"Prefectura de Manab\u00ed","article_published_time":"2022-09-27T17:04:43+00:00","article_modified_time":"2022-09-27T17:04:48+00:00","og_image":[{"width":1599,"height":899,"url":"https:\/\/www.manabi.gob.ec\/wp-content\/uploads\/2022\/09\/WhatsApp-Image-2022-09-24-at-8.29.32-AM.jpeg","type":"image\/jpeg"}],"author":"Lui Ochoa","twitter_card":"summary_large_image","twitter_misc":{"Escrito por":"Lui Ochoa","Tiempo de lectura":"2 minutos"},"schema":{"@context":"https:\/\/schema.org","@graph":[{"@type":"Article","@id":"https:\/\/www.manabi.gob.ec\/index.php\/productos-manabitas-con-buena-acogida-en-machala\/#article","isPartOf":{"@id":"https:\/\/www.manabi.gob.ec\/index.php\/productos-manabitas-con-buena-acogida-en-machala\/"},"author":{"name":"Lui Ochoa","@id":"https:\/\/www.manabi.gob.ec\/#\/schema\/person\/c4f117989332ad723a6ced5994aa7d7a"},"headline":"PRODUCTOS MANABITAS CON BUENA ACOGIDA EN MACHALA","datePublished":"2022-09-27T17:04:43+00:00","dateModified":"2022-09-27T17:04:48+00:00","mainEntityOfPage":{"@id":"https:\/\/www.manabi.gob.ec\/index.php\/productos-manabitas-con-buena-acogida-en-machala\/"},"wordCount":247,"image":{"@id":"https:\/\/www.manabi.gob.ec\/index.php\/productos-manabitas-con-buena-acogida-en-machala\/#primaryimage"},"thumbnailUrl":"https:\/\/www.manabi.gob.ec\/wp-content\/uploads\/2022\/09\/WhatsApp-Image-2022-09-24-at-8.29.32-AM.jpeg","articleSection":["Desarrollo Social","Noticias","Producci\u00f3n","Todas"],"inLanguage":"es"},{"@type":"WebPage","@id":"https:\/\/www.manabi.gob.ec\/index.php\/productos-manabitas-con-buena-acogida-en-machala\/","url":"https:\/\/www.manabi.gob.ec\/index.php\/productos-manabitas-con-buena-acogida-en-machala\/","name":"PRODUCTOS MANABITAS CON BUENA ACOGIDA EN MACHALA - Prefectura de Manab\u00ed","isPartOf":{"@id":"https:\/\/www.manabi.gob.ec\/#website"},"primaryImageOfPage":{"@id":"https:\/\/www.manabi.gob.ec\/index.php\/productos-manabitas-con-buena-acogida-en-machala\/#primaryimage"},"image":{"@id":"https:\/\/www.manabi.gob.ec\/index.php\/productos-manabitas-con-buena-acogida-en-machala\/#primaryimage"},"thumbnailUrl":"https:\/\/www.manabi.gob.ec\/wp-content\/uploads\/2022\/09\/WhatsApp-Image-2022-09-24-at-8.29.32-AM.jpeg","datePublished":"2022-09-27T17:04:43+00:00","dateModified":"2022-09-27T17:04:48+00:00","author":{"@id":"https:\/\/www.manabi.gob.ec\/#\/schema\/person\/c4f117989332ad723a6ced5994aa7d7a"},"description":"El caf\u00e9 San Jos\u00e9 de Jipijapa ha logrado tener su espacio en el paladar de los Orenses, al igual que los chocolates de menta, caf\u00e9 y ar\u00e1ndanos de la marca Samor de Manta.La innovaci\u00f3n y encanto de los elaborados hacen que Manab\u00ed se destaque en la Feria de la Reina Mundial del Banano que se desarrolla en Machala del 22 al 25 de septiembre 2022.Julio Aveiga, de rompope Amorfino, valora cada invitaci\u00f3n que le hace la Prefectura de Manab\u00ed para participar en ferias o activaciones que le ayudan a promover su producto en otros mercados. \"Es una \u00e9poca de crisis y necesitamos el apoyo de las instituciones para impulsar nuestros emprendimientos\", sostuvo.Ang\u00e9lica Moreira, de chocolate Samor, expres\u00f3 que le emociona el crecimiento de ventas que han tenido sus chocolates gracias a la promoci\u00f3n impulsada por el \u00e1rea de Comercializaci\u00f3n de Fomento Productivo del Gobierno de Manab\u00ed.\"Yo estoy emocionada porque he logrado que mi marca se conozca a nivel de muchas provincias gracias a la Prefectura y he conseguido puntos de venta muy estrat\u00e9gicos para las barras de chocolate\", expreso.En Machala son 8 los productos que se promocionan a los orenses en el stand manabita, donde pueden degustar del man\u00ed quebrado, salprieta, aj\u00ed,caf\u00e9, rompope, chocolates, dulces y ver una variedad de artesan\u00edas labradas a mano a base de tagua, concha, ca\u00f1a guadua y otros materiales de la zona costera manabita.","breadcrumb":{"@id":"https:\/\/www.manabi.gob.ec\/index.php\/productos-manabitas-con-buena-acogida-en-machala\/#breadcrumb"},"inLanguage":"es","potentialAction":[{"@type":"ReadAction","target":["https:\/\/www.manabi.gob.ec\/index.php\/productos-manabitas-con-buena-acogida-en-machala\/"]}]},{"@type":"ImageObject","inLanguage":"es","@id":"https:\/\/www.manabi.gob.ec\/index.php\/productos-manabitas-con-buena-acogida-en-machala\/#primaryimage","url":"https:\/\/www.manabi.gob.ec\/wp-content\/uploads\/2022\/09\/WhatsApp-Image-2022-09-24-at-8.29.32-AM.jpeg","contentUrl":"https:\/\/www.manabi.gob.ec\/wp-content\/uploads\/2022\/09\/WhatsApp-Image-2022-09-24-at-8.29.32-AM.jpeg","width":1599,"height":899},{"@type":"BreadcrumbList","@id":"https:\/\/www.manabi.gob.ec\/index.php\/productos-manabitas-con-buena-acogida-en-machala\/#breadcrumb","itemListElement":[{"@type":"ListItem","position":1,"name":"Portada","item":"https:\/\/www.manabi.gob.ec\/"},{"@type":"ListItem","position":2,"name":"PRODUCTOS MANABITAS CON BUENA ACOGIDA EN MACHALA"}]},{"@type":"WebSite","@id":"https:\/\/www.manabi.gob.ec\/#website","url":"https:\/\/www.manabi.gob.ec\/","name":"Prefectura de Manab\u00ed","description":"P\u00e1gina web de la prefectura","potentialAction":[{"@type":"SearchAction","target":{"@type":"EntryPoint","urlTemplate":"https:\/\/www.manabi.gob.ec\/?s={search_term_string}"},"query-input":{"@type":"PropertyValueSpecification","valueRequired":true,"valueName":"search_term_string"}}],"inLanguage":"es"},{"@type":"Person","@id":"https:\/\/www.manabi.gob.ec\/#\/schema\/person\/c4f117989332ad723a6ced5994aa7d7a","name":"Lui Ochoa","image":{"@type":"ImageObject","inLanguage":"es","@id":"https:\/\/secure.gravatar.com\/avatar\/6e8017d0fe69dead8a95864d2eb6e1e1d8bf8e01194ba49cf7b897ff038126ba?s=96&d=mm&r=g","url":"https:\/\/secure.gravatar.com\/avatar\/6e8017d0fe69dead8a95864d2eb6e1e1d8bf8e01194ba49cf7b897ff038126ba?s=96&d=mm&r=g","contentUrl":"https:\/\/secure.gravatar.com\/avatar\/6e8017d0fe69dead8a95864d2eb6e1e1d8bf8e01194ba49cf7b897ff038126ba?s=96&d=mm&r=g","caption":"Lui Ochoa"},"url":"https:\/\/www.manabi.gob.ec\/index.php\/author\/lochoa\/"}]}},"jetpack_featured_media_url":"https:\/\/www.manabi.gob.ec\/wp-content\/uploads\/2022\/09\/WhatsApp-Image-2022-09-24-at-8.29.32-AM.jpeg","_links":{"self":[{"href":"https:\/\/www.manabi.gob.ec\/index.php\/wp-json\/wp\/v2\/posts\/22269","targetHints":{"allow":["GET"]}}],"collection":[{"href":"https:\/\/www.manabi.gob.ec\/index.php\/wp-json\/wp\/v2\/posts"}],"about":[{"href":"https:\/\/www.manabi.gob.ec\/index.php\/wp-json\/wp\/v2\/types\/post"}],"author":[{"embeddable":true,"href":"https:\/\/www.manabi.gob.ec\/index.php\/wp-json\/wp\/v2\/users\/10"}],"replies":[{"embeddable":true,"href":"https:\/\/www.manabi.gob.ec\/index.php\/wp-json\/wp\/v2\/comments?post=22269"}],"version-history":[{"count":0,"href":"https:\/\/www.manabi.gob.ec\/index.php\/wp-json\/wp\/v2\/posts\/22269\/revisions"}],"wp:featuredmedia":[{"embeddable":true,"href":"https:\/\/www.manabi.gob.ec\/index.php\/wp-json\/wp\/v2\/media\/22270"}],"wp:attachment":[{"href":"https:\/\/www.manabi.gob.ec\/index.php\/wp-json\/wp\/v2\/media?parent=22269"}],"wp:term":[{"taxonomy":"category","embeddable":true,"href":"https:\/\/www.manabi.gob.ec\/index.php\/wp-json\/wp\/v2\/categories?post=22269"},{"taxonomy":"post_tag","embeddable":true,"href":"https:\/\/www.manabi.gob.ec\/index.php\/wp-json\/wp\/v2\/tags?post=22269"}],"curies":[{"name":"wp","href":"https:\/\/api.w.org\/{rel}","templated":true}]}}