{"id":22275,"date":"2022-09-27T17:10:48","date_gmt":"2022-09-27T17:10:48","guid":{"rendered":"https:\/\/www.manabi.gob.ec\/?p=22275"},"modified":"2022-09-27T17:10:52","modified_gmt":"2022-09-27T17:10:52","slug":"dotamos-a-la-zona-alta-del-canton-rocafuerte-de-mejor-infraestructura-vial","status":"publish","type":"post","link":"https:\/\/www.manabi.gob.ec\/index.php\/dotamos-a-la-zona-alta-del-canton-rocafuerte-de-mejor-infraestructura-vial\/","title":{"rendered":"Dotamos a la zona alta del cant\u00f3n Rocafuerte de mejor infraestructura vial"},"content":{"rendered":"\n<p>El Cerdo, Muyuyo, Tres Charcos, El Guan\u00e1bano, La Primavera, El Cairo, Charco Hondo, El \u00c9bano, son algunas de las comunidades rurales de la zona alta del cant\u00f3n Rocafuerte que se benefician de los trabajos de reconstrucci\u00f3n, a nivel de mejoramiento, que ejecut\u00f3 la Prefectura de Manab\u00ed en la v\u00eda Cerro El Junco-Horno de Pan-Tierra Dura-Desv\u00edo El Charco, de 12.5 kil\u00f3metros de longitud.<\/p>\n\n\n\n<p>\u201cUna obra que es de mucha importancia para nosotros los agricultores, porque del campo es que se lleva la alimentaci\u00f3n y con esta v\u00eda hemos podido sacar la producci\u00f3n\u201d, manifest\u00f3 F\u00e1tima Vergara, dirigente de la comunidad El Guan\u00e1bano, durante el acto de socializaci\u00f3n de los trabajos en la comunidad de Tierra Dura, con la presencia del prefecto, Leonardo Orlando.<\/p>\n\n\n\n<p>La autoridad provincial tambi\u00e9n escuch\u00f3 las necesidades expuestas por los representantes de las comunidades rurales y anunci\u00f3 las nuevas obras y proyectos que tiene planificado ejecutar la Prefectura en Tosagua, Jun\u00edn y Rocafuerte, tres cantones que se integran a trav\u00e9s de esta v\u00eda en la cual la entidad invirti\u00f3 cerca de $300.000.<\/p>\n\n\n\n<p>\u201cSiempre ser\u00e1 grato visitarles. Somos una Prefectura de territorio, de puertas y cuentas abiertas, para planificar con ustedes y comprometer equitativamente los recursos. El compromiso es seguir avanzando\u201d, expres\u00f3 el Prefecto. Adem\u00e1s, destac\u00f3 que se han rehabilitado 130 kil\u00f3metros de v\u00edas \u201chombro a hombro\u201d con el GAD Municipal de Rocafuerte.<\/p>\n\n\n\n<p>\u201cNo hay rinc\u00f3n, de norte a sur, de este a oeste de Rocafuerte, donde no estemos interviniendo o donde no tengamos planificado una intervenci\u00f3n. Falta mucho por hacer, claro que s\u00ed, pero, nunca se hab\u00eda hecho tanto en unidad, por la vialidad, por el riego, en el cant\u00f3n Rocafuerte\u201d, se\u00f1al\u00f3 Leonardo Orlando.<\/p>\n","protected":false},"excerpt":{"rendered":"<p>El Cerdo, Muyuyo, Tres Charcos, El Guan\u00e1bano, La Primavera, El Cairo, Charco Hondo, El \u00c9bano, son algunas de las comunidades rurales de la zona alta del cant\u00f3n Rocafuerte que se benefician de los trabajos de reconstrucci\u00f3n, a nivel de mejoramiento, que ejecut\u00f3 la Prefectura de Manab\u00ed en la v\u00eda Cerro El Junco-Horno de Pan-Tierra Dura-Desv\u00edo [&hellip;]<\/p>\n","protected":false},"author":10,"featured_media":22276,"comment_status":"closed","ping_status":"closed","sticky":false,"template":"","format":"standard","meta":{"_joinchat":[],"footnotes":""},"categories":[142,92,181,89,135,91],"tags":[],"class_list":["post-22275","post","type-post","status-publish","format-standard","has-post-thumbnail","hentry","category-desarrollo-social","category-noticias-manabi","category-obra-publica","category-riego-drenaje","category-rocafuerte","category-todas"],"yoast_head":"<!-- This site is optimized with the Yoast SEO plugin v27.4 - https:\/\/yoast.com\/product\/yoast-seo-wordpress\/ -->\n<title>Dotamos a la zona alta del cant\u00f3n Rocafuerte de mejor infraestructura vial - Prefectura de Manab\u00ed<\/title>\n<meta name=\"robots\" content=\"index, follow, max-snippet:-1, max-image-preview:large, max-video-preview:-1\" \/>\n<link rel=\"canonical\" href=\"https:\/\/www.manabi.gob.ec\/index.php\/dotamos-a-la-zona-alta-del-canton-rocafuerte-de-mejor-infraestructura-vial\/\" \/>\n<meta property=\"og:locale\" content=\"es_ES\" \/>\n<meta property=\"og:type\" content=\"article\" \/>\n<meta property=\"og:title\" content=\"Dotamos a la zona alta del cant\u00f3n Rocafuerte de mejor infraestructura vial - Prefectura de Manab\u00ed\" \/>\n<meta property=\"og:description\" content=\"El Cerdo, Muyuyo, Tres Charcos, El Guan\u00e1bano, La Primavera, El Cairo, Charco Hondo, El \u00c9bano, son algunas de las comunidades rurales de la zona alta del cant\u00f3n Rocafuerte que se benefician de los trabajos de reconstrucci\u00f3n, a nivel de mejoramiento, que ejecut\u00f3 la Prefectura de Manab\u00ed en la v\u00eda Cerro El Junco-Horno de Pan-Tierra Dura-Desv\u00edo [&hellip;]\" \/>\n<meta property=\"og:url\" content=\"https:\/\/www.manabi.gob.ec\/index.php\/dotamos-a-la-zona-alta-del-canton-rocafuerte-de-mejor-infraestructura-vial\/\" \/>\n<meta property=\"og:site_name\" content=\"Prefectura de Manab\u00ed\" \/>\n<meta property=\"article:published_time\" content=\"2022-09-27T17:10:48+00:00\" \/>\n<meta property=\"article:modified_time\" content=\"2022-09-27T17:10:52+00:00\" \/>\n<meta property=\"og:image\" content=\"https:\/\/www.manabi.gob.ec\/wp-content\/uploads\/2022\/09\/WhatsApp-Image-2022-09-24-at-7.44.04-PM.jpeg\" \/>\n\t<meta property=\"og:image:width\" content=\"1280\" \/>\n\t<meta property=\"og:image:height\" content=\"855\" \/>\n\t<meta property=\"og:image:type\" content=\"image\/jpeg\" \/>\n<meta name=\"author\" content=\"Lui Ochoa\" \/>\n<meta name=\"twitter:card\" content=\"summary_large_image\" \/>\n<meta name=\"twitter:label1\" content=\"Escrito por\" \/>\n\t<meta name=\"twitter:data1\" content=\"Lui Ochoa\" \/>\n\t<meta name=\"twitter:label2\" content=\"Tiempo de lectura\" \/>\n\t<meta name=\"twitter:data2\" content=\"2 minutos\" \/>\n<script type=\"application\/ld+json\" class=\"yoast-schema-graph\">{\"@context\":\"https:\\\/\\\/schema.org\",\"@graph\":[{\"@type\":\"Article\",\"@id\":\"https:\\\/\\\/www.manabi.gob.ec\\\/index.php\\\/dotamos-a-la-zona-alta-del-canton-rocafuerte-de-mejor-infraestructura-vial\\\/#article\",\"isPartOf\":{\"@id\":\"https:\\\/\\\/www.manabi.gob.ec\\\/index.php\\\/dotamos-a-la-zona-alta-del-canton-rocafuerte-de-mejor-infraestructura-vial\\\/\"},\"author\":{\"name\":\"Lui Ochoa\",\"@id\":\"https:\\\/\\\/www.manabi.gob.ec\\\/#\\\/schema\\\/person\\\/c4f117989332ad723a6ced5994aa7d7a\"},\"headline\":\"Dotamos a la zona alta del cant\u00f3n Rocafuerte de mejor infraestructura vial\",\"datePublished\":\"2022-09-27T17:10:48+00:00\",\"dateModified\":\"2022-09-27T17:10:52+00:00\",\"mainEntityOfPage\":{\"@id\":\"https:\\\/\\\/www.manabi.gob.ec\\\/index.php\\\/dotamos-a-la-zona-alta-del-canton-rocafuerte-de-mejor-infraestructura-vial\\\/\"},\"wordCount\":309,\"image\":{\"@id\":\"https:\\\/\\\/www.manabi.gob.ec\\\/index.php\\\/dotamos-a-la-zona-alta-del-canton-rocafuerte-de-mejor-infraestructura-vial\\\/#primaryimage\"},\"thumbnailUrl\":\"https:\\\/\\\/www.manabi.gob.ec\\\/wp-content\\\/uploads\\\/2022\\\/09\\\/WhatsApp-Image-2022-09-24-at-7.44.04-PM.jpeg\",\"articleSection\":[\"Desarrollo Social\",\"Noticias\",\"Obra P\u00fablica\",\"Riego y drenaje\",\"Rocafuerte\",\"Todas\"],\"inLanguage\":\"es\"},{\"@type\":\"WebPage\",\"@id\":\"https:\\\/\\\/www.manabi.gob.ec\\\/index.php\\\/dotamos-a-la-zona-alta-del-canton-rocafuerte-de-mejor-infraestructura-vial\\\/\",\"url\":\"https:\\\/\\\/www.manabi.gob.ec\\\/index.php\\\/dotamos-a-la-zona-alta-del-canton-rocafuerte-de-mejor-infraestructura-vial\\\/\",\"name\":\"Dotamos a la zona alta del cant\u00f3n Rocafuerte de mejor infraestructura vial - Prefectura de Manab\u00ed\",\"isPartOf\":{\"@id\":\"https:\\\/\\\/www.manabi.gob.ec\\\/#website\"},\"primaryImageOfPage\":{\"@id\":\"https:\\\/\\\/www.manabi.gob.ec\\\/index.php\\\/dotamos-a-la-zona-alta-del-canton-rocafuerte-de-mejor-infraestructura-vial\\\/#primaryimage\"},\"image\":{\"@id\":\"https:\\\/\\\/www.manabi.gob.ec\\\/index.php\\\/dotamos-a-la-zona-alta-del-canton-rocafuerte-de-mejor-infraestructura-vial\\\/#primaryimage\"},\"thumbnailUrl\":\"https:\\\/\\\/www.manabi.gob.ec\\\/wp-content\\\/uploads\\\/2022\\\/09\\\/WhatsApp-Image-2022-09-24-at-7.44.04-PM.jpeg\",\"datePublished\":\"2022-09-27T17:10:48+00:00\",\"dateModified\":\"2022-09-27T17:10:52+00:00\",\"author\":{\"@id\":\"https:\\\/\\\/www.manabi.gob.ec\\\/#\\\/schema\\\/person\\\/c4f117989332ad723a6ced5994aa7d7a\"},\"breadcrumb\":{\"@id\":\"https:\\\/\\\/www.manabi.gob.ec\\\/index.php\\\/dotamos-a-la-zona-alta-del-canton-rocafuerte-de-mejor-infraestructura-vial\\\/#breadcrumb\"},\"inLanguage\":\"es\",\"potentialAction\":[{\"@type\":\"ReadAction\",\"target\":[\"https:\\\/\\\/www.manabi.gob.ec\\\/index.php\\\/dotamos-a-la-zona-alta-del-canton-rocafuerte-de-mejor-infraestructura-vial\\\/\"]}]},{\"@type\":\"ImageObject\",\"inLanguage\":\"es\",\"@id\":\"https:\\\/\\\/www.manabi.gob.ec\\\/index.php\\\/dotamos-a-la-zona-alta-del-canton-rocafuerte-de-mejor-infraestructura-vial\\\/#primaryimage\",\"url\":\"https:\\\/\\\/www.manabi.gob.ec\\\/wp-content\\\/uploads\\\/2022\\\/09\\\/WhatsApp-Image-2022-09-24-at-7.44.04-PM.jpeg\",\"contentUrl\":\"https:\\\/\\\/www.manabi.gob.ec\\\/wp-content\\\/uploads\\\/2022\\\/09\\\/WhatsApp-Image-2022-09-24-at-7.44.04-PM.jpeg\",\"width\":1280,\"height\":855},{\"@type\":\"BreadcrumbList\",\"@id\":\"https:\\\/\\\/www.manabi.gob.ec\\\/index.php\\\/dotamos-a-la-zona-alta-del-canton-rocafuerte-de-mejor-infraestructura-vial\\\/#breadcrumb\",\"itemListElement\":[{\"@type\":\"ListItem\",\"position\":1,\"name\":\"Portada\",\"item\":\"https:\\\/\\\/www.manabi.gob.ec\\\/\"},{\"@type\":\"ListItem\",\"position\":2,\"name\":\"Dotamos a la zona alta del cant\u00f3n Rocafuerte de mejor infraestructura vial\"}]},{\"@type\":\"WebSite\",\"@id\":\"https:\\\/\\\/www.manabi.gob.ec\\\/#website\",\"url\":\"https:\\\/\\\/www.manabi.gob.ec\\\/\",\"name\":\"Prefectura de Manab\u00ed\",\"description\":\"P\u00e1gina web de la prefectura\",\"potentialAction\":[{\"@type\":\"SearchAction\",\"target\":{\"@type\":\"EntryPoint\",\"urlTemplate\":\"https:\\\/\\\/www.manabi.gob.ec\\\/?s={search_term_string}\"},\"query-input\":{\"@type\":\"PropertyValueSpecification\",\"valueRequired\":true,\"valueName\":\"search_term_string\"}}],\"inLanguage\":\"es\"},{\"@type\":\"Person\",\"@id\":\"https:\\\/\\\/www.manabi.gob.ec\\\/#\\\/schema\\\/person\\\/c4f117989332ad723a6ced5994aa7d7a\",\"name\":\"Lui Ochoa\",\"image\":{\"@type\":\"ImageObject\",\"inLanguage\":\"es\",\"@id\":\"https:\\\/\\\/secure.gravatar.com\\\/avatar\\\/6e8017d0fe69dead8a95864d2eb6e1e1d8bf8e01194ba49cf7b897ff038126ba?s=96&d=mm&r=g\",\"url\":\"https:\\\/\\\/secure.gravatar.com\\\/avatar\\\/6e8017d0fe69dead8a95864d2eb6e1e1d8bf8e01194ba49cf7b897ff038126ba?s=96&d=mm&r=g\",\"contentUrl\":\"https:\\\/\\\/secure.gravatar.com\\\/avatar\\\/6e8017d0fe69dead8a95864d2eb6e1e1d8bf8e01194ba49cf7b897ff038126ba?s=96&d=mm&r=g\",\"caption\":\"Lui Ochoa\"},\"url\":\"https:\\\/\\\/www.manabi.gob.ec\\\/index.php\\\/author\\\/lochoa\\\/\"}]}<\/script>\n<!-- \/ Yoast SEO plugin. -->","yoast_head_json":{"title":"Dotamos a la zona alta del cant\u00f3n Rocafuerte de mejor infraestructura vial - Prefectura de Manab\u00ed","robots":{"index":"index","follow":"follow","max-snippet":"max-snippet:-1","max-image-preview":"max-image-preview:large","max-video-preview":"max-video-preview:-1"},"canonical":"https:\/\/www.manabi.gob.ec\/index.php\/dotamos-a-la-zona-alta-del-canton-rocafuerte-de-mejor-infraestructura-vial\/","og_locale":"es_ES","og_type":"article","og_title":"Dotamos a la zona alta del cant\u00f3n Rocafuerte de mejor infraestructura vial - Prefectura de Manab\u00ed","og_description":"El Cerdo, Muyuyo, Tres Charcos, El Guan\u00e1bano, La Primavera, El Cairo, Charco Hondo, El \u00c9bano, son algunas de las comunidades rurales de la zona alta del cant\u00f3n Rocafuerte que se benefician de los trabajos de reconstrucci\u00f3n, a nivel de mejoramiento, que ejecut\u00f3 la Prefectura de Manab\u00ed en la v\u00eda Cerro El Junco-Horno de Pan-Tierra Dura-Desv\u00edo [&hellip;]","og_url":"https:\/\/www.manabi.gob.ec\/index.php\/dotamos-a-la-zona-alta-del-canton-rocafuerte-de-mejor-infraestructura-vial\/","og_site_name":"Prefectura de Manab\u00ed","article_published_time":"2022-09-27T17:10:48+00:00","article_modified_time":"2022-09-27T17:10:52+00:00","og_image":[{"width":1280,"height":855,"url":"https:\/\/www.manabi.gob.ec\/wp-content\/uploads\/2022\/09\/WhatsApp-Image-2022-09-24-at-7.44.04-PM.jpeg","type":"image\/jpeg"}],"author":"Lui Ochoa","twitter_card":"summary_large_image","twitter_misc":{"Escrito por":"Lui Ochoa","Tiempo de lectura":"2 minutos"},"schema":{"@context":"https:\/\/schema.org","@graph":[{"@type":"Article","@id":"https:\/\/www.manabi.gob.ec\/index.php\/dotamos-a-la-zona-alta-del-canton-rocafuerte-de-mejor-infraestructura-vial\/#article","isPartOf":{"@id":"https:\/\/www.manabi.gob.ec\/index.php\/dotamos-a-la-zona-alta-del-canton-rocafuerte-de-mejor-infraestructura-vial\/"},"author":{"name":"Lui Ochoa","@id":"https:\/\/www.manabi.gob.ec\/#\/schema\/person\/c4f117989332ad723a6ced5994aa7d7a"},"headline":"Dotamos a la zona alta del cant\u00f3n Rocafuerte de mejor infraestructura vial","datePublished":"2022-09-27T17:10:48+00:00","dateModified":"2022-09-27T17:10:52+00:00","mainEntityOfPage":{"@id":"https:\/\/www.manabi.gob.ec\/index.php\/dotamos-a-la-zona-alta-del-canton-rocafuerte-de-mejor-infraestructura-vial\/"},"wordCount":309,"image":{"@id":"https:\/\/www.manabi.gob.ec\/index.php\/dotamos-a-la-zona-alta-del-canton-rocafuerte-de-mejor-infraestructura-vial\/#primaryimage"},"thumbnailUrl":"https:\/\/www.manabi.gob.ec\/wp-content\/uploads\/2022\/09\/WhatsApp-Image-2022-09-24-at-7.44.04-PM.jpeg","articleSection":["Desarrollo Social","Noticias","Obra P\u00fablica","Riego y drenaje","Rocafuerte","Todas"],"inLanguage":"es"},{"@type":"WebPage","@id":"https:\/\/www.manabi.gob.ec\/index.php\/dotamos-a-la-zona-alta-del-canton-rocafuerte-de-mejor-infraestructura-vial\/","url":"https:\/\/www.manabi.gob.ec\/index.php\/dotamos-a-la-zona-alta-del-canton-rocafuerte-de-mejor-infraestructura-vial\/","name":"Dotamos a la zona alta del cant\u00f3n Rocafuerte de mejor infraestructura vial - Prefectura de Manab\u00ed","isPartOf":{"@id":"https:\/\/www.manabi.gob.ec\/#website"},"primaryImageOfPage":{"@id":"https:\/\/www.manabi.gob.ec\/index.php\/dotamos-a-la-zona-alta-del-canton-rocafuerte-de-mejor-infraestructura-vial\/#primaryimage"},"image":{"@id":"https:\/\/www.manabi.gob.ec\/index.php\/dotamos-a-la-zona-alta-del-canton-rocafuerte-de-mejor-infraestructura-vial\/#primaryimage"},"thumbnailUrl":"https:\/\/www.manabi.gob.ec\/wp-content\/uploads\/2022\/09\/WhatsApp-Image-2022-09-24-at-7.44.04-PM.jpeg","datePublished":"2022-09-27T17:10:48+00:00","dateModified":"2022-09-27T17:10:52+00:00","author":{"@id":"https:\/\/www.manabi.gob.ec\/#\/schema\/person\/c4f117989332ad723a6ced5994aa7d7a"},"breadcrumb":{"@id":"https:\/\/www.manabi.gob.ec\/index.php\/dotamos-a-la-zona-alta-del-canton-rocafuerte-de-mejor-infraestructura-vial\/#breadcrumb"},"inLanguage":"es","potentialAction":[{"@type":"ReadAction","target":["https:\/\/www.manabi.gob.ec\/index.php\/dotamos-a-la-zona-alta-del-canton-rocafuerte-de-mejor-infraestructura-vial\/"]}]},{"@type":"ImageObject","inLanguage":"es","@id":"https:\/\/www.manabi.gob.ec\/index.php\/dotamos-a-la-zona-alta-del-canton-rocafuerte-de-mejor-infraestructura-vial\/#primaryimage","url":"https:\/\/www.manabi.gob.ec\/wp-content\/uploads\/2022\/09\/WhatsApp-Image-2022-09-24-at-7.44.04-PM.jpeg","contentUrl":"https:\/\/www.manabi.gob.ec\/wp-content\/uploads\/2022\/09\/WhatsApp-Image-2022-09-24-at-7.44.04-PM.jpeg","width":1280,"height":855},{"@type":"BreadcrumbList","@id":"https:\/\/www.manabi.gob.ec\/index.php\/dotamos-a-la-zona-alta-del-canton-rocafuerte-de-mejor-infraestructura-vial\/#breadcrumb","itemListElement":[{"@type":"ListItem","position":1,"name":"Portada","item":"https:\/\/www.manabi.gob.ec\/"},{"@type":"ListItem","position":2,"name":"Dotamos a la zona alta del cant\u00f3n Rocafuerte de mejor infraestructura vial"}]},{"@type":"WebSite","@id":"https:\/\/www.manabi.gob.ec\/#website","url":"https:\/\/www.manabi.gob.ec\/","name":"Prefectura de Manab\u00ed","description":"P\u00e1gina web de la prefectura","potentialAction":[{"@type":"SearchAction","target":{"@type":"EntryPoint","urlTemplate":"https:\/\/www.manabi.gob.ec\/?s={search_term_string}"},"query-input":{"@type":"PropertyValueSpecification","valueRequired":true,"valueName":"search_term_string"}}],"inLanguage":"es"},{"@type":"Person","@id":"https:\/\/www.manabi.gob.ec\/#\/schema\/person\/c4f117989332ad723a6ced5994aa7d7a","name":"Lui Ochoa","image":{"@type":"ImageObject","inLanguage":"es","@id":"https:\/\/secure.gravatar.com\/avatar\/6e8017d0fe69dead8a95864d2eb6e1e1d8bf8e01194ba49cf7b897ff038126ba?s=96&d=mm&r=g","url":"https:\/\/secure.gravatar.com\/avatar\/6e8017d0fe69dead8a95864d2eb6e1e1d8bf8e01194ba49cf7b897ff038126ba?s=96&d=mm&r=g","contentUrl":"https:\/\/secure.gravatar.com\/avatar\/6e8017d0fe69dead8a95864d2eb6e1e1d8bf8e01194ba49cf7b897ff038126ba?s=96&d=mm&r=g","caption":"Lui Ochoa"},"url":"https:\/\/www.manabi.gob.ec\/index.php\/author\/lochoa\/"}]}},"jetpack_featured_media_url":"https:\/\/www.manabi.gob.ec\/wp-content\/uploads\/2022\/09\/WhatsApp-Image-2022-09-24-at-7.44.04-PM.jpeg","_links":{"self":[{"href":"https:\/\/www.manabi.gob.ec\/index.php\/wp-json\/wp\/v2\/posts\/22275","targetHints":{"allow":["GET"]}}],"collection":[{"href":"https:\/\/www.manabi.gob.ec\/index.php\/wp-json\/wp\/v2\/posts"}],"about":[{"href":"https:\/\/www.manabi.gob.ec\/index.php\/wp-json\/wp\/v2\/types\/post"}],"author":[{"embeddable":true,"href":"https:\/\/www.manabi.gob.ec\/index.php\/wp-json\/wp\/v2\/users\/10"}],"replies":[{"embeddable":true,"href":"https:\/\/www.manabi.gob.ec\/index.php\/wp-json\/wp\/v2\/comments?post=22275"}],"version-history":[{"count":0,"href":"https:\/\/www.manabi.gob.ec\/index.php\/wp-json\/wp\/v2\/posts\/22275\/revisions"}],"wp:featuredmedia":[{"embeddable":true,"href":"https:\/\/www.manabi.gob.ec\/index.php\/wp-json\/wp\/v2\/media\/22276"}],"wp:attachment":[{"href":"https:\/\/www.manabi.gob.ec\/index.php\/wp-json\/wp\/v2\/media?parent=22275"}],"wp:term":[{"taxonomy":"category","embeddable":true,"href":"https:\/\/www.manabi.gob.ec\/index.php\/wp-json\/wp\/v2\/categories?post=22275"},{"taxonomy":"post_tag","embeddable":true,"href":"https:\/\/www.manabi.gob.ec\/index.php\/wp-json\/wp\/v2\/tags?post=22275"}],"curies":[{"name":"wp","href":"https:\/\/api.w.org\/{rel}","templated":true}]}}