{"id":22287,"date":"2022-09-28T16:05:09","date_gmt":"2022-09-28T16:05:09","guid":{"rendered":"https:\/\/www.manabi.gob.ec\/?p=22287"},"modified":"2022-09-28T16:05:14","modified_gmt":"2022-09-28T16:05:14","slug":"rehabilitacion-de-las-calles-en-jipijapa-tiene-un-avance-del-90","status":"publish","type":"post","link":"https:\/\/www.manabi.gob.ec\/index.php\/rehabilitacion-de-las-calles-en-jipijapa-tiene-un-avance-del-90\/","title":{"rendered":"Rehabilitaci\u00f3n de las calles en Jipijapa tiene un avance del 90%"},"content":{"rendered":"\n<p>Jipijapa presentar\u00e1 en los pr\u00f3ximos d\u00edas una nueva imagen de progreso a quienes la visiten, 8 de sus principales calles c\u00e9ntricas y de mucha actividad vehicular, productiva y comercial est\u00e1n siendo rehabilitadas en su totalidad por la Prefectura de Manab\u00ed en convenio con el GAD de la localidad, por un mont\u00f3n de inversi\u00f3n de $ 174.503,84.<\/p>\n\n\n\n<p>Por ello sus habitantes est\u00e1n muy contentos porque los trabajos ya tienen un avance del 90 % aproximadamente, por tales razones agradecen a ambas instituciones por unirse y pensar en el beneficio colectivo del cant\u00f3n.<br>Gonzalo Ca\u00f1arte, Odont\u00f3logo de Profesi\u00f3n y nativo de esta tierra, tambi\u00e9n conocida como la Sultana del Caf\u00e9, est\u00e1 agradecido con las instituciones por pensar en el bien com\u00fan de quienes requieren ser atendidos.<\/p>\n\n\n\n<p>La calle Mej\u00eda conocida como una de las principales arterias de comunicaci\u00f3n del cant\u00f3n, es una de las arterias intervenidas en el convenio donde a diario transitan m\u00e1s de 5 mil veh\u00edculos aproximadamente.<\/p>\n\n\n\n<p>Hoy, martes 27 de septiembre, maquinaria de la Prefectura trabaj\u00f3 en la colocaci\u00f3n de la carpeta asf\u00e1ltica de dos pulgadas en esta calle, lo que fue bien observado por quienes habitan en el sector.<\/p>\n\n\n\n<p>El Proyecto vial comprende tambi\u00e9n las calles Guayas y Atahualpa, Ricaurte desde Eloy Alfaro hasta la calle Parrales y Guale, Juan Montalvo entre Eloy Alfaro y Parrales y Guale.<\/p>\n\n\n\n<p>Tambi\u00e9n se incluye el bacheo menor a las calles Noboa entre Villamil y Ricaurte, Tungurahua entre Villamil y Victor Manuel Rend\u00f3n, Escobedo entre Eloy Alfaro y Parrales y Guale y Juan Montalvo entre Mejia y Rocafuerte beneficiando a todo el cant\u00f3n Jipijapa.<\/p>\n","protected":false},"excerpt":{"rendered":"<p>Jipijapa presentar\u00e1 en los pr\u00f3ximos d\u00edas una nueva imagen de progreso a quienes la visiten, 8 de sus principales calles c\u00e9ntricas y de mucha actividad vehicular, productiva y comercial est\u00e1n siendo rehabilitadas en su totalidad por la Prefectura de Manab\u00ed en convenio con el GAD de la localidad, por un mont\u00f3n de inversi\u00f3n de $ [&hellip;]<\/p>\n","protected":false},"author":10,"featured_media":22288,"comment_status":"closed","ping_status":"closed","sticky":false,"template":"","format":"standard","meta":{"_joinchat":[],"footnotes":""},"categories":[142,123,92,181,91,127],"tags":[],"class_list":["post-22287","post","type-post","status-publish","format-standard","has-post-thumbnail","hentry","category-desarrollo-social","category-jipijapa","category-noticias-manabi","category-obra-publica","category-todas","category-vialidad"],"yoast_head":"<!-- This site is optimized with the Yoast SEO plugin v27.4 - https:\/\/yoast.com\/product\/yoast-seo-wordpress\/ -->\n<title>Rehabilitaci\u00f3n de las calles en Jipijapa tiene un avance del 90% - Prefectura de Manab\u00ed<\/title>\n<meta name=\"robots\" content=\"index, follow, max-snippet:-1, max-image-preview:large, max-video-preview:-1\" \/>\n<link rel=\"canonical\" href=\"https:\/\/www.manabi.gob.ec\/index.php\/rehabilitacion-de-las-calles-en-jipijapa-tiene-un-avance-del-90\/\" \/>\n<meta property=\"og:locale\" content=\"es_ES\" \/>\n<meta property=\"og:type\" content=\"article\" \/>\n<meta property=\"og:title\" content=\"Rehabilitaci\u00f3n de las calles en Jipijapa tiene un avance del 90% - Prefectura de Manab\u00ed\" \/>\n<meta property=\"og:description\" content=\"Jipijapa presentar\u00e1 en los pr\u00f3ximos d\u00edas una nueva imagen de progreso a quienes la visiten, 8 de sus principales calles c\u00e9ntricas y de mucha actividad vehicular, productiva y comercial est\u00e1n siendo rehabilitadas en su totalidad por la Prefectura de Manab\u00ed en convenio con el GAD de la localidad, por un mont\u00f3n de inversi\u00f3n de $ [&hellip;]\" \/>\n<meta property=\"og:url\" content=\"https:\/\/www.manabi.gob.ec\/index.php\/rehabilitacion-de-las-calles-en-jipijapa-tiene-un-avance-del-90\/\" \/>\n<meta property=\"og:site_name\" content=\"Prefectura de Manab\u00ed\" \/>\n<meta property=\"article:published_time\" content=\"2022-09-28T16:05:09+00:00\" \/>\n<meta property=\"article:modified_time\" content=\"2022-09-28T16:05:14+00:00\" \/>\n<meta property=\"og:image\" content=\"https:\/\/www.manabi.gob.ec\/wp-content\/uploads\/2022\/09\/WhatsApp-Image-2022-09-27-at-5.33.21-PM.jpeg\" \/>\n\t<meta property=\"og:image:width\" content=\"1296\" \/>\n\t<meta property=\"og:image:height\" content=\"864\" \/>\n\t<meta property=\"og:image:type\" content=\"image\/jpeg\" \/>\n<meta name=\"author\" content=\"Lui Ochoa\" \/>\n<meta name=\"twitter:card\" content=\"summary_large_image\" \/>\n<meta name=\"twitter:label1\" content=\"Escrito por\" \/>\n\t<meta name=\"twitter:data1\" content=\"Lui Ochoa\" \/>\n\t<meta name=\"twitter:label2\" content=\"Tiempo de lectura\" \/>\n\t<meta name=\"twitter:data2\" content=\"2 minutos\" \/>\n<script type=\"application\/ld+json\" class=\"yoast-schema-graph\">{\"@context\":\"https:\\\/\\\/schema.org\",\"@graph\":[{\"@type\":\"Article\",\"@id\":\"https:\\\/\\\/www.manabi.gob.ec\\\/index.php\\\/rehabilitacion-de-las-calles-en-jipijapa-tiene-un-avance-del-90\\\/#article\",\"isPartOf\":{\"@id\":\"https:\\\/\\\/www.manabi.gob.ec\\\/index.php\\\/rehabilitacion-de-las-calles-en-jipijapa-tiene-un-avance-del-90\\\/\"},\"author\":{\"name\":\"Lui Ochoa\",\"@id\":\"https:\\\/\\\/www.manabi.gob.ec\\\/#\\\/schema\\\/person\\\/c4f117989332ad723a6ced5994aa7d7a\"},\"headline\":\"Rehabilitaci\u00f3n de las calles en Jipijapa tiene un avance del 90%\",\"datePublished\":\"2022-09-28T16:05:09+00:00\",\"dateModified\":\"2022-09-28T16:05:14+00:00\",\"mainEntityOfPage\":{\"@id\":\"https:\\\/\\\/www.manabi.gob.ec\\\/index.php\\\/rehabilitacion-de-las-calles-en-jipijapa-tiene-un-avance-del-90\\\/\"},\"wordCount\":290,\"image\":{\"@id\":\"https:\\\/\\\/www.manabi.gob.ec\\\/index.php\\\/rehabilitacion-de-las-calles-en-jipijapa-tiene-un-avance-del-90\\\/#primaryimage\"},\"thumbnailUrl\":\"https:\\\/\\\/www.manabi.gob.ec\\\/wp-content\\\/uploads\\\/2022\\\/09\\\/WhatsApp-Image-2022-09-27-at-5.33.21-PM.jpeg\",\"articleSection\":[\"Desarrollo Social\",\"Jipijapa\",\"Noticias\",\"Obra P\u00fablica\",\"Todas\",\"Vialidad\"],\"inLanguage\":\"es\"},{\"@type\":\"WebPage\",\"@id\":\"https:\\\/\\\/www.manabi.gob.ec\\\/index.php\\\/rehabilitacion-de-las-calles-en-jipijapa-tiene-un-avance-del-90\\\/\",\"url\":\"https:\\\/\\\/www.manabi.gob.ec\\\/index.php\\\/rehabilitacion-de-las-calles-en-jipijapa-tiene-un-avance-del-90\\\/\",\"name\":\"Rehabilitaci\u00f3n de las calles en Jipijapa tiene un avance del 90% - Prefectura de Manab\u00ed\",\"isPartOf\":{\"@id\":\"https:\\\/\\\/www.manabi.gob.ec\\\/#website\"},\"primaryImageOfPage\":{\"@id\":\"https:\\\/\\\/www.manabi.gob.ec\\\/index.php\\\/rehabilitacion-de-las-calles-en-jipijapa-tiene-un-avance-del-90\\\/#primaryimage\"},\"image\":{\"@id\":\"https:\\\/\\\/www.manabi.gob.ec\\\/index.php\\\/rehabilitacion-de-las-calles-en-jipijapa-tiene-un-avance-del-90\\\/#primaryimage\"},\"thumbnailUrl\":\"https:\\\/\\\/www.manabi.gob.ec\\\/wp-content\\\/uploads\\\/2022\\\/09\\\/WhatsApp-Image-2022-09-27-at-5.33.21-PM.jpeg\",\"datePublished\":\"2022-09-28T16:05:09+00:00\",\"dateModified\":\"2022-09-28T16:05:14+00:00\",\"author\":{\"@id\":\"https:\\\/\\\/www.manabi.gob.ec\\\/#\\\/schema\\\/person\\\/c4f117989332ad723a6ced5994aa7d7a\"},\"breadcrumb\":{\"@id\":\"https:\\\/\\\/www.manabi.gob.ec\\\/index.php\\\/rehabilitacion-de-las-calles-en-jipijapa-tiene-un-avance-del-90\\\/#breadcrumb\"},\"inLanguage\":\"es\",\"potentialAction\":[{\"@type\":\"ReadAction\",\"target\":[\"https:\\\/\\\/www.manabi.gob.ec\\\/index.php\\\/rehabilitacion-de-las-calles-en-jipijapa-tiene-un-avance-del-90\\\/\"]}]},{\"@type\":\"ImageObject\",\"inLanguage\":\"es\",\"@id\":\"https:\\\/\\\/www.manabi.gob.ec\\\/index.php\\\/rehabilitacion-de-las-calles-en-jipijapa-tiene-un-avance-del-90\\\/#primaryimage\",\"url\":\"https:\\\/\\\/www.manabi.gob.ec\\\/wp-content\\\/uploads\\\/2022\\\/09\\\/WhatsApp-Image-2022-09-27-at-5.33.21-PM.jpeg\",\"contentUrl\":\"https:\\\/\\\/www.manabi.gob.ec\\\/wp-content\\\/uploads\\\/2022\\\/09\\\/WhatsApp-Image-2022-09-27-at-5.33.21-PM.jpeg\",\"width\":1296,\"height\":864},{\"@type\":\"BreadcrumbList\",\"@id\":\"https:\\\/\\\/www.manabi.gob.ec\\\/index.php\\\/rehabilitacion-de-las-calles-en-jipijapa-tiene-un-avance-del-90\\\/#breadcrumb\",\"itemListElement\":[{\"@type\":\"ListItem\",\"position\":1,\"name\":\"Portada\",\"item\":\"https:\\\/\\\/www.manabi.gob.ec\\\/\"},{\"@type\":\"ListItem\",\"position\":2,\"name\":\"Rehabilitaci\u00f3n de las calles en Jipijapa tiene un avance del 90%\"}]},{\"@type\":\"WebSite\",\"@id\":\"https:\\\/\\\/www.manabi.gob.ec\\\/#website\",\"url\":\"https:\\\/\\\/www.manabi.gob.ec\\\/\",\"name\":\"Prefectura de Manab\u00ed\",\"description\":\"P\u00e1gina web de la prefectura\",\"potentialAction\":[{\"@type\":\"SearchAction\",\"target\":{\"@type\":\"EntryPoint\",\"urlTemplate\":\"https:\\\/\\\/www.manabi.gob.ec\\\/?s={search_term_string}\"},\"query-input\":{\"@type\":\"PropertyValueSpecification\",\"valueRequired\":true,\"valueName\":\"search_term_string\"}}],\"inLanguage\":\"es\"},{\"@type\":\"Person\",\"@id\":\"https:\\\/\\\/www.manabi.gob.ec\\\/#\\\/schema\\\/person\\\/c4f117989332ad723a6ced5994aa7d7a\",\"name\":\"Lui Ochoa\",\"image\":{\"@type\":\"ImageObject\",\"inLanguage\":\"es\",\"@id\":\"https:\\\/\\\/secure.gravatar.com\\\/avatar\\\/6e8017d0fe69dead8a95864d2eb6e1e1d8bf8e01194ba49cf7b897ff038126ba?s=96&d=mm&r=g\",\"url\":\"https:\\\/\\\/secure.gravatar.com\\\/avatar\\\/6e8017d0fe69dead8a95864d2eb6e1e1d8bf8e01194ba49cf7b897ff038126ba?s=96&d=mm&r=g\",\"contentUrl\":\"https:\\\/\\\/secure.gravatar.com\\\/avatar\\\/6e8017d0fe69dead8a95864d2eb6e1e1d8bf8e01194ba49cf7b897ff038126ba?s=96&d=mm&r=g\",\"caption\":\"Lui Ochoa\"},\"url\":\"https:\\\/\\\/www.manabi.gob.ec\\\/index.php\\\/author\\\/lochoa\\\/\"}]}<\/script>\n<!-- \/ Yoast SEO plugin. -->","yoast_head_json":{"title":"Rehabilitaci\u00f3n de las calles en Jipijapa tiene un avance del 90% - Prefectura de Manab\u00ed","robots":{"index":"index","follow":"follow","max-snippet":"max-snippet:-1","max-image-preview":"max-image-preview:large","max-video-preview":"max-video-preview:-1"},"canonical":"https:\/\/www.manabi.gob.ec\/index.php\/rehabilitacion-de-las-calles-en-jipijapa-tiene-un-avance-del-90\/","og_locale":"es_ES","og_type":"article","og_title":"Rehabilitaci\u00f3n de las calles en Jipijapa tiene un avance del 90% - Prefectura de Manab\u00ed","og_description":"Jipijapa presentar\u00e1 en los pr\u00f3ximos d\u00edas una nueva imagen de progreso a quienes la visiten, 8 de sus principales calles c\u00e9ntricas y de mucha actividad vehicular, productiva y comercial est\u00e1n siendo rehabilitadas en su totalidad por la Prefectura de Manab\u00ed en convenio con el GAD de la localidad, por un mont\u00f3n de inversi\u00f3n de $ [&hellip;]","og_url":"https:\/\/www.manabi.gob.ec\/index.php\/rehabilitacion-de-las-calles-en-jipijapa-tiene-un-avance-del-90\/","og_site_name":"Prefectura de Manab\u00ed","article_published_time":"2022-09-28T16:05:09+00:00","article_modified_time":"2022-09-28T16:05:14+00:00","og_image":[{"width":1296,"height":864,"url":"https:\/\/www.manabi.gob.ec\/wp-content\/uploads\/2022\/09\/WhatsApp-Image-2022-09-27-at-5.33.21-PM.jpeg","type":"image\/jpeg"}],"author":"Lui Ochoa","twitter_card":"summary_large_image","twitter_misc":{"Escrito por":"Lui Ochoa","Tiempo de lectura":"2 minutos"},"schema":{"@context":"https:\/\/schema.org","@graph":[{"@type":"Article","@id":"https:\/\/www.manabi.gob.ec\/index.php\/rehabilitacion-de-las-calles-en-jipijapa-tiene-un-avance-del-90\/#article","isPartOf":{"@id":"https:\/\/www.manabi.gob.ec\/index.php\/rehabilitacion-de-las-calles-en-jipijapa-tiene-un-avance-del-90\/"},"author":{"name":"Lui Ochoa","@id":"https:\/\/www.manabi.gob.ec\/#\/schema\/person\/c4f117989332ad723a6ced5994aa7d7a"},"headline":"Rehabilitaci\u00f3n de las calles en Jipijapa tiene un avance del 90%","datePublished":"2022-09-28T16:05:09+00:00","dateModified":"2022-09-28T16:05:14+00:00","mainEntityOfPage":{"@id":"https:\/\/www.manabi.gob.ec\/index.php\/rehabilitacion-de-las-calles-en-jipijapa-tiene-un-avance-del-90\/"},"wordCount":290,"image":{"@id":"https:\/\/www.manabi.gob.ec\/index.php\/rehabilitacion-de-las-calles-en-jipijapa-tiene-un-avance-del-90\/#primaryimage"},"thumbnailUrl":"https:\/\/www.manabi.gob.ec\/wp-content\/uploads\/2022\/09\/WhatsApp-Image-2022-09-27-at-5.33.21-PM.jpeg","articleSection":["Desarrollo Social","Jipijapa","Noticias","Obra P\u00fablica","Todas","Vialidad"],"inLanguage":"es"},{"@type":"WebPage","@id":"https:\/\/www.manabi.gob.ec\/index.php\/rehabilitacion-de-las-calles-en-jipijapa-tiene-un-avance-del-90\/","url":"https:\/\/www.manabi.gob.ec\/index.php\/rehabilitacion-de-las-calles-en-jipijapa-tiene-un-avance-del-90\/","name":"Rehabilitaci\u00f3n de las calles en Jipijapa tiene un avance del 90% - Prefectura de Manab\u00ed","isPartOf":{"@id":"https:\/\/www.manabi.gob.ec\/#website"},"primaryImageOfPage":{"@id":"https:\/\/www.manabi.gob.ec\/index.php\/rehabilitacion-de-las-calles-en-jipijapa-tiene-un-avance-del-90\/#primaryimage"},"image":{"@id":"https:\/\/www.manabi.gob.ec\/index.php\/rehabilitacion-de-las-calles-en-jipijapa-tiene-un-avance-del-90\/#primaryimage"},"thumbnailUrl":"https:\/\/www.manabi.gob.ec\/wp-content\/uploads\/2022\/09\/WhatsApp-Image-2022-09-27-at-5.33.21-PM.jpeg","datePublished":"2022-09-28T16:05:09+00:00","dateModified":"2022-09-28T16:05:14+00:00","author":{"@id":"https:\/\/www.manabi.gob.ec\/#\/schema\/person\/c4f117989332ad723a6ced5994aa7d7a"},"breadcrumb":{"@id":"https:\/\/www.manabi.gob.ec\/index.php\/rehabilitacion-de-las-calles-en-jipijapa-tiene-un-avance-del-90\/#breadcrumb"},"inLanguage":"es","potentialAction":[{"@type":"ReadAction","target":["https:\/\/www.manabi.gob.ec\/index.php\/rehabilitacion-de-las-calles-en-jipijapa-tiene-un-avance-del-90\/"]}]},{"@type":"ImageObject","inLanguage":"es","@id":"https:\/\/www.manabi.gob.ec\/index.php\/rehabilitacion-de-las-calles-en-jipijapa-tiene-un-avance-del-90\/#primaryimage","url":"https:\/\/www.manabi.gob.ec\/wp-content\/uploads\/2022\/09\/WhatsApp-Image-2022-09-27-at-5.33.21-PM.jpeg","contentUrl":"https:\/\/www.manabi.gob.ec\/wp-content\/uploads\/2022\/09\/WhatsApp-Image-2022-09-27-at-5.33.21-PM.jpeg","width":1296,"height":864},{"@type":"BreadcrumbList","@id":"https:\/\/www.manabi.gob.ec\/index.php\/rehabilitacion-de-las-calles-en-jipijapa-tiene-un-avance-del-90\/#breadcrumb","itemListElement":[{"@type":"ListItem","position":1,"name":"Portada","item":"https:\/\/www.manabi.gob.ec\/"},{"@type":"ListItem","position":2,"name":"Rehabilitaci\u00f3n de las calles en Jipijapa tiene un avance del 90%"}]},{"@type":"WebSite","@id":"https:\/\/www.manabi.gob.ec\/#website","url":"https:\/\/www.manabi.gob.ec\/","name":"Prefectura de Manab\u00ed","description":"P\u00e1gina web de la prefectura","potentialAction":[{"@type":"SearchAction","target":{"@type":"EntryPoint","urlTemplate":"https:\/\/www.manabi.gob.ec\/?s={search_term_string}"},"query-input":{"@type":"PropertyValueSpecification","valueRequired":true,"valueName":"search_term_string"}}],"inLanguage":"es"},{"@type":"Person","@id":"https:\/\/www.manabi.gob.ec\/#\/schema\/person\/c4f117989332ad723a6ced5994aa7d7a","name":"Lui Ochoa","image":{"@type":"ImageObject","inLanguage":"es","@id":"https:\/\/secure.gravatar.com\/avatar\/6e8017d0fe69dead8a95864d2eb6e1e1d8bf8e01194ba49cf7b897ff038126ba?s=96&d=mm&r=g","url":"https:\/\/secure.gravatar.com\/avatar\/6e8017d0fe69dead8a95864d2eb6e1e1d8bf8e01194ba49cf7b897ff038126ba?s=96&d=mm&r=g","contentUrl":"https:\/\/secure.gravatar.com\/avatar\/6e8017d0fe69dead8a95864d2eb6e1e1d8bf8e01194ba49cf7b897ff038126ba?s=96&d=mm&r=g","caption":"Lui Ochoa"},"url":"https:\/\/www.manabi.gob.ec\/index.php\/author\/lochoa\/"}]}},"jetpack_featured_media_url":"https:\/\/www.manabi.gob.ec\/wp-content\/uploads\/2022\/09\/WhatsApp-Image-2022-09-27-at-5.33.21-PM.jpeg","_links":{"self":[{"href":"https:\/\/www.manabi.gob.ec\/index.php\/wp-json\/wp\/v2\/posts\/22287","targetHints":{"allow":["GET"]}}],"collection":[{"href":"https:\/\/www.manabi.gob.ec\/index.php\/wp-json\/wp\/v2\/posts"}],"about":[{"href":"https:\/\/www.manabi.gob.ec\/index.php\/wp-json\/wp\/v2\/types\/post"}],"author":[{"embeddable":true,"href":"https:\/\/www.manabi.gob.ec\/index.php\/wp-json\/wp\/v2\/users\/10"}],"replies":[{"embeddable":true,"href":"https:\/\/www.manabi.gob.ec\/index.php\/wp-json\/wp\/v2\/comments?post=22287"}],"version-history":[{"count":0,"href":"https:\/\/www.manabi.gob.ec\/index.php\/wp-json\/wp\/v2\/posts\/22287\/revisions"}],"wp:featuredmedia":[{"embeddable":true,"href":"https:\/\/www.manabi.gob.ec\/index.php\/wp-json\/wp\/v2\/media\/22288"}],"wp:attachment":[{"href":"https:\/\/www.manabi.gob.ec\/index.php\/wp-json\/wp\/v2\/media?parent=22287"}],"wp:term":[{"taxonomy":"category","embeddable":true,"href":"https:\/\/www.manabi.gob.ec\/index.php\/wp-json\/wp\/v2\/categories?post=22287"},{"taxonomy":"post_tag","embeddable":true,"href":"https:\/\/www.manabi.gob.ec\/index.php\/wp-json\/wp\/v2\/tags?post=22287"}],"curies":[{"name":"wp","href":"https:\/\/api.w.org\/{rel}","templated":true}]}}