{"id":22325,"date":"2022-10-03T14:01:14","date_gmt":"2022-10-03T14:01:14","guid":{"rendered":"https:\/\/www.manabi.gob.ec\/?p=22325"},"modified":"2022-10-03T14:01:20","modified_gmt":"2022-10-03T14:01:20","slug":"comunicadores-de-la-prefectura-de-manabi-se-capacitan-sobre-periodismo-derechos-humanos-y-movilidad-humana","status":"publish","type":"post","link":"https:\/\/www.manabi.gob.ec\/index.php\/comunicadores-de-la-prefectura-de-manabi-se-capacitan-sobre-periodismo-derechos-humanos-y-movilidad-humana\/","title":{"rendered":"Comunicadores de la Prefectura de Manab\u00ed, se capacitan sobre periodismo, derechos humanos y movilidad humana"},"content":{"rendered":"\n<p><\/p>\n\n\n\n<p>Con la finalidad que los periodistas, comunicadores y medios de comunicaci\u00f3n de Manab\u00ed conozcan sobre el correcto manejo de la informaci\u00f3n relacionada a la movilidad humana, el Grupo de Trabajo para Refugiados y Migrantes (GTRM), realiz\u00f3 una capacitaci\u00f3n donde se expuso la situaci\u00f3n actual del desplazamiento venezolano en Ecuador.<\/p>\n\n\n\n<p>El taller se desarroll\u00f3 el miercoles 28 de septiembre en la ciudad de Manta, donde participaron profesionales del \u00e1rea de comunicaci\u00f3n de distintas instituciones p\u00fablicas y medios de comunicaci\u00f3n, quienes adquirieron conocimientos sobre la realidad de los migrantes que habitan en Manab\u00ed, provincia que ocupa el tercer lugar a nivel nacional en n\u00famero en asentamiento venezolano. De un total de 502.204 venezolanos en Ecuador, el 12% habitan en Manab\u00ed.<\/p>\n\n\n\n<p>La Prefectura de Manab\u00ed, a trav\u00e9s de la Direcci\u00f3n de Desarrolllo Social, se encuentra ejecutando varios proyectos dirigidos a la atenci\u00f3n, protecci\u00f3n y garant\u00eda de derechos de la poblaci\u00f3n en movilidad humana, que permiten brindar acogida, procesos de formaci\u00f3n, brigadas m\u00e9dicas a migrantes establecidos en la provincia y que se encuentran en situaci\u00f3n de vulnerabilidad.<\/p>\n","protected":false},"excerpt":{"rendered":"<p>Con la finalidad que los periodistas, comunicadores y medios de comunicaci\u00f3n de Manab\u00ed conozcan sobre el correcto manejo de la informaci\u00f3n relacionada a la movilidad humana, el Grupo de Trabajo para Refugiados y Migrantes (GTRM), realiz\u00f3 una capacitaci\u00f3n donde se expuso la situaci\u00f3n actual del desplazamiento venezolano en Ecuador. El taller se desarroll\u00f3 el miercoles [&hellip;]<\/p>\n","protected":false},"author":10,"featured_media":22326,"comment_status":"closed","ping_status":"closed","sticky":false,"template":"","format":"standard","meta":{"_joinchat":[],"footnotes":""},"categories":[142,92,193,91],"tags":[],"class_list":["post-22325","post","type-post","status-publish","format-standard","has-post-thumbnail","hentry","category-desarrollo-social","category-noticias-manabi","category-participacion-ciudadana","category-todas"],"yoast_head":"<!-- This site is optimized with the Yoast SEO plugin v27.4 - https:\/\/yoast.com\/product\/yoast-seo-wordpress\/ -->\n<title>Comunicadores de la Prefectura de Manab\u00ed, se capacitan sobre periodismo, derechos humanos y movilidad humana - Prefectura de Manab\u00ed<\/title>\n<meta name=\"robots\" content=\"index, follow, max-snippet:-1, max-image-preview:large, max-video-preview:-1\" \/>\n<link rel=\"canonical\" href=\"https:\/\/www.manabi.gob.ec\/index.php\/comunicadores-de-la-prefectura-de-manabi-se-capacitan-sobre-periodismo-derechos-humanos-y-movilidad-humana\/\" \/>\n<meta property=\"og:locale\" content=\"es_ES\" \/>\n<meta property=\"og:type\" content=\"article\" \/>\n<meta property=\"og:title\" content=\"Comunicadores de la Prefectura de Manab\u00ed, se capacitan sobre periodismo, derechos humanos y movilidad humana - Prefectura de Manab\u00ed\" \/>\n<meta property=\"og:description\" content=\"Con la finalidad que los periodistas, comunicadores y medios de comunicaci\u00f3n de Manab\u00ed conozcan sobre el correcto manejo de la informaci\u00f3n relacionada a la movilidad humana, el Grupo de Trabajo para Refugiados y Migrantes (GTRM), realiz\u00f3 una capacitaci\u00f3n donde se expuso la situaci\u00f3n actual del desplazamiento venezolano en Ecuador. El taller se desarroll\u00f3 el miercoles [&hellip;]\" \/>\n<meta property=\"og:url\" content=\"https:\/\/www.manabi.gob.ec\/index.php\/comunicadores-de-la-prefectura-de-manabi-se-capacitan-sobre-periodismo-derechos-humanos-y-movilidad-humana\/\" \/>\n<meta property=\"og:site_name\" content=\"Prefectura de Manab\u00ed\" \/>\n<meta property=\"article:published_time\" content=\"2022-10-03T14:01:14+00:00\" \/>\n<meta property=\"article:modified_time\" content=\"2022-10-03T14:01:20+00:00\" \/>\n<meta property=\"og:image\" content=\"https:\/\/www.manabi.gob.ec\/wp-content\/uploads\/2022\/10\/WhatsApp-Image-2022-10-03-at-8.54.17-AM.jpeg\" \/>\n\t<meta property=\"og:image:width\" content=\"1600\" \/>\n\t<meta property=\"og:image:height\" content=\"1200\" \/>\n\t<meta property=\"og:image:type\" content=\"image\/jpeg\" \/>\n<meta name=\"author\" content=\"Lui Ochoa\" \/>\n<meta name=\"twitter:card\" content=\"summary_large_image\" \/>\n<meta name=\"twitter:label1\" content=\"Escrito por\" \/>\n\t<meta name=\"twitter:data1\" content=\"Lui Ochoa\" \/>\n\t<meta name=\"twitter:label2\" content=\"Tiempo de lectura\" \/>\n\t<meta name=\"twitter:data2\" content=\"1 minuto\" \/>\n<script type=\"application\/ld+json\" class=\"yoast-schema-graph\">{\"@context\":\"https:\\\/\\\/schema.org\",\"@graph\":[{\"@type\":\"Article\",\"@id\":\"https:\\\/\\\/www.manabi.gob.ec\\\/index.php\\\/comunicadores-de-la-prefectura-de-manabi-se-capacitan-sobre-periodismo-derechos-humanos-y-movilidad-humana\\\/#article\",\"isPartOf\":{\"@id\":\"https:\\\/\\\/www.manabi.gob.ec\\\/index.php\\\/comunicadores-de-la-prefectura-de-manabi-se-capacitan-sobre-periodismo-derechos-humanos-y-movilidad-humana\\\/\"},\"author\":{\"name\":\"Lui Ochoa\",\"@id\":\"https:\\\/\\\/www.manabi.gob.ec\\\/#\\\/schema\\\/person\\\/c4f117989332ad723a6ced5994aa7d7a\"},\"headline\":\"Comunicadores de la Prefectura de Manab\u00ed, se capacitan sobre periodismo, derechos humanos y movilidad humana\",\"datePublished\":\"2022-10-03T14:01:14+00:00\",\"dateModified\":\"2022-10-03T14:01:20+00:00\",\"mainEntityOfPage\":{\"@id\":\"https:\\\/\\\/www.manabi.gob.ec\\\/index.php\\\/comunicadores-de-la-prefectura-de-manabi-se-capacitan-sobre-periodismo-derechos-humanos-y-movilidad-humana\\\/\"},\"wordCount\":202,\"image\":{\"@id\":\"https:\\\/\\\/www.manabi.gob.ec\\\/index.php\\\/comunicadores-de-la-prefectura-de-manabi-se-capacitan-sobre-periodismo-derechos-humanos-y-movilidad-humana\\\/#primaryimage\"},\"thumbnailUrl\":\"https:\\\/\\\/www.manabi.gob.ec\\\/wp-content\\\/uploads\\\/2022\\\/10\\\/WhatsApp-Image-2022-10-03-at-8.54.17-AM.jpeg\",\"articleSection\":[\"Desarrollo Social\",\"Noticias\",\"Participaci\u00f3n ciudadana\",\"Todas\"],\"inLanguage\":\"es\"},{\"@type\":\"WebPage\",\"@id\":\"https:\\\/\\\/www.manabi.gob.ec\\\/index.php\\\/comunicadores-de-la-prefectura-de-manabi-se-capacitan-sobre-periodismo-derechos-humanos-y-movilidad-humana\\\/\",\"url\":\"https:\\\/\\\/www.manabi.gob.ec\\\/index.php\\\/comunicadores-de-la-prefectura-de-manabi-se-capacitan-sobre-periodismo-derechos-humanos-y-movilidad-humana\\\/\",\"name\":\"Comunicadores de la Prefectura de Manab\u00ed, se capacitan sobre periodismo, derechos humanos y movilidad humana - Prefectura de Manab\u00ed\",\"isPartOf\":{\"@id\":\"https:\\\/\\\/www.manabi.gob.ec\\\/#website\"},\"primaryImageOfPage\":{\"@id\":\"https:\\\/\\\/www.manabi.gob.ec\\\/index.php\\\/comunicadores-de-la-prefectura-de-manabi-se-capacitan-sobre-periodismo-derechos-humanos-y-movilidad-humana\\\/#primaryimage\"},\"image\":{\"@id\":\"https:\\\/\\\/www.manabi.gob.ec\\\/index.php\\\/comunicadores-de-la-prefectura-de-manabi-se-capacitan-sobre-periodismo-derechos-humanos-y-movilidad-humana\\\/#primaryimage\"},\"thumbnailUrl\":\"https:\\\/\\\/www.manabi.gob.ec\\\/wp-content\\\/uploads\\\/2022\\\/10\\\/WhatsApp-Image-2022-10-03-at-8.54.17-AM.jpeg\",\"datePublished\":\"2022-10-03T14:01:14+00:00\",\"dateModified\":\"2022-10-03T14:01:20+00:00\",\"author\":{\"@id\":\"https:\\\/\\\/www.manabi.gob.ec\\\/#\\\/schema\\\/person\\\/c4f117989332ad723a6ced5994aa7d7a\"},\"breadcrumb\":{\"@id\":\"https:\\\/\\\/www.manabi.gob.ec\\\/index.php\\\/comunicadores-de-la-prefectura-de-manabi-se-capacitan-sobre-periodismo-derechos-humanos-y-movilidad-humana\\\/#breadcrumb\"},\"inLanguage\":\"es\",\"potentialAction\":[{\"@type\":\"ReadAction\",\"target\":[\"https:\\\/\\\/www.manabi.gob.ec\\\/index.php\\\/comunicadores-de-la-prefectura-de-manabi-se-capacitan-sobre-periodismo-derechos-humanos-y-movilidad-humana\\\/\"]}]},{\"@type\":\"ImageObject\",\"inLanguage\":\"es\",\"@id\":\"https:\\\/\\\/www.manabi.gob.ec\\\/index.php\\\/comunicadores-de-la-prefectura-de-manabi-se-capacitan-sobre-periodismo-derechos-humanos-y-movilidad-humana\\\/#primaryimage\",\"url\":\"https:\\\/\\\/www.manabi.gob.ec\\\/wp-content\\\/uploads\\\/2022\\\/10\\\/WhatsApp-Image-2022-10-03-at-8.54.17-AM.jpeg\",\"contentUrl\":\"https:\\\/\\\/www.manabi.gob.ec\\\/wp-content\\\/uploads\\\/2022\\\/10\\\/WhatsApp-Image-2022-10-03-at-8.54.17-AM.jpeg\",\"width\":1600,\"height\":1200},{\"@type\":\"BreadcrumbList\",\"@id\":\"https:\\\/\\\/www.manabi.gob.ec\\\/index.php\\\/comunicadores-de-la-prefectura-de-manabi-se-capacitan-sobre-periodismo-derechos-humanos-y-movilidad-humana\\\/#breadcrumb\",\"itemListElement\":[{\"@type\":\"ListItem\",\"position\":1,\"name\":\"Portada\",\"item\":\"https:\\\/\\\/www.manabi.gob.ec\\\/\"},{\"@type\":\"ListItem\",\"position\":2,\"name\":\"Comunicadores de la Prefectura de Manab\u00ed, se capacitan sobre periodismo, derechos humanos y movilidad humana\"}]},{\"@type\":\"WebSite\",\"@id\":\"https:\\\/\\\/www.manabi.gob.ec\\\/#website\",\"url\":\"https:\\\/\\\/www.manabi.gob.ec\\\/\",\"name\":\"Prefectura de Manab\u00ed\",\"description\":\"P\u00e1gina web de la prefectura\",\"potentialAction\":[{\"@type\":\"SearchAction\",\"target\":{\"@type\":\"EntryPoint\",\"urlTemplate\":\"https:\\\/\\\/www.manabi.gob.ec\\\/?s={search_term_string}\"},\"query-input\":{\"@type\":\"PropertyValueSpecification\",\"valueRequired\":true,\"valueName\":\"search_term_string\"}}],\"inLanguage\":\"es\"},{\"@type\":\"Person\",\"@id\":\"https:\\\/\\\/www.manabi.gob.ec\\\/#\\\/schema\\\/person\\\/c4f117989332ad723a6ced5994aa7d7a\",\"name\":\"Lui Ochoa\",\"image\":{\"@type\":\"ImageObject\",\"inLanguage\":\"es\",\"@id\":\"https:\\\/\\\/secure.gravatar.com\\\/avatar\\\/6e8017d0fe69dead8a95864d2eb6e1e1d8bf8e01194ba49cf7b897ff038126ba?s=96&d=mm&r=g\",\"url\":\"https:\\\/\\\/secure.gravatar.com\\\/avatar\\\/6e8017d0fe69dead8a95864d2eb6e1e1d8bf8e01194ba49cf7b897ff038126ba?s=96&d=mm&r=g\",\"contentUrl\":\"https:\\\/\\\/secure.gravatar.com\\\/avatar\\\/6e8017d0fe69dead8a95864d2eb6e1e1d8bf8e01194ba49cf7b897ff038126ba?s=96&d=mm&r=g\",\"caption\":\"Lui Ochoa\"},\"url\":\"https:\\\/\\\/www.manabi.gob.ec\\\/index.php\\\/author\\\/lochoa\\\/\"}]}<\/script>\n<!-- \/ Yoast SEO plugin. -->","yoast_head_json":{"title":"Comunicadores de la Prefectura de Manab\u00ed, se capacitan sobre periodismo, derechos humanos y movilidad humana - Prefectura de Manab\u00ed","robots":{"index":"index","follow":"follow","max-snippet":"max-snippet:-1","max-image-preview":"max-image-preview:large","max-video-preview":"max-video-preview:-1"},"canonical":"https:\/\/www.manabi.gob.ec\/index.php\/comunicadores-de-la-prefectura-de-manabi-se-capacitan-sobre-periodismo-derechos-humanos-y-movilidad-humana\/","og_locale":"es_ES","og_type":"article","og_title":"Comunicadores de la Prefectura de Manab\u00ed, se capacitan sobre periodismo, derechos humanos y movilidad humana - Prefectura de Manab\u00ed","og_description":"Con la finalidad que los periodistas, comunicadores y medios de comunicaci\u00f3n de Manab\u00ed conozcan sobre el correcto manejo de la informaci\u00f3n relacionada a la movilidad humana, el Grupo de Trabajo para Refugiados y Migrantes (GTRM), realiz\u00f3 una capacitaci\u00f3n donde se expuso la situaci\u00f3n actual del desplazamiento venezolano en Ecuador. El taller se desarroll\u00f3 el miercoles [&hellip;]","og_url":"https:\/\/www.manabi.gob.ec\/index.php\/comunicadores-de-la-prefectura-de-manabi-se-capacitan-sobre-periodismo-derechos-humanos-y-movilidad-humana\/","og_site_name":"Prefectura de Manab\u00ed","article_published_time":"2022-10-03T14:01:14+00:00","article_modified_time":"2022-10-03T14:01:20+00:00","og_image":[{"width":1600,"height":1200,"url":"https:\/\/www.manabi.gob.ec\/wp-content\/uploads\/2022\/10\/WhatsApp-Image-2022-10-03-at-8.54.17-AM.jpeg","type":"image\/jpeg"}],"author":"Lui Ochoa","twitter_card":"summary_large_image","twitter_misc":{"Escrito por":"Lui Ochoa","Tiempo de lectura":"1 minuto"},"schema":{"@context":"https:\/\/schema.org","@graph":[{"@type":"Article","@id":"https:\/\/www.manabi.gob.ec\/index.php\/comunicadores-de-la-prefectura-de-manabi-se-capacitan-sobre-periodismo-derechos-humanos-y-movilidad-humana\/#article","isPartOf":{"@id":"https:\/\/www.manabi.gob.ec\/index.php\/comunicadores-de-la-prefectura-de-manabi-se-capacitan-sobre-periodismo-derechos-humanos-y-movilidad-humana\/"},"author":{"name":"Lui Ochoa","@id":"https:\/\/www.manabi.gob.ec\/#\/schema\/person\/c4f117989332ad723a6ced5994aa7d7a"},"headline":"Comunicadores de la Prefectura de Manab\u00ed, se capacitan sobre periodismo, derechos humanos y movilidad humana","datePublished":"2022-10-03T14:01:14+00:00","dateModified":"2022-10-03T14:01:20+00:00","mainEntityOfPage":{"@id":"https:\/\/www.manabi.gob.ec\/index.php\/comunicadores-de-la-prefectura-de-manabi-se-capacitan-sobre-periodismo-derechos-humanos-y-movilidad-humana\/"},"wordCount":202,"image":{"@id":"https:\/\/www.manabi.gob.ec\/index.php\/comunicadores-de-la-prefectura-de-manabi-se-capacitan-sobre-periodismo-derechos-humanos-y-movilidad-humana\/#primaryimage"},"thumbnailUrl":"https:\/\/www.manabi.gob.ec\/wp-content\/uploads\/2022\/10\/WhatsApp-Image-2022-10-03-at-8.54.17-AM.jpeg","articleSection":["Desarrollo Social","Noticias","Participaci\u00f3n ciudadana","Todas"],"inLanguage":"es"},{"@type":"WebPage","@id":"https:\/\/www.manabi.gob.ec\/index.php\/comunicadores-de-la-prefectura-de-manabi-se-capacitan-sobre-periodismo-derechos-humanos-y-movilidad-humana\/","url":"https:\/\/www.manabi.gob.ec\/index.php\/comunicadores-de-la-prefectura-de-manabi-se-capacitan-sobre-periodismo-derechos-humanos-y-movilidad-humana\/","name":"Comunicadores de la Prefectura de Manab\u00ed, se capacitan sobre periodismo, derechos humanos y movilidad humana - Prefectura de Manab\u00ed","isPartOf":{"@id":"https:\/\/www.manabi.gob.ec\/#website"},"primaryImageOfPage":{"@id":"https:\/\/www.manabi.gob.ec\/index.php\/comunicadores-de-la-prefectura-de-manabi-se-capacitan-sobre-periodismo-derechos-humanos-y-movilidad-humana\/#primaryimage"},"image":{"@id":"https:\/\/www.manabi.gob.ec\/index.php\/comunicadores-de-la-prefectura-de-manabi-se-capacitan-sobre-periodismo-derechos-humanos-y-movilidad-humana\/#primaryimage"},"thumbnailUrl":"https:\/\/www.manabi.gob.ec\/wp-content\/uploads\/2022\/10\/WhatsApp-Image-2022-10-03-at-8.54.17-AM.jpeg","datePublished":"2022-10-03T14:01:14+00:00","dateModified":"2022-10-03T14:01:20+00:00","author":{"@id":"https:\/\/www.manabi.gob.ec\/#\/schema\/person\/c4f117989332ad723a6ced5994aa7d7a"},"breadcrumb":{"@id":"https:\/\/www.manabi.gob.ec\/index.php\/comunicadores-de-la-prefectura-de-manabi-se-capacitan-sobre-periodismo-derechos-humanos-y-movilidad-humana\/#breadcrumb"},"inLanguage":"es","potentialAction":[{"@type":"ReadAction","target":["https:\/\/www.manabi.gob.ec\/index.php\/comunicadores-de-la-prefectura-de-manabi-se-capacitan-sobre-periodismo-derechos-humanos-y-movilidad-humana\/"]}]},{"@type":"ImageObject","inLanguage":"es","@id":"https:\/\/www.manabi.gob.ec\/index.php\/comunicadores-de-la-prefectura-de-manabi-se-capacitan-sobre-periodismo-derechos-humanos-y-movilidad-humana\/#primaryimage","url":"https:\/\/www.manabi.gob.ec\/wp-content\/uploads\/2022\/10\/WhatsApp-Image-2022-10-03-at-8.54.17-AM.jpeg","contentUrl":"https:\/\/www.manabi.gob.ec\/wp-content\/uploads\/2022\/10\/WhatsApp-Image-2022-10-03-at-8.54.17-AM.jpeg","width":1600,"height":1200},{"@type":"BreadcrumbList","@id":"https:\/\/www.manabi.gob.ec\/index.php\/comunicadores-de-la-prefectura-de-manabi-se-capacitan-sobre-periodismo-derechos-humanos-y-movilidad-humana\/#breadcrumb","itemListElement":[{"@type":"ListItem","position":1,"name":"Portada","item":"https:\/\/www.manabi.gob.ec\/"},{"@type":"ListItem","position":2,"name":"Comunicadores de la Prefectura de Manab\u00ed, se capacitan sobre periodismo, derechos humanos y movilidad humana"}]},{"@type":"WebSite","@id":"https:\/\/www.manabi.gob.ec\/#website","url":"https:\/\/www.manabi.gob.ec\/","name":"Prefectura de Manab\u00ed","description":"P\u00e1gina web de la prefectura","potentialAction":[{"@type":"SearchAction","target":{"@type":"EntryPoint","urlTemplate":"https:\/\/www.manabi.gob.ec\/?s={search_term_string}"},"query-input":{"@type":"PropertyValueSpecification","valueRequired":true,"valueName":"search_term_string"}}],"inLanguage":"es"},{"@type":"Person","@id":"https:\/\/www.manabi.gob.ec\/#\/schema\/person\/c4f117989332ad723a6ced5994aa7d7a","name":"Lui Ochoa","image":{"@type":"ImageObject","inLanguage":"es","@id":"https:\/\/secure.gravatar.com\/avatar\/6e8017d0fe69dead8a95864d2eb6e1e1d8bf8e01194ba49cf7b897ff038126ba?s=96&d=mm&r=g","url":"https:\/\/secure.gravatar.com\/avatar\/6e8017d0fe69dead8a95864d2eb6e1e1d8bf8e01194ba49cf7b897ff038126ba?s=96&d=mm&r=g","contentUrl":"https:\/\/secure.gravatar.com\/avatar\/6e8017d0fe69dead8a95864d2eb6e1e1d8bf8e01194ba49cf7b897ff038126ba?s=96&d=mm&r=g","caption":"Lui Ochoa"},"url":"https:\/\/www.manabi.gob.ec\/index.php\/author\/lochoa\/"}]}},"jetpack_featured_media_url":"https:\/\/www.manabi.gob.ec\/wp-content\/uploads\/2022\/10\/WhatsApp-Image-2022-10-03-at-8.54.17-AM.jpeg","_links":{"self":[{"href":"https:\/\/www.manabi.gob.ec\/index.php\/wp-json\/wp\/v2\/posts\/22325","targetHints":{"allow":["GET"]}}],"collection":[{"href":"https:\/\/www.manabi.gob.ec\/index.php\/wp-json\/wp\/v2\/posts"}],"about":[{"href":"https:\/\/www.manabi.gob.ec\/index.php\/wp-json\/wp\/v2\/types\/post"}],"author":[{"embeddable":true,"href":"https:\/\/www.manabi.gob.ec\/index.php\/wp-json\/wp\/v2\/users\/10"}],"replies":[{"embeddable":true,"href":"https:\/\/www.manabi.gob.ec\/index.php\/wp-json\/wp\/v2\/comments?post=22325"}],"version-history":[{"count":0,"href":"https:\/\/www.manabi.gob.ec\/index.php\/wp-json\/wp\/v2\/posts\/22325\/revisions"}],"wp:featuredmedia":[{"embeddable":true,"href":"https:\/\/www.manabi.gob.ec\/index.php\/wp-json\/wp\/v2\/media\/22326"}],"wp:attachment":[{"href":"https:\/\/www.manabi.gob.ec\/index.php\/wp-json\/wp\/v2\/media?parent=22325"}],"wp:term":[{"taxonomy":"category","embeddable":true,"href":"https:\/\/www.manabi.gob.ec\/index.php\/wp-json\/wp\/v2\/categories?post=22325"},{"taxonomy":"post_tag","embeddable":true,"href":"https:\/\/www.manabi.gob.ec\/index.php\/wp-json\/wp\/v2\/tags?post=22325"}],"curies":[{"name":"wp","href":"https:\/\/api.w.org\/{rel}","templated":true}]}}