{"id":22396,"date":"2022-10-11T16:54:45","date_gmt":"2022-10-11T16:54:45","guid":{"rendered":"https:\/\/www.manabi.gob.ec\/?p=22396"},"modified":"2022-10-11T16:54:50","modified_gmt":"2022-10-11T16:54:50","slug":"de-manabi-para-ecuador-y-el-mundo-2","status":"publish","type":"post","link":"https:\/\/www.manabi.gob.ec\/index.php\/de-manabi-para-ecuador-y-el-mundo-2\/","title":{"rendered":"\u00a1DE MANAB\u00cd PARA ECUADOR Y EL MUNDO!"},"content":{"rendered":"\n<p>Latitud ICHE es la primera ruta gastron\u00f3mica para vivir el sabor, la tradici\u00f3n y la experiencia<\/p>\n\n\n\n<p>En un escenario espectacular y con una vista maravillosa del oc\u00e9ano Pac\u00edfico, se realiz\u00f3 la presentaci\u00f3n de la Ruta gastron\u00f3mica Latitud ICHE.<\/p>\n\n\n\n<p>Proyecto emblem\u00e1tico que se presenta al mundo como una excelente alternativa tur\u00edstica y gastron\u00f3mica que nos enamora con los sabores ancestrales y los destinos tur\u00edsticos de los cantones Pedernales, Jama, San Vicente y Sucre.<\/p>\n\n\n\n<p>\u00abJunto al fog\u00f3n, al horno de le\u00f1a hay siglos de historia\u00bb, dijo el prefecto. Leonardo Orlando, durante el evento de presentaci\u00f3n de Latittud ICHE. Esos conocimientos milenarios est\u00e1n plasmados en cada receta, en las costumbres y tradiciones\u00bb, agreg\u00f3 el Prefecto.<br>En la presentaci\u00f3n de este ruta estuvo la embajadora de Italia, Caterina Bertoline, a quien el prefecto, Leonardo Orlando, agradeci\u00f3. \u201cDe todos los proyectos de Cooperaci\u00f3n Internacional, cerca del 80% son proyectos auspiciados por la Cooperaci\u00f3n Italiana\u00bb, expres\u00f3 el Prefecto.<\/p>\n\n\n\n<p>\u00abGracias mil por todo ese apoyo\u00bb, puntualiz\u00f3 Orlando.<\/p>\n","protected":false},"excerpt":{"rendered":"<p>Latitud ICHE es la primera ruta gastron\u00f3mica para vivir el sabor, la tradici\u00f3n y la experiencia En un escenario espectacular y con una vista maravillosa del oc\u00e9ano Pac\u00edfico, se realiz\u00f3 la presentaci\u00f3n de la Ruta gastron\u00f3mica Latitud ICHE. Proyecto emblem\u00e1tico que se presenta al mundo como una excelente alternativa tur\u00edstica y gastron\u00f3mica que nos enamora [&hellip;]<\/p>\n","protected":false},"author":10,"featured_media":22397,"comment_status":"closed","ping_status":"closed","sticky":false,"template":"","format":"standard","meta":{"_joinchat":[],"footnotes":""},"categories":[142,92,193,189,91,81],"tags":[],"class_list":["post-22396","post","type-post","status-publish","format-standard","has-post-thumbnail","hentry","category-desarrollo-social","category-noticias-manabi","category-participacion-ciudadana","category-san-vicente","category-todas","category-turismo"],"yoast_head":"<!-- This site is optimized with the Yoast SEO plugin v27.4 - https:\/\/yoast.com\/product\/yoast-seo-wordpress\/ -->\n<title>\u00a1DE MANAB\u00cd PARA ECUADOR Y EL MUNDO! - Prefectura de Manab\u00ed<\/title>\n<meta name=\"robots\" content=\"index, follow, max-snippet:-1, max-image-preview:large, max-video-preview:-1\" \/>\n<link rel=\"canonical\" href=\"https:\/\/www.manabi.gob.ec\/index.php\/de-manabi-para-ecuador-y-el-mundo-2\/\" \/>\n<meta property=\"og:locale\" content=\"es_ES\" \/>\n<meta property=\"og:type\" content=\"article\" \/>\n<meta property=\"og:title\" content=\"\u00a1DE MANAB\u00cd PARA ECUADOR Y EL MUNDO! - Prefectura de Manab\u00ed\" \/>\n<meta property=\"og:description\" content=\"Latitud ICHE es la primera ruta gastron\u00f3mica para vivir el sabor, la tradici\u00f3n y la experiencia En un escenario espectacular y con una vista maravillosa del oc\u00e9ano Pac\u00edfico, se realiz\u00f3 la presentaci\u00f3n de la Ruta gastron\u00f3mica Latitud ICHE. Proyecto emblem\u00e1tico que se presenta al mundo como una excelente alternativa tur\u00edstica y gastron\u00f3mica que nos enamora [&hellip;]\" \/>\n<meta property=\"og:url\" content=\"https:\/\/www.manabi.gob.ec\/index.php\/de-manabi-para-ecuador-y-el-mundo-2\/\" \/>\n<meta property=\"og:site_name\" content=\"Prefectura de Manab\u00ed\" \/>\n<meta property=\"article:published_time\" content=\"2022-10-11T16:54:45+00:00\" \/>\n<meta property=\"article:modified_time\" content=\"2022-10-11T16:54:50+00:00\" \/>\n<meta property=\"og:image\" content=\"https:\/\/www.manabi.gob.ec\/wp-content\/uploads\/2022\/10\/WhatsApp-Image-2022-10-07-at-7.11.23-PM.jpeg\" \/>\n\t<meta property=\"og:image:width\" content=\"1280\" \/>\n\t<meta property=\"og:image:height\" content=\"960\" \/>\n\t<meta property=\"og:image:type\" content=\"image\/jpeg\" \/>\n<meta name=\"author\" content=\"Lui Ochoa\" \/>\n<meta name=\"twitter:card\" content=\"summary_large_image\" \/>\n<meta name=\"twitter:label1\" content=\"Escrito por\" \/>\n\t<meta name=\"twitter:data1\" content=\"Lui Ochoa\" \/>\n\t<meta name=\"twitter:label2\" content=\"Tiempo de lectura\" \/>\n\t<meta name=\"twitter:data2\" content=\"1 minuto\" \/>\n<script type=\"application\/ld+json\" class=\"yoast-schema-graph\">{\"@context\":\"https:\\\/\\\/schema.org\",\"@graph\":[{\"@type\":\"Article\",\"@id\":\"https:\\\/\\\/www.manabi.gob.ec\\\/index.php\\\/de-manabi-para-ecuador-y-el-mundo-2\\\/#article\",\"isPartOf\":{\"@id\":\"https:\\\/\\\/www.manabi.gob.ec\\\/index.php\\\/de-manabi-para-ecuador-y-el-mundo-2\\\/\"},\"author\":{\"name\":\"Lui Ochoa\",\"@id\":\"https:\\\/\\\/www.manabi.gob.ec\\\/#\\\/schema\\\/person\\\/c4f117989332ad723a6ced5994aa7d7a\"},\"headline\":\"\u00a1DE MANAB\u00cd PARA ECUADOR Y EL MUNDO!\",\"datePublished\":\"2022-10-11T16:54:45+00:00\",\"dateModified\":\"2022-10-11T16:54:50+00:00\",\"mainEntityOfPage\":{\"@id\":\"https:\\\/\\\/www.manabi.gob.ec\\\/index.php\\\/de-manabi-para-ecuador-y-el-mundo-2\\\/\"},\"wordCount\":183,\"image\":{\"@id\":\"https:\\\/\\\/www.manabi.gob.ec\\\/index.php\\\/de-manabi-para-ecuador-y-el-mundo-2\\\/#primaryimage\"},\"thumbnailUrl\":\"https:\\\/\\\/www.manabi.gob.ec\\\/wp-content\\\/uploads\\\/2022\\\/10\\\/WhatsApp-Image-2022-10-07-at-7.11.23-PM.jpeg\",\"articleSection\":[\"Desarrollo Social\",\"Noticias\",\"Participaci\u00f3n ciudadana\",\"San Vicente\",\"Todas\",\"Turismo\"],\"inLanguage\":\"es\"},{\"@type\":\"WebPage\",\"@id\":\"https:\\\/\\\/www.manabi.gob.ec\\\/index.php\\\/de-manabi-para-ecuador-y-el-mundo-2\\\/\",\"url\":\"https:\\\/\\\/www.manabi.gob.ec\\\/index.php\\\/de-manabi-para-ecuador-y-el-mundo-2\\\/\",\"name\":\"\u00a1DE MANAB\u00cd PARA ECUADOR Y EL MUNDO! - Prefectura de Manab\u00ed\",\"isPartOf\":{\"@id\":\"https:\\\/\\\/www.manabi.gob.ec\\\/#website\"},\"primaryImageOfPage\":{\"@id\":\"https:\\\/\\\/www.manabi.gob.ec\\\/index.php\\\/de-manabi-para-ecuador-y-el-mundo-2\\\/#primaryimage\"},\"image\":{\"@id\":\"https:\\\/\\\/www.manabi.gob.ec\\\/index.php\\\/de-manabi-para-ecuador-y-el-mundo-2\\\/#primaryimage\"},\"thumbnailUrl\":\"https:\\\/\\\/www.manabi.gob.ec\\\/wp-content\\\/uploads\\\/2022\\\/10\\\/WhatsApp-Image-2022-10-07-at-7.11.23-PM.jpeg\",\"datePublished\":\"2022-10-11T16:54:45+00:00\",\"dateModified\":\"2022-10-11T16:54:50+00:00\",\"author\":{\"@id\":\"https:\\\/\\\/www.manabi.gob.ec\\\/#\\\/schema\\\/person\\\/c4f117989332ad723a6ced5994aa7d7a\"},\"breadcrumb\":{\"@id\":\"https:\\\/\\\/www.manabi.gob.ec\\\/index.php\\\/de-manabi-para-ecuador-y-el-mundo-2\\\/#breadcrumb\"},\"inLanguage\":\"es\",\"potentialAction\":[{\"@type\":\"ReadAction\",\"target\":[\"https:\\\/\\\/www.manabi.gob.ec\\\/index.php\\\/de-manabi-para-ecuador-y-el-mundo-2\\\/\"]}]},{\"@type\":\"ImageObject\",\"inLanguage\":\"es\",\"@id\":\"https:\\\/\\\/www.manabi.gob.ec\\\/index.php\\\/de-manabi-para-ecuador-y-el-mundo-2\\\/#primaryimage\",\"url\":\"https:\\\/\\\/www.manabi.gob.ec\\\/wp-content\\\/uploads\\\/2022\\\/10\\\/WhatsApp-Image-2022-10-07-at-7.11.23-PM.jpeg\",\"contentUrl\":\"https:\\\/\\\/www.manabi.gob.ec\\\/wp-content\\\/uploads\\\/2022\\\/10\\\/WhatsApp-Image-2022-10-07-at-7.11.23-PM.jpeg\",\"width\":1280,\"height\":960},{\"@type\":\"BreadcrumbList\",\"@id\":\"https:\\\/\\\/www.manabi.gob.ec\\\/index.php\\\/de-manabi-para-ecuador-y-el-mundo-2\\\/#breadcrumb\",\"itemListElement\":[{\"@type\":\"ListItem\",\"position\":1,\"name\":\"Portada\",\"item\":\"https:\\\/\\\/www.manabi.gob.ec\\\/\"},{\"@type\":\"ListItem\",\"position\":2,\"name\":\"\u00a1DE MANAB\u00cd PARA ECUADOR Y EL MUNDO!\"}]},{\"@type\":\"WebSite\",\"@id\":\"https:\\\/\\\/www.manabi.gob.ec\\\/#website\",\"url\":\"https:\\\/\\\/www.manabi.gob.ec\\\/\",\"name\":\"Prefectura de Manab\u00ed\",\"description\":\"P\u00e1gina web de la prefectura\",\"potentialAction\":[{\"@type\":\"SearchAction\",\"target\":{\"@type\":\"EntryPoint\",\"urlTemplate\":\"https:\\\/\\\/www.manabi.gob.ec\\\/?s={search_term_string}\"},\"query-input\":{\"@type\":\"PropertyValueSpecification\",\"valueRequired\":true,\"valueName\":\"search_term_string\"}}],\"inLanguage\":\"es\"},{\"@type\":\"Person\",\"@id\":\"https:\\\/\\\/www.manabi.gob.ec\\\/#\\\/schema\\\/person\\\/c4f117989332ad723a6ced5994aa7d7a\",\"name\":\"Lui Ochoa\",\"image\":{\"@type\":\"ImageObject\",\"inLanguage\":\"es\",\"@id\":\"https:\\\/\\\/secure.gravatar.com\\\/avatar\\\/6e8017d0fe69dead8a95864d2eb6e1e1d8bf8e01194ba49cf7b897ff038126ba?s=96&d=mm&r=g\",\"url\":\"https:\\\/\\\/secure.gravatar.com\\\/avatar\\\/6e8017d0fe69dead8a95864d2eb6e1e1d8bf8e01194ba49cf7b897ff038126ba?s=96&d=mm&r=g\",\"contentUrl\":\"https:\\\/\\\/secure.gravatar.com\\\/avatar\\\/6e8017d0fe69dead8a95864d2eb6e1e1d8bf8e01194ba49cf7b897ff038126ba?s=96&d=mm&r=g\",\"caption\":\"Lui Ochoa\"},\"url\":\"https:\\\/\\\/www.manabi.gob.ec\\\/index.php\\\/author\\\/lochoa\\\/\"}]}<\/script>\n<!-- \/ Yoast SEO plugin. -->","yoast_head_json":{"title":"\u00a1DE MANAB\u00cd PARA ECUADOR Y EL MUNDO! - Prefectura de Manab\u00ed","robots":{"index":"index","follow":"follow","max-snippet":"max-snippet:-1","max-image-preview":"max-image-preview:large","max-video-preview":"max-video-preview:-1"},"canonical":"https:\/\/www.manabi.gob.ec\/index.php\/de-manabi-para-ecuador-y-el-mundo-2\/","og_locale":"es_ES","og_type":"article","og_title":"\u00a1DE MANAB\u00cd PARA ECUADOR Y EL MUNDO! - Prefectura de Manab\u00ed","og_description":"Latitud ICHE es la primera ruta gastron\u00f3mica para vivir el sabor, la tradici\u00f3n y la experiencia En un escenario espectacular y con una vista maravillosa del oc\u00e9ano Pac\u00edfico, se realiz\u00f3 la presentaci\u00f3n de la Ruta gastron\u00f3mica Latitud ICHE. Proyecto emblem\u00e1tico que se presenta al mundo como una excelente alternativa tur\u00edstica y gastron\u00f3mica que nos enamora [&hellip;]","og_url":"https:\/\/www.manabi.gob.ec\/index.php\/de-manabi-para-ecuador-y-el-mundo-2\/","og_site_name":"Prefectura de Manab\u00ed","article_published_time":"2022-10-11T16:54:45+00:00","article_modified_time":"2022-10-11T16:54:50+00:00","og_image":[{"width":1280,"height":960,"url":"https:\/\/www.manabi.gob.ec\/wp-content\/uploads\/2022\/10\/WhatsApp-Image-2022-10-07-at-7.11.23-PM.jpeg","type":"image\/jpeg"}],"author":"Lui Ochoa","twitter_card":"summary_large_image","twitter_misc":{"Escrito por":"Lui Ochoa","Tiempo de lectura":"1 minuto"},"schema":{"@context":"https:\/\/schema.org","@graph":[{"@type":"Article","@id":"https:\/\/www.manabi.gob.ec\/index.php\/de-manabi-para-ecuador-y-el-mundo-2\/#article","isPartOf":{"@id":"https:\/\/www.manabi.gob.ec\/index.php\/de-manabi-para-ecuador-y-el-mundo-2\/"},"author":{"name":"Lui Ochoa","@id":"https:\/\/www.manabi.gob.ec\/#\/schema\/person\/c4f117989332ad723a6ced5994aa7d7a"},"headline":"\u00a1DE MANAB\u00cd PARA ECUADOR Y EL MUNDO!","datePublished":"2022-10-11T16:54:45+00:00","dateModified":"2022-10-11T16:54:50+00:00","mainEntityOfPage":{"@id":"https:\/\/www.manabi.gob.ec\/index.php\/de-manabi-para-ecuador-y-el-mundo-2\/"},"wordCount":183,"image":{"@id":"https:\/\/www.manabi.gob.ec\/index.php\/de-manabi-para-ecuador-y-el-mundo-2\/#primaryimage"},"thumbnailUrl":"https:\/\/www.manabi.gob.ec\/wp-content\/uploads\/2022\/10\/WhatsApp-Image-2022-10-07-at-7.11.23-PM.jpeg","articleSection":["Desarrollo Social","Noticias","Participaci\u00f3n ciudadana","San Vicente","Todas","Turismo"],"inLanguage":"es"},{"@type":"WebPage","@id":"https:\/\/www.manabi.gob.ec\/index.php\/de-manabi-para-ecuador-y-el-mundo-2\/","url":"https:\/\/www.manabi.gob.ec\/index.php\/de-manabi-para-ecuador-y-el-mundo-2\/","name":"\u00a1DE MANAB\u00cd PARA ECUADOR Y EL MUNDO! - Prefectura de Manab\u00ed","isPartOf":{"@id":"https:\/\/www.manabi.gob.ec\/#website"},"primaryImageOfPage":{"@id":"https:\/\/www.manabi.gob.ec\/index.php\/de-manabi-para-ecuador-y-el-mundo-2\/#primaryimage"},"image":{"@id":"https:\/\/www.manabi.gob.ec\/index.php\/de-manabi-para-ecuador-y-el-mundo-2\/#primaryimage"},"thumbnailUrl":"https:\/\/www.manabi.gob.ec\/wp-content\/uploads\/2022\/10\/WhatsApp-Image-2022-10-07-at-7.11.23-PM.jpeg","datePublished":"2022-10-11T16:54:45+00:00","dateModified":"2022-10-11T16:54:50+00:00","author":{"@id":"https:\/\/www.manabi.gob.ec\/#\/schema\/person\/c4f117989332ad723a6ced5994aa7d7a"},"breadcrumb":{"@id":"https:\/\/www.manabi.gob.ec\/index.php\/de-manabi-para-ecuador-y-el-mundo-2\/#breadcrumb"},"inLanguage":"es","potentialAction":[{"@type":"ReadAction","target":["https:\/\/www.manabi.gob.ec\/index.php\/de-manabi-para-ecuador-y-el-mundo-2\/"]}]},{"@type":"ImageObject","inLanguage":"es","@id":"https:\/\/www.manabi.gob.ec\/index.php\/de-manabi-para-ecuador-y-el-mundo-2\/#primaryimage","url":"https:\/\/www.manabi.gob.ec\/wp-content\/uploads\/2022\/10\/WhatsApp-Image-2022-10-07-at-7.11.23-PM.jpeg","contentUrl":"https:\/\/www.manabi.gob.ec\/wp-content\/uploads\/2022\/10\/WhatsApp-Image-2022-10-07-at-7.11.23-PM.jpeg","width":1280,"height":960},{"@type":"BreadcrumbList","@id":"https:\/\/www.manabi.gob.ec\/index.php\/de-manabi-para-ecuador-y-el-mundo-2\/#breadcrumb","itemListElement":[{"@type":"ListItem","position":1,"name":"Portada","item":"https:\/\/www.manabi.gob.ec\/"},{"@type":"ListItem","position":2,"name":"\u00a1DE MANAB\u00cd PARA ECUADOR Y EL MUNDO!"}]},{"@type":"WebSite","@id":"https:\/\/www.manabi.gob.ec\/#website","url":"https:\/\/www.manabi.gob.ec\/","name":"Prefectura de Manab\u00ed","description":"P\u00e1gina web de la prefectura","potentialAction":[{"@type":"SearchAction","target":{"@type":"EntryPoint","urlTemplate":"https:\/\/www.manabi.gob.ec\/?s={search_term_string}"},"query-input":{"@type":"PropertyValueSpecification","valueRequired":true,"valueName":"search_term_string"}}],"inLanguage":"es"},{"@type":"Person","@id":"https:\/\/www.manabi.gob.ec\/#\/schema\/person\/c4f117989332ad723a6ced5994aa7d7a","name":"Lui Ochoa","image":{"@type":"ImageObject","inLanguage":"es","@id":"https:\/\/secure.gravatar.com\/avatar\/6e8017d0fe69dead8a95864d2eb6e1e1d8bf8e01194ba49cf7b897ff038126ba?s=96&d=mm&r=g","url":"https:\/\/secure.gravatar.com\/avatar\/6e8017d0fe69dead8a95864d2eb6e1e1d8bf8e01194ba49cf7b897ff038126ba?s=96&d=mm&r=g","contentUrl":"https:\/\/secure.gravatar.com\/avatar\/6e8017d0fe69dead8a95864d2eb6e1e1d8bf8e01194ba49cf7b897ff038126ba?s=96&d=mm&r=g","caption":"Lui Ochoa"},"url":"https:\/\/www.manabi.gob.ec\/index.php\/author\/lochoa\/"}]}},"jetpack_featured_media_url":"https:\/\/www.manabi.gob.ec\/wp-content\/uploads\/2022\/10\/WhatsApp-Image-2022-10-07-at-7.11.23-PM.jpeg","_links":{"self":[{"href":"https:\/\/www.manabi.gob.ec\/index.php\/wp-json\/wp\/v2\/posts\/22396","targetHints":{"allow":["GET"]}}],"collection":[{"href":"https:\/\/www.manabi.gob.ec\/index.php\/wp-json\/wp\/v2\/posts"}],"about":[{"href":"https:\/\/www.manabi.gob.ec\/index.php\/wp-json\/wp\/v2\/types\/post"}],"author":[{"embeddable":true,"href":"https:\/\/www.manabi.gob.ec\/index.php\/wp-json\/wp\/v2\/users\/10"}],"replies":[{"embeddable":true,"href":"https:\/\/www.manabi.gob.ec\/index.php\/wp-json\/wp\/v2\/comments?post=22396"}],"version-history":[{"count":0,"href":"https:\/\/www.manabi.gob.ec\/index.php\/wp-json\/wp\/v2\/posts\/22396\/revisions"}],"wp:featuredmedia":[{"embeddable":true,"href":"https:\/\/www.manabi.gob.ec\/index.php\/wp-json\/wp\/v2\/media\/22397"}],"wp:attachment":[{"href":"https:\/\/www.manabi.gob.ec\/index.php\/wp-json\/wp\/v2\/media?parent=22396"}],"wp:term":[{"taxonomy":"category","embeddable":true,"href":"https:\/\/www.manabi.gob.ec\/index.php\/wp-json\/wp\/v2\/categories?post=22396"},{"taxonomy":"post_tag","embeddable":true,"href":"https:\/\/www.manabi.gob.ec\/index.php\/wp-json\/wp\/v2\/tags?post=22396"}],"curies":[{"name":"wp","href":"https:\/\/api.w.org\/{rel}","templated":true}]}}