{"id":22399,"date":"2022-10-11T16:57:39","date_gmt":"2022-10-11T16:57:39","guid":{"rendered":"https:\/\/www.manabi.gob.ec\/?p=22399"},"modified":"2022-10-11T16:57:44","modified_gmt":"2022-10-11T16:57:44","slug":"manabi-muestra-su-encanto-en-la-feria-raices-de-guayaquil","status":"publish","type":"post","link":"https:\/\/www.manabi.gob.ec\/index.php\/manabi-muestra-su-encanto-en-la-feria-raices-de-guayaquil\/","title":{"rendered":"MANAB\u00cd MUESTRA SU ENCANTO EN LA FERIA RA\u00cdCES DE GUAYAQUIL"},"content":{"rendered":"\n<p>Manab\u00ed en la piel de los guayasenses y visitantes que se dan cita en el Centro de Convenciones Sim\u00f3n Bol\u00edvar, donde se desarrolla la Novena Feria Ra\u00edces 2022.<\/p>\n\n\n\n<p><br>Basta un recorrido por el stand M\u00e1gico y Diverso o la tienda Hecho 100% en Manab\u00ed para detenerse y degustar la gastronomia ancestral de la chef Fanny Vergara de ManiShagua; probar los dulces, vinos, rompopes, roscas, alfajores, chocolates, caf\u00e9s, conservas o simplemente ver los sombreros, carteras y accesorios labrados a mano por artesanos manabitas.<\/p>\n\n\n\n<p><br>Y es que las marcas Hecho 100% en Manab\u00ed y Manab\u00ed M\u00e1gico y Diverso, promueven la oferta tur\u00edstica y productiva de la provincia con sus hermosas playas, cascadas, restaurantes, huecas, hoteles y paradis\u00edacos lugares que forman parte de las rutas tur\u00edsticas que ofrece la Prefectura de Manab\u00ed a los visitantes de la feria, que este a\u00f1o espera una afluencia de m\u00e1s de 3 mil visitantes por d\u00eda y estar\u00e1 abierta al p\u00fablico hasta las 21h00 de este lunes 10 de octubre.<\/p>\n","protected":false},"excerpt":{"rendered":"<p>Manab\u00ed en la piel de los guayasenses y visitantes que se dan cita en el Centro de Convenciones Sim\u00f3n Bol\u00edvar, donde se desarrolla la Novena Feria Ra\u00edces 2022. Basta un recorrido por el stand M\u00e1gico y Diverso o la tienda Hecho 100% en Manab\u00ed para detenerse y degustar la gastronomia ancestral de la chef Fanny [&hellip;]<\/p>\n","protected":false},"author":10,"featured_media":22400,"comment_status":"closed","ping_status":"closed","sticky":false,"template":"","format":"standard","meta":{"_joinchat":[],"footnotes":""},"categories":[142,92,91,81],"tags":[],"class_list":["post-22399","post","type-post","status-publish","format-standard","has-post-thumbnail","hentry","category-desarrollo-social","category-noticias-manabi","category-todas","category-turismo"],"yoast_head":"<!-- This site is optimized with the Yoast SEO plugin v27.4 - https:\/\/yoast.com\/product\/yoast-seo-wordpress\/ -->\n<title>MANAB\u00cd MUESTRA SU ENCANTO EN LA FERIA RA\u00cdCES DE GUAYAQUIL - Prefectura de Manab\u00ed<\/title>\n<meta name=\"description\" content=\"Manab\u00ed en la piel de los guayasenses y visitantes que se dan cita en el Centro de Convenciones Sim\u00f3n Bol\u00edvar, donde se desarrolla la Novena Feria Ra\u00edces 2022.Basta un recorrido por el stand M\u00e1gico y Diverso o la tienda Hecho 100% en Manab\u00ed para detenerse y degustar la gastronomia ancestral de la chef Fanny Vergara de ManiShagua; probar los dulces, vinos, rompopes, roscas, alfajores, chocolates, caf\u00e9s, conservas o simplemente ver los sombreros, carteras y accesorios labrados a mano por artesanos manabitas.Y es que las marcas Hecho 100% en Manab\u00ed y Manab\u00ed M\u00e1gico y Diverso, promueven la oferta tur\u00edstica y productiva de la provincia con sus hermosas playas, cascadas, restaurantes, huecas, hoteles y paradis\u00edacos lugares que forman parte de las rutas tur\u00edsticas que ofrece la Prefectura de Manab\u00ed a los visitantes de la feria, que este a\u00f1o espera una afluencia de m\u00e1s de 3 mil visitantes por d\u00eda y estar\u00e1 abierta al p\u00fablico hasta las 21h00 de este lunes 10 de octubre.\" \/>\n<meta name=\"robots\" content=\"index, follow, max-snippet:-1, max-image-preview:large, max-video-preview:-1\" \/>\n<link rel=\"canonical\" href=\"https:\/\/www.manabi.gob.ec\/index.php\/manabi-muestra-su-encanto-en-la-feria-raices-de-guayaquil\/\" \/>\n<meta property=\"og:locale\" content=\"es_ES\" \/>\n<meta property=\"og:type\" content=\"article\" \/>\n<meta property=\"og:title\" content=\"MANAB\u00cd MUESTRA SU ENCANTO EN LA FERIA RA\u00cdCES DE GUAYAQUIL - Prefectura de Manab\u00ed\" \/>\n<meta property=\"og:description\" content=\"Manab\u00ed en la piel de los guayasenses y visitantes que se dan cita en el Centro de Convenciones Sim\u00f3n Bol\u00edvar, donde se desarrolla la Novena Feria Ra\u00edces 2022.Basta un recorrido por el stand M\u00e1gico y Diverso o la tienda Hecho 100% en Manab\u00ed para detenerse y degustar la gastronomia ancestral de la chef Fanny Vergara de ManiShagua; probar los dulces, vinos, rompopes, roscas, alfajores, chocolates, caf\u00e9s, conservas o simplemente ver los sombreros, carteras y accesorios labrados a mano por artesanos manabitas.Y es que las marcas Hecho 100% en Manab\u00ed y Manab\u00ed M\u00e1gico y Diverso, promueven la oferta tur\u00edstica y productiva de la provincia con sus hermosas playas, cascadas, restaurantes, huecas, hoteles y paradis\u00edacos lugares que forman parte de las rutas tur\u00edsticas que ofrece la Prefectura de Manab\u00ed a los visitantes de la feria, que este a\u00f1o espera una afluencia de m\u00e1s de 3 mil visitantes por d\u00eda y estar\u00e1 abierta al p\u00fablico hasta las 21h00 de este lunes 10 de octubre.\" \/>\n<meta property=\"og:url\" content=\"https:\/\/www.manabi.gob.ec\/index.php\/manabi-muestra-su-encanto-en-la-feria-raices-de-guayaquil\/\" \/>\n<meta property=\"og:site_name\" content=\"Prefectura de Manab\u00ed\" \/>\n<meta property=\"article:published_time\" content=\"2022-10-11T16:57:39+00:00\" \/>\n<meta property=\"article:modified_time\" content=\"2022-10-11T16:57:44+00:00\" \/>\n<meta property=\"og:image\" content=\"https:\/\/www.manabi.gob.ec\/wp-content\/uploads\/2022\/10\/WhatsApp-Image-2022-10-08-at-6.47.43-PM.jpeg\" \/>\n\t<meta property=\"og:image:width\" content=\"1600\" \/>\n\t<meta property=\"og:image:height\" content=\"1200\" \/>\n\t<meta property=\"og:image:type\" content=\"image\/jpeg\" \/>\n<meta name=\"author\" content=\"Lui Ochoa\" \/>\n<meta name=\"twitter:card\" content=\"summary_large_image\" \/>\n<meta name=\"twitter:label1\" content=\"Escrito por\" \/>\n\t<meta name=\"twitter:data1\" content=\"Lui Ochoa\" \/>\n\t<meta name=\"twitter:label2\" content=\"Tiempo de lectura\" \/>\n\t<meta name=\"twitter:data2\" content=\"1 minuto\" \/>\n<script type=\"application\/ld+json\" class=\"yoast-schema-graph\">{\"@context\":\"https:\\\/\\\/schema.org\",\"@graph\":[{\"@type\":\"Article\",\"@id\":\"https:\\\/\\\/www.manabi.gob.ec\\\/index.php\\\/manabi-muestra-su-encanto-en-la-feria-raices-de-guayaquil\\\/#article\",\"isPartOf\":{\"@id\":\"https:\\\/\\\/www.manabi.gob.ec\\\/index.php\\\/manabi-muestra-su-encanto-en-la-feria-raices-de-guayaquil\\\/\"},\"author\":{\"name\":\"Lui Ochoa\",\"@id\":\"https:\\\/\\\/www.manabi.gob.ec\\\/#\\\/schema\\\/person\\\/c4f117989332ad723a6ced5994aa7d7a\"},\"headline\":\"MANAB\u00cd MUESTRA SU ENCANTO EN LA FERIA RA\u00cdCES DE GUAYAQUIL\",\"datePublished\":\"2022-10-11T16:57:39+00:00\",\"dateModified\":\"2022-10-11T16:57:44+00:00\",\"mainEntityOfPage\":{\"@id\":\"https:\\\/\\\/www.manabi.gob.ec\\\/index.php\\\/manabi-muestra-su-encanto-en-la-feria-raices-de-guayaquil\\\/\"},\"wordCount\":182,\"image\":{\"@id\":\"https:\\\/\\\/www.manabi.gob.ec\\\/index.php\\\/manabi-muestra-su-encanto-en-la-feria-raices-de-guayaquil\\\/#primaryimage\"},\"thumbnailUrl\":\"https:\\\/\\\/www.manabi.gob.ec\\\/wp-content\\\/uploads\\\/2022\\\/10\\\/WhatsApp-Image-2022-10-08-at-6.47.43-PM.jpeg\",\"articleSection\":[\"Desarrollo Social\",\"Noticias\",\"Todas\",\"Turismo\"],\"inLanguage\":\"es\"},{\"@type\":\"WebPage\",\"@id\":\"https:\\\/\\\/www.manabi.gob.ec\\\/index.php\\\/manabi-muestra-su-encanto-en-la-feria-raices-de-guayaquil\\\/\",\"url\":\"https:\\\/\\\/www.manabi.gob.ec\\\/index.php\\\/manabi-muestra-su-encanto-en-la-feria-raices-de-guayaquil\\\/\",\"name\":\"MANAB\u00cd MUESTRA SU ENCANTO EN LA FERIA RA\u00cdCES DE GUAYAQUIL - Prefectura de Manab\u00ed\",\"isPartOf\":{\"@id\":\"https:\\\/\\\/www.manabi.gob.ec\\\/#website\"},\"primaryImageOfPage\":{\"@id\":\"https:\\\/\\\/www.manabi.gob.ec\\\/index.php\\\/manabi-muestra-su-encanto-en-la-feria-raices-de-guayaquil\\\/#primaryimage\"},\"image\":{\"@id\":\"https:\\\/\\\/www.manabi.gob.ec\\\/index.php\\\/manabi-muestra-su-encanto-en-la-feria-raices-de-guayaquil\\\/#primaryimage\"},\"thumbnailUrl\":\"https:\\\/\\\/www.manabi.gob.ec\\\/wp-content\\\/uploads\\\/2022\\\/10\\\/WhatsApp-Image-2022-10-08-at-6.47.43-PM.jpeg\",\"datePublished\":\"2022-10-11T16:57:39+00:00\",\"dateModified\":\"2022-10-11T16:57:44+00:00\",\"author\":{\"@id\":\"https:\\\/\\\/www.manabi.gob.ec\\\/#\\\/schema\\\/person\\\/c4f117989332ad723a6ced5994aa7d7a\"},\"description\":\"Manab\u00ed en la piel de los guayasenses y visitantes que se dan cita en el Centro de Convenciones Sim\u00f3n Bol\u00edvar, donde se desarrolla la Novena Feria Ra\u00edces 2022.Basta un recorrido por el stand M\u00e1gico y Diverso o la tienda Hecho 100% en Manab\u00ed para detenerse y degustar la gastronomia ancestral de la chef Fanny Vergara de ManiShagua; probar los dulces, vinos, rompopes, roscas, alfajores, chocolates, caf\u00e9s, conservas o simplemente ver los sombreros, carteras y accesorios labrados a mano por artesanos manabitas.Y es que las marcas Hecho 100% en Manab\u00ed y Manab\u00ed M\u00e1gico y Diverso, promueven la oferta tur\u00edstica y productiva de la provincia con sus hermosas playas, cascadas, restaurantes, huecas, hoteles y paradis\u00edacos lugares que forman parte de las rutas tur\u00edsticas que ofrece la Prefectura de Manab\u00ed a los visitantes de la feria, que este a\u00f1o espera una afluencia de m\u00e1s de 3 mil visitantes por d\u00eda y estar\u00e1 abierta al p\u00fablico hasta las 21h00 de este lunes 10 de octubre.\",\"breadcrumb\":{\"@id\":\"https:\\\/\\\/www.manabi.gob.ec\\\/index.php\\\/manabi-muestra-su-encanto-en-la-feria-raices-de-guayaquil\\\/#breadcrumb\"},\"inLanguage\":\"es\",\"potentialAction\":[{\"@type\":\"ReadAction\",\"target\":[\"https:\\\/\\\/www.manabi.gob.ec\\\/index.php\\\/manabi-muestra-su-encanto-en-la-feria-raices-de-guayaquil\\\/\"]}]},{\"@type\":\"ImageObject\",\"inLanguage\":\"es\",\"@id\":\"https:\\\/\\\/www.manabi.gob.ec\\\/index.php\\\/manabi-muestra-su-encanto-en-la-feria-raices-de-guayaquil\\\/#primaryimage\",\"url\":\"https:\\\/\\\/www.manabi.gob.ec\\\/wp-content\\\/uploads\\\/2022\\\/10\\\/WhatsApp-Image-2022-10-08-at-6.47.43-PM.jpeg\",\"contentUrl\":\"https:\\\/\\\/www.manabi.gob.ec\\\/wp-content\\\/uploads\\\/2022\\\/10\\\/WhatsApp-Image-2022-10-08-at-6.47.43-PM.jpeg\",\"width\":1600,\"height\":1200},{\"@type\":\"BreadcrumbList\",\"@id\":\"https:\\\/\\\/www.manabi.gob.ec\\\/index.php\\\/manabi-muestra-su-encanto-en-la-feria-raices-de-guayaquil\\\/#breadcrumb\",\"itemListElement\":[{\"@type\":\"ListItem\",\"position\":1,\"name\":\"Portada\",\"item\":\"https:\\\/\\\/www.manabi.gob.ec\\\/\"},{\"@type\":\"ListItem\",\"position\":2,\"name\":\"MANAB\u00cd MUESTRA SU ENCANTO EN LA FERIA RA\u00cdCES DE GUAYAQUIL\"}]},{\"@type\":\"WebSite\",\"@id\":\"https:\\\/\\\/www.manabi.gob.ec\\\/#website\",\"url\":\"https:\\\/\\\/www.manabi.gob.ec\\\/\",\"name\":\"Prefectura de Manab\u00ed\",\"description\":\"P\u00e1gina web de la prefectura\",\"potentialAction\":[{\"@type\":\"SearchAction\",\"target\":{\"@type\":\"EntryPoint\",\"urlTemplate\":\"https:\\\/\\\/www.manabi.gob.ec\\\/?s={search_term_string}\"},\"query-input\":{\"@type\":\"PropertyValueSpecification\",\"valueRequired\":true,\"valueName\":\"search_term_string\"}}],\"inLanguage\":\"es\"},{\"@type\":\"Person\",\"@id\":\"https:\\\/\\\/www.manabi.gob.ec\\\/#\\\/schema\\\/person\\\/c4f117989332ad723a6ced5994aa7d7a\",\"name\":\"Lui Ochoa\",\"image\":{\"@type\":\"ImageObject\",\"inLanguage\":\"es\",\"@id\":\"https:\\\/\\\/secure.gravatar.com\\\/avatar\\\/6e8017d0fe69dead8a95864d2eb6e1e1d8bf8e01194ba49cf7b897ff038126ba?s=96&d=mm&r=g\",\"url\":\"https:\\\/\\\/secure.gravatar.com\\\/avatar\\\/6e8017d0fe69dead8a95864d2eb6e1e1d8bf8e01194ba49cf7b897ff038126ba?s=96&d=mm&r=g\",\"contentUrl\":\"https:\\\/\\\/secure.gravatar.com\\\/avatar\\\/6e8017d0fe69dead8a95864d2eb6e1e1d8bf8e01194ba49cf7b897ff038126ba?s=96&d=mm&r=g\",\"caption\":\"Lui Ochoa\"},\"url\":\"https:\\\/\\\/www.manabi.gob.ec\\\/index.php\\\/author\\\/lochoa\\\/\"}]}<\/script>\n<!-- \/ Yoast SEO plugin. -->","yoast_head_json":{"title":"MANAB\u00cd MUESTRA SU ENCANTO EN LA FERIA RA\u00cdCES DE GUAYAQUIL - Prefectura de Manab\u00ed","description":"Manab\u00ed en la piel de los guayasenses y visitantes que se dan cita en el Centro de Convenciones Sim\u00f3n Bol\u00edvar, donde se desarrolla la Novena Feria Ra\u00edces 2022.Basta un recorrido por el stand M\u00e1gico y Diverso o la tienda Hecho 100% en Manab\u00ed para detenerse y degustar la gastronomia ancestral de la chef Fanny Vergara de ManiShagua; probar los dulces, vinos, rompopes, roscas, alfajores, chocolates, caf\u00e9s, conservas o simplemente ver los sombreros, carteras y accesorios labrados a mano por artesanos manabitas.Y es que las marcas Hecho 100% en Manab\u00ed y Manab\u00ed M\u00e1gico y Diverso, promueven la oferta tur\u00edstica y productiva de la provincia con sus hermosas playas, cascadas, restaurantes, huecas, hoteles y paradis\u00edacos lugares que forman parte de las rutas tur\u00edsticas que ofrece la Prefectura de Manab\u00ed a los visitantes de la feria, que este a\u00f1o espera una afluencia de m\u00e1s de 3 mil visitantes por d\u00eda y estar\u00e1 abierta al p\u00fablico hasta las 21h00 de este lunes 10 de octubre.","robots":{"index":"index","follow":"follow","max-snippet":"max-snippet:-1","max-image-preview":"max-image-preview:large","max-video-preview":"max-video-preview:-1"},"canonical":"https:\/\/www.manabi.gob.ec\/index.php\/manabi-muestra-su-encanto-en-la-feria-raices-de-guayaquil\/","og_locale":"es_ES","og_type":"article","og_title":"MANAB\u00cd MUESTRA SU ENCANTO EN LA FERIA RA\u00cdCES DE GUAYAQUIL - Prefectura de Manab\u00ed","og_description":"Manab\u00ed en la piel de los guayasenses y visitantes que se dan cita en el Centro de Convenciones Sim\u00f3n Bol\u00edvar, donde se desarrolla la Novena Feria Ra\u00edces 2022.Basta un recorrido por el stand M\u00e1gico y Diverso o la tienda Hecho 100% en Manab\u00ed para detenerse y degustar la gastronomia ancestral de la chef Fanny Vergara de ManiShagua; probar los dulces, vinos, rompopes, roscas, alfajores, chocolates, caf\u00e9s, conservas o simplemente ver los sombreros, carteras y accesorios labrados a mano por artesanos manabitas.Y es que las marcas Hecho 100% en Manab\u00ed y Manab\u00ed M\u00e1gico y Diverso, promueven la oferta tur\u00edstica y productiva de la provincia con sus hermosas playas, cascadas, restaurantes, huecas, hoteles y paradis\u00edacos lugares que forman parte de las rutas tur\u00edsticas que ofrece la Prefectura de Manab\u00ed a los visitantes de la feria, que este a\u00f1o espera una afluencia de m\u00e1s de 3 mil visitantes por d\u00eda y estar\u00e1 abierta al p\u00fablico hasta las 21h00 de este lunes 10 de octubre.","og_url":"https:\/\/www.manabi.gob.ec\/index.php\/manabi-muestra-su-encanto-en-la-feria-raices-de-guayaquil\/","og_site_name":"Prefectura de Manab\u00ed","article_published_time":"2022-10-11T16:57:39+00:00","article_modified_time":"2022-10-11T16:57:44+00:00","og_image":[{"width":1600,"height":1200,"url":"https:\/\/www.manabi.gob.ec\/wp-content\/uploads\/2022\/10\/WhatsApp-Image-2022-10-08-at-6.47.43-PM.jpeg","type":"image\/jpeg"}],"author":"Lui Ochoa","twitter_card":"summary_large_image","twitter_misc":{"Escrito por":"Lui Ochoa","Tiempo de lectura":"1 minuto"},"schema":{"@context":"https:\/\/schema.org","@graph":[{"@type":"Article","@id":"https:\/\/www.manabi.gob.ec\/index.php\/manabi-muestra-su-encanto-en-la-feria-raices-de-guayaquil\/#article","isPartOf":{"@id":"https:\/\/www.manabi.gob.ec\/index.php\/manabi-muestra-su-encanto-en-la-feria-raices-de-guayaquil\/"},"author":{"name":"Lui Ochoa","@id":"https:\/\/www.manabi.gob.ec\/#\/schema\/person\/c4f117989332ad723a6ced5994aa7d7a"},"headline":"MANAB\u00cd MUESTRA SU ENCANTO EN LA FERIA RA\u00cdCES DE GUAYAQUIL","datePublished":"2022-10-11T16:57:39+00:00","dateModified":"2022-10-11T16:57:44+00:00","mainEntityOfPage":{"@id":"https:\/\/www.manabi.gob.ec\/index.php\/manabi-muestra-su-encanto-en-la-feria-raices-de-guayaquil\/"},"wordCount":182,"image":{"@id":"https:\/\/www.manabi.gob.ec\/index.php\/manabi-muestra-su-encanto-en-la-feria-raices-de-guayaquil\/#primaryimage"},"thumbnailUrl":"https:\/\/www.manabi.gob.ec\/wp-content\/uploads\/2022\/10\/WhatsApp-Image-2022-10-08-at-6.47.43-PM.jpeg","articleSection":["Desarrollo Social","Noticias","Todas","Turismo"],"inLanguage":"es"},{"@type":"WebPage","@id":"https:\/\/www.manabi.gob.ec\/index.php\/manabi-muestra-su-encanto-en-la-feria-raices-de-guayaquil\/","url":"https:\/\/www.manabi.gob.ec\/index.php\/manabi-muestra-su-encanto-en-la-feria-raices-de-guayaquil\/","name":"MANAB\u00cd MUESTRA SU ENCANTO EN LA FERIA RA\u00cdCES DE GUAYAQUIL - Prefectura de Manab\u00ed","isPartOf":{"@id":"https:\/\/www.manabi.gob.ec\/#website"},"primaryImageOfPage":{"@id":"https:\/\/www.manabi.gob.ec\/index.php\/manabi-muestra-su-encanto-en-la-feria-raices-de-guayaquil\/#primaryimage"},"image":{"@id":"https:\/\/www.manabi.gob.ec\/index.php\/manabi-muestra-su-encanto-en-la-feria-raices-de-guayaquil\/#primaryimage"},"thumbnailUrl":"https:\/\/www.manabi.gob.ec\/wp-content\/uploads\/2022\/10\/WhatsApp-Image-2022-10-08-at-6.47.43-PM.jpeg","datePublished":"2022-10-11T16:57:39+00:00","dateModified":"2022-10-11T16:57:44+00:00","author":{"@id":"https:\/\/www.manabi.gob.ec\/#\/schema\/person\/c4f117989332ad723a6ced5994aa7d7a"},"description":"Manab\u00ed en la piel de los guayasenses y visitantes que se dan cita en el Centro de Convenciones Sim\u00f3n Bol\u00edvar, donde se desarrolla la Novena Feria Ra\u00edces 2022.Basta un recorrido por el stand M\u00e1gico y Diverso o la tienda Hecho 100% en Manab\u00ed para detenerse y degustar la gastronomia ancestral de la chef Fanny Vergara de ManiShagua; probar los dulces, vinos, rompopes, roscas, alfajores, chocolates, caf\u00e9s, conservas o simplemente ver los sombreros, carteras y accesorios labrados a mano por artesanos manabitas.Y es que las marcas Hecho 100% en Manab\u00ed y Manab\u00ed M\u00e1gico y Diverso, promueven la oferta tur\u00edstica y productiva de la provincia con sus hermosas playas, cascadas, restaurantes, huecas, hoteles y paradis\u00edacos lugares que forman parte de las rutas tur\u00edsticas que ofrece la Prefectura de Manab\u00ed a los visitantes de la feria, que este a\u00f1o espera una afluencia de m\u00e1s de 3 mil visitantes por d\u00eda y estar\u00e1 abierta al p\u00fablico hasta las 21h00 de este lunes 10 de octubre.","breadcrumb":{"@id":"https:\/\/www.manabi.gob.ec\/index.php\/manabi-muestra-su-encanto-en-la-feria-raices-de-guayaquil\/#breadcrumb"},"inLanguage":"es","potentialAction":[{"@type":"ReadAction","target":["https:\/\/www.manabi.gob.ec\/index.php\/manabi-muestra-su-encanto-en-la-feria-raices-de-guayaquil\/"]}]},{"@type":"ImageObject","inLanguage":"es","@id":"https:\/\/www.manabi.gob.ec\/index.php\/manabi-muestra-su-encanto-en-la-feria-raices-de-guayaquil\/#primaryimage","url":"https:\/\/www.manabi.gob.ec\/wp-content\/uploads\/2022\/10\/WhatsApp-Image-2022-10-08-at-6.47.43-PM.jpeg","contentUrl":"https:\/\/www.manabi.gob.ec\/wp-content\/uploads\/2022\/10\/WhatsApp-Image-2022-10-08-at-6.47.43-PM.jpeg","width":1600,"height":1200},{"@type":"BreadcrumbList","@id":"https:\/\/www.manabi.gob.ec\/index.php\/manabi-muestra-su-encanto-en-la-feria-raices-de-guayaquil\/#breadcrumb","itemListElement":[{"@type":"ListItem","position":1,"name":"Portada","item":"https:\/\/www.manabi.gob.ec\/"},{"@type":"ListItem","position":2,"name":"MANAB\u00cd MUESTRA SU ENCANTO EN LA FERIA RA\u00cdCES DE GUAYAQUIL"}]},{"@type":"WebSite","@id":"https:\/\/www.manabi.gob.ec\/#website","url":"https:\/\/www.manabi.gob.ec\/","name":"Prefectura de Manab\u00ed","description":"P\u00e1gina web de la prefectura","potentialAction":[{"@type":"SearchAction","target":{"@type":"EntryPoint","urlTemplate":"https:\/\/www.manabi.gob.ec\/?s={search_term_string}"},"query-input":{"@type":"PropertyValueSpecification","valueRequired":true,"valueName":"search_term_string"}}],"inLanguage":"es"},{"@type":"Person","@id":"https:\/\/www.manabi.gob.ec\/#\/schema\/person\/c4f117989332ad723a6ced5994aa7d7a","name":"Lui Ochoa","image":{"@type":"ImageObject","inLanguage":"es","@id":"https:\/\/secure.gravatar.com\/avatar\/6e8017d0fe69dead8a95864d2eb6e1e1d8bf8e01194ba49cf7b897ff038126ba?s=96&d=mm&r=g","url":"https:\/\/secure.gravatar.com\/avatar\/6e8017d0fe69dead8a95864d2eb6e1e1d8bf8e01194ba49cf7b897ff038126ba?s=96&d=mm&r=g","contentUrl":"https:\/\/secure.gravatar.com\/avatar\/6e8017d0fe69dead8a95864d2eb6e1e1d8bf8e01194ba49cf7b897ff038126ba?s=96&d=mm&r=g","caption":"Lui Ochoa"},"url":"https:\/\/www.manabi.gob.ec\/index.php\/author\/lochoa\/"}]}},"jetpack_featured_media_url":"https:\/\/www.manabi.gob.ec\/wp-content\/uploads\/2022\/10\/WhatsApp-Image-2022-10-08-at-6.47.43-PM.jpeg","_links":{"self":[{"href":"https:\/\/www.manabi.gob.ec\/index.php\/wp-json\/wp\/v2\/posts\/22399","targetHints":{"allow":["GET"]}}],"collection":[{"href":"https:\/\/www.manabi.gob.ec\/index.php\/wp-json\/wp\/v2\/posts"}],"about":[{"href":"https:\/\/www.manabi.gob.ec\/index.php\/wp-json\/wp\/v2\/types\/post"}],"author":[{"embeddable":true,"href":"https:\/\/www.manabi.gob.ec\/index.php\/wp-json\/wp\/v2\/users\/10"}],"replies":[{"embeddable":true,"href":"https:\/\/www.manabi.gob.ec\/index.php\/wp-json\/wp\/v2\/comments?post=22399"}],"version-history":[{"count":0,"href":"https:\/\/www.manabi.gob.ec\/index.php\/wp-json\/wp\/v2\/posts\/22399\/revisions"}],"wp:featuredmedia":[{"embeddable":true,"href":"https:\/\/www.manabi.gob.ec\/index.php\/wp-json\/wp\/v2\/media\/22400"}],"wp:attachment":[{"href":"https:\/\/www.manabi.gob.ec\/index.php\/wp-json\/wp\/v2\/media?parent=22399"}],"wp:term":[{"taxonomy":"category","embeddable":true,"href":"https:\/\/www.manabi.gob.ec\/index.php\/wp-json\/wp\/v2\/categories?post=22399"},{"taxonomy":"post_tag","embeddable":true,"href":"https:\/\/www.manabi.gob.ec\/index.php\/wp-json\/wp\/v2\/tags?post=22399"}],"curies":[{"name":"wp","href":"https:\/\/api.w.org\/{rel}","templated":true}]}}