{"id":22497,"date":"2022-10-18T20:43:14","date_gmt":"2022-10-18T20:43:14","guid":{"rendered":"https:\/\/www.manabi.gob.ec\/?p=22497"},"modified":"2022-10-18T20:43:18","modified_gmt":"2022-10-18T20:43:18","slug":"salieron-felices-y-con-lentes","status":"publish","type":"post","link":"https:\/\/www.manabi.gob.ec\/index.php\/salieron-felices-y-con-lentes\/","title":{"rendered":"\u00a1SALIERON FELICES Y CON LENTES!"},"content":{"rendered":"\n<p>Brigada m\u00e9dica de la Prefectura brind\u00f3 servicios en San Ignacio de Col\u00f3n<\/p>\n\n\n\n<p>Las brigadas m\u00e9dicas de la Prefectura de Manab\u00ed siguen recorriendo la provincia, cuidando la salud de adultos mayores, ni\u00f1os y adolescentes, personas con discapacidad, y otros pertenecientes a los grupos de atenci\u00f3n prioritaria, como parte del programa Operaci\u00f3n Justicia Social.<\/p>\n\n\n\n<p>La tarde de este martes, 11 de octubre, 4 m\u00e9dicos generales, 4 odont\u00f3logos, y un optometrista, llegaron a brindar sus servicios de forma gratuita a m\u00e1s de 250 moradores de la comunidad San Ignacio, perteneciente a la parroquia Col\u00f3n del cant\u00f3n Portoviejo. Los beneficiarios tambi\u00e9n recibieron lentes y medicinas.<\/p>\n\n\n\n<p>\u201cPara m\u00ed es un beneficio muy bueno, porque ahora no hay plata para llevar los chicos a los m\u00e9dicos. Que sigan as\u00ed\u201d, manifest\u00f3 Rosa Zambrano, quien llevo a su mam\u00e1, a un sobrino, y a un nieto a hacerse atender por el personal de la Prefectura.<\/p>\n\n\n\n<p>\u201cEstoy muy agradecida. Tambi\u00e9n llevo los lentes y las medicinas\u201d, expres\u00f3 de su parte la adulta mayor Rosa Alvarado.<\/p>\n","protected":false},"excerpt":{"rendered":"<p>Brigada m\u00e9dica de la Prefectura brind\u00f3 servicios en San Ignacio de Col\u00f3n Las brigadas m\u00e9dicas de la Prefectura de Manab\u00ed siguen recorriendo la provincia, cuidando la salud de adultos mayores, ni\u00f1os y adolescentes, personas con discapacidad, y otros pertenecientes a los grupos de atenci\u00f3n prioritaria, como parte del programa Operaci\u00f3n Justicia Social. La tarde de [&hellip;]<\/p>\n","protected":false},"author":10,"featured_media":22498,"comment_status":"closed","ping_status":"closed","sticky":false,"template":"","format":"standard","meta":{"_joinchat":[],"footnotes":""},"categories":[142,91],"tags":[],"class_list":["post-22497","post","type-post","status-publish","format-standard","has-post-thumbnail","hentry","category-desarrollo-social","category-todas"],"yoast_head":"<!-- This site is optimized with the Yoast SEO plugin v27.4 - https:\/\/yoast.com\/product\/yoast-seo-wordpress\/ -->\n<title>\u00a1SALIERON FELICES Y CON LENTES! - Prefectura de Manab\u00ed<\/title>\n<meta name=\"robots\" content=\"index, follow, max-snippet:-1, max-image-preview:large, max-video-preview:-1\" \/>\n<link rel=\"canonical\" href=\"https:\/\/www.manabi.gob.ec\/index.php\/salieron-felices-y-con-lentes\/\" \/>\n<meta property=\"og:locale\" content=\"es_ES\" \/>\n<meta property=\"og:type\" content=\"article\" \/>\n<meta property=\"og:title\" content=\"\u00a1SALIERON FELICES Y CON LENTES! - Prefectura de Manab\u00ed\" \/>\n<meta property=\"og:description\" content=\"Brigada m\u00e9dica de la Prefectura brind\u00f3 servicios en San Ignacio de Col\u00f3n Las brigadas m\u00e9dicas de la Prefectura de Manab\u00ed siguen recorriendo la provincia, cuidando la salud de adultos mayores, ni\u00f1os y adolescentes, personas con discapacidad, y otros pertenecientes a los grupos de atenci\u00f3n prioritaria, como parte del programa Operaci\u00f3n Justicia Social. La tarde de [&hellip;]\" \/>\n<meta property=\"og:url\" content=\"https:\/\/www.manabi.gob.ec\/index.php\/salieron-felices-y-con-lentes\/\" \/>\n<meta property=\"og:site_name\" content=\"Prefectura de Manab\u00ed\" \/>\n<meta property=\"article:published_time\" content=\"2022-10-18T20:43:14+00:00\" \/>\n<meta property=\"article:modified_time\" content=\"2022-10-18T20:43:18+00:00\" \/>\n<meta property=\"og:image\" content=\"https:\/\/www.manabi.gob.ec\/wp-content\/uploads\/2022\/10\/WhatsApp-Image-2022-10-11-at-10.00.58-PM.jpeg\" \/>\n\t<meta property=\"og:image:width\" content=\"1599\" \/>\n\t<meta property=\"og:image:height\" content=\"1066\" \/>\n\t<meta property=\"og:image:type\" content=\"image\/jpeg\" \/>\n<meta name=\"author\" content=\"Lui Ochoa\" \/>\n<meta name=\"twitter:card\" content=\"summary_large_image\" \/>\n<meta name=\"twitter:label1\" content=\"Escrito por\" \/>\n\t<meta name=\"twitter:data1\" content=\"Lui Ochoa\" \/>\n\t<meta name=\"twitter:label2\" content=\"Tiempo de lectura\" \/>\n\t<meta name=\"twitter:data2\" content=\"1 minuto\" \/>\n<script type=\"application\/ld+json\" class=\"yoast-schema-graph\">{\"@context\":\"https:\\\/\\\/schema.org\",\"@graph\":[{\"@type\":\"Article\",\"@id\":\"https:\\\/\\\/www.manabi.gob.ec\\\/index.php\\\/salieron-felices-y-con-lentes\\\/#article\",\"isPartOf\":{\"@id\":\"https:\\\/\\\/www.manabi.gob.ec\\\/index.php\\\/salieron-felices-y-con-lentes\\\/\"},\"author\":{\"name\":\"Lui Ochoa\",\"@id\":\"https:\\\/\\\/www.manabi.gob.ec\\\/#\\\/schema\\\/person\\\/c4f117989332ad723a6ced5994aa7d7a\"},\"headline\":\"\u00a1SALIERON FELICES Y CON LENTES!\",\"datePublished\":\"2022-10-18T20:43:14+00:00\",\"dateModified\":\"2022-10-18T20:43:18+00:00\",\"mainEntityOfPage\":{\"@id\":\"https:\\\/\\\/www.manabi.gob.ec\\\/index.php\\\/salieron-felices-y-con-lentes\\\/\"},\"wordCount\":181,\"image\":{\"@id\":\"https:\\\/\\\/www.manabi.gob.ec\\\/index.php\\\/salieron-felices-y-con-lentes\\\/#primaryimage\"},\"thumbnailUrl\":\"https:\\\/\\\/www.manabi.gob.ec\\\/wp-content\\\/uploads\\\/2022\\\/10\\\/WhatsApp-Image-2022-10-11-at-10.00.58-PM.jpeg\",\"articleSection\":[\"Desarrollo Social\",\"Todas\"],\"inLanguage\":\"es\"},{\"@type\":\"WebPage\",\"@id\":\"https:\\\/\\\/www.manabi.gob.ec\\\/index.php\\\/salieron-felices-y-con-lentes\\\/\",\"url\":\"https:\\\/\\\/www.manabi.gob.ec\\\/index.php\\\/salieron-felices-y-con-lentes\\\/\",\"name\":\"\u00a1SALIERON FELICES Y CON LENTES! - Prefectura de Manab\u00ed\",\"isPartOf\":{\"@id\":\"https:\\\/\\\/www.manabi.gob.ec\\\/#website\"},\"primaryImageOfPage\":{\"@id\":\"https:\\\/\\\/www.manabi.gob.ec\\\/index.php\\\/salieron-felices-y-con-lentes\\\/#primaryimage\"},\"image\":{\"@id\":\"https:\\\/\\\/www.manabi.gob.ec\\\/index.php\\\/salieron-felices-y-con-lentes\\\/#primaryimage\"},\"thumbnailUrl\":\"https:\\\/\\\/www.manabi.gob.ec\\\/wp-content\\\/uploads\\\/2022\\\/10\\\/WhatsApp-Image-2022-10-11-at-10.00.58-PM.jpeg\",\"datePublished\":\"2022-10-18T20:43:14+00:00\",\"dateModified\":\"2022-10-18T20:43:18+00:00\",\"author\":{\"@id\":\"https:\\\/\\\/www.manabi.gob.ec\\\/#\\\/schema\\\/person\\\/c4f117989332ad723a6ced5994aa7d7a\"},\"breadcrumb\":{\"@id\":\"https:\\\/\\\/www.manabi.gob.ec\\\/index.php\\\/salieron-felices-y-con-lentes\\\/#breadcrumb\"},\"inLanguage\":\"es\",\"potentialAction\":[{\"@type\":\"ReadAction\",\"target\":[\"https:\\\/\\\/www.manabi.gob.ec\\\/index.php\\\/salieron-felices-y-con-lentes\\\/\"]}]},{\"@type\":\"ImageObject\",\"inLanguage\":\"es\",\"@id\":\"https:\\\/\\\/www.manabi.gob.ec\\\/index.php\\\/salieron-felices-y-con-lentes\\\/#primaryimage\",\"url\":\"https:\\\/\\\/www.manabi.gob.ec\\\/wp-content\\\/uploads\\\/2022\\\/10\\\/WhatsApp-Image-2022-10-11-at-10.00.58-PM.jpeg\",\"contentUrl\":\"https:\\\/\\\/www.manabi.gob.ec\\\/wp-content\\\/uploads\\\/2022\\\/10\\\/WhatsApp-Image-2022-10-11-at-10.00.58-PM.jpeg\",\"width\":1599,\"height\":1066},{\"@type\":\"BreadcrumbList\",\"@id\":\"https:\\\/\\\/www.manabi.gob.ec\\\/index.php\\\/salieron-felices-y-con-lentes\\\/#breadcrumb\",\"itemListElement\":[{\"@type\":\"ListItem\",\"position\":1,\"name\":\"Portada\",\"item\":\"https:\\\/\\\/www.manabi.gob.ec\\\/\"},{\"@type\":\"ListItem\",\"position\":2,\"name\":\"\u00a1SALIERON FELICES Y CON LENTES!\"}]},{\"@type\":\"WebSite\",\"@id\":\"https:\\\/\\\/www.manabi.gob.ec\\\/#website\",\"url\":\"https:\\\/\\\/www.manabi.gob.ec\\\/\",\"name\":\"Prefectura de Manab\u00ed\",\"description\":\"P\u00e1gina web de la prefectura\",\"potentialAction\":[{\"@type\":\"SearchAction\",\"target\":{\"@type\":\"EntryPoint\",\"urlTemplate\":\"https:\\\/\\\/www.manabi.gob.ec\\\/?s={search_term_string}\"},\"query-input\":{\"@type\":\"PropertyValueSpecification\",\"valueRequired\":true,\"valueName\":\"search_term_string\"}}],\"inLanguage\":\"es\"},{\"@type\":\"Person\",\"@id\":\"https:\\\/\\\/www.manabi.gob.ec\\\/#\\\/schema\\\/person\\\/c4f117989332ad723a6ced5994aa7d7a\",\"name\":\"Lui Ochoa\",\"image\":{\"@type\":\"ImageObject\",\"inLanguage\":\"es\",\"@id\":\"https:\\\/\\\/secure.gravatar.com\\\/avatar\\\/6e8017d0fe69dead8a95864d2eb6e1e1d8bf8e01194ba49cf7b897ff038126ba?s=96&d=mm&r=g\",\"url\":\"https:\\\/\\\/secure.gravatar.com\\\/avatar\\\/6e8017d0fe69dead8a95864d2eb6e1e1d8bf8e01194ba49cf7b897ff038126ba?s=96&d=mm&r=g\",\"contentUrl\":\"https:\\\/\\\/secure.gravatar.com\\\/avatar\\\/6e8017d0fe69dead8a95864d2eb6e1e1d8bf8e01194ba49cf7b897ff038126ba?s=96&d=mm&r=g\",\"caption\":\"Lui Ochoa\"},\"url\":\"https:\\\/\\\/www.manabi.gob.ec\\\/index.php\\\/author\\\/lochoa\\\/\"}]}<\/script>\n<!-- \/ Yoast SEO plugin. -->","yoast_head_json":{"title":"\u00a1SALIERON FELICES Y CON LENTES! - Prefectura de Manab\u00ed","robots":{"index":"index","follow":"follow","max-snippet":"max-snippet:-1","max-image-preview":"max-image-preview:large","max-video-preview":"max-video-preview:-1"},"canonical":"https:\/\/www.manabi.gob.ec\/index.php\/salieron-felices-y-con-lentes\/","og_locale":"es_ES","og_type":"article","og_title":"\u00a1SALIERON FELICES Y CON LENTES! - Prefectura de Manab\u00ed","og_description":"Brigada m\u00e9dica de la Prefectura brind\u00f3 servicios en San Ignacio de Col\u00f3n Las brigadas m\u00e9dicas de la Prefectura de Manab\u00ed siguen recorriendo la provincia, cuidando la salud de adultos mayores, ni\u00f1os y adolescentes, personas con discapacidad, y otros pertenecientes a los grupos de atenci\u00f3n prioritaria, como parte del programa Operaci\u00f3n Justicia Social. La tarde de [&hellip;]","og_url":"https:\/\/www.manabi.gob.ec\/index.php\/salieron-felices-y-con-lentes\/","og_site_name":"Prefectura de Manab\u00ed","article_published_time":"2022-10-18T20:43:14+00:00","article_modified_time":"2022-10-18T20:43:18+00:00","og_image":[{"width":1599,"height":1066,"url":"https:\/\/www.manabi.gob.ec\/wp-content\/uploads\/2022\/10\/WhatsApp-Image-2022-10-11-at-10.00.58-PM.jpeg","type":"image\/jpeg"}],"author":"Lui Ochoa","twitter_card":"summary_large_image","twitter_misc":{"Escrito por":"Lui Ochoa","Tiempo de lectura":"1 minuto"},"schema":{"@context":"https:\/\/schema.org","@graph":[{"@type":"Article","@id":"https:\/\/www.manabi.gob.ec\/index.php\/salieron-felices-y-con-lentes\/#article","isPartOf":{"@id":"https:\/\/www.manabi.gob.ec\/index.php\/salieron-felices-y-con-lentes\/"},"author":{"name":"Lui Ochoa","@id":"https:\/\/www.manabi.gob.ec\/#\/schema\/person\/c4f117989332ad723a6ced5994aa7d7a"},"headline":"\u00a1SALIERON FELICES Y CON LENTES!","datePublished":"2022-10-18T20:43:14+00:00","dateModified":"2022-10-18T20:43:18+00:00","mainEntityOfPage":{"@id":"https:\/\/www.manabi.gob.ec\/index.php\/salieron-felices-y-con-lentes\/"},"wordCount":181,"image":{"@id":"https:\/\/www.manabi.gob.ec\/index.php\/salieron-felices-y-con-lentes\/#primaryimage"},"thumbnailUrl":"https:\/\/www.manabi.gob.ec\/wp-content\/uploads\/2022\/10\/WhatsApp-Image-2022-10-11-at-10.00.58-PM.jpeg","articleSection":["Desarrollo Social","Todas"],"inLanguage":"es"},{"@type":"WebPage","@id":"https:\/\/www.manabi.gob.ec\/index.php\/salieron-felices-y-con-lentes\/","url":"https:\/\/www.manabi.gob.ec\/index.php\/salieron-felices-y-con-lentes\/","name":"\u00a1SALIERON FELICES Y CON LENTES! - Prefectura de Manab\u00ed","isPartOf":{"@id":"https:\/\/www.manabi.gob.ec\/#website"},"primaryImageOfPage":{"@id":"https:\/\/www.manabi.gob.ec\/index.php\/salieron-felices-y-con-lentes\/#primaryimage"},"image":{"@id":"https:\/\/www.manabi.gob.ec\/index.php\/salieron-felices-y-con-lentes\/#primaryimage"},"thumbnailUrl":"https:\/\/www.manabi.gob.ec\/wp-content\/uploads\/2022\/10\/WhatsApp-Image-2022-10-11-at-10.00.58-PM.jpeg","datePublished":"2022-10-18T20:43:14+00:00","dateModified":"2022-10-18T20:43:18+00:00","author":{"@id":"https:\/\/www.manabi.gob.ec\/#\/schema\/person\/c4f117989332ad723a6ced5994aa7d7a"},"breadcrumb":{"@id":"https:\/\/www.manabi.gob.ec\/index.php\/salieron-felices-y-con-lentes\/#breadcrumb"},"inLanguage":"es","potentialAction":[{"@type":"ReadAction","target":["https:\/\/www.manabi.gob.ec\/index.php\/salieron-felices-y-con-lentes\/"]}]},{"@type":"ImageObject","inLanguage":"es","@id":"https:\/\/www.manabi.gob.ec\/index.php\/salieron-felices-y-con-lentes\/#primaryimage","url":"https:\/\/www.manabi.gob.ec\/wp-content\/uploads\/2022\/10\/WhatsApp-Image-2022-10-11-at-10.00.58-PM.jpeg","contentUrl":"https:\/\/www.manabi.gob.ec\/wp-content\/uploads\/2022\/10\/WhatsApp-Image-2022-10-11-at-10.00.58-PM.jpeg","width":1599,"height":1066},{"@type":"BreadcrumbList","@id":"https:\/\/www.manabi.gob.ec\/index.php\/salieron-felices-y-con-lentes\/#breadcrumb","itemListElement":[{"@type":"ListItem","position":1,"name":"Portada","item":"https:\/\/www.manabi.gob.ec\/"},{"@type":"ListItem","position":2,"name":"\u00a1SALIERON FELICES Y CON LENTES!"}]},{"@type":"WebSite","@id":"https:\/\/www.manabi.gob.ec\/#website","url":"https:\/\/www.manabi.gob.ec\/","name":"Prefectura de Manab\u00ed","description":"P\u00e1gina web de la prefectura","potentialAction":[{"@type":"SearchAction","target":{"@type":"EntryPoint","urlTemplate":"https:\/\/www.manabi.gob.ec\/?s={search_term_string}"},"query-input":{"@type":"PropertyValueSpecification","valueRequired":true,"valueName":"search_term_string"}}],"inLanguage":"es"},{"@type":"Person","@id":"https:\/\/www.manabi.gob.ec\/#\/schema\/person\/c4f117989332ad723a6ced5994aa7d7a","name":"Lui Ochoa","image":{"@type":"ImageObject","inLanguage":"es","@id":"https:\/\/secure.gravatar.com\/avatar\/6e8017d0fe69dead8a95864d2eb6e1e1d8bf8e01194ba49cf7b897ff038126ba?s=96&d=mm&r=g","url":"https:\/\/secure.gravatar.com\/avatar\/6e8017d0fe69dead8a95864d2eb6e1e1d8bf8e01194ba49cf7b897ff038126ba?s=96&d=mm&r=g","contentUrl":"https:\/\/secure.gravatar.com\/avatar\/6e8017d0fe69dead8a95864d2eb6e1e1d8bf8e01194ba49cf7b897ff038126ba?s=96&d=mm&r=g","caption":"Lui Ochoa"},"url":"https:\/\/www.manabi.gob.ec\/index.php\/author\/lochoa\/"}]}},"jetpack_featured_media_url":"https:\/\/www.manabi.gob.ec\/wp-content\/uploads\/2022\/10\/WhatsApp-Image-2022-10-11-at-10.00.58-PM.jpeg","_links":{"self":[{"href":"https:\/\/www.manabi.gob.ec\/index.php\/wp-json\/wp\/v2\/posts\/22497","targetHints":{"allow":["GET"]}}],"collection":[{"href":"https:\/\/www.manabi.gob.ec\/index.php\/wp-json\/wp\/v2\/posts"}],"about":[{"href":"https:\/\/www.manabi.gob.ec\/index.php\/wp-json\/wp\/v2\/types\/post"}],"author":[{"embeddable":true,"href":"https:\/\/www.manabi.gob.ec\/index.php\/wp-json\/wp\/v2\/users\/10"}],"replies":[{"embeddable":true,"href":"https:\/\/www.manabi.gob.ec\/index.php\/wp-json\/wp\/v2\/comments?post=22497"}],"version-history":[{"count":0,"href":"https:\/\/www.manabi.gob.ec\/index.php\/wp-json\/wp\/v2\/posts\/22497\/revisions"}],"wp:featuredmedia":[{"embeddable":true,"href":"https:\/\/www.manabi.gob.ec\/index.php\/wp-json\/wp\/v2\/media\/22498"}],"wp:attachment":[{"href":"https:\/\/www.manabi.gob.ec\/index.php\/wp-json\/wp\/v2\/media?parent=22497"}],"wp:term":[{"taxonomy":"category","embeddable":true,"href":"https:\/\/www.manabi.gob.ec\/index.php\/wp-json\/wp\/v2\/categories?post=22497"},{"taxonomy":"post_tag","embeddable":true,"href":"https:\/\/www.manabi.gob.ec\/index.php\/wp-json\/wp\/v2\/tags?post=22497"}],"curies":[{"name":"wp","href":"https:\/\/api.w.org\/{rel}","templated":true}]}}