{"id":22503,"date":"2022-10-18T20:57:40","date_gmt":"2022-10-18T20:57:40","guid":{"rendered":"https:\/\/www.manabi.gob.ec\/?p=22503"},"modified":"2022-10-18T20:57:43","modified_gmt":"2022-10-18T20:57:43","slug":"en-pocos-dias-estara-listo","status":"publish","type":"post","link":"https:\/\/www.manabi.gob.ec\/index.php\/en-pocos-dias-estara-listo\/","title":{"rendered":"\u00a1EN POCOS D\u00cdAS ESTAR\u00c1 LISTO!"},"content":{"rendered":"\n<p>El mirador del malec\u00f3n de Santa Marianita que construye la Prefectura tiene 90% de avance<\/p>\n\n\n\n<p>\u201cS\u00f3lo faltan peque\u00f1os detalles y colocar el monumento, que tambi\u00e9n est\u00e1 listo\u201d, manifest\u00f3 \u00d3scar C\u00e1rdenas, contratista del punto tur\u00edstico con mirador y monumento al pescador, que ejecuta la Prefectura de Manab\u00ed en el malec\u00f3n de la parroquia Santa Marianita del cant\u00f3n Manta.<br>Esta obra se ejecuta a trav\u00e9s de un convenio tripartito entre la Prefectura con los gobiernos aut\u00f3nomos cantonal y parroquial.<\/p>\n\n\n\n<p>La prefecta subrogante, Kelly Buenaventura, inspeccion\u00f3 la obra, este mi\u00e9rcoles 12 de octubre. El constructor le inform\u00f3 que el avance es del 90%, y que espera terminarla este fin de semana.<\/p>\n\n\n\n<p>\u201cGracias por colaborarnos y ser parte de la cristalizaci\u00f3n de este proyecto\u201d, dijo la autoridad a los obreros presentes y con quienes comparti\u00f3 y bail\u00f3. \u201cQu\u00e9 Dios nos bendiga y nos de salud para seguir trabajando juntos, de la mano de Dios y de nuestro prefecto, Leonardo Orlando, y de toda la ciudadan\u00eda\u201d, expres\u00f3.<\/p>\n\n\n\n<p>El monto de esta obra es de $73.682,62, de los cuales la Prefectura aporta 78%, el GADM Manta 12%, y el GADP Santa Marianita 10%. El punto tur\u00edstico incluye \u00e1rea de informaci\u00f3n, y dos locales para exhibici\u00f3n de artesan\u00edas.<\/p>\n","protected":false},"excerpt":{"rendered":"<p>El mirador del malec\u00f3n de Santa Marianita que construye la Prefectura tiene 90% de avance \u201cS\u00f3lo faltan peque\u00f1os detalles y colocar el monumento, que tambi\u00e9n est\u00e1 listo\u201d, manifest\u00f3 \u00d3scar C\u00e1rdenas, contratista del punto tur\u00edstico con mirador y monumento al pescador, que ejecuta la Prefectura de Manab\u00ed en el malec\u00f3n de la parroquia Santa Marianita del [&hellip;]<\/p>\n","protected":false},"author":10,"featured_media":22504,"comment_status":"closed","ping_status":"closed","sticky":false,"template":"","format":"standard","meta":{"_joinchat":[],"footnotes":""},"categories":[142,156,92,91,81],"tags":[],"class_list":["post-22503","post","type-post","status-publish","format-standard","has-post-thumbnail","hentry","category-desarrollo-social","category-manta","category-noticias-manabi","category-todas","category-turismo"],"yoast_head":"<!-- This site is optimized with the Yoast SEO plugin v27.4 - https:\/\/yoast.com\/product\/yoast-seo-wordpress\/ -->\n<title>\u00a1EN POCOS D\u00cdAS ESTAR\u00c1 LISTO! - Prefectura de Manab\u00ed<\/title>\n<meta name=\"robots\" content=\"index, follow, max-snippet:-1, max-image-preview:large, max-video-preview:-1\" \/>\n<link rel=\"canonical\" href=\"https:\/\/www.manabi.gob.ec\/index.php\/en-pocos-dias-estara-listo\/\" \/>\n<meta property=\"og:locale\" content=\"es_ES\" \/>\n<meta property=\"og:type\" content=\"article\" \/>\n<meta property=\"og:title\" content=\"\u00a1EN POCOS D\u00cdAS ESTAR\u00c1 LISTO! - Prefectura de Manab\u00ed\" \/>\n<meta property=\"og:description\" content=\"El mirador del malec\u00f3n de Santa Marianita que construye la Prefectura tiene 90% de avance \u201cS\u00f3lo faltan peque\u00f1os detalles y colocar el monumento, que tambi\u00e9n est\u00e1 listo\u201d, manifest\u00f3 \u00d3scar C\u00e1rdenas, contratista del punto tur\u00edstico con mirador y monumento al pescador, que ejecuta la Prefectura de Manab\u00ed en el malec\u00f3n de la parroquia Santa Marianita del [&hellip;]\" \/>\n<meta property=\"og:url\" content=\"https:\/\/www.manabi.gob.ec\/index.php\/en-pocos-dias-estara-listo\/\" \/>\n<meta property=\"og:site_name\" content=\"Prefectura de Manab\u00ed\" \/>\n<meta property=\"article:published_time\" content=\"2022-10-18T20:57:40+00:00\" \/>\n<meta property=\"article:modified_time\" content=\"2022-10-18T20:57:43+00:00\" \/>\n<meta property=\"og:image\" content=\"https:\/\/www.manabi.gob.ec\/wp-content\/uploads\/2022\/10\/WhatsApp-Image-2022-10-12-at-2.31.54-PM.jpeg\" \/>\n\t<meta property=\"og:image:width\" content=\"1280\" \/>\n\t<meta property=\"og:image:height\" content=\"960\" \/>\n\t<meta property=\"og:image:type\" content=\"image\/jpeg\" \/>\n<meta name=\"author\" content=\"Lui Ochoa\" \/>\n<meta name=\"twitter:card\" content=\"summary_large_image\" \/>\n<meta name=\"twitter:label1\" content=\"Escrito por\" \/>\n\t<meta name=\"twitter:data1\" content=\"Lui Ochoa\" \/>\n\t<meta name=\"twitter:label2\" content=\"Tiempo de lectura\" \/>\n\t<meta name=\"twitter:data2\" content=\"1 minuto\" \/>\n<script type=\"application\/ld+json\" class=\"yoast-schema-graph\">{\"@context\":\"https:\\\/\\\/schema.org\",\"@graph\":[{\"@type\":\"Article\",\"@id\":\"https:\\\/\\\/www.manabi.gob.ec\\\/index.php\\\/en-pocos-dias-estara-listo\\\/#article\",\"isPartOf\":{\"@id\":\"https:\\\/\\\/www.manabi.gob.ec\\\/index.php\\\/en-pocos-dias-estara-listo\\\/\"},\"author\":{\"name\":\"Lui Ochoa\",\"@id\":\"https:\\\/\\\/www.manabi.gob.ec\\\/#\\\/schema\\\/person\\\/c4f117989332ad723a6ced5994aa7d7a\"},\"headline\":\"\u00a1EN POCOS D\u00cdAS ESTAR\u00c1 LISTO!\",\"datePublished\":\"2022-10-18T20:57:40+00:00\",\"dateModified\":\"2022-10-18T20:57:43+00:00\",\"mainEntityOfPage\":{\"@id\":\"https:\\\/\\\/www.manabi.gob.ec\\\/index.php\\\/en-pocos-dias-estara-listo\\\/\"},\"wordCount\":217,\"image\":{\"@id\":\"https:\\\/\\\/www.manabi.gob.ec\\\/index.php\\\/en-pocos-dias-estara-listo\\\/#primaryimage\"},\"thumbnailUrl\":\"https:\\\/\\\/www.manabi.gob.ec\\\/wp-content\\\/uploads\\\/2022\\\/10\\\/WhatsApp-Image-2022-10-12-at-2.31.54-PM.jpeg\",\"articleSection\":[\"Desarrollo Social\",\"Manta\",\"Noticias\",\"Todas\",\"Turismo\"],\"inLanguage\":\"es\"},{\"@type\":\"WebPage\",\"@id\":\"https:\\\/\\\/www.manabi.gob.ec\\\/index.php\\\/en-pocos-dias-estara-listo\\\/\",\"url\":\"https:\\\/\\\/www.manabi.gob.ec\\\/index.php\\\/en-pocos-dias-estara-listo\\\/\",\"name\":\"\u00a1EN POCOS D\u00cdAS ESTAR\u00c1 LISTO! - Prefectura de Manab\u00ed\",\"isPartOf\":{\"@id\":\"https:\\\/\\\/www.manabi.gob.ec\\\/#website\"},\"primaryImageOfPage\":{\"@id\":\"https:\\\/\\\/www.manabi.gob.ec\\\/index.php\\\/en-pocos-dias-estara-listo\\\/#primaryimage\"},\"image\":{\"@id\":\"https:\\\/\\\/www.manabi.gob.ec\\\/index.php\\\/en-pocos-dias-estara-listo\\\/#primaryimage\"},\"thumbnailUrl\":\"https:\\\/\\\/www.manabi.gob.ec\\\/wp-content\\\/uploads\\\/2022\\\/10\\\/WhatsApp-Image-2022-10-12-at-2.31.54-PM.jpeg\",\"datePublished\":\"2022-10-18T20:57:40+00:00\",\"dateModified\":\"2022-10-18T20:57:43+00:00\",\"author\":{\"@id\":\"https:\\\/\\\/www.manabi.gob.ec\\\/#\\\/schema\\\/person\\\/c4f117989332ad723a6ced5994aa7d7a\"},\"breadcrumb\":{\"@id\":\"https:\\\/\\\/www.manabi.gob.ec\\\/index.php\\\/en-pocos-dias-estara-listo\\\/#breadcrumb\"},\"inLanguage\":\"es\",\"potentialAction\":[{\"@type\":\"ReadAction\",\"target\":[\"https:\\\/\\\/www.manabi.gob.ec\\\/index.php\\\/en-pocos-dias-estara-listo\\\/\"]}]},{\"@type\":\"ImageObject\",\"inLanguage\":\"es\",\"@id\":\"https:\\\/\\\/www.manabi.gob.ec\\\/index.php\\\/en-pocos-dias-estara-listo\\\/#primaryimage\",\"url\":\"https:\\\/\\\/www.manabi.gob.ec\\\/wp-content\\\/uploads\\\/2022\\\/10\\\/WhatsApp-Image-2022-10-12-at-2.31.54-PM.jpeg\",\"contentUrl\":\"https:\\\/\\\/www.manabi.gob.ec\\\/wp-content\\\/uploads\\\/2022\\\/10\\\/WhatsApp-Image-2022-10-12-at-2.31.54-PM.jpeg\",\"width\":1280,\"height\":960},{\"@type\":\"BreadcrumbList\",\"@id\":\"https:\\\/\\\/www.manabi.gob.ec\\\/index.php\\\/en-pocos-dias-estara-listo\\\/#breadcrumb\",\"itemListElement\":[{\"@type\":\"ListItem\",\"position\":1,\"name\":\"Portada\",\"item\":\"https:\\\/\\\/www.manabi.gob.ec\\\/\"},{\"@type\":\"ListItem\",\"position\":2,\"name\":\"\u00a1EN POCOS D\u00cdAS ESTAR\u00c1 LISTO!\"}]},{\"@type\":\"WebSite\",\"@id\":\"https:\\\/\\\/www.manabi.gob.ec\\\/#website\",\"url\":\"https:\\\/\\\/www.manabi.gob.ec\\\/\",\"name\":\"Prefectura de Manab\u00ed\",\"description\":\"P\u00e1gina web de la prefectura\",\"potentialAction\":[{\"@type\":\"SearchAction\",\"target\":{\"@type\":\"EntryPoint\",\"urlTemplate\":\"https:\\\/\\\/www.manabi.gob.ec\\\/?s={search_term_string}\"},\"query-input\":{\"@type\":\"PropertyValueSpecification\",\"valueRequired\":true,\"valueName\":\"search_term_string\"}}],\"inLanguage\":\"es\"},{\"@type\":\"Person\",\"@id\":\"https:\\\/\\\/www.manabi.gob.ec\\\/#\\\/schema\\\/person\\\/c4f117989332ad723a6ced5994aa7d7a\",\"name\":\"Lui Ochoa\",\"image\":{\"@type\":\"ImageObject\",\"inLanguage\":\"es\",\"@id\":\"https:\\\/\\\/secure.gravatar.com\\\/avatar\\\/6e8017d0fe69dead8a95864d2eb6e1e1d8bf8e01194ba49cf7b897ff038126ba?s=96&d=mm&r=g\",\"url\":\"https:\\\/\\\/secure.gravatar.com\\\/avatar\\\/6e8017d0fe69dead8a95864d2eb6e1e1d8bf8e01194ba49cf7b897ff038126ba?s=96&d=mm&r=g\",\"contentUrl\":\"https:\\\/\\\/secure.gravatar.com\\\/avatar\\\/6e8017d0fe69dead8a95864d2eb6e1e1d8bf8e01194ba49cf7b897ff038126ba?s=96&d=mm&r=g\",\"caption\":\"Lui Ochoa\"},\"url\":\"https:\\\/\\\/www.manabi.gob.ec\\\/index.php\\\/author\\\/lochoa\\\/\"}]}<\/script>\n<!-- \/ Yoast SEO plugin. -->","yoast_head_json":{"title":"\u00a1EN POCOS D\u00cdAS ESTAR\u00c1 LISTO! - Prefectura de Manab\u00ed","robots":{"index":"index","follow":"follow","max-snippet":"max-snippet:-1","max-image-preview":"max-image-preview:large","max-video-preview":"max-video-preview:-1"},"canonical":"https:\/\/www.manabi.gob.ec\/index.php\/en-pocos-dias-estara-listo\/","og_locale":"es_ES","og_type":"article","og_title":"\u00a1EN POCOS D\u00cdAS ESTAR\u00c1 LISTO! - Prefectura de Manab\u00ed","og_description":"El mirador del malec\u00f3n de Santa Marianita que construye la Prefectura tiene 90% de avance \u201cS\u00f3lo faltan peque\u00f1os detalles y colocar el monumento, que tambi\u00e9n est\u00e1 listo\u201d, manifest\u00f3 \u00d3scar C\u00e1rdenas, contratista del punto tur\u00edstico con mirador y monumento al pescador, que ejecuta la Prefectura de Manab\u00ed en el malec\u00f3n de la parroquia Santa Marianita del [&hellip;]","og_url":"https:\/\/www.manabi.gob.ec\/index.php\/en-pocos-dias-estara-listo\/","og_site_name":"Prefectura de Manab\u00ed","article_published_time":"2022-10-18T20:57:40+00:00","article_modified_time":"2022-10-18T20:57:43+00:00","og_image":[{"width":1280,"height":960,"url":"https:\/\/www.manabi.gob.ec\/wp-content\/uploads\/2022\/10\/WhatsApp-Image-2022-10-12-at-2.31.54-PM.jpeg","type":"image\/jpeg"}],"author":"Lui Ochoa","twitter_card":"summary_large_image","twitter_misc":{"Escrito por":"Lui Ochoa","Tiempo de lectura":"1 minuto"},"schema":{"@context":"https:\/\/schema.org","@graph":[{"@type":"Article","@id":"https:\/\/www.manabi.gob.ec\/index.php\/en-pocos-dias-estara-listo\/#article","isPartOf":{"@id":"https:\/\/www.manabi.gob.ec\/index.php\/en-pocos-dias-estara-listo\/"},"author":{"name":"Lui Ochoa","@id":"https:\/\/www.manabi.gob.ec\/#\/schema\/person\/c4f117989332ad723a6ced5994aa7d7a"},"headline":"\u00a1EN POCOS D\u00cdAS ESTAR\u00c1 LISTO!","datePublished":"2022-10-18T20:57:40+00:00","dateModified":"2022-10-18T20:57:43+00:00","mainEntityOfPage":{"@id":"https:\/\/www.manabi.gob.ec\/index.php\/en-pocos-dias-estara-listo\/"},"wordCount":217,"image":{"@id":"https:\/\/www.manabi.gob.ec\/index.php\/en-pocos-dias-estara-listo\/#primaryimage"},"thumbnailUrl":"https:\/\/www.manabi.gob.ec\/wp-content\/uploads\/2022\/10\/WhatsApp-Image-2022-10-12-at-2.31.54-PM.jpeg","articleSection":["Desarrollo Social","Manta","Noticias","Todas","Turismo"],"inLanguage":"es"},{"@type":"WebPage","@id":"https:\/\/www.manabi.gob.ec\/index.php\/en-pocos-dias-estara-listo\/","url":"https:\/\/www.manabi.gob.ec\/index.php\/en-pocos-dias-estara-listo\/","name":"\u00a1EN POCOS D\u00cdAS ESTAR\u00c1 LISTO! - Prefectura de Manab\u00ed","isPartOf":{"@id":"https:\/\/www.manabi.gob.ec\/#website"},"primaryImageOfPage":{"@id":"https:\/\/www.manabi.gob.ec\/index.php\/en-pocos-dias-estara-listo\/#primaryimage"},"image":{"@id":"https:\/\/www.manabi.gob.ec\/index.php\/en-pocos-dias-estara-listo\/#primaryimage"},"thumbnailUrl":"https:\/\/www.manabi.gob.ec\/wp-content\/uploads\/2022\/10\/WhatsApp-Image-2022-10-12-at-2.31.54-PM.jpeg","datePublished":"2022-10-18T20:57:40+00:00","dateModified":"2022-10-18T20:57:43+00:00","author":{"@id":"https:\/\/www.manabi.gob.ec\/#\/schema\/person\/c4f117989332ad723a6ced5994aa7d7a"},"breadcrumb":{"@id":"https:\/\/www.manabi.gob.ec\/index.php\/en-pocos-dias-estara-listo\/#breadcrumb"},"inLanguage":"es","potentialAction":[{"@type":"ReadAction","target":["https:\/\/www.manabi.gob.ec\/index.php\/en-pocos-dias-estara-listo\/"]}]},{"@type":"ImageObject","inLanguage":"es","@id":"https:\/\/www.manabi.gob.ec\/index.php\/en-pocos-dias-estara-listo\/#primaryimage","url":"https:\/\/www.manabi.gob.ec\/wp-content\/uploads\/2022\/10\/WhatsApp-Image-2022-10-12-at-2.31.54-PM.jpeg","contentUrl":"https:\/\/www.manabi.gob.ec\/wp-content\/uploads\/2022\/10\/WhatsApp-Image-2022-10-12-at-2.31.54-PM.jpeg","width":1280,"height":960},{"@type":"BreadcrumbList","@id":"https:\/\/www.manabi.gob.ec\/index.php\/en-pocos-dias-estara-listo\/#breadcrumb","itemListElement":[{"@type":"ListItem","position":1,"name":"Portada","item":"https:\/\/www.manabi.gob.ec\/"},{"@type":"ListItem","position":2,"name":"\u00a1EN POCOS D\u00cdAS ESTAR\u00c1 LISTO!"}]},{"@type":"WebSite","@id":"https:\/\/www.manabi.gob.ec\/#website","url":"https:\/\/www.manabi.gob.ec\/","name":"Prefectura de Manab\u00ed","description":"P\u00e1gina web de la prefectura","potentialAction":[{"@type":"SearchAction","target":{"@type":"EntryPoint","urlTemplate":"https:\/\/www.manabi.gob.ec\/?s={search_term_string}"},"query-input":{"@type":"PropertyValueSpecification","valueRequired":true,"valueName":"search_term_string"}}],"inLanguage":"es"},{"@type":"Person","@id":"https:\/\/www.manabi.gob.ec\/#\/schema\/person\/c4f117989332ad723a6ced5994aa7d7a","name":"Lui Ochoa","image":{"@type":"ImageObject","inLanguage":"es","@id":"https:\/\/secure.gravatar.com\/avatar\/6e8017d0fe69dead8a95864d2eb6e1e1d8bf8e01194ba49cf7b897ff038126ba?s=96&d=mm&r=g","url":"https:\/\/secure.gravatar.com\/avatar\/6e8017d0fe69dead8a95864d2eb6e1e1d8bf8e01194ba49cf7b897ff038126ba?s=96&d=mm&r=g","contentUrl":"https:\/\/secure.gravatar.com\/avatar\/6e8017d0fe69dead8a95864d2eb6e1e1d8bf8e01194ba49cf7b897ff038126ba?s=96&d=mm&r=g","caption":"Lui Ochoa"},"url":"https:\/\/www.manabi.gob.ec\/index.php\/author\/lochoa\/"}]}},"jetpack_featured_media_url":"https:\/\/www.manabi.gob.ec\/wp-content\/uploads\/2022\/10\/WhatsApp-Image-2022-10-12-at-2.31.54-PM.jpeg","_links":{"self":[{"href":"https:\/\/www.manabi.gob.ec\/index.php\/wp-json\/wp\/v2\/posts\/22503","targetHints":{"allow":["GET"]}}],"collection":[{"href":"https:\/\/www.manabi.gob.ec\/index.php\/wp-json\/wp\/v2\/posts"}],"about":[{"href":"https:\/\/www.manabi.gob.ec\/index.php\/wp-json\/wp\/v2\/types\/post"}],"author":[{"embeddable":true,"href":"https:\/\/www.manabi.gob.ec\/index.php\/wp-json\/wp\/v2\/users\/10"}],"replies":[{"embeddable":true,"href":"https:\/\/www.manabi.gob.ec\/index.php\/wp-json\/wp\/v2\/comments?post=22503"}],"version-history":[{"count":0,"href":"https:\/\/www.manabi.gob.ec\/index.php\/wp-json\/wp\/v2\/posts\/22503\/revisions"}],"wp:featuredmedia":[{"embeddable":true,"href":"https:\/\/www.manabi.gob.ec\/index.php\/wp-json\/wp\/v2\/media\/22504"}],"wp:attachment":[{"href":"https:\/\/www.manabi.gob.ec\/index.php\/wp-json\/wp\/v2\/media?parent=22503"}],"wp:term":[{"taxonomy":"category","embeddable":true,"href":"https:\/\/www.manabi.gob.ec\/index.php\/wp-json\/wp\/v2\/categories?post=22503"},{"taxonomy":"post_tag","embeddable":true,"href":"https:\/\/www.manabi.gob.ec\/index.php\/wp-json\/wp\/v2\/tags?post=22503"}],"curies":[{"name":"wp","href":"https:\/\/api.w.org\/{rel}","templated":true}]}}