{"id":22664,"date":"2022-10-30T15:41:37","date_gmt":"2022-10-30T15:41:37","guid":{"rendered":"https:\/\/www.manabi.gob.ec\/?p=22664"},"modified":"2022-10-30T15:41:44","modified_gmt":"2022-10-30T15:41:44","slug":"llevamos-obras-a-la-zona-productiva-de-portoviejo","status":"publish","type":"post","link":"https:\/\/www.manabi.gob.ec\/index.php\/llevamos-obras-a-la-zona-productiva-de-portoviejo\/","title":{"rendered":"\u00a1LLEVAMOS OBRAS A LA ZONA PRODUCTIVA DE PORTOVIEJO!"},"content":{"rendered":"\n<p>En El Hormiguero pidieron una v\u00eda y la Prefectura les dio tambi\u00e9n un puente<\/p>\n\n\n\n<p>La prefecta (s) Kelly Buenaventura constat\u00f3 los trabajos de construcci\u00f3n del puente en la comunidad El Hormiguero de la parroquia Abd\u00f3n Calder\u00f3n, del cant\u00f3n Portoviejo<\/p>\n\n\n\n<p>La inversi\u00f3n en esta obra, que est\u00e1 siendo ejecutada por el contratista Roddy Espinales, con una inversi\u00f3n de $475.814 d\u00f3lares, en un plazo de 120 d\u00edas.<\/p>\n\n\n\n<p>Ser\u00e1 un puente de hormigon armado de 40 metros, con vigas met\u00e1licas, sobre el r\u00edo Chico de la comunidad El Hormiguero, el cu\u00e1l tiene un avance de 60%.<\/p>\n\n\n\n<p>La prefecta (s) @kellybuenaventura tambi\u00e9n realiz\u00f3 la supervisi\u00f3n de los trabajos de la v\u00eda de 3.6 kilometros, la que quedar\u00e1 a nivel de doble tratamiento bituminoso, y es ejecutada por la Prefectura de Manab\u00ed.<\/p>\n\n\n\n<p>\u201cEn una reuni\u00f3n con el se\u00f1or Prefecto solo le pedimos la v\u00eda, pero el nos dio algo m\u00e1s, nos dio la puerta a nuestra comunidad un puente, un puente que tanto est\u00e1bamos esperando\u201d, dijo Digna Aray, presidenta de la comunidad El Hormiguero\u201d.<\/p>\n","protected":false},"excerpt":{"rendered":"<p>En El Hormiguero pidieron una v\u00eda y la Prefectura les dio tambi\u00e9n un puente La prefecta (s) Kelly Buenaventura constat\u00f3 los trabajos de construcci\u00f3n del puente en la comunidad El Hormiguero de la parroquia Abd\u00f3n Calder\u00f3n, del cant\u00f3n Portoviejo La inversi\u00f3n en esta obra, que est\u00e1 siendo ejecutada por el contratista Roddy Espinales, con una [&hellip;]<\/p>\n","protected":false},"author":10,"featured_media":22665,"comment_status":"closed","ping_status":"closed","sticky":false,"template":"","format":"standard","meta":{"_joinchat":[],"footnotes":""},"categories":[142,92,181,132,91,127],"tags":[],"class_list":["post-22664","post","type-post","status-publish","format-standard","has-post-thumbnail","hentry","category-desarrollo-social","category-noticias-manabi","category-obra-publica","category-portoviejo","category-todas","category-vialidad"],"yoast_head":"<!-- This site is optimized with the Yoast SEO plugin v27.4 - https:\/\/yoast.com\/product\/yoast-seo-wordpress\/ -->\n<title>\u00a1LLEVAMOS OBRAS A LA ZONA PRODUCTIVA DE PORTOVIEJO! - Prefectura de Manab\u00ed<\/title>\n<meta name=\"description\" content=\"La prefecta (s) Kelly Buenaventura constat\u00f3 los trabajos de construcci\u00f3n del puente en la comunidad El Hormiguero de la parroquia Abd\u00f3n Calder\u00f3n, del cant\u00f3n PortoviejoLa inversi\u00f3n en esta obra, que est\u00e1 siendo ejecutada por el contratista Roddy Espinales, con una inversi\u00f3n de $475.814 d\u00f3lares, en un plazo de 120 d\u00edas.Ser\u00e1 un puente de hormigon armado de 40 metros, con vigas met\u00e1licas, sobre el r\u00edo Chico de la comunidad El Hormiguero, el cu\u00e1l tiene un avance de 60%.La prefecta (s) @kellybuenaventura tambi\u00e9n realiz\u00f3 la supervisi\u00f3n de los trabajos de la v\u00eda de 3.6 kilometros, la que quedar\u00e1 a nivel de doble tratamiento bituminoso, y es ejecutada por la Prefectura de Manab\u00ed.\u201cEn una reuni\u00f3n con el se\u00f1or Prefecto solo le pedimos la v\u00eda, pero el nos dio algo m\u00e1s, nos dio la puerta a nuestra comunidad un puente, un puente que tanto est\u00e1bamos esperando\u201d, dijo Digna Aray, presidenta de la comunidad El Hormiguero\u201d.\" \/>\n<meta name=\"robots\" content=\"index, follow, max-snippet:-1, max-image-preview:large, max-video-preview:-1\" \/>\n<link rel=\"canonical\" href=\"https:\/\/www.manabi.gob.ec\/index.php\/llevamos-obras-a-la-zona-productiva-de-portoviejo\/\" \/>\n<meta property=\"og:locale\" content=\"es_ES\" \/>\n<meta property=\"og:type\" content=\"article\" \/>\n<meta property=\"og:title\" content=\"\u00a1LLEVAMOS OBRAS A LA ZONA PRODUCTIVA DE PORTOVIEJO! - Prefectura de Manab\u00ed\" \/>\n<meta property=\"og:description\" content=\"La prefecta (s) Kelly Buenaventura constat\u00f3 los trabajos de construcci\u00f3n del puente en la comunidad El Hormiguero de la parroquia Abd\u00f3n Calder\u00f3n, del cant\u00f3n PortoviejoLa inversi\u00f3n en esta obra, que est\u00e1 siendo ejecutada por el contratista Roddy Espinales, con una inversi\u00f3n de $475.814 d\u00f3lares, en un plazo de 120 d\u00edas.Ser\u00e1 un puente de hormigon armado de 40 metros, con vigas met\u00e1licas, sobre el r\u00edo Chico de la comunidad El Hormiguero, el cu\u00e1l tiene un avance de 60%.La prefecta (s) @kellybuenaventura tambi\u00e9n realiz\u00f3 la supervisi\u00f3n de los trabajos de la v\u00eda de 3.6 kilometros, la que quedar\u00e1 a nivel de doble tratamiento bituminoso, y es ejecutada por la Prefectura de Manab\u00ed.\u201cEn una reuni\u00f3n con el se\u00f1or Prefecto solo le pedimos la v\u00eda, pero el nos dio algo m\u00e1s, nos dio la puerta a nuestra comunidad un puente, un puente que tanto est\u00e1bamos esperando\u201d, dijo Digna Aray, presidenta de la comunidad El Hormiguero\u201d.\" \/>\n<meta property=\"og:url\" content=\"https:\/\/www.manabi.gob.ec\/index.php\/llevamos-obras-a-la-zona-productiva-de-portoviejo\/\" \/>\n<meta property=\"og:site_name\" content=\"Prefectura de Manab\u00ed\" \/>\n<meta property=\"article:published_time\" content=\"2022-10-30T15:41:37+00:00\" \/>\n<meta property=\"article:modified_time\" content=\"2022-10-30T15:41:44+00:00\" \/>\n<meta property=\"og:image\" content=\"https:\/\/www.manabi.gob.ec\/wp-content\/uploads\/2022\/10\/WhatsApp-Image-2022-10-14-at-8.42.37-PM.jpeg\" \/>\n\t<meta property=\"og:image:width\" content=\"1599\" \/>\n\t<meta property=\"og:image:height\" content=\"1066\" \/>\n\t<meta property=\"og:image:type\" content=\"image\/jpeg\" \/>\n<meta name=\"author\" content=\"Lui Ochoa\" \/>\n<meta name=\"twitter:card\" content=\"summary_large_image\" \/>\n<meta name=\"twitter:label1\" content=\"Escrito por\" \/>\n\t<meta name=\"twitter:data1\" content=\"Lui Ochoa\" \/>\n\t<meta name=\"twitter:label2\" content=\"Tiempo de lectura\" \/>\n\t<meta name=\"twitter:data2\" content=\"1 minuto\" \/>\n<script type=\"application\/ld+json\" class=\"yoast-schema-graph\">{\"@context\":\"https:\\\/\\\/schema.org\",\"@graph\":[{\"@type\":\"Article\",\"@id\":\"https:\\\/\\\/www.manabi.gob.ec\\\/index.php\\\/llevamos-obras-a-la-zona-productiva-de-portoviejo\\\/#article\",\"isPartOf\":{\"@id\":\"https:\\\/\\\/www.manabi.gob.ec\\\/index.php\\\/llevamos-obras-a-la-zona-productiva-de-portoviejo\\\/\"},\"author\":{\"name\":\"Lui Ochoa\",\"@id\":\"https:\\\/\\\/www.manabi.gob.ec\\\/#\\\/schema\\\/person\\\/c4f117989332ad723a6ced5994aa7d7a\"},\"headline\":\"\u00a1LLEVAMOS OBRAS A LA ZONA PRODUCTIVA DE PORTOVIEJO!\",\"datePublished\":\"2022-10-30T15:41:37+00:00\",\"dateModified\":\"2022-10-30T15:41:44+00:00\",\"mainEntityOfPage\":{\"@id\":\"https:\\\/\\\/www.manabi.gob.ec\\\/index.php\\\/llevamos-obras-a-la-zona-productiva-de-portoviejo\\\/\"},\"wordCount\":193,\"image\":{\"@id\":\"https:\\\/\\\/www.manabi.gob.ec\\\/index.php\\\/llevamos-obras-a-la-zona-productiva-de-portoviejo\\\/#primaryimage\"},\"thumbnailUrl\":\"https:\\\/\\\/www.manabi.gob.ec\\\/wp-content\\\/uploads\\\/2022\\\/10\\\/WhatsApp-Image-2022-10-14-at-8.42.37-PM.jpeg\",\"articleSection\":[\"Desarrollo Social\",\"Noticias\",\"Obra P\u00fablica\",\"Portoviejo\",\"Todas\",\"Vialidad\"],\"inLanguage\":\"es\"},{\"@type\":\"WebPage\",\"@id\":\"https:\\\/\\\/www.manabi.gob.ec\\\/index.php\\\/llevamos-obras-a-la-zona-productiva-de-portoviejo\\\/\",\"url\":\"https:\\\/\\\/www.manabi.gob.ec\\\/index.php\\\/llevamos-obras-a-la-zona-productiva-de-portoviejo\\\/\",\"name\":\"\u00a1LLEVAMOS OBRAS A LA ZONA PRODUCTIVA DE PORTOVIEJO! - Prefectura de Manab\u00ed\",\"isPartOf\":{\"@id\":\"https:\\\/\\\/www.manabi.gob.ec\\\/#website\"},\"primaryImageOfPage\":{\"@id\":\"https:\\\/\\\/www.manabi.gob.ec\\\/index.php\\\/llevamos-obras-a-la-zona-productiva-de-portoviejo\\\/#primaryimage\"},\"image\":{\"@id\":\"https:\\\/\\\/www.manabi.gob.ec\\\/index.php\\\/llevamos-obras-a-la-zona-productiva-de-portoviejo\\\/#primaryimage\"},\"thumbnailUrl\":\"https:\\\/\\\/www.manabi.gob.ec\\\/wp-content\\\/uploads\\\/2022\\\/10\\\/WhatsApp-Image-2022-10-14-at-8.42.37-PM.jpeg\",\"datePublished\":\"2022-10-30T15:41:37+00:00\",\"dateModified\":\"2022-10-30T15:41:44+00:00\",\"author\":{\"@id\":\"https:\\\/\\\/www.manabi.gob.ec\\\/#\\\/schema\\\/person\\\/c4f117989332ad723a6ced5994aa7d7a\"},\"description\":\"La prefecta (s) Kelly Buenaventura constat\u00f3 los trabajos de construcci\u00f3n del puente en la comunidad El Hormiguero de la parroquia Abd\u00f3n Calder\u00f3n, del cant\u00f3n PortoviejoLa inversi\u00f3n en esta obra, que est\u00e1 siendo ejecutada por el contratista Roddy Espinales, con una inversi\u00f3n de $475.814 d\u00f3lares, en un plazo de 120 d\u00edas.Ser\u00e1 un puente de hormigon armado de 40 metros, con vigas met\u00e1licas, sobre el r\u00edo Chico de la comunidad El Hormiguero, el cu\u00e1l tiene un avance de 60%.La prefecta (s) @kellybuenaventura tambi\u00e9n realiz\u00f3 la supervisi\u00f3n de los trabajos de la v\u00eda de 3.6 kilometros, la que quedar\u00e1 a nivel de doble tratamiento bituminoso, y es ejecutada por la Prefectura de Manab\u00ed.\u201cEn una reuni\u00f3n con el se\u00f1or Prefecto solo le pedimos la v\u00eda, pero el nos dio algo m\u00e1s, nos dio la puerta a nuestra comunidad un puente, un puente que tanto est\u00e1bamos esperando\u201d, dijo Digna Aray, presidenta de la comunidad El Hormiguero\u201d.\",\"breadcrumb\":{\"@id\":\"https:\\\/\\\/www.manabi.gob.ec\\\/index.php\\\/llevamos-obras-a-la-zona-productiva-de-portoviejo\\\/#breadcrumb\"},\"inLanguage\":\"es\",\"potentialAction\":[{\"@type\":\"ReadAction\",\"target\":[\"https:\\\/\\\/www.manabi.gob.ec\\\/index.php\\\/llevamos-obras-a-la-zona-productiva-de-portoviejo\\\/\"]}]},{\"@type\":\"ImageObject\",\"inLanguage\":\"es\",\"@id\":\"https:\\\/\\\/www.manabi.gob.ec\\\/index.php\\\/llevamos-obras-a-la-zona-productiva-de-portoviejo\\\/#primaryimage\",\"url\":\"https:\\\/\\\/www.manabi.gob.ec\\\/wp-content\\\/uploads\\\/2022\\\/10\\\/WhatsApp-Image-2022-10-14-at-8.42.37-PM.jpeg\",\"contentUrl\":\"https:\\\/\\\/www.manabi.gob.ec\\\/wp-content\\\/uploads\\\/2022\\\/10\\\/WhatsApp-Image-2022-10-14-at-8.42.37-PM.jpeg\",\"width\":1599,\"height\":1066},{\"@type\":\"BreadcrumbList\",\"@id\":\"https:\\\/\\\/www.manabi.gob.ec\\\/index.php\\\/llevamos-obras-a-la-zona-productiva-de-portoviejo\\\/#breadcrumb\",\"itemListElement\":[{\"@type\":\"ListItem\",\"position\":1,\"name\":\"Portada\",\"item\":\"https:\\\/\\\/www.manabi.gob.ec\\\/\"},{\"@type\":\"ListItem\",\"position\":2,\"name\":\"\u00a1LLEVAMOS OBRAS A LA ZONA PRODUCTIVA DE PORTOVIEJO!\"}]},{\"@type\":\"WebSite\",\"@id\":\"https:\\\/\\\/www.manabi.gob.ec\\\/#website\",\"url\":\"https:\\\/\\\/www.manabi.gob.ec\\\/\",\"name\":\"Prefectura de Manab\u00ed\",\"description\":\"P\u00e1gina web de la prefectura\",\"potentialAction\":[{\"@type\":\"SearchAction\",\"target\":{\"@type\":\"EntryPoint\",\"urlTemplate\":\"https:\\\/\\\/www.manabi.gob.ec\\\/?s={search_term_string}\"},\"query-input\":{\"@type\":\"PropertyValueSpecification\",\"valueRequired\":true,\"valueName\":\"search_term_string\"}}],\"inLanguage\":\"es\"},{\"@type\":\"Person\",\"@id\":\"https:\\\/\\\/www.manabi.gob.ec\\\/#\\\/schema\\\/person\\\/c4f117989332ad723a6ced5994aa7d7a\",\"name\":\"Lui Ochoa\",\"image\":{\"@type\":\"ImageObject\",\"inLanguage\":\"es\",\"@id\":\"https:\\\/\\\/secure.gravatar.com\\\/avatar\\\/6e8017d0fe69dead8a95864d2eb6e1e1d8bf8e01194ba49cf7b897ff038126ba?s=96&d=mm&r=g\",\"url\":\"https:\\\/\\\/secure.gravatar.com\\\/avatar\\\/6e8017d0fe69dead8a95864d2eb6e1e1d8bf8e01194ba49cf7b897ff038126ba?s=96&d=mm&r=g\",\"contentUrl\":\"https:\\\/\\\/secure.gravatar.com\\\/avatar\\\/6e8017d0fe69dead8a95864d2eb6e1e1d8bf8e01194ba49cf7b897ff038126ba?s=96&d=mm&r=g\",\"caption\":\"Lui Ochoa\"},\"url\":\"https:\\\/\\\/www.manabi.gob.ec\\\/index.php\\\/author\\\/lochoa\\\/\"}]}<\/script>\n<!-- \/ Yoast SEO plugin. -->","yoast_head_json":{"title":"\u00a1LLEVAMOS OBRAS A LA ZONA PRODUCTIVA DE PORTOVIEJO! - Prefectura de Manab\u00ed","description":"La prefecta (s) Kelly Buenaventura constat\u00f3 los trabajos de construcci\u00f3n del puente en la comunidad El Hormiguero de la parroquia Abd\u00f3n Calder\u00f3n, del cant\u00f3n PortoviejoLa inversi\u00f3n en esta obra, que est\u00e1 siendo ejecutada por el contratista Roddy Espinales, con una inversi\u00f3n de $475.814 d\u00f3lares, en un plazo de 120 d\u00edas.Ser\u00e1 un puente de hormigon armado de 40 metros, con vigas met\u00e1licas, sobre el r\u00edo Chico de la comunidad El Hormiguero, el cu\u00e1l tiene un avance de 60%.La prefecta (s) @kellybuenaventura tambi\u00e9n realiz\u00f3 la supervisi\u00f3n de los trabajos de la v\u00eda de 3.6 kilometros, la que quedar\u00e1 a nivel de doble tratamiento bituminoso, y es ejecutada por la Prefectura de Manab\u00ed.\u201cEn una reuni\u00f3n con el se\u00f1or Prefecto solo le pedimos la v\u00eda, pero el nos dio algo m\u00e1s, nos dio la puerta a nuestra comunidad un puente, un puente que tanto est\u00e1bamos esperando\u201d, dijo Digna Aray, presidenta de la comunidad El Hormiguero\u201d.","robots":{"index":"index","follow":"follow","max-snippet":"max-snippet:-1","max-image-preview":"max-image-preview:large","max-video-preview":"max-video-preview:-1"},"canonical":"https:\/\/www.manabi.gob.ec\/index.php\/llevamos-obras-a-la-zona-productiva-de-portoviejo\/","og_locale":"es_ES","og_type":"article","og_title":"\u00a1LLEVAMOS OBRAS A LA ZONA PRODUCTIVA DE PORTOVIEJO! - Prefectura de Manab\u00ed","og_description":"La prefecta (s) Kelly Buenaventura constat\u00f3 los trabajos de construcci\u00f3n del puente en la comunidad El Hormiguero de la parroquia Abd\u00f3n Calder\u00f3n, del cant\u00f3n PortoviejoLa inversi\u00f3n en esta obra, que est\u00e1 siendo ejecutada por el contratista Roddy Espinales, con una inversi\u00f3n de $475.814 d\u00f3lares, en un plazo de 120 d\u00edas.Ser\u00e1 un puente de hormigon armado de 40 metros, con vigas met\u00e1licas, sobre el r\u00edo Chico de la comunidad El Hormiguero, el cu\u00e1l tiene un avance de 60%.La prefecta (s) @kellybuenaventura tambi\u00e9n realiz\u00f3 la supervisi\u00f3n de los trabajos de la v\u00eda de 3.6 kilometros, la que quedar\u00e1 a nivel de doble tratamiento bituminoso, y es ejecutada por la Prefectura de Manab\u00ed.\u201cEn una reuni\u00f3n con el se\u00f1or Prefecto solo le pedimos la v\u00eda, pero el nos dio algo m\u00e1s, nos dio la puerta a nuestra comunidad un puente, un puente que tanto est\u00e1bamos esperando\u201d, dijo Digna Aray, presidenta de la comunidad El Hormiguero\u201d.","og_url":"https:\/\/www.manabi.gob.ec\/index.php\/llevamos-obras-a-la-zona-productiva-de-portoviejo\/","og_site_name":"Prefectura de Manab\u00ed","article_published_time":"2022-10-30T15:41:37+00:00","article_modified_time":"2022-10-30T15:41:44+00:00","og_image":[{"width":1599,"height":1066,"url":"https:\/\/www.manabi.gob.ec\/wp-content\/uploads\/2022\/10\/WhatsApp-Image-2022-10-14-at-8.42.37-PM.jpeg","type":"image\/jpeg"}],"author":"Lui Ochoa","twitter_card":"summary_large_image","twitter_misc":{"Escrito por":"Lui Ochoa","Tiempo de lectura":"1 minuto"},"schema":{"@context":"https:\/\/schema.org","@graph":[{"@type":"Article","@id":"https:\/\/www.manabi.gob.ec\/index.php\/llevamos-obras-a-la-zona-productiva-de-portoviejo\/#article","isPartOf":{"@id":"https:\/\/www.manabi.gob.ec\/index.php\/llevamos-obras-a-la-zona-productiva-de-portoviejo\/"},"author":{"name":"Lui Ochoa","@id":"https:\/\/www.manabi.gob.ec\/#\/schema\/person\/c4f117989332ad723a6ced5994aa7d7a"},"headline":"\u00a1LLEVAMOS OBRAS A LA ZONA PRODUCTIVA DE PORTOVIEJO!","datePublished":"2022-10-30T15:41:37+00:00","dateModified":"2022-10-30T15:41:44+00:00","mainEntityOfPage":{"@id":"https:\/\/www.manabi.gob.ec\/index.php\/llevamos-obras-a-la-zona-productiva-de-portoviejo\/"},"wordCount":193,"image":{"@id":"https:\/\/www.manabi.gob.ec\/index.php\/llevamos-obras-a-la-zona-productiva-de-portoviejo\/#primaryimage"},"thumbnailUrl":"https:\/\/www.manabi.gob.ec\/wp-content\/uploads\/2022\/10\/WhatsApp-Image-2022-10-14-at-8.42.37-PM.jpeg","articleSection":["Desarrollo Social","Noticias","Obra P\u00fablica","Portoviejo","Todas","Vialidad"],"inLanguage":"es"},{"@type":"WebPage","@id":"https:\/\/www.manabi.gob.ec\/index.php\/llevamos-obras-a-la-zona-productiva-de-portoviejo\/","url":"https:\/\/www.manabi.gob.ec\/index.php\/llevamos-obras-a-la-zona-productiva-de-portoviejo\/","name":"\u00a1LLEVAMOS OBRAS A LA ZONA PRODUCTIVA DE PORTOVIEJO! - Prefectura de Manab\u00ed","isPartOf":{"@id":"https:\/\/www.manabi.gob.ec\/#website"},"primaryImageOfPage":{"@id":"https:\/\/www.manabi.gob.ec\/index.php\/llevamos-obras-a-la-zona-productiva-de-portoviejo\/#primaryimage"},"image":{"@id":"https:\/\/www.manabi.gob.ec\/index.php\/llevamos-obras-a-la-zona-productiva-de-portoviejo\/#primaryimage"},"thumbnailUrl":"https:\/\/www.manabi.gob.ec\/wp-content\/uploads\/2022\/10\/WhatsApp-Image-2022-10-14-at-8.42.37-PM.jpeg","datePublished":"2022-10-30T15:41:37+00:00","dateModified":"2022-10-30T15:41:44+00:00","author":{"@id":"https:\/\/www.manabi.gob.ec\/#\/schema\/person\/c4f117989332ad723a6ced5994aa7d7a"},"description":"La prefecta (s) Kelly Buenaventura constat\u00f3 los trabajos de construcci\u00f3n del puente en la comunidad El Hormiguero de la parroquia Abd\u00f3n Calder\u00f3n, del cant\u00f3n PortoviejoLa inversi\u00f3n en esta obra, que est\u00e1 siendo ejecutada por el contratista Roddy Espinales, con una inversi\u00f3n de $475.814 d\u00f3lares, en un plazo de 120 d\u00edas.Ser\u00e1 un puente de hormigon armado de 40 metros, con vigas met\u00e1licas, sobre el r\u00edo Chico de la comunidad El Hormiguero, el cu\u00e1l tiene un avance de 60%.La prefecta (s) @kellybuenaventura tambi\u00e9n realiz\u00f3 la supervisi\u00f3n de los trabajos de la v\u00eda de 3.6 kilometros, la que quedar\u00e1 a nivel de doble tratamiento bituminoso, y es ejecutada por la Prefectura de Manab\u00ed.\u201cEn una reuni\u00f3n con el se\u00f1or Prefecto solo le pedimos la v\u00eda, pero el nos dio algo m\u00e1s, nos dio la puerta a nuestra comunidad un puente, un puente que tanto est\u00e1bamos esperando\u201d, dijo Digna Aray, presidenta de la comunidad El Hormiguero\u201d.","breadcrumb":{"@id":"https:\/\/www.manabi.gob.ec\/index.php\/llevamos-obras-a-la-zona-productiva-de-portoviejo\/#breadcrumb"},"inLanguage":"es","potentialAction":[{"@type":"ReadAction","target":["https:\/\/www.manabi.gob.ec\/index.php\/llevamos-obras-a-la-zona-productiva-de-portoviejo\/"]}]},{"@type":"ImageObject","inLanguage":"es","@id":"https:\/\/www.manabi.gob.ec\/index.php\/llevamos-obras-a-la-zona-productiva-de-portoviejo\/#primaryimage","url":"https:\/\/www.manabi.gob.ec\/wp-content\/uploads\/2022\/10\/WhatsApp-Image-2022-10-14-at-8.42.37-PM.jpeg","contentUrl":"https:\/\/www.manabi.gob.ec\/wp-content\/uploads\/2022\/10\/WhatsApp-Image-2022-10-14-at-8.42.37-PM.jpeg","width":1599,"height":1066},{"@type":"BreadcrumbList","@id":"https:\/\/www.manabi.gob.ec\/index.php\/llevamos-obras-a-la-zona-productiva-de-portoviejo\/#breadcrumb","itemListElement":[{"@type":"ListItem","position":1,"name":"Portada","item":"https:\/\/www.manabi.gob.ec\/"},{"@type":"ListItem","position":2,"name":"\u00a1LLEVAMOS OBRAS A LA ZONA PRODUCTIVA DE PORTOVIEJO!"}]},{"@type":"WebSite","@id":"https:\/\/www.manabi.gob.ec\/#website","url":"https:\/\/www.manabi.gob.ec\/","name":"Prefectura de Manab\u00ed","description":"P\u00e1gina web de la prefectura","potentialAction":[{"@type":"SearchAction","target":{"@type":"EntryPoint","urlTemplate":"https:\/\/www.manabi.gob.ec\/?s={search_term_string}"},"query-input":{"@type":"PropertyValueSpecification","valueRequired":true,"valueName":"search_term_string"}}],"inLanguage":"es"},{"@type":"Person","@id":"https:\/\/www.manabi.gob.ec\/#\/schema\/person\/c4f117989332ad723a6ced5994aa7d7a","name":"Lui Ochoa","image":{"@type":"ImageObject","inLanguage":"es","@id":"https:\/\/secure.gravatar.com\/avatar\/6e8017d0fe69dead8a95864d2eb6e1e1d8bf8e01194ba49cf7b897ff038126ba?s=96&d=mm&r=g","url":"https:\/\/secure.gravatar.com\/avatar\/6e8017d0fe69dead8a95864d2eb6e1e1d8bf8e01194ba49cf7b897ff038126ba?s=96&d=mm&r=g","contentUrl":"https:\/\/secure.gravatar.com\/avatar\/6e8017d0fe69dead8a95864d2eb6e1e1d8bf8e01194ba49cf7b897ff038126ba?s=96&d=mm&r=g","caption":"Lui Ochoa"},"url":"https:\/\/www.manabi.gob.ec\/index.php\/author\/lochoa\/"}]}},"jetpack_featured_media_url":"https:\/\/www.manabi.gob.ec\/wp-content\/uploads\/2022\/10\/WhatsApp-Image-2022-10-14-at-8.42.37-PM.jpeg","_links":{"self":[{"href":"https:\/\/www.manabi.gob.ec\/index.php\/wp-json\/wp\/v2\/posts\/22664","targetHints":{"allow":["GET"]}}],"collection":[{"href":"https:\/\/www.manabi.gob.ec\/index.php\/wp-json\/wp\/v2\/posts"}],"about":[{"href":"https:\/\/www.manabi.gob.ec\/index.php\/wp-json\/wp\/v2\/types\/post"}],"author":[{"embeddable":true,"href":"https:\/\/www.manabi.gob.ec\/index.php\/wp-json\/wp\/v2\/users\/10"}],"replies":[{"embeddable":true,"href":"https:\/\/www.manabi.gob.ec\/index.php\/wp-json\/wp\/v2\/comments?post=22664"}],"version-history":[{"count":0,"href":"https:\/\/www.manabi.gob.ec\/index.php\/wp-json\/wp\/v2\/posts\/22664\/revisions"}],"wp:featuredmedia":[{"embeddable":true,"href":"https:\/\/www.manabi.gob.ec\/index.php\/wp-json\/wp\/v2\/media\/22665"}],"wp:attachment":[{"href":"https:\/\/www.manabi.gob.ec\/index.php\/wp-json\/wp\/v2\/media?parent=22664"}],"wp:term":[{"taxonomy":"category","embeddable":true,"href":"https:\/\/www.manabi.gob.ec\/index.php\/wp-json\/wp\/v2\/categories?post=22664"},{"taxonomy":"post_tag","embeddable":true,"href":"https:\/\/www.manabi.gob.ec\/index.php\/wp-json\/wp\/v2\/tags?post=22664"}],"curies":[{"name":"wp","href":"https:\/\/api.w.org\/{rel}","templated":true}]}}