{"id":22711,"date":"2022-10-31T14:25:43","date_gmt":"2022-10-31T14:25:43","guid":{"rendered":"https:\/\/www.manabi.gob.ec\/?p=22711"},"modified":"2022-10-31T14:26:05","modified_gmt":"2022-10-31T14:26:05","slug":"asi-se-hace-manabi-4","status":"publish","type":"post","link":"https:\/\/www.manabi.gob.ec\/index.php\/asi-se-hace-manabi-4\/","title":{"rendered":"\u00a1AS\u00cd SE HACE MANAB\u00cd!"},"content":{"rendered":"\n<p>En Atahualpa avanzan los trabajos de otro puente de justicia y equidad construido por la Prefectura<\/p>\n\n\n\n<p>El prefecto de Manab\u00ed, Leonardo Orlando, supervis\u00f3 el avance de los trabajos de construcci\u00f3n del puente sobre el r\u00edo Coaque, de la parroquia Atahualpa de Pedernales.<\/p>\n\n\n\n<p>La autoridad provincial constat\u00f3 la obra que tiene un avance del 55%, adem\u00e1s aprovech\u00f3 la oportunidad para dialogar con los habitantes de las diferentes comunidades y medios de comunicaci\u00f3n, dando detalles t\u00e9cnicos de la obra.<\/p>\n\n\n\n<p>El viaducto de hormig\u00f3n armado que ejecuta la Prefectura de Manab\u00ed, ser\u00e1 de doble carril, de 50 metros de longitud y 7.80 metros de ancho, con aceras de 90 cent\u00edmetros. Se prev\u00e9 que la obra est\u00e9 culminada el 16 de diciembre.<\/p>\n\n\n\n<p>Esta obra mejorara la calidad de vida de los habitantes de Atahualpa, Matapalo, Murapa, Mariano, Pata de P\u00e1jaro, Peralta, El Para\u00edso, El Tigre, porque podr\u00e1n transportar la producci\u00f3n de ma\u00edz, man\u00ed, c\u00edtricos, cacao y ganader\u00eda hacia los dem\u00e1s cantones.<\/p>\n\n\n\n<p>\u201cTierra hermosa de mis sue\u00f1os, donde la producci\u00f3n, su gente sencilla y trabajadora tiene los m\u00e1s grandes tesoros, hoy traemos para ustedes una obra esperada, que pronto podr\u00e1n disfrutar con alegr\u00eda e ilusi\u00f3n al cruzar un puente digno para la parroquia\u201d, expres\u00f3 el Prefecto.<\/p>\n","protected":false},"excerpt":{"rendered":"<p>En Atahualpa avanzan los trabajos de otro puente de justicia y equidad construido por la Prefectura El prefecto de Manab\u00ed, Leonardo Orlando, supervis\u00f3 el avance de los trabajos de construcci\u00f3n del puente sobre el r\u00edo Coaque, de la parroquia Atahualpa de Pedernales. La autoridad provincial constat\u00f3 la obra que tiene un avance del 55%, adem\u00e1s [&hellip;]<\/p>\n","protected":false},"author":10,"featured_media":22712,"comment_status":"closed","ping_status":"closed","sticky":false,"template":"","format":"standard","meta":{"_joinchat":[],"footnotes":""},"categories":[142,92,181,137,91],"tags":[],"class_list":["post-22711","post","type-post","status-publish","format-standard","has-post-thumbnail","hentry","category-desarrollo-social","category-noticias-manabi","category-obra-publica","category-pedernales","category-todas"],"yoast_head":"<!-- This site is optimized with the Yoast SEO plugin v27.4 - https:\/\/yoast.com\/product\/yoast-seo-wordpress\/ -->\n<title>\u00a1AS\u00cd SE HACE MANAB\u00cd! - Prefectura de Manab\u00ed<\/title>\n<meta name=\"robots\" content=\"index, follow, max-snippet:-1, max-image-preview:large, max-video-preview:-1\" \/>\n<link rel=\"canonical\" href=\"https:\/\/www.manabi.gob.ec\/index.php\/asi-se-hace-manabi-4\/\" \/>\n<meta property=\"og:locale\" content=\"es_ES\" \/>\n<meta property=\"og:type\" content=\"article\" \/>\n<meta property=\"og:title\" content=\"\u00a1AS\u00cd SE HACE MANAB\u00cd! - Prefectura de Manab\u00ed\" \/>\n<meta property=\"og:description\" content=\"En Atahualpa avanzan los trabajos de otro puente de justicia y equidad construido por la Prefectura El prefecto de Manab\u00ed, Leonardo Orlando, supervis\u00f3 el avance de los trabajos de construcci\u00f3n del puente sobre el r\u00edo Coaque, de la parroquia Atahualpa de Pedernales. La autoridad provincial constat\u00f3 la obra que tiene un avance del 55%, adem\u00e1s [&hellip;]\" \/>\n<meta property=\"og:url\" content=\"https:\/\/www.manabi.gob.ec\/index.php\/asi-se-hace-manabi-4\/\" \/>\n<meta property=\"og:site_name\" content=\"Prefectura de Manab\u00ed\" \/>\n<meta property=\"article:published_time\" content=\"2022-10-31T14:25:43+00:00\" \/>\n<meta property=\"article:modified_time\" content=\"2022-10-31T14:26:05+00:00\" \/>\n<meta property=\"og:image\" content=\"https:\/\/www.manabi.gob.ec\/wp-content\/uploads\/2022\/10\/WhatsApp-Image-2022-10-25-at-8.40.30-PM.jpeg\" \/>\n\t<meta property=\"og:image:width\" content=\"1600\" \/>\n\t<meta property=\"og:image:height\" content=\"1069\" \/>\n\t<meta property=\"og:image:type\" content=\"image\/jpeg\" \/>\n<meta name=\"author\" content=\"Lui Ochoa\" \/>\n<meta name=\"twitter:card\" content=\"summary_large_image\" \/>\n<meta name=\"twitter:label1\" content=\"Escrito por\" \/>\n\t<meta name=\"twitter:data1\" content=\"Lui Ochoa\" \/>\n\t<meta name=\"twitter:label2\" content=\"Tiempo de lectura\" \/>\n\t<meta name=\"twitter:data2\" content=\"1 minuto\" \/>\n<script type=\"application\/ld+json\" class=\"yoast-schema-graph\">{\"@context\":\"https:\\\/\\\/schema.org\",\"@graph\":[{\"@type\":\"Article\",\"@id\":\"https:\\\/\\\/www.manabi.gob.ec\\\/index.php\\\/asi-se-hace-manabi-4\\\/#article\",\"isPartOf\":{\"@id\":\"https:\\\/\\\/www.manabi.gob.ec\\\/index.php\\\/asi-se-hace-manabi-4\\\/\"},\"author\":{\"name\":\"Lui Ochoa\",\"@id\":\"https:\\\/\\\/www.manabi.gob.ec\\\/#\\\/schema\\\/person\\\/c4f117989332ad723a6ced5994aa7d7a\"},\"headline\":\"\u00a1AS\u00cd SE HACE MANAB\u00cd!\",\"datePublished\":\"2022-10-31T14:25:43+00:00\",\"dateModified\":\"2022-10-31T14:26:05+00:00\",\"mainEntityOfPage\":{\"@id\":\"https:\\\/\\\/www.manabi.gob.ec\\\/index.php\\\/asi-se-hace-manabi-4\\\/\"},\"wordCount\":221,\"image\":{\"@id\":\"https:\\\/\\\/www.manabi.gob.ec\\\/index.php\\\/asi-se-hace-manabi-4\\\/#primaryimage\"},\"thumbnailUrl\":\"https:\\\/\\\/www.manabi.gob.ec\\\/wp-content\\\/uploads\\\/2022\\\/10\\\/WhatsApp-Image-2022-10-25-at-8.40.30-PM.jpeg\",\"articleSection\":[\"Desarrollo Social\",\"Noticias\",\"Obra P\u00fablica\",\"Pedernales\",\"Todas\"],\"inLanguage\":\"es\"},{\"@type\":\"WebPage\",\"@id\":\"https:\\\/\\\/www.manabi.gob.ec\\\/index.php\\\/asi-se-hace-manabi-4\\\/\",\"url\":\"https:\\\/\\\/www.manabi.gob.ec\\\/index.php\\\/asi-se-hace-manabi-4\\\/\",\"name\":\"\u00a1AS\u00cd SE HACE MANAB\u00cd! - Prefectura de Manab\u00ed\",\"isPartOf\":{\"@id\":\"https:\\\/\\\/www.manabi.gob.ec\\\/#website\"},\"primaryImageOfPage\":{\"@id\":\"https:\\\/\\\/www.manabi.gob.ec\\\/index.php\\\/asi-se-hace-manabi-4\\\/#primaryimage\"},\"image\":{\"@id\":\"https:\\\/\\\/www.manabi.gob.ec\\\/index.php\\\/asi-se-hace-manabi-4\\\/#primaryimage\"},\"thumbnailUrl\":\"https:\\\/\\\/www.manabi.gob.ec\\\/wp-content\\\/uploads\\\/2022\\\/10\\\/WhatsApp-Image-2022-10-25-at-8.40.30-PM.jpeg\",\"datePublished\":\"2022-10-31T14:25:43+00:00\",\"dateModified\":\"2022-10-31T14:26:05+00:00\",\"author\":{\"@id\":\"https:\\\/\\\/www.manabi.gob.ec\\\/#\\\/schema\\\/person\\\/c4f117989332ad723a6ced5994aa7d7a\"},\"breadcrumb\":{\"@id\":\"https:\\\/\\\/www.manabi.gob.ec\\\/index.php\\\/asi-se-hace-manabi-4\\\/#breadcrumb\"},\"inLanguage\":\"es\",\"potentialAction\":[{\"@type\":\"ReadAction\",\"target\":[\"https:\\\/\\\/www.manabi.gob.ec\\\/index.php\\\/asi-se-hace-manabi-4\\\/\"]}]},{\"@type\":\"ImageObject\",\"inLanguage\":\"es\",\"@id\":\"https:\\\/\\\/www.manabi.gob.ec\\\/index.php\\\/asi-se-hace-manabi-4\\\/#primaryimage\",\"url\":\"https:\\\/\\\/www.manabi.gob.ec\\\/wp-content\\\/uploads\\\/2022\\\/10\\\/WhatsApp-Image-2022-10-25-at-8.40.30-PM.jpeg\",\"contentUrl\":\"https:\\\/\\\/www.manabi.gob.ec\\\/wp-content\\\/uploads\\\/2022\\\/10\\\/WhatsApp-Image-2022-10-25-at-8.40.30-PM.jpeg\",\"width\":1600,\"height\":1069},{\"@type\":\"BreadcrumbList\",\"@id\":\"https:\\\/\\\/www.manabi.gob.ec\\\/index.php\\\/asi-se-hace-manabi-4\\\/#breadcrumb\",\"itemListElement\":[{\"@type\":\"ListItem\",\"position\":1,\"name\":\"Portada\",\"item\":\"https:\\\/\\\/www.manabi.gob.ec\\\/\"},{\"@type\":\"ListItem\",\"position\":2,\"name\":\"\u00a1AS\u00cd SE HACE MANAB\u00cd!\"}]},{\"@type\":\"WebSite\",\"@id\":\"https:\\\/\\\/www.manabi.gob.ec\\\/#website\",\"url\":\"https:\\\/\\\/www.manabi.gob.ec\\\/\",\"name\":\"Prefectura de Manab\u00ed\",\"description\":\"P\u00e1gina web de la prefectura\",\"potentialAction\":[{\"@type\":\"SearchAction\",\"target\":{\"@type\":\"EntryPoint\",\"urlTemplate\":\"https:\\\/\\\/www.manabi.gob.ec\\\/?s={search_term_string}\"},\"query-input\":{\"@type\":\"PropertyValueSpecification\",\"valueRequired\":true,\"valueName\":\"search_term_string\"}}],\"inLanguage\":\"es\"},{\"@type\":\"Person\",\"@id\":\"https:\\\/\\\/www.manabi.gob.ec\\\/#\\\/schema\\\/person\\\/c4f117989332ad723a6ced5994aa7d7a\",\"name\":\"Lui Ochoa\",\"image\":{\"@type\":\"ImageObject\",\"inLanguage\":\"es\",\"@id\":\"https:\\\/\\\/secure.gravatar.com\\\/avatar\\\/6e8017d0fe69dead8a95864d2eb6e1e1d8bf8e01194ba49cf7b897ff038126ba?s=96&d=mm&r=g\",\"url\":\"https:\\\/\\\/secure.gravatar.com\\\/avatar\\\/6e8017d0fe69dead8a95864d2eb6e1e1d8bf8e01194ba49cf7b897ff038126ba?s=96&d=mm&r=g\",\"contentUrl\":\"https:\\\/\\\/secure.gravatar.com\\\/avatar\\\/6e8017d0fe69dead8a95864d2eb6e1e1d8bf8e01194ba49cf7b897ff038126ba?s=96&d=mm&r=g\",\"caption\":\"Lui Ochoa\"},\"url\":\"https:\\\/\\\/www.manabi.gob.ec\\\/index.php\\\/author\\\/lochoa\\\/\"}]}<\/script>\n<!-- \/ Yoast SEO plugin. -->","yoast_head_json":{"title":"\u00a1AS\u00cd SE HACE MANAB\u00cd! - Prefectura de Manab\u00ed","robots":{"index":"index","follow":"follow","max-snippet":"max-snippet:-1","max-image-preview":"max-image-preview:large","max-video-preview":"max-video-preview:-1"},"canonical":"https:\/\/www.manabi.gob.ec\/index.php\/asi-se-hace-manabi-4\/","og_locale":"es_ES","og_type":"article","og_title":"\u00a1AS\u00cd SE HACE MANAB\u00cd! - Prefectura de Manab\u00ed","og_description":"En Atahualpa avanzan los trabajos de otro puente de justicia y equidad construido por la Prefectura El prefecto de Manab\u00ed, Leonardo Orlando, supervis\u00f3 el avance de los trabajos de construcci\u00f3n del puente sobre el r\u00edo Coaque, de la parroquia Atahualpa de Pedernales. La autoridad provincial constat\u00f3 la obra que tiene un avance del 55%, adem\u00e1s [&hellip;]","og_url":"https:\/\/www.manabi.gob.ec\/index.php\/asi-se-hace-manabi-4\/","og_site_name":"Prefectura de Manab\u00ed","article_published_time":"2022-10-31T14:25:43+00:00","article_modified_time":"2022-10-31T14:26:05+00:00","og_image":[{"width":1600,"height":1069,"url":"https:\/\/www.manabi.gob.ec\/wp-content\/uploads\/2022\/10\/WhatsApp-Image-2022-10-25-at-8.40.30-PM.jpeg","type":"image\/jpeg"}],"author":"Lui Ochoa","twitter_card":"summary_large_image","twitter_misc":{"Escrito por":"Lui Ochoa","Tiempo de lectura":"1 minuto"},"schema":{"@context":"https:\/\/schema.org","@graph":[{"@type":"Article","@id":"https:\/\/www.manabi.gob.ec\/index.php\/asi-se-hace-manabi-4\/#article","isPartOf":{"@id":"https:\/\/www.manabi.gob.ec\/index.php\/asi-se-hace-manabi-4\/"},"author":{"name":"Lui Ochoa","@id":"https:\/\/www.manabi.gob.ec\/#\/schema\/person\/c4f117989332ad723a6ced5994aa7d7a"},"headline":"\u00a1AS\u00cd SE HACE MANAB\u00cd!","datePublished":"2022-10-31T14:25:43+00:00","dateModified":"2022-10-31T14:26:05+00:00","mainEntityOfPage":{"@id":"https:\/\/www.manabi.gob.ec\/index.php\/asi-se-hace-manabi-4\/"},"wordCount":221,"image":{"@id":"https:\/\/www.manabi.gob.ec\/index.php\/asi-se-hace-manabi-4\/#primaryimage"},"thumbnailUrl":"https:\/\/www.manabi.gob.ec\/wp-content\/uploads\/2022\/10\/WhatsApp-Image-2022-10-25-at-8.40.30-PM.jpeg","articleSection":["Desarrollo Social","Noticias","Obra P\u00fablica","Pedernales","Todas"],"inLanguage":"es"},{"@type":"WebPage","@id":"https:\/\/www.manabi.gob.ec\/index.php\/asi-se-hace-manabi-4\/","url":"https:\/\/www.manabi.gob.ec\/index.php\/asi-se-hace-manabi-4\/","name":"\u00a1AS\u00cd SE HACE MANAB\u00cd! - Prefectura de Manab\u00ed","isPartOf":{"@id":"https:\/\/www.manabi.gob.ec\/#website"},"primaryImageOfPage":{"@id":"https:\/\/www.manabi.gob.ec\/index.php\/asi-se-hace-manabi-4\/#primaryimage"},"image":{"@id":"https:\/\/www.manabi.gob.ec\/index.php\/asi-se-hace-manabi-4\/#primaryimage"},"thumbnailUrl":"https:\/\/www.manabi.gob.ec\/wp-content\/uploads\/2022\/10\/WhatsApp-Image-2022-10-25-at-8.40.30-PM.jpeg","datePublished":"2022-10-31T14:25:43+00:00","dateModified":"2022-10-31T14:26:05+00:00","author":{"@id":"https:\/\/www.manabi.gob.ec\/#\/schema\/person\/c4f117989332ad723a6ced5994aa7d7a"},"breadcrumb":{"@id":"https:\/\/www.manabi.gob.ec\/index.php\/asi-se-hace-manabi-4\/#breadcrumb"},"inLanguage":"es","potentialAction":[{"@type":"ReadAction","target":["https:\/\/www.manabi.gob.ec\/index.php\/asi-se-hace-manabi-4\/"]}]},{"@type":"ImageObject","inLanguage":"es","@id":"https:\/\/www.manabi.gob.ec\/index.php\/asi-se-hace-manabi-4\/#primaryimage","url":"https:\/\/www.manabi.gob.ec\/wp-content\/uploads\/2022\/10\/WhatsApp-Image-2022-10-25-at-8.40.30-PM.jpeg","contentUrl":"https:\/\/www.manabi.gob.ec\/wp-content\/uploads\/2022\/10\/WhatsApp-Image-2022-10-25-at-8.40.30-PM.jpeg","width":1600,"height":1069},{"@type":"BreadcrumbList","@id":"https:\/\/www.manabi.gob.ec\/index.php\/asi-se-hace-manabi-4\/#breadcrumb","itemListElement":[{"@type":"ListItem","position":1,"name":"Portada","item":"https:\/\/www.manabi.gob.ec\/"},{"@type":"ListItem","position":2,"name":"\u00a1AS\u00cd SE HACE MANAB\u00cd!"}]},{"@type":"WebSite","@id":"https:\/\/www.manabi.gob.ec\/#website","url":"https:\/\/www.manabi.gob.ec\/","name":"Prefectura de Manab\u00ed","description":"P\u00e1gina web de la prefectura","potentialAction":[{"@type":"SearchAction","target":{"@type":"EntryPoint","urlTemplate":"https:\/\/www.manabi.gob.ec\/?s={search_term_string}"},"query-input":{"@type":"PropertyValueSpecification","valueRequired":true,"valueName":"search_term_string"}}],"inLanguage":"es"},{"@type":"Person","@id":"https:\/\/www.manabi.gob.ec\/#\/schema\/person\/c4f117989332ad723a6ced5994aa7d7a","name":"Lui Ochoa","image":{"@type":"ImageObject","inLanguage":"es","@id":"https:\/\/secure.gravatar.com\/avatar\/6e8017d0fe69dead8a95864d2eb6e1e1d8bf8e01194ba49cf7b897ff038126ba?s=96&d=mm&r=g","url":"https:\/\/secure.gravatar.com\/avatar\/6e8017d0fe69dead8a95864d2eb6e1e1d8bf8e01194ba49cf7b897ff038126ba?s=96&d=mm&r=g","contentUrl":"https:\/\/secure.gravatar.com\/avatar\/6e8017d0fe69dead8a95864d2eb6e1e1d8bf8e01194ba49cf7b897ff038126ba?s=96&d=mm&r=g","caption":"Lui Ochoa"},"url":"https:\/\/www.manabi.gob.ec\/index.php\/author\/lochoa\/"}]}},"jetpack_featured_media_url":"https:\/\/www.manabi.gob.ec\/wp-content\/uploads\/2022\/10\/WhatsApp-Image-2022-10-25-at-8.40.30-PM.jpeg","_links":{"self":[{"href":"https:\/\/www.manabi.gob.ec\/index.php\/wp-json\/wp\/v2\/posts\/22711","targetHints":{"allow":["GET"]}}],"collection":[{"href":"https:\/\/www.manabi.gob.ec\/index.php\/wp-json\/wp\/v2\/posts"}],"about":[{"href":"https:\/\/www.manabi.gob.ec\/index.php\/wp-json\/wp\/v2\/types\/post"}],"author":[{"embeddable":true,"href":"https:\/\/www.manabi.gob.ec\/index.php\/wp-json\/wp\/v2\/users\/10"}],"replies":[{"embeddable":true,"href":"https:\/\/www.manabi.gob.ec\/index.php\/wp-json\/wp\/v2\/comments?post=22711"}],"version-history":[{"count":0,"href":"https:\/\/www.manabi.gob.ec\/index.php\/wp-json\/wp\/v2\/posts\/22711\/revisions"}],"wp:featuredmedia":[{"embeddable":true,"href":"https:\/\/www.manabi.gob.ec\/index.php\/wp-json\/wp\/v2\/media\/22712"}],"wp:attachment":[{"href":"https:\/\/www.manabi.gob.ec\/index.php\/wp-json\/wp\/v2\/media?parent=22711"}],"wp:term":[{"taxonomy":"category","embeddable":true,"href":"https:\/\/www.manabi.gob.ec\/index.php\/wp-json\/wp\/v2\/categories?post=22711"},{"taxonomy":"post_tag","embeddable":true,"href":"https:\/\/www.manabi.gob.ec\/index.php\/wp-json\/wp\/v2\/tags?post=22711"}],"curies":[{"name":"wp","href":"https:\/\/api.w.org\/{rel}","templated":true}]}}