{"id":22727,"date":"2022-10-31T15:05:29","date_gmt":"2022-10-31T15:05:29","guid":{"rendered":"https:\/\/www.manabi.gob.ec\/?p=22727"},"modified":"2022-10-31T15:05:34","modified_gmt":"2022-10-31T15:05:34","slug":"transformamos-con-obras-de-desarrollo-y-equidad-a-la-provincia","status":"publish","type":"post","link":"https:\/\/www.manabi.gob.ec\/index.php\/transformamos-con-obras-de-desarrollo-y-equidad-a-la-provincia\/","title":{"rendered":"\u00a1TRANSFORMAMOS CON OBRAS DE DESARROLLO Y EQUIDAD A LA PROVINCIA!"},"content":{"rendered":"\n<p>La v\u00eda Los Caras-Las Delicias conecta a comunidades productivas de Sucre y Tosagua<\/p>\n\n\n\n<p>\u201cEl lodo y la desesperanza han quedado atr\u00e1s. Antes, para llegar a la salida nos tomaba caminar casi 2 horas, porque ning\u00fan carro entraba debido al mal estado de la v\u00eda; ahora, todo eso ha cambiado, vamos y venimos r\u00e1pido\u201d, manifest\u00f3 Mar\u00eda Teresa Zambrano, moradora del sector.<br>El prefecto de Manab\u00ed, Leonardo Orlando, realiz\u00f3 la socializaci\u00f3n de los trabajos terminados de la rehabilitaci\u00f3n de la v\u00eda Las Delicias \u2013 Los Caras, de 5,88 kil\u00f3metros, con una inversi\u00f3n de 555 mil d\u00f3lares.<br>\u201cEstamos honrando el compromiso y la institucionalidad con un solo objetivo: ver el progreso de nuestra gente\u201d, expres\u00f3 el Prefecto.<br>Esta v\u00eda beneficia a comunidades productivas y de gran potencial agropecuario de los cantones Sucre y Tosagua, y fue ejecutada mediante convenio entre la Prefectura de Manab\u00ed y el GAD Municipal de Sucre.<\/p>\n","protected":false},"excerpt":{"rendered":"<p>La v\u00eda Los Caras-Las Delicias conecta a comunidades productivas de Sucre y Tosagua \u201cEl lodo y la desesperanza han quedado atr\u00e1s. Antes, para llegar a la salida nos tomaba caminar casi 2 horas, porque ning\u00fan carro entraba debido al mal estado de la v\u00eda; ahora, todo eso ha cambiado, vamos y venimos r\u00e1pido\u201d, manifest\u00f3 Mar\u00eda [&hellip;]<\/p>\n","protected":false},"author":10,"featured_media":22728,"comment_status":"closed","ping_status":"closed","sticky":false,"template":"","format":"standard","meta":{"_joinchat":[],"footnotes":""},"categories":[142,92,160,91,130],"tags":[],"class_list":["post-22727","post","type-post","status-publish","format-standard","has-post-thumbnail","hentry","category-desarrollo-social","category-noticias-manabi","category-sucre","category-todas","category-tosagua"],"yoast_head":"<!-- This site is optimized with the Yoast SEO plugin v27.4 - https:\/\/yoast.com\/product\/yoast-seo-wordpress\/ -->\n<title>OBRAS<\/title>\n<meta name=\"description\" content=\"La v\u00eda Los Caras-Las Delicias conecta a comunidades productivas de Sucre y Tosagua\u201cEl lodo y la desesperanza han quedado atr\u00e1s. Antes, para llegar a la salida nos tomaba caminar casi 2 horas, porque ning\u00fan carro entraba debido al mal estado de la v\u00eda; ahora, todo eso ha cambiado, vamos y venimos r\u00e1pido\u201d, manifest\u00f3 Mar\u00eda Teresa Zambrano, moradora del sector.El prefecto de Manab\u00ed, Leonardo Orlando, realiz\u00f3 la socializaci\u00f3n de los trabajos terminados de la rehabilitaci\u00f3n de la v\u00eda Las Delicias \u2013 Los Caras, de 5,88 kil\u00f3metros, con una inversi\u00f3n de 555 mil d\u00f3lares.\u201cEstamos honrando el compromiso y la institucionalidad con un solo objetivo: ver el progreso de nuestra gente\u201d, expres\u00f3 el Prefecto.Esta v\u00eda beneficia a comunidades productivas y de gran potencial agropecuario de los cantones Sucre y Tosagua, y fue ejecutada mediante convenio entre la Prefectura de Manab\u00ed y el GAD Municipal de Sucre.\" \/>\n<meta name=\"robots\" content=\"index, follow, max-snippet:-1, max-image-preview:large, max-video-preview:-1\" \/>\n<link rel=\"canonical\" href=\"https:\/\/www.manabi.gob.ec\/index.php\/transformamos-con-obras-de-desarrollo-y-equidad-a-la-provincia\/\" \/>\n<meta property=\"og:locale\" content=\"es_ES\" \/>\n<meta property=\"og:type\" content=\"article\" \/>\n<meta property=\"og:title\" content=\"OBRAS\" \/>\n<meta property=\"og:description\" content=\"La v\u00eda Los Caras-Las Delicias conecta a comunidades productivas de Sucre y Tosagua\u201cEl lodo y la desesperanza han quedado atr\u00e1s. Antes, para llegar a la salida nos tomaba caminar casi 2 horas, porque ning\u00fan carro entraba debido al mal estado de la v\u00eda; ahora, todo eso ha cambiado, vamos y venimos r\u00e1pido\u201d, manifest\u00f3 Mar\u00eda Teresa Zambrano, moradora del sector.El prefecto de Manab\u00ed, Leonardo Orlando, realiz\u00f3 la socializaci\u00f3n de los trabajos terminados de la rehabilitaci\u00f3n de la v\u00eda Las Delicias \u2013 Los Caras, de 5,88 kil\u00f3metros, con una inversi\u00f3n de 555 mil d\u00f3lares.\u201cEstamos honrando el compromiso y la institucionalidad con un solo objetivo: ver el progreso de nuestra gente\u201d, expres\u00f3 el Prefecto.Esta v\u00eda beneficia a comunidades productivas y de gran potencial agropecuario de los cantones Sucre y Tosagua, y fue ejecutada mediante convenio entre la Prefectura de Manab\u00ed y el GAD Municipal de Sucre.\" \/>\n<meta property=\"og:url\" content=\"https:\/\/www.manabi.gob.ec\/index.php\/transformamos-con-obras-de-desarrollo-y-equidad-a-la-provincia\/\" \/>\n<meta property=\"og:site_name\" content=\"Prefectura de Manab\u00ed\" \/>\n<meta property=\"article:published_time\" content=\"2022-10-31T15:05:29+00:00\" \/>\n<meta property=\"article:modified_time\" content=\"2022-10-31T15:05:34+00:00\" \/>\n<meta property=\"og:image\" content=\"https:\/\/www.manabi.gob.ec\/wp-content\/uploads\/2022\/10\/WhatsApp-Image-2022-10-29-at-8.52.33-AM.jpeg\" \/>\n\t<meta property=\"og:image:width\" content=\"1600\" \/>\n\t<meta property=\"og:image:height\" content=\"1069\" \/>\n\t<meta property=\"og:image:type\" content=\"image\/jpeg\" \/>\n<meta name=\"author\" content=\"Lui Ochoa\" \/>\n<meta name=\"twitter:card\" content=\"summary_large_image\" \/>\n<meta name=\"twitter:label1\" content=\"Escrito por\" \/>\n\t<meta name=\"twitter:data1\" content=\"Lui Ochoa\" \/>\n\t<meta name=\"twitter:label2\" content=\"Tiempo de lectura\" \/>\n\t<meta name=\"twitter:data2\" content=\"1 minuto\" \/>\n<script type=\"application\/ld+json\" class=\"yoast-schema-graph\">{\"@context\":\"https:\\\/\\\/schema.org\",\"@graph\":[{\"@type\":\"Article\",\"@id\":\"https:\\\/\\\/www.manabi.gob.ec\\\/index.php\\\/transformamos-con-obras-de-desarrollo-y-equidad-a-la-provincia\\\/#article\",\"isPartOf\":{\"@id\":\"https:\\\/\\\/www.manabi.gob.ec\\\/index.php\\\/transformamos-con-obras-de-desarrollo-y-equidad-a-la-provincia\\\/\"},\"author\":{\"name\":\"Lui Ochoa\",\"@id\":\"https:\\\/\\\/www.manabi.gob.ec\\\/#\\\/schema\\\/person\\\/c4f117989332ad723a6ced5994aa7d7a\"},\"headline\":\"\u00a1TRANSFORMAMOS CON OBRAS DE DESARROLLO Y EQUIDAD A LA PROVINCIA!\",\"datePublished\":\"2022-10-31T15:05:29+00:00\",\"dateModified\":\"2022-10-31T15:05:34+00:00\",\"mainEntityOfPage\":{\"@id\":\"https:\\\/\\\/www.manabi.gob.ec\\\/index.php\\\/transformamos-con-obras-de-desarrollo-y-equidad-a-la-provincia\\\/\"},\"wordCount\":166,\"image\":{\"@id\":\"https:\\\/\\\/www.manabi.gob.ec\\\/index.php\\\/transformamos-con-obras-de-desarrollo-y-equidad-a-la-provincia\\\/#primaryimage\"},\"thumbnailUrl\":\"https:\\\/\\\/www.manabi.gob.ec\\\/wp-content\\\/uploads\\\/2022\\\/10\\\/WhatsApp-Image-2022-10-29-at-8.52.33-AM.jpeg\",\"articleSection\":[\"Desarrollo Social\",\"Noticias\",\"Sucre\",\"Todas\",\"Tosagua\"],\"inLanguage\":\"es\"},{\"@type\":\"WebPage\",\"@id\":\"https:\\\/\\\/www.manabi.gob.ec\\\/index.php\\\/transformamos-con-obras-de-desarrollo-y-equidad-a-la-provincia\\\/\",\"url\":\"https:\\\/\\\/www.manabi.gob.ec\\\/index.php\\\/transformamos-con-obras-de-desarrollo-y-equidad-a-la-provincia\\\/\",\"name\":\"OBRAS\",\"isPartOf\":{\"@id\":\"https:\\\/\\\/www.manabi.gob.ec\\\/#website\"},\"primaryImageOfPage\":{\"@id\":\"https:\\\/\\\/www.manabi.gob.ec\\\/index.php\\\/transformamos-con-obras-de-desarrollo-y-equidad-a-la-provincia\\\/#primaryimage\"},\"image\":{\"@id\":\"https:\\\/\\\/www.manabi.gob.ec\\\/index.php\\\/transformamos-con-obras-de-desarrollo-y-equidad-a-la-provincia\\\/#primaryimage\"},\"thumbnailUrl\":\"https:\\\/\\\/www.manabi.gob.ec\\\/wp-content\\\/uploads\\\/2022\\\/10\\\/WhatsApp-Image-2022-10-29-at-8.52.33-AM.jpeg\",\"datePublished\":\"2022-10-31T15:05:29+00:00\",\"dateModified\":\"2022-10-31T15:05:34+00:00\",\"author\":{\"@id\":\"https:\\\/\\\/www.manabi.gob.ec\\\/#\\\/schema\\\/person\\\/c4f117989332ad723a6ced5994aa7d7a\"},\"description\":\"La v\u00eda Los Caras-Las Delicias conecta a comunidades productivas de Sucre y Tosagua\u201cEl lodo y la desesperanza han quedado atr\u00e1s. Antes, para llegar a la salida nos tomaba caminar casi 2 horas, porque ning\u00fan carro entraba debido al mal estado de la v\u00eda; ahora, todo eso ha cambiado, vamos y venimos r\u00e1pido\u201d, manifest\u00f3 Mar\u00eda Teresa Zambrano, moradora del sector.El prefecto de Manab\u00ed, Leonardo Orlando, realiz\u00f3 la socializaci\u00f3n de los trabajos terminados de la rehabilitaci\u00f3n de la v\u00eda Las Delicias \u2013 Los Caras, de 5,88 kil\u00f3metros, con una inversi\u00f3n de 555 mil d\u00f3lares.\u201cEstamos honrando el compromiso y la institucionalidad con un solo objetivo: ver el progreso de nuestra gente\u201d, expres\u00f3 el Prefecto.Esta v\u00eda beneficia a comunidades productivas y de gran potencial agropecuario de los cantones Sucre y Tosagua, y fue ejecutada mediante convenio entre la Prefectura de Manab\u00ed y el GAD Municipal de Sucre.\",\"breadcrumb\":{\"@id\":\"https:\\\/\\\/www.manabi.gob.ec\\\/index.php\\\/transformamos-con-obras-de-desarrollo-y-equidad-a-la-provincia\\\/#breadcrumb\"},\"inLanguage\":\"es\",\"potentialAction\":[{\"@type\":\"ReadAction\",\"target\":[\"https:\\\/\\\/www.manabi.gob.ec\\\/index.php\\\/transformamos-con-obras-de-desarrollo-y-equidad-a-la-provincia\\\/\"]}]},{\"@type\":\"ImageObject\",\"inLanguage\":\"es\",\"@id\":\"https:\\\/\\\/www.manabi.gob.ec\\\/index.php\\\/transformamos-con-obras-de-desarrollo-y-equidad-a-la-provincia\\\/#primaryimage\",\"url\":\"https:\\\/\\\/www.manabi.gob.ec\\\/wp-content\\\/uploads\\\/2022\\\/10\\\/WhatsApp-Image-2022-10-29-at-8.52.33-AM.jpeg\",\"contentUrl\":\"https:\\\/\\\/www.manabi.gob.ec\\\/wp-content\\\/uploads\\\/2022\\\/10\\\/WhatsApp-Image-2022-10-29-at-8.52.33-AM.jpeg\",\"width\":1600,\"height\":1069},{\"@type\":\"BreadcrumbList\",\"@id\":\"https:\\\/\\\/www.manabi.gob.ec\\\/index.php\\\/transformamos-con-obras-de-desarrollo-y-equidad-a-la-provincia\\\/#breadcrumb\",\"itemListElement\":[{\"@type\":\"ListItem\",\"position\":1,\"name\":\"Portada\",\"item\":\"https:\\\/\\\/www.manabi.gob.ec\\\/\"},{\"@type\":\"ListItem\",\"position\":2,\"name\":\"\u00a1TRANSFORMAMOS CON OBRAS DE DESARROLLO Y EQUIDAD A LA PROVINCIA!\"}]},{\"@type\":\"WebSite\",\"@id\":\"https:\\\/\\\/www.manabi.gob.ec\\\/#website\",\"url\":\"https:\\\/\\\/www.manabi.gob.ec\\\/\",\"name\":\"Prefectura de Manab\u00ed\",\"description\":\"P\u00e1gina web de la prefectura\",\"potentialAction\":[{\"@type\":\"SearchAction\",\"target\":{\"@type\":\"EntryPoint\",\"urlTemplate\":\"https:\\\/\\\/www.manabi.gob.ec\\\/?s={search_term_string}\"},\"query-input\":{\"@type\":\"PropertyValueSpecification\",\"valueRequired\":true,\"valueName\":\"search_term_string\"}}],\"inLanguage\":\"es\"},{\"@type\":\"Person\",\"@id\":\"https:\\\/\\\/www.manabi.gob.ec\\\/#\\\/schema\\\/person\\\/c4f117989332ad723a6ced5994aa7d7a\",\"name\":\"Lui Ochoa\",\"image\":{\"@type\":\"ImageObject\",\"inLanguage\":\"es\",\"@id\":\"https:\\\/\\\/secure.gravatar.com\\\/avatar\\\/6e8017d0fe69dead8a95864d2eb6e1e1d8bf8e01194ba49cf7b897ff038126ba?s=96&d=mm&r=g\",\"url\":\"https:\\\/\\\/secure.gravatar.com\\\/avatar\\\/6e8017d0fe69dead8a95864d2eb6e1e1d8bf8e01194ba49cf7b897ff038126ba?s=96&d=mm&r=g\",\"contentUrl\":\"https:\\\/\\\/secure.gravatar.com\\\/avatar\\\/6e8017d0fe69dead8a95864d2eb6e1e1d8bf8e01194ba49cf7b897ff038126ba?s=96&d=mm&r=g\",\"caption\":\"Lui Ochoa\"},\"url\":\"https:\\\/\\\/www.manabi.gob.ec\\\/index.php\\\/author\\\/lochoa\\\/\"}]}<\/script>\n<!-- \/ Yoast SEO plugin. -->","yoast_head_json":{"title":"OBRAS","description":"La v\u00eda Los Caras-Las Delicias conecta a comunidades productivas de Sucre y Tosagua\u201cEl lodo y la desesperanza han quedado atr\u00e1s. Antes, para llegar a la salida nos tomaba caminar casi 2 horas, porque ning\u00fan carro entraba debido al mal estado de la v\u00eda; ahora, todo eso ha cambiado, vamos y venimos r\u00e1pido\u201d, manifest\u00f3 Mar\u00eda Teresa Zambrano, moradora del sector.El prefecto de Manab\u00ed, Leonardo Orlando, realiz\u00f3 la socializaci\u00f3n de los trabajos terminados de la rehabilitaci\u00f3n de la v\u00eda Las Delicias \u2013 Los Caras, de 5,88 kil\u00f3metros, con una inversi\u00f3n de 555 mil d\u00f3lares.\u201cEstamos honrando el compromiso y la institucionalidad con un solo objetivo: ver el progreso de nuestra gente\u201d, expres\u00f3 el Prefecto.Esta v\u00eda beneficia a comunidades productivas y de gran potencial agropecuario de los cantones Sucre y Tosagua, y fue ejecutada mediante convenio entre la Prefectura de Manab\u00ed y el GAD Municipal de Sucre.","robots":{"index":"index","follow":"follow","max-snippet":"max-snippet:-1","max-image-preview":"max-image-preview:large","max-video-preview":"max-video-preview:-1"},"canonical":"https:\/\/www.manabi.gob.ec\/index.php\/transformamos-con-obras-de-desarrollo-y-equidad-a-la-provincia\/","og_locale":"es_ES","og_type":"article","og_title":"OBRAS","og_description":"La v\u00eda Los Caras-Las Delicias conecta a comunidades productivas de Sucre y Tosagua\u201cEl lodo y la desesperanza han quedado atr\u00e1s. Antes, para llegar a la salida nos tomaba caminar casi 2 horas, porque ning\u00fan carro entraba debido al mal estado de la v\u00eda; ahora, todo eso ha cambiado, vamos y venimos r\u00e1pido\u201d, manifest\u00f3 Mar\u00eda Teresa Zambrano, moradora del sector.El prefecto de Manab\u00ed, Leonardo Orlando, realiz\u00f3 la socializaci\u00f3n de los trabajos terminados de la rehabilitaci\u00f3n de la v\u00eda Las Delicias \u2013 Los Caras, de 5,88 kil\u00f3metros, con una inversi\u00f3n de 555 mil d\u00f3lares.\u201cEstamos honrando el compromiso y la institucionalidad con un solo objetivo: ver el progreso de nuestra gente\u201d, expres\u00f3 el Prefecto.Esta v\u00eda beneficia a comunidades productivas y de gran potencial agropecuario de los cantones Sucre y Tosagua, y fue ejecutada mediante convenio entre la Prefectura de Manab\u00ed y el GAD Municipal de Sucre.","og_url":"https:\/\/www.manabi.gob.ec\/index.php\/transformamos-con-obras-de-desarrollo-y-equidad-a-la-provincia\/","og_site_name":"Prefectura de Manab\u00ed","article_published_time":"2022-10-31T15:05:29+00:00","article_modified_time":"2022-10-31T15:05:34+00:00","og_image":[{"width":1600,"height":1069,"url":"https:\/\/www.manabi.gob.ec\/wp-content\/uploads\/2022\/10\/WhatsApp-Image-2022-10-29-at-8.52.33-AM.jpeg","type":"image\/jpeg"}],"author":"Lui Ochoa","twitter_card":"summary_large_image","twitter_misc":{"Escrito por":"Lui Ochoa","Tiempo de lectura":"1 minuto"},"schema":{"@context":"https:\/\/schema.org","@graph":[{"@type":"Article","@id":"https:\/\/www.manabi.gob.ec\/index.php\/transformamos-con-obras-de-desarrollo-y-equidad-a-la-provincia\/#article","isPartOf":{"@id":"https:\/\/www.manabi.gob.ec\/index.php\/transformamos-con-obras-de-desarrollo-y-equidad-a-la-provincia\/"},"author":{"name":"Lui Ochoa","@id":"https:\/\/www.manabi.gob.ec\/#\/schema\/person\/c4f117989332ad723a6ced5994aa7d7a"},"headline":"\u00a1TRANSFORMAMOS CON OBRAS DE DESARROLLO Y EQUIDAD A LA PROVINCIA!","datePublished":"2022-10-31T15:05:29+00:00","dateModified":"2022-10-31T15:05:34+00:00","mainEntityOfPage":{"@id":"https:\/\/www.manabi.gob.ec\/index.php\/transformamos-con-obras-de-desarrollo-y-equidad-a-la-provincia\/"},"wordCount":166,"image":{"@id":"https:\/\/www.manabi.gob.ec\/index.php\/transformamos-con-obras-de-desarrollo-y-equidad-a-la-provincia\/#primaryimage"},"thumbnailUrl":"https:\/\/www.manabi.gob.ec\/wp-content\/uploads\/2022\/10\/WhatsApp-Image-2022-10-29-at-8.52.33-AM.jpeg","articleSection":["Desarrollo Social","Noticias","Sucre","Todas","Tosagua"],"inLanguage":"es"},{"@type":"WebPage","@id":"https:\/\/www.manabi.gob.ec\/index.php\/transformamos-con-obras-de-desarrollo-y-equidad-a-la-provincia\/","url":"https:\/\/www.manabi.gob.ec\/index.php\/transformamos-con-obras-de-desarrollo-y-equidad-a-la-provincia\/","name":"OBRAS","isPartOf":{"@id":"https:\/\/www.manabi.gob.ec\/#website"},"primaryImageOfPage":{"@id":"https:\/\/www.manabi.gob.ec\/index.php\/transformamos-con-obras-de-desarrollo-y-equidad-a-la-provincia\/#primaryimage"},"image":{"@id":"https:\/\/www.manabi.gob.ec\/index.php\/transformamos-con-obras-de-desarrollo-y-equidad-a-la-provincia\/#primaryimage"},"thumbnailUrl":"https:\/\/www.manabi.gob.ec\/wp-content\/uploads\/2022\/10\/WhatsApp-Image-2022-10-29-at-8.52.33-AM.jpeg","datePublished":"2022-10-31T15:05:29+00:00","dateModified":"2022-10-31T15:05:34+00:00","author":{"@id":"https:\/\/www.manabi.gob.ec\/#\/schema\/person\/c4f117989332ad723a6ced5994aa7d7a"},"description":"La v\u00eda Los Caras-Las Delicias conecta a comunidades productivas de Sucre y Tosagua\u201cEl lodo y la desesperanza han quedado atr\u00e1s. Antes, para llegar a la salida nos tomaba caminar casi 2 horas, porque ning\u00fan carro entraba debido al mal estado de la v\u00eda; ahora, todo eso ha cambiado, vamos y venimos r\u00e1pido\u201d, manifest\u00f3 Mar\u00eda Teresa Zambrano, moradora del sector.El prefecto de Manab\u00ed, Leonardo Orlando, realiz\u00f3 la socializaci\u00f3n de los trabajos terminados de la rehabilitaci\u00f3n de la v\u00eda Las Delicias \u2013 Los Caras, de 5,88 kil\u00f3metros, con una inversi\u00f3n de 555 mil d\u00f3lares.\u201cEstamos honrando el compromiso y la institucionalidad con un solo objetivo: ver el progreso de nuestra gente\u201d, expres\u00f3 el Prefecto.Esta v\u00eda beneficia a comunidades productivas y de gran potencial agropecuario de los cantones Sucre y Tosagua, y fue ejecutada mediante convenio entre la Prefectura de Manab\u00ed y el GAD Municipal de Sucre.","breadcrumb":{"@id":"https:\/\/www.manabi.gob.ec\/index.php\/transformamos-con-obras-de-desarrollo-y-equidad-a-la-provincia\/#breadcrumb"},"inLanguage":"es","potentialAction":[{"@type":"ReadAction","target":["https:\/\/www.manabi.gob.ec\/index.php\/transformamos-con-obras-de-desarrollo-y-equidad-a-la-provincia\/"]}]},{"@type":"ImageObject","inLanguage":"es","@id":"https:\/\/www.manabi.gob.ec\/index.php\/transformamos-con-obras-de-desarrollo-y-equidad-a-la-provincia\/#primaryimage","url":"https:\/\/www.manabi.gob.ec\/wp-content\/uploads\/2022\/10\/WhatsApp-Image-2022-10-29-at-8.52.33-AM.jpeg","contentUrl":"https:\/\/www.manabi.gob.ec\/wp-content\/uploads\/2022\/10\/WhatsApp-Image-2022-10-29-at-8.52.33-AM.jpeg","width":1600,"height":1069},{"@type":"BreadcrumbList","@id":"https:\/\/www.manabi.gob.ec\/index.php\/transformamos-con-obras-de-desarrollo-y-equidad-a-la-provincia\/#breadcrumb","itemListElement":[{"@type":"ListItem","position":1,"name":"Portada","item":"https:\/\/www.manabi.gob.ec\/"},{"@type":"ListItem","position":2,"name":"\u00a1TRANSFORMAMOS CON OBRAS DE DESARROLLO Y EQUIDAD A LA PROVINCIA!"}]},{"@type":"WebSite","@id":"https:\/\/www.manabi.gob.ec\/#website","url":"https:\/\/www.manabi.gob.ec\/","name":"Prefectura de Manab\u00ed","description":"P\u00e1gina web de la prefectura","potentialAction":[{"@type":"SearchAction","target":{"@type":"EntryPoint","urlTemplate":"https:\/\/www.manabi.gob.ec\/?s={search_term_string}"},"query-input":{"@type":"PropertyValueSpecification","valueRequired":true,"valueName":"search_term_string"}}],"inLanguage":"es"},{"@type":"Person","@id":"https:\/\/www.manabi.gob.ec\/#\/schema\/person\/c4f117989332ad723a6ced5994aa7d7a","name":"Lui Ochoa","image":{"@type":"ImageObject","inLanguage":"es","@id":"https:\/\/secure.gravatar.com\/avatar\/6e8017d0fe69dead8a95864d2eb6e1e1d8bf8e01194ba49cf7b897ff038126ba?s=96&d=mm&r=g","url":"https:\/\/secure.gravatar.com\/avatar\/6e8017d0fe69dead8a95864d2eb6e1e1d8bf8e01194ba49cf7b897ff038126ba?s=96&d=mm&r=g","contentUrl":"https:\/\/secure.gravatar.com\/avatar\/6e8017d0fe69dead8a95864d2eb6e1e1d8bf8e01194ba49cf7b897ff038126ba?s=96&d=mm&r=g","caption":"Lui Ochoa"},"url":"https:\/\/www.manabi.gob.ec\/index.php\/author\/lochoa\/"}]}},"jetpack_featured_media_url":"https:\/\/www.manabi.gob.ec\/wp-content\/uploads\/2022\/10\/WhatsApp-Image-2022-10-29-at-8.52.33-AM.jpeg","_links":{"self":[{"href":"https:\/\/www.manabi.gob.ec\/index.php\/wp-json\/wp\/v2\/posts\/22727","targetHints":{"allow":["GET"]}}],"collection":[{"href":"https:\/\/www.manabi.gob.ec\/index.php\/wp-json\/wp\/v2\/posts"}],"about":[{"href":"https:\/\/www.manabi.gob.ec\/index.php\/wp-json\/wp\/v2\/types\/post"}],"author":[{"embeddable":true,"href":"https:\/\/www.manabi.gob.ec\/index.php\/wp-json\/wp\/v2\/users\/10"}],"replies":[{"embeddable":true,"href":"https:\/\/www.manabi.gob.ec\/index.php\/wp-json\/wp\/v2\/comments?post=22727"}],"version-history":[{"count":0,"href":"https:\/\/www.manabi.gob.ec\/index.php\/wp-json\/wp\/v2\/posts\/22727\/revisions"}],"wp:featuredmedia":[{"embeddable":true,"href":"https:\/\/www.manabi.gob.ec\/index.php\/wp-json\/wp\/v2\/media\/22728"}],"wp:attachment":[{"href":"https:\/\/www.manabi.gob.ec\/index.php\/wp-json\/wp\/v2\/media?parent=22727"}],"wp:term":[{"taxonomy":"category","embeddable":true,"href":"https:\/\/www.manabi.gob.ec\/index.php\/wp-json\/wp\/v2\/categories?post=22727"},{"taxonomy":"post_tag","embeddable":true,"href":"https:\/\/www.manabi.gob.ec\/index.php\/wp-json\/wp\/v2\/tags?post=22727"}],"curies":[{"name":"wp","href":"https:\/\/api.w.org\/{rel}","templated":true}]}}