{"id":22889,"date":"2022-11-25T17:11:11","date_gmt":"2022-11-25T17:11:11","guid":{"rendered":"https:\/\/www.manabi.gob.ec\/?p=22889"},"modified":"2022-11-25T17:11:15","modified_gmt":"2022-11-25T17:11:15","slug":"dos-nuevos-convenios-sociales-para-el-beneficio-de-todo-san-vicente","status":"publish","type":"post","link":"https:\/\/www.manabi.gob.ec\/index.php\/dos-nuevos-convenios-sociales-para-el-beneficio-de-todo-san-vicente\/","title":{"rendered":"\u00a1Dos nuevos convenios sociales para el beneficio de todo San Vicente!"},"content":{"rendered":"\n<p>El Prefecto de Manab\u00ed, Leonardo Orlando, particip\u00f3 de la sesi\u00f3n solemne por conmemorarse 23 a\u00f1os de cantonizaci\u00f3n de San Vicente y se llev\u00f3 nuevos anuncios.<\/p>\n\n\n\n<p>En este contexto, se firmaron dos convenios entre la Prefectura de Manab\u00ed y el Gobierno Cantonal de San Vicente. El primero es la ejecuci\u00f3n del proyecto de escuela deportiva Entrenando Valores que beneficia a ni\u00f1as, ni\u00f1os y adolescentes del cant\u00f3n.<\/p>\n\n\n\n<p>El segundo convenio firmado fue la Implementaci\u00f3n y el fortalecimiento del Centro Integral de Fisioterapia de la parroquia San Andr\u00e9s de Canoa, que servir\u00e1 para brindar atenci\u00f3n a las personas con discapacidad y adultos mayores de la parroquia y sus comunidades en general.<\/p>\n\n\n\n<p>\u201cHemos llegado a comunidades donde nunca se hab\u00eda trabajado en su vialidad rural y hemos apoyado decididamente con puentes y v\u00edas, el impulso a la producci\u00f3n agropecuaria, acu\u00edcola, pesquera, artesanal y tur\u00edstica, seguiremos trabajando por ti querida San Vicente\u201d dijo el Prefecto de Manab\u00ed en su intervenci\u00f3n.<\/p>\n","protected":false},"excerpt":{"rendered":"<p>El Prefecto de Manab\u00ed, Leonardo Orlando, particip\u00f3 de la sesi\u00f3n solemne por conmemorarse 23 a\u00f1os de cantonizaci\u00f3n de San Vicente y se llev\u00f3 nuevos anuncios. En este contexto, se firmaron dos convenios entre la Prefectura de Manab\u00ed y el Gobierno Cantonal de San Vicente. El primero es la ejecuci\u00f3n del proyecto de escuela deportiva Entrenando [&hellip;]<\/p>\n","protected":false},"author":10,"featured_media":22890,"comment_status":"closed","ping_status":"closed","sticky":false,"template":"","format":"standard","meta":{"_joinchat":[],"footnotes":""},"categories":[142,92,181,189,91,127],"tags":[],"class_list":["post-22889","post","type-post","status-publish","format-standard","has-post-thumbnail","hentry","category-desarrollo-social","category-noticias-manabi","category-obra-publica","category-san-vicente","category-todas","category-vialidad"],"yoast_head":"<!-- This site is optimized with the Yoast SEO plugin v27.4 - https:\/\/yoast.com\/product\/yoast-seo-wordpress\/ -->\n<title>\u00a1Dos nuevos convenios sociales para el beneficio de todo San Vicente! - Prefectura de Manab\u00ed<\/title>\n<meta name=\"robots\" content=\"index, follow, max-snippet:-1, max-image-preview:large, max-video-preview:-1\" \/>\n<link rel=\"canonical\" href=\"https:\/\/www.manabi.gob.ec\/index.php\/dos-nuevos-convenios-sociales-para-el-beneficio-de-todo-san-vicente\/\" \/>\n<meta property=\"og:locale\" content=\"es_ES\" \/>\n<meta property=\"og:type\" content=\"article\" \/>\n<meta property=\"og:title\" content=\"\u00a1Dos nuevos convenios sociales para el beneficio de todo San Vicente! - Prefectura de Manab\u00ed\" \/>\n<meta property=\"og:description\" content=\"El Prefecto de Manab\u00ed, Leonardo Orlando, particip\u00f3 de la sesi\u00f3n solemne por conmemorarse 23 a\u00f1os de cantonizaci\u00f3n de San Vicente y se llev\u00f3 nuevos anuncios. En este contexto, se firmaron dos convenios entre la Prefectura de Manab\u00ed y el Gobierno Cantonal de San Vicente. El primero es la ejecuci\u00f3n del proyecto de escuela deportiva Entrenando [&hellip;]\" \/>\n<meta property=\"og:url\" content=\"https:\/\/www.manabi.gob.ec\/index.php\/dos-nuevos-convenios-sociales-para-el-beneficio-de-todo-san-vicente\/\" \/>\n<meta property=\"og:site_name\" content=\"Prefectura de Manab\u00ed\" \/>\n<meta property=\"article:published_time\" content=\"2022-11-25T17:11:11+00:00\" \/>\n<meta property=\"article:modified_time\" content=\"2022-11-25T17:11:15+00:00\" \/>\n<meta property=\"og:image\" content=\"https:\/\/www.manabi.gob.ec\/wp-content\/uploads\/2022\/11\/WhatsApp-Image-2022-11-17-at-11.12.50.jpeg\" \/>\n\t<meta property=\"og:image:width\" content=\"1280\" \/>\n\t<meta property=\"og:image:height\" content=\"960\" \/>\n\t<meta property=\"og:image:type\" content=\"image\/jpeg\" \/>\n<meta name=\"author\" content=\"Lui Ochoa\" \/>\n<meta name=\"twitter:card\" content=\"summary_large_image\" \/>\n<meta name=\"twitter:label1\" content=\"Escrito por\" \/>\n\t<meta name=\"twitter:data1\" content=\"Lui Ochoa\" \/>\n\t<meta name=\"twitter:label2\" content=\"Tiempo de lectura\" \/>\n\t<meta name=\"twitter:data2\" content=\"1 minuto\" \/>\n<script type=\"application\/ld+json\" class=\"yoast-schema-graph\">{\"@context\":\"https:\\\/\\\/schema.org\",\"@graph\":[{\"@type\":\"Article\",\"@id\":\"https:\\\/\\\/www.manabi.gob.ec\\\/index.php\\\/dos-nuevos-convenios-sociales-para-el-beneficio-de-todo-san-vicente\\\/#article\",\"isPartOf\":{\"@id\":\"https:\\\/\\\/www.manabi.gob.ec\\\/index.php\\\/dos-nuevos-convenios-sociales-para-el-beneficio-de-todo-san-vicente\\\/\"},\"author\":{\"name\":\"Lui Ochoa\",\"@id\":\"https:\\\/\\\/www.manabi.gob.ec\\\/#\\\/schema\\\/person\\\/c4f117989332ad723a6ced5994aa7d7a\"},\"headline\":\"\u00a1Dos nuevos convenios sociales para el beneficio de todo San Vicente!\",\"datePublished\":\"2022-11-25T17:11:11+00:00\",\"dateModified\":\"2022-11-25T17:11:15+00:00\",\"mainEntityOfPage\":{\"@id\":\"https:\\\/\\\/www.manabi.gob.ec\\\/index.php\\\/dos-nuevos-convenios-sociales-para-el-beneficio-de-todo-san-vicente\\\/\"},\"wordCount\":181,\"image\":{\"@id\":\"https:\\\/\\\/www.manabi.gob.ec\\\/index.php\\\/dos-nuevos-convenios-sociales-para-el-beneficio-de-todo-san-vicente\\\/#primaryimage\"},\"thumbnailUrl\":\"https:\\\/\\\/www.manabi.gob.ec\\\/wp-content\\\/uploads\\\/2022\\\/11\\\/WhatsApp-Image-2022-11-17-at-11.12.50.jpeg\",\"articleSection\":[\"Desarrollo Social\",\"Noticias\",\"Obra P\u00fablica\",\"San Vicente\",\"Todas\",\"Vialidad\"],\"inLanguage\":\"es\"},{\"@type\":\"WebPage\",\"@id\":\"https:\\\/\\\/www.manabi.gob.ec\\\/index.php\\\/dos-nuevos-convenios-sociales-para-el-beneficio-de-todo-san-vicente\\\/\",\"url\":\"https:\\\/\\\/www.manabi.gob.ec\\\/index.php\\\/dos-nuevos-convenios-sociales-para-el-beneficio-de-todo-san-vicente\\\/\",\"name\":\"\u00a1Dos nuevos convenios sociales para el beneficio de todo San Vicente! - Prefectura de Manab\u00ed\",\"isPartOf\":{\"@id\":\"https:\\\/\\\/www.manabi.gob.ec\\\/#website\"},\"primaryImageOfPage\":{\"@id\":\"https:\\\/\\\/www.manabi.gob.ec\\\/index.php\\\/dos-nuevos-convenios-sociales-para-el-beneficio-de-todo-san-vicente\\\/#primaryimage\"},\"image\":{\"@id\":\"https:\\\/\\\/www.manabi.gob.ec\\\/index.php\\\/dos-nuevos-convenios-sociales-para-el-beneficio-de-todo-san-vicente\\\/#primaryimage\"},\"thumbnailUrl\":\"https:\\\/\\\/www.manabi.gob.ec\\\/wp-content\\\/uploads\\\/2022\\\/11\\\/WhatsApp-Image-2022-11-17-at-11.12.50.jpeg\",\"datePublished\":\"2022-11-25T17:11:11+00:00\",\"dateModified\":\"2022-11-25T17:11:15+00:00\",\"author\":{\"@id\":\"https:\\\/\\\/www.manabi.gob.ec\\\/#\\\/schema\\\/person\\\/c4f117989332ad723a6ced5994aa7d7a\"},\"breadcrumb\":{\"@id\":\"https:\\\/\\\/www.manabi.gob.ec\\\/index.php\\\/dos-nuevos-convenios-sociales-para-el-beneficio-de-todo-san-vicente\\\/#breadcrumb\"},\"inLanguage\":\"es\",\"potentialAction\":[{\"@type\":\"ReadAction\",\"target\":[\"https:\\\/\\\/www.manabi.gob.ec\\\/index.php\\\/dos-nuevos-convenios-sociales-para-el-beneficio-de-todo-san-vicente\\\/\"]}]},{\"@type\":\"ImageObject\",\"inLanguage\":\"es\",\"@id\":\"https:\\\/\\\/www.manabi.gob.ec\\\/index.php\\\/dos-nuevos-convenios-sociales-para-el-beneficio-de-todo-san-vicente\\\/#primaryimage\",\"url\":\"https:\\\/\\\/www.manabi.gob.ec\\\/wp-content\\\/uploads\\\/2022\\\/11\\\/WhatsApp-Image-2022-11-17-at-11.12.50.jpeg\",\"contentUrl\":\"https:\\\/\\\/www.manabi.gob.ec\\\/wp-content\\\/uploads\\\/2022\\\/11\\\/WhatsApp-Image-2022-11-17-at-11.12.50.jpeg\",\"width\":1280,\"height\":960},{\"@type\":\"BreadcrumbList\",\"@id\":\"https:\\\/\\\/www.manabi.gob.ec\\\/index.php\\\/dos-nuevos-convenios-sociales-para-el-beneficio-de-todo-san-vicente\\\/#breadcrumb\",\"itemListElement\":[{\"@type\":\"ListItem\",\"position\":1,\"name\":\"Portada\",\"item\":\"https:\\\/\\\/www.manabi.gob.ec\\\/\"},{\"@type\":\"ListItem\",\"position\":2,\"name\":\"\u00a1Dos nuevos convenios sociales para el beneficio de todo San Vicente!\"}]},{\"@type\":\"WebSite\",\"@id\":\"https:\\\/\\\/www.manabi.gob.ec\\\/#website\",\"url\":\"https:\\\/\\\/www.manabi.gob.ec\\\/\",\"name\":\"Prefectura de Manab\u00ed\",\"description\":\"P\u00e1gina web de la prefectura\",\"potentialAction\":[{\"@type\":\"SearchAction\",\"target\":{\"@type\":\"EntryPoint\",\"urlTemplate\":\"https:\\\/\\\/www.manabi.gob.ec\\\/?s={search_term_string}\"},\"query-input\":{\"@type\":\"PropertyValueSpecification\",\"valueRequired\":true,\"valueName\":\"search_term_string\"}}],\"inLanguage\":\"es\"},{\"@type\":\"Person\",\"@id\":\"https:\\\/\\\/www.manabi.gob.ec\\\/#\\\/schema\\\/person\\\/c4f117989332ad723a6ced5994aa7d7a\",\"name\":\"Lui Ochoa\",\"image\":{\"@type\":\"ImageObject\",\"inLanguage\":\"es\",\"@id\":\"https:\\\/\\\/secure.gravatar.com\\\/avatar\\\/6e8017d0fe69dead8a95864d2eb6e1e1d8bf8e01194ba49cf7b897ff038126ba?s=96&d=mm&r=g\",\"url\":\"https:\\\/\\\/secure.gravatar.com\\\/avatar\\\/6e8017d0fe69dead8a95864d2eb6e1e1d8bf8e01194ba49cf7b897ff038126ba?s=96&d=mm&r=g\",\"contentUrl\":\"https:\\\/\\\/secure.gravatar.com\\\/avatar\\\/6e8017d0fe69dead8a95864d2eb6e1e1d8bf8e01194ba49cf7b897ff038126ba?s=96&d=mm&r=g\",\"caption\":\"Lui Ochoa\"},\"url\":\"https:\\\/\\\/www.manabi.gob.ec\\\/index.php\\\/author\\\/lochoa\\\/\"}]}<\/script>\n<!-- \/ Yoast SEO plugin. -->","yoast_head_json":{"title":"\u00a1Dos nuevos convenios sociales para el beneficio de todo San Vicente! - Prefectura de Manab\u00ed","robots":{"index":"index","follow":"follow","max-snippet":"max-snippet:-1","max-image-preview":"max-image-preview:large","max-video-preview":"max-video-preview:-1"},"canonical":"https:\/\/www.manabi.gob.ec\/index.php\/dos-nuevos-convenios-sociales-para-el-beneficio-de-todo-san-vicente\/","og_locale":"es_ES","og_type":"article","og_title":"\u00a1Dos nuevos convenios sociales para el beneficio de todo San Vicente! - Prefectura de Manab\u00ed","og_description":"El Prefecto de Manab\u00ed, Leonardo Orlando, particip\u00f3 de la sesi\u00f3n solemne por conmemorarse 23 a\u00f1os de cantonizaci\u00f3n de San Vicente y se llev\u00f3 nuevos anuncios. En este contexto, se firmaron dos convenios entre la Prefectura de Manab\u00ed y el Gobierno Cantonal de San Vicente. El primero es la ejecuci\u00f3n del proyecto de escuela deportiva Entrenando [&hellip;]","og_url":"https:\/\/www.manabi.gob.ec\/index.php\/dos-nuevos-convenios-sociales-para-el-beneficio-de-todo-san-vicente\/","og_site_name":"Prefectura de Manab\u00ed","article_published_time":"2022-11-25T17:11:11+00:00","article_modified_time":"2022-11-25T17:11:15+00:00","og_image":[{"width":1280,"height":960,"url":"https:\/\/www.manabi.gob.ec\/wp-content\/uploads\/2022\/11\/WhatsApp-Image-2022-11-17-at-11.12.50.jpeg","type":"image\/jpeg"}],"author":"Lui Ochoa","twitter_card":"summary_large_image","twitter_misc":{"Escrito por":"Lui Ochoa","Tiempo de lectura":"1 minuto"},"schema":{"@context":"https:\/\/schema.org","@graph":[{"@type":"Article","@id":"https:\/\/www.manabi.gob.ec\/index.php\/dos-nuevos-convenios-sociales-para-el-beneficio-de-todo-san-vicente\/#article","isPartOf":{"@id":"https:\/\/www.manabi.gob.ec\/index.php\/dos-nuevos-convenios-sociales-para-el-beneficio-de-todo-san-vicente\/"},"author":{"name":"Lui Ochoa","@id":"https:\/\/www.manabi.gob.ec\/#\/schema\/person\/c4f117989332ad723a6ced5994aa7d7a"},"headline":"\u00a1Dos nuevos convenios sociales para el beneficio de todo San Vicente!","datePublished":"2022-11-25T17:11:11+00:00","dateModified":"2022-11-25T17:11:15+00:00","mainEntityOfPage":{"@id":"https:\/\/www.manabi.gob.ec\/index.php\/dos-nuevos-convenios-sociales-para-el-beneficio-de-todo-san-vicente\/"},"wordCount":181,"image":{"@id":"https:\/\/www.manabi.gob.ec\/index.php\/dos-nuevos-convenios-sociales-para-el-beneficio-de-todo-san-vicente\/#primaryimage"},"thumbnailUrl":"https:\/\/www.manabi.gob.ec\/wp-content\/uploads\/2022\/11\/WhatsApp-Image-2022-11-17-at-11.12.50.jpeg","articleSection":["Desarrollo Social","Noticias","Obra P\u00fablica","San Vicente","Todas","Vialidad"],"inLanguage":"es"},{"@type":"WebPage","@id":"https:\/\/www.manabi.gob.ec\/index.php\/dos-nuevos-convenios-sociales-para-el-beneficio-de-todo-san-vicente\/","url":"https:\/\/www.manabi.gob.ec\/index.php\/dos-nuevos-convenios-sociales-para-el-beneficio-de-todo-san-vicente\/","name":"\u00a1Dos nuevos convenios sociales para el beneficio de todo San Vicente! - Prefectura de Manab\u00ed","isPartOf":{"@id":"https:\/\/www.manabi.gob.ec\/#website"},"primaryImageOfPage":{"@id":"https:\/\/www.manabi.gob.ec\/index.php\/dos-nuevos-convenios-sociales-para-el-beneficio-de-todo-san-vicente\/#primaryimage"},"image":{"@id":"https:\/\/www.manabi.gob.ec\/index.php\/dos-nuevos-convenios-sociales-para-el-beneficio-de-todo-san-vicente\/#primaryimage"},"thumbnailUrl":"https:\/\/www.manabi.gob.ec\/wp-content\/uploads\/2022\/11\/WhatsApp-Image-2022-11-17-at-11.12.50.jpeg","datePublished":"2022-11-25T17:11:11+00:00","dateModified":"2022-11-25T17:11:15+00:00","author":{"@id":"https:\/\/www.manabi.gob.ec\/#\/schema\/person\/c4f117989332ad723a6ced5994aa7d7a"},"breadcrumb":{"@id":"https:\/\/www.manabi.gob.ec\/index.php\/dos-nuevos-convenios-sociales-para-el-beneficio-de-todo-san-vicente\/#breadcrumb"},"inLanguage":"es","potentialAction":[{"@type":"ReadAction","target":["https:\/\/www.manabi.gob.ec\/index.php\/dos-nuevos-convenios-sociales-para-el-beneficio-de-todo-san-vicente\/"]}]},{"@type":"ImageObject","inLanguage":"es","@id":"https:\/\/www.manabi.gob.ec\/index.php\/dos-nuevos-convenios-sociales-para-el-beneficio-de-todo-san-vicente\/#primaryimage","url":"https:\/\/www.manabi.gob.ec\/wp-content\/uploads\/2022\/11\/WhatsApp-Image-2022-11-17-at-11.12.50.jpeg","contentUrl":"https:\/\/www.manabi.gob.ec\/wp-content\/uploads\/2022\/11\/WhatsApp-Image-2022-11-17-at-11.12.50.jpeg","width":1280,"height":960},{"@type":"BreadcrumbList","@id":"https:\/\/www.manabi.gob.ec\/index.php\/dos-nuevos-convenios-sociales-para-el-beneficio-de-todo-san-vicente\/#breadcrumb","itemListElement":[{"@type":"ListItem","position":1,"name":"Portada","item":"https:\/\/www.manabi.gob.ec\/"},{"@type":"ListItem","position":2,"name":"\u00a1Dos nuevos convenios sociales para el beneficio de todo San Vicente!"}]},{"@type":"WebSite","@id":"https:\/\/www.manabi.gob.ec\/#website","url":"https:\/\/www.manabi.gob.ec\/","name":"Prefectura de Manab\u00ed","description":"P\u00e1gina web de la prefectura","potentialAction":[{"@type":"SearchAction","target":{"@type":"EntryPoint","urlTemplate":"https:\/\/www.manabi.gob.ec\/?s={search_term_string}"},"query-input":{"@type":"PropertyValueSpecification","valueRequired":true,"valueName":"search_term_string"}}],"inLanguage":"es"},{"@type":"Person","@id":"https:\/\/www.manabi.gob.ec\/#\/schema\/person\/c4f117989332ad723a6ced5994aa7d7a","name":"Lui Ochoa","image":{"@type":"ImageObject","inLanguage":"es","@id":"https:\/\/secure.gravatar.com\/avatar\/6e8017d0fe69dead8a95864d2eb6e1e1d8bf8e01194ba49cf7b897ff038126ba?s=96&d=mm&r=g","url":"https:\/\/secure.gravatar.com\/avatar\/6e8017d0fe69dead8a95864d2eb6e1e1d8bf8e01194ba49cf7b897ff038126ba?s=96&d=mm&r=g","contentUrl":"https:\/\/secure.gravatar.com\/avatar\/6e8017d0fe69dead8a95864d2eb6e1e1d8bf8e01194ba49cf7b897ff038126ba?s=96&d=mm&r=g","caption":"Lui Ochoa"},"url":"https:\/\/www.manabi.gob.ec\/index.php\/author\/lochoa\/"}]}},"jetpack_featured_media_url":"https:\/\/www.manabi.gob.ec\/wp-content\/uploads\/2022\/11\/WhatsApp-Image-2022-11-17-at-11.12.50.jpeg","_links":{"self":[{"href":"https:\/\/www.manabi.gob.ec\/index.php\/wp-json\/wp\/v2\/posts\/22889","targetHints":{"allow":["GET"]}}],"collection":[{"href":"https:\/\/www.manabi.gob.ec\/index.php\/wp-json\/wp\/v2\/posts"}],"about":[{"href":"https:\/\/www.manabi.gob.ec\/index.php\/wp-json\/wp\/v2\/types\/post"}],"author":[{"embeddable":true,"href":"https:\/\/www.manabi.gob.ec\/index.php\/wp-json\/wp\/v2\/users\/10"}],"replies":[{"embeddable":true,"href":"https:\/\/www.manabi.gob.ec\/index.php\/wp-json\/wp\/v2\/comments?post=22889"}],"version-history":[{"count":0,"href":"https:\/\/www.manabi.gob.ec\/index.php\/wp-json\/wp\/v2\/posts\/22889\/revisions"}],"wp:featuredmedia":[{"embeddable":true,"href":"https:\/\/www.manabi.gob.ec\/index.php\/wp-json\/wp\/v2\/media\/22890"}],"wp:attachment":[{"href":"https:\/\/www.manabi.gob.ec\/index.php\/wp-json\/wp\/v2\/media?parent=22889"}],"wp:term":[{"taxonomy":"category","embeddable":true,"href":"https:\/\/www.manabi.gob.ec\/index.php\/wp-json\/wp\/v2\/categories?post=22889"},{"taxonomy":"post_tag","embeddable":true,"href":"https:\/\/www.manabi.gob.ec\/index.php\/wp-json\/wp\/v2\/tags?post=22889"}],"curies":[{"name":"wp","href":"https:\/\/api.w.org\/{rel}","templated":true}]}}