{"id":22920,"date":"2022-11-25T17:49:10","date_gmt":"2022-11-25T17:49:10","guid":{"rendered":"https:\/\/www.manabi.gob.ec\/?p=22920"},"modified":"2022-11-25T17:49:15","modified_gmt":"2022-11-25T17:49:15","slug":"con-equidad-y-justicia-social-celebramos-a-el-pueblito","status":"publish","type":"post","link":"https:\/\/www.manabi.gob.ec\/index.php\/con-equidad-y-justicia-social-celebramos-a-el-pueblito\/","title":{"rendered":"\u00a1Con equidad y justicia social, celebramos a El Pueblito!"},"content":{"rendered":"\n<p>\u201cHoy El pueblito solo quedar\u00e1 el nombre, porque d\u00eda a d\u00eda se va convirtiendo en una comunidad m\u00e1s linda, con un territorio pujante, productivo, sostenible por su exquisita gastronom\u00eda, por un entorno arquitect\u00f3nico con obras de justicia y equidad\u201d, dijo el prefecto de Manab\u00ed, Leonardo Orlando.&nbsp;<\/p>\n\n\n\n<p>La autoridad provincial llev\u00f3 buenas noticias, llenas de esperanza y amor a El Pueblito, comuna de la parroquia Charapot\u00f3 del cant\u00f3n Sucre, que este viernes 18 de noviembre, celebr\u00f3 sus Fiestas Patronales.<\/p>\n\n\n\n<p>La sesi\u00f3n solemne inici\u00f3 con una misa en homenaje a \u00abCristo Rey\u00bb, y se realiz\u00f3 con la presencia del prefecto, Leonardo Orlando, y el presidente del GAD parroquial de Charapot\u00f3, Pabel Cantos, reinas, delegados del Gad Cantonal Sucre y ciudadan\u00eda.<\/p>\n\n\n\n<p>En el acto solemne se realiz\u00f3 la firma del convenio tripartito, para la colocaci\u00f3n de Doble Tratamiento Superficial Bituminoso en las calles de las comunidades de El Pueblito, y las Ca\u00f1itas, entre la Prefectura de Manab\u00ed, la Municipalidad del cant\u00f3n Sucre, GAD parroquial de Charapot\u00f3. La cual representar\u00e1 una inversi\u00f3n de&nbsp;&nbsp;$451,205.16 mil d\u00f3lares, con un aporte del 65% de la prefectura.<\/p>\n\n\n\n<p>El prefecto de Manab\u00ed en su intervenci\u00f3n indic\u00f3 que al Centro de Rehabilitaci\u00f3n, se le integrar\u00e1n las atenciones de odontolog\u00eda, psicolog\u00eda, y las visitas de m\u00e9dicos generales, para brindar atenci\u00f3n digna de calidad para los grupos de atenci\u00f3n prioritaria de Charapot\u00f3.&nbsp;<\/p>\n\n\n\n<p>Tambi\u00e9n indico que se renovar\u00e1 el convenio \u201cManab\u00ed te cuenta una historia\u201d, para que los ni\u00f1os, adolescente y j\u00f3venes de Charapot\u00f3, sigan mostrando su talento por amor a Sucre y a toda Manab\u00ed.&nbsp;<\/p>\n\n\n\n<p>\u201cGracias a las queridas autoridades que en esta noche nos han indicado las buenas nuevas llenas de esperanza y en busca del buen vivir para nuestra parroquia\u201d. Dijo Esperanza Garc\u00eda.&nbsp;<\/p>\n\n\n\n<p>La sesi\u00f3n solemne inici\u00f3 con una misa en acci\u00f3n de gracia en homenaje a \u201cCristo Rey\u201d&nbsp;&nbsp;a los habitantes que participaron de la sesi\u00f3n solemne.<\/p>\n","protected":false},"excerpt":{"rendered":"<p>\u201cHoy El pueblito solo quedar\u00e1 el nombre, porque d\u00eda a d\u00eda se va convirtiendo en una comunidad m\u00e1s linda, con un territorio pujante, productivo, sostenible por su exquisita gastronom\u00eda, por un entorno arquitect\u00f3nico con obras de justicia y equidad\u201d, dijo el prefecto de Manab\u00ed, Leonardo Orlando.&nbsp; La autoridad provincial llev\u00f3 buenas noticias, llenas de esperanza [&hellip;]<\/p>\n","protected":false},"author":10,"featured_media":22921,"comment_status":"closed","ping_status":"closed","sticky":false,"template":"","format":"standard","meta":{"_joinchat":[],"footnotes":""},"categories":[142,92,181,72,160,91,81,127],"tags":[],"class_list":["post-22920","post","type-post","status-publish","format-standard","has-post-thumbnail","hentry","category-desarrollo-social","category-noticias-manabi","category-obra-publica","category-salud","category-sucre","category-todas","category-turismo","category-vialidad"],"yoast_head":"<!-- This site is optimized with the Yoast SEO plugin v27.4 - https:\/\/yoast.com\/product\/yoast-seo-wordpress\/ -->\n<title>\u00a1Con equidad y justicia social, celebramos a El Pueblito! - Prefectura de Manab\u00ed<\/title>\n<meta name=\"robots\" content=\"index, follow, max-snippet:-1, max-image-preview:large, max-video-preview:-1\" \/>\n<link rel=\"canonical\" href=\"https:\/\/www.manabi.gob.ec\/index.php\/con-equidad-y-justicia-social-celebramos-a-el-pueblito\/\" \/>\n<meta property=\"og:locale\" content=\"es_ES\" \/>\n<meta property=\"og:type\" content=\"article\" \/>\n<meta property=\"og:title\" content=\"\u00a1Con equidad y justicia social, celebramos a El Pueblito! - Prefectura de Manab\u00ed\" \/>\n<meta property=\"og:description\" content=\"\u201cHoy El pueblito solo quedar\u00e1 el nombre, porque d\u00eda a d\u00eda se va convirtiendo en una comunidad m\u00e1s linda, con un territorio pujante, productivo, sostenible por su exquisita gastronom\u00eda, por un entorno arquitect\u00f3nico con obras de justicia y equidad\u201d, dijo el prefecto de Manab\u00ed, Leonardo Orlando.&nbsp; La autoridad provincial llev\u00f3 buenas noticias, llenas de esperanza [&hellip;]\" \/>\n<meta property=\"og:url\" content=\"https:\/\/www.manabi.gob.ec\/index.php\/con-equidad-y-justicia-social-celebramos-a-el-pueblito\/\" \/>\n<meta property=\"og:site_name\" content=\"Prefectura de Manab\u00ed\" \/>\n<meta property=\"article:published_time\" content=\"2022-11-25T17:49:10+00:00\" \/>\n<meta property=\"article:modified_time\" content=\"2022-11-25T17:49:15+00:00\" \/>\n<meta property=\"og:image\" content=\"https:\/\/www.manabi.gob.ec\/wp-content\/uploads\/2022\/11\/WhatsApp-Image-2022-11-19-at-09.21.22.jpeg\" \/>\n\t<meta property=\"og:image:width\" content=\"1600\" \/>\n\t<meta property=\"og:image:height\" content=\"1136\" \/>\n\t<meta property=\"og:image:type\" content=\"image\/jpeg\" \/>\n<meta name=\"author\" content=\"Lui Ochoa\" \/>\n<meta name=\"twitter:card\" content=\"summary_large_image\" \/>\n<meta name=\"twitter:label1\" content=\"Escrito por\" \/>\n\t<meta name=\"twitter:data1\" content=\"Lui Ochoa\" \/>\n\t<meta name=\"twitter:label2\" content=\"Tiempo de lectura\" \/>\n\t<meta name=\"twitter:data2\" content=\"2 minutos\" \/>\n<script type=\"application\/ld+json\" class=\"yoast-schema-graph\">{\"@context\":\"https:\\\/\\\/schema.org\",\"@graph\":[{\"@type\":\"Article\",\"@id\":\"https:\\\/\\\/www.manabi.gob.ec\\\/index.php\\\/con-equidad-y-justicia-social-celebramos-a-el-pueblito\\\/#article\",\"isPartOf\":{\"@id\":\"https:\\\/\\\/www.manabi.gob.ec\\\/index.php\\\/con-equidad-y-justicia-social-celebramos-a-el-pueblito\\\/\"},\"author\":{\"name\":\"Lui Ochoa\",\"@id\":\"https:\\\/\\\/www.manabi.gob.ec\\\/#\\\/schema\\\/person\\\/c4f117989332ad723a6ced5994aa7d7a\"},\"headline\":\"\u00a1Con equidad y justicia social, celebramos a El Pueblito!\",\"datePublished\":\"2022-11-25T17:49:10+00:00\",\"dateModified\":\"2022-11-25T17:49:15+00:00\",\"mainEntityOfPage\":{\"@id\":\"https:\\\/\\\/www.manabi.gob.ec\\\/index.php\\\/con-equidad-y-justicia-social-celebramos-a-el-pueblito\\\/\"},\"wordCount\":351,\"image\":{\"@id\":\"https:\\\/\\\/www.manabi.gob.ec\\\/index.php\\\/con-equidad-y-justicia-social-celebramos-a-el-pueblito\\\/#primaryimage\"},\"thumbnailUrl\":\"https:\\\/\\\/www.manabi.gob.ec\\\/wp-content\\\/uploads\\\/2022\\\/11\\\/WhatsApp-Image-2022-11-19-at-09.21.22.jpeg\",\"articleSection\":[\"Desarrollo Social\",\"Noticias\",\"Obra P\u00fablica\",\"salud\",\"Sucre\",\"Todas\",\"Turismo\",\"Vialidad\"],\"inLanguage\":\"es\"},{\"@type\":\"WebPage\",\"@id\":\"https:\\\/\\\/www.manabi.gob.ec\\\/index.php\\\/con-equidad-y-justicia-social-celebramos-a-el-pueblito\\\/\",\"url\":\"https:\\\/\\\/www.manabi.gob.ec\\\/index.php\\\/con-equidad-y-justicia-social-celebramos-a-el-pueblito\\\/\",\"name\":\"\u00a1Con equidad y justicia social, celebramos a El Pueblito! - Prefectura de Manab\u00ed\",\"isPartOf\":{\"@id\":\"https:\\\/\\\/www.manabi.gob.ec\\\/#website\"},\"primaryImageOfPage\":{\"@id\":\"https:\\\/\\\/www.manabi.gob.ec\\\/index.php\\\/con-equidad-y-justicia-social-celebramos-a-el-pueblito\\\/#primaryimage\"},\"image\":{\"@id\":\"https:\\\/\\\/www.manabi.gob.ec\\\/index.php\\\/con-equidad-y-justicia-social-celebramos-a-el-pueblito\\\/#primaryimage\"},\"thumbnailUrl\":\"https:\\\/\\\/www.manabi.gob.ec\\\/wp-content\\\/uploads\\\/2022\\\/11\\\/WhatsApp-Image-2022-11-19-at-09.21.22.jpeg\",\"datePublished\":\"2022-11-25T17:49:10+00:00\",\"dateModified\":\"2022-11-25T17:49:15+00:00\",\"author\":{\"@id\":\"https:\\\/\\\/www.manabi.gob.ec\\\/#\\\/schema\\\/person\\\/c4f117989332ad723a6ced5994aa7d7a\"},\"breadcrumb\":{\"@id\":\"https:\\\/\\\/www.manabi.gob.ec\\\/index.php\\\/con-equidad-y-justicia-social-celebramos-a-el-pueblito\\\/#breadcrumb\"},\"inLanguage\":\"es\",\"potentialAction\":[{\"@type\":\"ReadAction\",\"target\":[\"https:\\\/\\\/www.manabi.gob.ec\\\/index.php\\\/con-equidad-y-justicia-social-celebramos-a-el-pueblito\\\/\"]}]},{\"@type\":\"ImageObject\",\"inLanguage\":\"es\",\"@id\":\"https:\\\/\\\/www.manabi.gob.ec\\\/index.php\\\/con-equidad-y-justicia-social-celebramos-a-el-pueblito\\\/#primaryimage\",\"url\":\"https:\\\/\\\/www.manabi.gob.ec\\\/wp-content\\\/uploads\\\/2022\\\/11\\\/WhatsApp-Image-2022-11-19-at-09.21.22.jpeg\",\"contentUrl\":\"https:\\\/\\\/www.manabi.gob.ec\\\/wp-content\\\/uploads\\\/2022\\\/11\\\/WhatsApp-Image-2022-11-19-at-09.21.22.jpeg\",\"width\":1600,\"height\":1136},{\"@type\":\"BreadcrumbList\",\"@id\":\"https:\\\/\\\/www.manabi.gob.ec\\\/index.php\\\/con-equidad-y-justicia-social-celebramos-a-el-pueblito\\\/#breadcrumb\",\"itemListElement\":[{\"@type\":\"ListItem\",\"position\":1,\"name\":\"Portada\",\"item\":\"https:\\\/\\\/www.manabi.gob.ec\\\/\"},{\"@type\":\"ListItem\",\"position\":2,\"name\":\"\u00a1Con equidad y justicia social, celebramos a El Pueblito!\"}]},{\"@type\":\"WebSite\",\"@id\":\"https:\\\/\\\/www.manabi.gob.ec\\\/#website\",\"url\":\"https:\\\/\\\/www.manabi.gob.ec\\\/\",\"name\":\"Prefectura de Manab\u00ed\",\"description\":\"P\u00e1gina web de la prefectura\",\"potentialAction\":[{\"@type\":\"SearchAction\",\"target\":{\"@type\":\"EntryPoint\",\"urlTemplate\":\"https:\\\/\\\/www.manabi.gob.ec\\\/?s={search_term_string}\"},\"query-input\":{\"@type\":\"PropertyValueSpecification\",\"valueRequired\":true,\"valueName\":\"search_term_string\"}}],\"inLanguage\":\"es\"},{\"@type\":\"Person\",\"@id\":\"https:\\\/\\\/www.manabi.gob.ec\\\/#\\\/schema\\\/person\\\/c4f117989332ad723a6ced5994aa7d7a\",\"name\":\"Lui Ochoa\",\"image\":{\"@type\":\"ImageObject\",\"inLanguage\":\"es\",\"@id\":\"https:\\\/\\\/secure.gravatar.com\\\/avatar\\\/6e8017d0fe69dead8a95864d2eb6e1e1d8bf8e01194ba49cf7b897ff038126ba?s=96&d=mm&r=g\",\"url\":\"https:\\\/\\\/secure.gravatar.com\\\/avatar\\\/6e8017d0fe69dead8a95864d2eb6e1e1d8bf8e01194ba49cf7b897ff038126ba?s=96&d=mm&r=g\",\"contentUrl\":\"https:\\\/\\\/secure.gravatar.com\\\/avatar\\\/6e8017d0fe69dead8a95864d2eb6e1e1d8bf8e01194ba49cf7b897ff038126ba?s=96&d=mm&r=g\",\"caption\":\"Lui Ochoa\"},\"url\":\"https:\\\/\\\/www.manabi.gob.ec\\\/index.php\\\/author\\\/lochoa\\\/\"}]}<\/script>\n<!-- \/ Yoast SEO plugin. -->","yoast_head_json":{"title":"\u00a1Con equidad y justicia social, celebramos a El Pueblito! - Prefectura de Manab\u00ed","robots":{"index":"index","follow":"follow","max-snippet":"max-snippet:-1","max-image-preview":"max-image-preview:large","max-video-preview":"max-video-preview:-1"},"canonical":"https:\/\/www.manabi.gob.ec\/index.php\/con-equidad-y-justicia-social-celebramos-a-el-pueblito\/","og_locale":"es_ES","og_type":"article","og_title":"\u00a1Con equidad y justicia social, celebramos a El Pueblito! - Prefectura de Manab\u00ed","og_description":"\u201cHoy El pueblito solo quedar\u00e1 el nombre, porque d\u00eda a d\u00eda se va convirtiendo en una comunidad m\u00e1s linda, con un territorio pujante, productivo, sostenible por su exquisita gastronom\u00eda, por un entorno arquitect\u00f3nico con obras de justicia y equidad\u201d, dijo el prefecto de Manab\u00ed, Leonardo Orlando.&nbsp; La autoridad provincial llev\u00f3 buenas noticias, llenas de esperanza [&hellip;]","og_url":"https:\/\/www.manabi.gob.ec\/index.php\/con-equidad-y-justicia-social-celebramos-a-el-pueblito\/","og_site_name":"Prefectura de Manab\u00ed","article_published_time":"2022-11-25T17:49:10+00:00","article_modified_time":"2022-11-25T17:49:15+00:00","og_image":[{"width":1600,"height":1136,"url":"https:\/\/www.manabi.gob.ec\/wp-content\/uploads\/2022\/11\/WhatsApp-Image-2022-11-19-at-09.21.22.jpeg","type":"image\/jpeg"}],"author":"Lui Ochoa","twitter_card":"summary_large_image","twitter_misc":{"Escrito por":"Lui Ochoa","Tiempo de lectura":"2 minutos"},"schema":{"@context":"https:\/\/schema.org","@graph":[{"@type":"Article","@id":"https:\/\/www.manabi.gob.ec\/index.php\/con-equidad-y-justicia-social-celebramos-a-el-pueblito\/#article","isPartOf":{"@id":"https:\/\/www.manabi.gob.ec\/index.php\/con-equidad-y-justicia-social-celebramos-a-el-pueblito\/"},"author":{"name":"Lui Ochoa","@id":"https:\/\/www.manabi.gob.ec\/#\/schema\/person\/c4f117989332ad723a6ced5994aa7d7a"},"headline":"\u00a1Con equidad y justicia social, celebramos a El Pueblito!","datePublished":"2022-11-25T17:49:10+00:00","dateModified":"2022-11-25T17:49:15+00:00","mainEntityOfPage":{"@id":"https:\/\/www.manabi.gob.ec\/index.php\/con-equidad-y-justicia-social-celebramos-a-el-pueblito\/"},"wordCount":351,"image":{"@id":"https:\/\/www.manabi.gob.ec\/index.php\/con-equidad-y-justicia-social-celebramos-a-el-pueblito\/#primaryimage"},"thumbnailUrl":"https:\/\/www.manabi.gob.ec\/wp-content\/uploads\/2022\/11\/WhatsApp-Image-2022-11-19-at-09.21.22.jpeg","articleSection":["Desarrollo Social","Noticias","Obra P\u00fablica","salud","Sucre","Todas","Turismo","Vialidad"],"inLanguage":"es"},{"@type":"WebPage","@id":"https:\/\/www.manabi.gob.ec\/index.php\/con-equidad-y-justicia-social-celebramos-a-el-pueblito\/","url":"https:\/\/www.manabi.gob.ec\/index.php\/con-equidad-y-justicia-social-celebramos-a-el-pueblito\/","name":"\u00a1Con equidad y justicia social, celebramos a El Pueblito! - Prefectura de Manab\u00ed","isPartOf":{"@id":"https:\/\/www.manabi.gob.ec\/#website"},"primaryImageOfPage":{"@id":"https:\/\/www.manabi.gob.ec\/index.php\/con-equidad-y-justicia-social-celebramos-a-el-pueblito\/#primaryimage"},"image":{"@id":"https:\/\/www.manabi.gob.ec\/index.php\/con-equidad-y-justicia-social-celebramos-a-el-pueblito\/#primaryimage"},"thumbnailUrl":"https:\/\/www.manabi.gob.ec\/wp-content\/uploads\/2022\/11\/WhatsApp-Image-2022-11-19-at-09.21.22.jpeg","datePublished":"2022-11-25T17:49:10+00:00","dateModified":"2022-11-25T17:49:15+00:00","author":{"@id":"https:\/\/www.manabi.gob.ec\/#\/schema\/person\/c4f117989332ad723a6ced5994aa7d7a"},"breadcrumb":{"@id":"https:\/\/www.manabi.gob.ec\/index.php\/con-equidad-y-justicia-social-celebramos-a-el-pueblito\/#breadcrumb"},"inLanguage":"es","potentialAction":[{"@type":"ReadAction","target":["https:\/\/www.manabi.gob.ec\/index.php\/con-equidad-y-justicia-social-celebramos-a-el-pueblito\/"]}]},{"@type":"ImageObject","inLanguage":"es","@id":"https:\/\/www.manabi.gob.ec\/index.php\/con-equidad-y-justicia-social-celebramos-a-el-pueblito\/#primaryimage","url":"https:\/\/www.manabi.gob.ec\/wp-content\/uploads\/2022\/11\/WhatsApp-Image-2022-11-19-at-09.21.22.jpeg","contentUrl":"https:\/\/www.manabi.gob.ec\/wp-content\/uploads\/2022\/11\/WhatsApp-Image-2022-11-19-at-09.21.22.jpeg","width":1600,"height":1136},{"@type":"BreadcrumbList","@id":"https:\/\/www.manabi.gob.ec\/index.php\/con-equidad-y-justicia-social-celebramos-a-el-pueblito\/#breadcrumb","itemListElement":[{"@type":"ListItem","position":1,"name":"Portada","item":"https:\/\/www.manabi.gob.ec\/"},{"@type":"ListItem","position":2,"name":"\u00a1Con equidad y justicia social, celebramos a El Pueblito!"}]},{"@type":"WebSite","@id":"https:\/\/www.manabi.gob.ec\/#website","url":"https:\/\/www.manabi.gob.ec\/","name":"Prefectura de Manab\u00ed","description":"P\u00e1gina web de la prefectura","potentialAction":[{"@type":"SearchAction","target":{"@type":"EntryPoint","urlTemplate":"https:\/\/www.manabi.gob.ec\/?s={search_term_string}"},"query-input":{"@type":"PropertyValueSpecification","valueRequired":true,"valueName":"search_term_string"}}],"inLanguage":"es"},{"@type":"Person","@id":"https:\/\/www.manabi.gob.ec\/#\/schema\/person\/c4f117989332ad723a6ced5994aa7d7a","name":"Lui Ochoa","image":{"@type":"ImageObject","inLanguage":"es","@id":"https:\/\/secure.gravatar.com\/avatar\/6e8017d0fe69dead8a95864d2eb6e1e1d8bf8e01194ba49cf7b897ff038126ba?s=96&d=mm&r=g","url":"https:\/\/secure.gravatar.com\/avatar\/6e8017d0fe69dead8a95864d2eb6e1e1d8bf8e01194ba49cf7b897ff038126ba?s=96&d=mm&r=g","contentUrl":"https:\/\/secure.gravatar.com\/avatar\/6e8017d0fe69dead8a95864d2eb6e1e1d8bf8e01194ba49cf7b897ff038126ba?s=96&d=mm&r=g","caption":"Lui Ochoa"},"url":"https:\/\/www.manabi.gob.ec\/index.php\/author\/lochoa\/"}]}},"jetpack_featured_media_url":"https:\/\/www.manabi.gob.ec\/wp-content\/uploads\/2022\/11\/WhatsApp-Image-2022-11-19-at-09.21.22.jpeg","_links":{"self":[{"href":"https:\/\/www.manabi.gob.ec\/index.php\/wp-json\/wp\/v2\/posts\/22920","targetHints":{"allow":["GET"]}}],"collection":[{"href":"https:\/\/www.manabi.gob.ec\/index.php\/wp-json\/wp\/v2\/posts"}],"about":[{"href":"https:\/\/www.manabi.gob.ec\/index.php\/wp-json\/wp\/v2\/types\/post"}],"author":[{"embeddable":true,"href":"https:\/\/www.manabi.gob.ec\/index.php\/wp-json\/wp\/v2\/users\/10"}],"replies":[{"embeddable":true,"href":"https:\/\/www.manabi.gob.ec\/index.php\/wp-json\/wp\/v2\/comments?post=22920"}],"version-history":[{"count":0,"href":"https:\/\/www.manabi.gob.ec\/index.php\/wp-json\/wp\/v2\/posts\/22920\/revisions"}],"wp:featuredmedia":[{"embeddable":true,"href":"https:\/\/www.manabi.gob.ec\/index.php\/wp-json\/wp\/v2\/media\/22921"}],"wp:attachment":[{"href":"https:\/\/www.manabi.gob.ec\/index.php\/wp-json\/wp\/v2\/media?parent=22920"}],"wp:term":[{"taxonomy":"category","embeddable":true,"href":"https:\/\/www.manabi.gob.ec\/index.php\/wp-json\/wp\/v2\/categories?post=22920"},{"taxonomy":"post_tag","embeddable":true,"href":"https:\/\/www.manabi.gob.ec\/index.php\/wp-json\/wp\/v2\/tags?post=22920"}],"curies":[{"name":"wp","href":"https:\/\/api.w.org\/{rel}","templated":true}]}}