{"id":22930,"date":"2022-11-25T20:48:32","date_gmt":"2022-11-25T20:48:32","guid":{"rendered":"https:\/\/www.manabi.gob.ec\/?p=22930"},"modified":"2022-11-25T20:48:35","modified_gmt":"2022-11-25T20:48:35","slug":"la-comuna-el-porvenir-central-del-canton-el-carmen-celebro-su-cuarto-aniversario-de-vida-politica","status":"publish","type":"post","link":"https:\/\/www.manabi.gob.ec\/index.php\/la-comuna-el-porvenir-central-del-canton-el-carmen-celebro-su-cuarto-aniversario-de-vida-politica\/","title":{"rendered":"La Comuna El Porvenir Central del cant\u00f3n El Carmen celebr\u00f3 su cuarto aniversario de vida pol\u00edtica."},"content":{"rendered":"\n<p><\/p>\n\n\n\n<p>Kelly Buenaventura, viceprefecta de Manab\u00ed, estuvo presente en el desfile c\u00edvico-estudiantil, para rendir homenaje a la Comuna El Porvenir Central, sector rural perteneciente al cant\u00f3n El Carmen, tierra netamente agr\u00edcola cuya producci\u00f3n se sustenta principalmente en el pl\u00e1tano de exportaci\u00f3n.<\/p>\n\n\n\n<p>\u00abEs una comunidad de gente muy alegre, orgullosa de sus ra\u00edces y desde la Prefectura de Manab\u00ed, estamos trabajando por el bienestar de los habitantes de este sector y de todo el cant\u00f3n El Carmen\u201d, destac\u00f3 Buenaventura.<\/p>\n","protected":false},"excerpt":{"rendered":"<p>Kelly Buenaventura, viceprefecta de Manab\u00ed, estuvo presente en el desfile c\u00edvico-estudiantil, para rendir homenaje a la Comuna El Porvenir Central, sector rural perteneciente al cant\u00f3n El Carmen, tierra netamente agr\u00edcola cuya producci\u00f3n se sustenta principalmente en el pl\u00e1tano de exportaci\u00f3n. \u00abEs una comunidad de gente muy alegre, orgullosa de sus ra\u00edces y desde la Prefectura [&hellip;]<\/p>\n","protected":false},"author":10,"featured_media":22931,"comment_status":"closed","ping_status":"closed","sticky":false,"template":"","format":"standard","meta":{"_joinchat":[],"footnotes":""},"categories":[142,183,92,91],"tags":[],"class_list":["post-22930","post","type-post","status-publish","format-standard","has-post-thumbnail","hentry","category-desarrollo-social","category-el-carmen","category-noticias-manabi","category-todas"],"yoast_head":"<!-- This site is optimized with the Yoast SEO plugin v27.4 - https:\/\/yoast.com\/product\/yoast-seo-wordpress\/ -->\n<title>La Comuna El Porvenir Central del cant\u00f3n El Carmen celebr\u00f3 su cuarto aniversario de vida pol\u00edtica. - Prefectura de Manab\u00ed<\/title>\n<meta name=\"robots\" content=\"index, follow, max-snippet:-1, max-image-preview:large, max-video-preview:-1\" \/>\n<link rel=\"canonical\" href=\"https:\/\/www.manabi.gob.ec\/index.php\/la-comuna-el-porvenir-central-del-canton-el-carmen-celebro-su-cuarto-aniversario-de-vida-politica\/\" \/>\n<meta property=\"og:locale\" content=\"es_ES\" \/>\n<meta property=\"og:type\" content=\"article\" \/>\n<meta property=\"og:title\" content=\"La Comuna El Porvenir Central del cant\u00f3n El Carmen celebr\u00f3 su cuarto aniversario de vida pol\u00edtica. - Prefectura de Manab\u00ed\" \/>\n<meta property=\"og:description\" content=\"Kelly Buenaventura, viceprefecta de Manab\u00ed, estuvo presente en el desfile c\u00edvico-estudiantil, para rendir homenaje a la Comuna El Porvenir Central, sector rural perteneciente al cant\u00f3n El Carmen, tierra netamente agr\u00edcola cuya producci\u00f3n se sustenta principalmente en el pl\u00e1tano de exportaci\u00f3n. \u00abEs una comunidad de gente muy alegre, orgullosa de sus ra\u00edces y desde la Prefectura [&hellip;]\" \/>\n<meta property=\"og:url\" content=\"https:\/\/www.manabi.gob.ec\/index.php\/la-comuna-el-porvenir-central-del-canton-el-carmen-celebro-su-cuarto-aniversario-de-vida-politica\/\" \/>\n<meta property=\"og:site_name\" content=\"Prefectura de Manab\u00ed\" \/>\n<meta property=\"article:published_time\" content=\"2022-11-25T20:48:32+00:00\" \/>\n<meta property=\"article:modified_time\" content=\"2022-11-25T20:48:35+00:00\" \/>\n<meta property=\"og:image\" content=\"https:\/\/www.manabi.gob.ec\/wp-content\/uploads\/2022\/11\/WhatsApp-Image-2022-11-19-at-22.01.58-1.jpeg\" \/>\n\t<meta property=\"og:image:width\" content=\"1280\" \/>\n\t<meta property=\"og:image:height\" content=\"865\" \/>\n\t<meta property=\"og:image:type\" content=\"image\/jpeg\" \/>\n<meta name=\"author\" content=\"Lui Ochoa\" \/>\n<meta name=\"twitter:card\" content=\"summary_large_image\" \/>\n<meta name=\"twitter:label1\" content=\"Escrito por\" \/>\n\t<meta name=\"twitter:data1\" content=\"Lui Ochoa\" \/>\n\t<meta name=\"twitter:label2\" content=\"Tiempo de lectura\" \/>\n\t<meta name=\"twitter:data2\" content=\"1 minuto\" \/>\n<script type=\"application\/ld+json\" class=\"yoast-schema-graph\">{\"@context\":\"https:\\\/\\\/schema.org\",\"@graph\":[{\"@type\":\"Article\",\"@id\":\"https:\\\/\\\/www.manabi.gob.ec\\\/index.php\\\/la-comuna-el-porvenir-central-del-canton-el-carmen-celebro-su-cuarto-aniversario-de-vida-politica\\\/#article\",\"isPartOf\":{\"@id\":\"https:\\\/\\\/www.manabi.gob.ec\\\/index.php\\\/la-comuna-el-porvenir-central-del-canton-el-carmen-celebro-su-cuarto-aniversario-de-vida-politica\\\/\"},\"author\":{\"name\":\"Lui Ochoa\",\"@id\":\"https:\\\/\\\/www.manabi.gob.ec\\\/#\\\/schema\\\/person\\\/c4f117989332ad723a6ced5994aa7d7a\"},\"headline\":\"La Comuna El Porvenir Central del cant\u00f3n El Carmen celebr\u00f3 su cuarto aniversario de vida pol\u00edtica.\",\"datePublished\":\"2022-11-25T20:48:32+00:00\",\"dateModified\":\"2022-11-25T20:48:35+00:00\",\"mainEntityOfPage\":{\"@id\":\"https:\\\/\\\/www.manabi.gob.ec\\\/index.php\\\/la-comuna-el-porvenir-central-del-canton-el-carmen-celebro-su-cuarto-aniversario-de-vida-politica\\\/\"},\"wordCount\":103,\"image\":{\"@id\":\"https:\\\/\\\/www.manabi.gob.ec\\\/index.php\\\/la-comuna-el-porvenir-central-del-canton-el-carmen-celebro-su-cuarto-aniversario-de-vida-politica\\\/#primaryimage\"},\"thumbnailUrl\":\"https:\\\/\\\/www.manabi.gob.ec\\\/wp-content\\\/uploads\\\/2022\\\/11\\\/WhatsApp-Image-2022-11-19-at-22.01.58-1.jpeg\",\"articleSection\":[\"Desarrollo Social\",\"El Carmen\",\"Noticias\",\"Todas\"],\"inLanguage\":\"es\"},{\"@type\":\"WebPage\",\"@id\":\"https:\\\/\\\/www.manabi.gob.ec\\\/index.php\\\/la-comuna-el-porvenir-central-del-canton-el-carmen-celebro-su-cuarto-aniversario-de-vida-politica\\\/\",\"url\":\"https:\\\/\\\/www.manabi.gob.ec\\\/index.php\\\/la-comuna-el-porvenir-central-del-canton-el-carmen-celebro-su-cuarto-aniversario-de-vida-politica\\\/\",\"name\":\"La Comuna El Porvenir Central del cant\u00f3n El Carmen celebr\u00f3 su cuarto aniversario de vida pol\u00edtica. - Prefectura de Manab\u00ed\",\"isPartOf\":{\"@id\":\"https:\\\/\\\/www.manabi.gob.ec\\\/#website\"},\"primaryImageOfPage\":{\"@id\":\"https:\\\/\\\/www.manabi.gob.ec\\\/index.php\\\/la-comuna-el-porvenir-central-del-canton-el-carmen-celebro-su-cuarto-aniversario-de-vida-politica\\\/#primaryimage\"},\"image\":{\"@id\":\"https:\\\/\\\/www.manabi.gob.ec\\\/index.php\\\/la-comuna-el-porvenir-central-del-canton-el-carmen-celebro-su-cuarto-aniversario-de-vida-politica\\\/#primaryimage\"},\"thumbnailUrl\":\"https:\\\/\\\/www.manabi.gob.ec\\\/wp-content\\\/uploads\\\/2022\\\/11\\\/WhatsApp-Image-2022-11-19-at-22.01.58-1.jpeg\",\"datePublished\":\"2022-11-25T20:48:32+00:00\",\"dateModified\":\"2022-11-25T20:48:35+00:00\",\"author\":{\"@id\":\"https:\\\/\\\/www.manabi.gob.ec\\\/#\\\/schema\\\/person\\\/c4f117989332ad723a6ced5994aa7d7a\"},\"breadcrumb\":{\"@id\":\"https:\\\/\\\/www.manabi.gob.ec\\\/index.php\\\/la-comuna-el-porvenir-central-del-canton-el-carmen-celebro-su-cuarto-aniversario-de-vida-politica\\\/#breadcrumb\"},\"inLanguage\":\"es\",\"potentialAction\":[{\"@type\":\"ReadAction\",\"target\":[\"https:\\\/\\\/www.manabi.gob.ec\\\/index.php\\\/la-comuna-el-porvenir-central-del-canton-el-carmen-celebro-su-cuarto-aniversario-de-vida-politica\\\/\"]}]},{\"@type\":\"ImageObject\",\"inLanguage\":\"es\",\"@id\":\"https:\\\/\\\/www.manabi.gob.ec\\\/index.php\\\/la-comuna-el-porvenir-central-del-canton-el-carmen-celebro-su-cuarto-aniversario-de-vida-politica\\\/#primaryimage\",\"url\":\"https:\\\/\\\/www.manabi.gob.ec\\\/wp-content\\\/uploads\\\/2022\\\/11\\\/WhatsApp-Image-2022-11-19-at-22.01.58-1.jpeg\",\"contentUrl\":\"https:\\\/\\\/www.manabi.gob.ec\\\/wp-content\\\/uploads\\\/2022\\\/11\\\/WhatsApp-Image-2022-11-19-at-22.01.58-1.jpeg\",\"width\":1280,\"height\":865},{\"@type\":\"BreadcrumbList\",\"@id\":\"https:\\\/\\\/www.manabi.gob.ec\\\/index.php\\\/la-comuna-el-porvenir-central-del-canton-el-carmen-celebro-su-cuarto-aniversario-de-vida-politica\\\/#breadcrumb\",\"itemListElement\":[{\"@type\":\"ListItem\",\"position\":1,\"name\":\"Portada\",\"item\":\"https:\\\/\\\/www.manabi.gob.ec\\\/\"},{\"@type\":\"ListItem\",\"position\":2,\"name\":\"La Comuna El Porvenir Central del cant\u00f3n El Carmen celebr\u00f3 su cuarto aniversario de vida pol\u00edtica.\"}]},{\"@type\":\"WebSite\",\"@id\":\"https:\\\/\\\/www.manabi.gob.ec\\\/#website\",\"url\":\"https:\\\/\\\/www.manabi.gob.ec\\\/\",\"name\":\"Prefectura de Manab\u00ed\",\"description\":\"P\u00e1gina web de la prefectura\",\"potentialAction\":[{\"@type\":\"SearchAction\",\"target\":{\"@type\":\"EntryPoint\",\"urlTemplate\":\"https:\\\/\\\/www.manabi.gob.ec\\\/?s={search_term_string}\"},\"query-input\":{\"@type\":\"PropertyValueSpecification\",\"valueRequired\":true,\"valueName\":\"search_term_string\"}}],\"inLanguage\":\"es\"},{\"@type\":\"Person\",\"@id\":\"https:\\\/\\\/www.manabi.gob.ec\\\/#\\\/schema\\\/person\\\/c4f117989332ad723a6ced5994aa7d7a\",\"name\":\"Lui Ochoa\",\"image\":{\"@type\":\"ImageObject\",\"inLanguage\":\"es\",\"@id\":\"https:\\\/\\\/secure.gravatar.com\\\/avatar\\\/6e8017d0fe69dead8a95864d2eb6e1e1d8bf8e01194ba49cf7b897ff038126ba?s=96&d=mm&r=g\",\"url\":\"https:\\\/\\\/secure.gravatar.com\\\/avatar\\\/6e8017d0fe69dead8a95864d2eb6e1e1d8bf8e01194ba49cf7b897ff038126ba?s=96&d=mm&r=g\",\"contentUrl\":\"https:\\\/\\\/secure.gravatar.com\\\/avatar\\\/6e8017d0fe69dead8a95864d2eb6e1e1d8bf8e01194ba49cf7b897ff038126ba?s=96&d=mm&r=g\",\"caption\":\"Lui Ochoa\"},\"url\":\"https:\\\/\\\/www.manabi.gob.ec\\\/index.php\\\/author\\\/lochoa\\\/\"}]}<\/script>\n<!-- \/ Yoast SEO plugin. -->","yoast_head_json":{"title":"La Comuna El Porvenir Central del cant\u00f3n El Carmen celebr\u00f3 su cuarto aniversario de vida pol\u00edtica. - Prefectura de Manab\u00ed","robots":{"index":"index","follow":"follow","max-snippet":"max-snippet:-1","max-image-preview":"max-image-preview:large","max-video-preview":"max-video-preview:-1"},"canonical":"https:\/\/www.manabi.gob.ec\/index.php\/la-comuna-el-porvenir-central-del-canton-el-carmen-celebro-su-cuarto-aniversario-de-vida-politica\/","og_locale":"es_ES","og_type":"article","og_title":"La Comuna El Porvenir Central del cant\u00f3n El Carmen celebr\u00f3 su cuarto aniversario de vida pol\u00edtica. - Prefectura de Manab\u00ed","og_description":"Kelly Buenaventura, viceprefecta de Manab\u00ed, estuvo presente en el desfile c\u00edvico-estudiantil, para rendir homenaje a la Comuna El Porvenir Central, sector rural perteneciente al cant\u00f3n El Carmen, tierra netamente agr\u00edcola cuya producci\u00f3n se sustenta principalmente en el pl\u00e1tano de exportaci\u00f3n. \u00abEs una comunidad de gente muy alegre, orgullosa de sus ra\u00edces y desde la Prefectura [&hellip;]","og_url":"https:\/\/www.manabi.gob.ec\/index.php\/la-comuna-el-porvenir-central-del-canton-el-carmen-celebro-su-cuarto-aniversario-de-vida-politica\/","og_site_name":"Prefectura de Manab\u00ed","article_published_time":"2022-11-25T20:48:32+00:00","article_modified_time":"2022-11-25T20:48:35+00:00","og_image":[{"width":1280,"height":865,"url":"https:\/\/www.manabi.gob.ec\/wp-content\/uploads\/2022\/11\/WhatsApp-Image-2022-11-19-at-22.01.58-1.jpeg","type":"image\/jpeg"}],"author":"Lui Ochoa","twitter_card":"summary_large_image","twitter_misc":{"Escrito por":"Lui Ochoa","Tiempo de lectura":"1 minuto"},"schema":{"@context":"https:\/\/schema.org","@graph":[{"@type":"Article","@id":"https:\/\/www.manabi.gob.ec\/index.php\/la-comuna-el-porvenir-central-del-canton-el-carmen-celebro-su-cuarto-aniversario-de-vida-politica\/#article","isPartOf":{"@id":"https:\/\/www.manabi.gob.ec\/index.php\/la-comuna-el-porvenir-central-del-canton-el-carmen-celebro-su-cuarto-aniversario-de-vida-politica\/"},"author":{"name":"Lui Ochoa","@id":"https:\/\/www.manabi.gob.ec\/#\/schema\/person\/c4f117989332ad723a6ced5994aa7d7a"},"headline":"La Comuna El Porvenir Central del cant\u00f3n El Carmen celebr\u00f3 su cuarto aniversario de vida pol\u00edtica.","datePublished":"2022-11-25T20:48:32+00:00","dateModified":"2022-11-25T20:48:35+00:00","mainEntityOfPage":{"@id":"https:\/\/www.manabi.gob.ec\/index.php\/la-comuna-el-porvenir-central-del-canton-el-carmen-celebro-su-cuarto-aniversario-de-vida-politica\/"},"wordCount":103,"image":{"@id":"https:\/\/www.manabi.gob.ec\/index.php\/la-comuna-el-porvenir-central-del-canton-el-carmen-celebro-su-cuarto-aniversario-de-vida-politica\/#primaryimage"},"thumbnailUrl":"https:\/\/www.manabi.gob.ec\/wp-content\/uploads\/2022\/11\/WhatsApp-Image-2022-11-19-at-22.01.58-1.jpeg","articleSection":["Desarrollo Social","El Carmen","Noticias","Todas"],"inLanguage":"es"},{"@type":"WebPage","@id":"https:\/\/www.manabi.gob.ec\/index.php\/la-comuna-el-porvenir-central-del-canton-el-carmen-celebro-su-cuarto-aniversario-de-vida-politica\/","url":"https:\/\/www.manabi.gob.ec\/index.php\/la-comuna-el-porvenir-central-del-canton-el-carmen-celebro-su-cuarto-aniversario-de-vida-politica\/","name":"La Comuna El Porvenir Central del cant\u00f3n El Carmen celebr\u00f3 su cuarto aniversario de vida pol\u00edtica. - Prefectura de Manab\u00ed","isPartOf":{"@id":"https:\/\/www.manabi.gob.ec\/#website"},"primaryImageOfPage":{"@id":"https:\/\/www.manabi.gob.ec\/index.php\/la-comuna-el-porvenir-central-del-canton-el-carmen-celebro-su-cuarto-aniversario-de-vida-politica\/#primaryimage"},"image":{"@id":"https:\/\/www.manabi.gob.ec\/index.php\/la-comuna-el-porvenir-central-del-canton-el-carmen-celebro-su-cuarto-aniversario-de-vida-politica\/#primaryimage"},"thumbnailUrl":"https:\/\/www.manabi.gob.ec\/wp-content\/uploads\/2022\/11\/WhatsApp-Image-2022-11-19-at-22.01.58-1.jpeg","datePublished":"2022-11-25T20:48:32+00:00","dateModified":"2022-11-25T20:48:35+00:00","author":{"@id":"https:\/\/www.manabi.gob.ec\/#\/schema\/person\/c4f117989332ad723a6ced5994aa7d7a"},"breadcrumb":{"@id":"https:\/\/www.manabi.gob.ec\/index.php\/la-comuna-el-porvenir-central-del-canton-el-carmen-celebro-su-cuarto-aniversario-de-vida-politica\/#breadcrumb"},"inLanguage":"es","potentialAction":[{"@type":"ReadAction","target":["https:\/\/www.manabi.gob.ec\/index.php\/la-comuna-el-porvenir-central-del-canton-el-carmen-celebro-su-cuarto-aniversario-de-vida-politica\/"]}]},{"@type":"ImageObject","inLanguage":"es","@id":"https:\/\/www.manabi.gob.ec\/index.php\/la-comuna-el-porvenir-central-del-canton-el-carmen-celebro-su-cuarto-aniversario-de-vida-politica\/#primaryimage","url":"https:\/\/www.manabi.gob.ec\/wp-content\/uploads\/2022\/11\/WhatsApp-Image-2022-11-19-at-22.01.58-1.jpeg","contentUrl":"https:\/\/www.manabi.gob.ec\/wp-content\/uploads\/2022\/11\/WhatsApp-Image-2022-11-19-at-22.01.58-1.jpeg","width":1280,"height":865},{"@type":"BreadcrumbList","@id":"https:\/\/www.manabi.gob.ec\/index.php\/la-comuna-el-porvenir-central-del-canton-el-carmen-celebro-su-cuarto-aniversario-de-vida-politica\/#breadcrumb","itemListElement":[{"@type":"ListItem","position":1,"name":"Portada","item":"https:\/\/www.manabi.gob.ec\/"},{"@type":"ListItem","position":2,"name":"La Comuna El Porvenir Central del cant\u00f3n El Carmen celebr\u00f3 su cuarto aniversario de vida pol\u00edtica."}]},{"@type":"WebSite","@id":"https:\/\/www.manabi.gob.ec\/#website","url":"https:\/\/www.manabi.gob.ec\/","name":"Prefectura de Manab\u00ed","description":"P\u00e1gina web de la prefectura","potentialAction":[{"@type":"SearchAction","target":{"@type":"EntryPoint","urlTemplate":"https:\/\/www.manabi.gob.ec\/?s={search_term_string}"},"query-input":{"@type":"PropertyValueSpecification","valueRequired":true,"valueName":"search_term_string"}}],"inLanguage":"es"},{"@type":"Person","@id":"https:\/\/www.manabi.gob.ec\/#\/schema\/person\/c4f117989332ad723a6ced5994aa7d7a","name":"Lui Ochoa","image":{"@type":"ImageObject","inLanguage":"es","@id":"https:\/\/secure.gravatar.com\/avatar\/6e8017d0fe69dead8a95864d2eb6e1e1d8bf8e01194ba49cf7b897ff038126ba?s=96&d=mm&r=g","url":"https:\/\/secure.gravatar.com\/avatar\/6e8017d0fe69dead8a95864d2eb6e1e1d8bf8e01194ba49cf7b897ff038126ba?s=96&d=mm&r=g","contentUrl":"https:\/\/secure.gravatar.com\/avatar\/6e8017d0fe69dead8a95864d2eb6e1e1d8bf8e01194ba49cf7b897ff038126ba?s=96&d=mm&r=g","caption":"Lui Ochoa"},"url":"https:\/\/www.manabi.gob.ec\/index.php\/author\/lochoa\/"}]}},"jetpack_featured_media_url":"https:\/\/www.manabi.gob.ec\/wp-content\/uploads\/2022\/11\/WhatsApp-Image-2022-11-19-at-22.01.58-1.jpeg","_links":{"self":[{"href":"https:\/\/www.manabi.gob.ec\/index.php\/wp-json\/wp\/v2\/posts\/22930","targetHints":{"allow":["GET"]}}],"collection":[{"href":"https:\/\/www.manabi.gob.ec\/index.php\/wp-json\/wp\/v2\/posts"}],"about":[{"href":"https:\/\/www.manabi.gob.ec\/index.php\/wp-json\/wp\/v2\/types\/post"}],"author":[{"embeddable":true,"href":"https:\/\/www.manabi.gob.ec\/index.php\/wp-json\/wp\/v2\/users\/10"}],"replies":[{"embeddable":true,"href":"https:\/\/www.manabi.gob.ec\/index.php\/wp-json\/wp\/v2\/comments?post=22930"}],"version-history":[{"count":0,"href":"https:\/\/www.manabi.gob.ec\/index.php\/wp-json\/wp\/v2\/posts\/22930\/revisions"}],"wp:featuredmedia":[{"embeddable":true,"href":"https:\/\/www.manabi.gob.ec\/index.php\/wp-json\/wp\/v2\/media\/22931"}],"wp:attachment":[{"href":"https:\/\/www.manabi.gob.ec\/index.php\/wp-json\/wp\/v2\/media?parent=22930"}],"wp:term":[{"taxonomy":"category","embeddable":true,"href":"https:\/\/www.manabi.gob.ec\/index.php\/wp-json\/wp\/v2\/categories?post=22930"},{"taxonomy":"post_tag","embeddable":true,"href":"https:\/\/www.manabi.gob.ec\/index.php\/wp-json\/wp\/v2\/tags?post=22930"}],"curies":[{"name":"wp","href":"https:\/\/api.w.org\/{rel}","templated":true}]}}