{"id":23050,"date":"2022-12-09T16:27:52","date_gmt":"2022-12-09T16:27:52","guid":{"rendered":"https:\/\/www.manabi.gob.ec\/?p=23050"},"modified":"2022-12-09T16:27:56","modified_gmt":"2022-12-09T16:27:56","slug":"con-exito-se-realizo-simulacro-de-evacuacion-en-la-prefectura-de-manabi","status":"publish","type":"post","link":"https:\/\/www.manabi.gob.ec\/index.php\/con-exito-se-realizo-simulacro-de-evacuacion-en-la-prefectura-de-manabi\/","title":{"rendered":"Con \u00e9xito se realiz\u00f3 simulacro de evacuaci\u00f3n en la Prefectura de Manab\u00ed"},"content":{"rendered":"\n<p>Este martes, 6 de diciembre, a las 15 horas, en las instalaciones del edificio de la Prefectura de Manab\u00ed, se realiz\u00f3 con \u00e9xito un simulacro de emergencia donde particip\u00f3 el personal que labora en la Instituci\u00f3n.<br>Este evento estuvo coordinado por la Direcci\u00f3n de Talento Humano, a trav\u00e9s de la Subdirecci\u00f3n de Bienestar Laboral, Seguridad, y Salud Ocupacional de la instituci\u00f3n, Gobernaci\u00f3n de Manab\u00ed, Polic\u00eda Nacional, Portoparques y el Cuerpo de Bomberos de Portoviejo.<br>Las personas fueron evacuadas a trav\u00e9s de dos rutas de salida; una por la puerta principal sobre la calle C\u00f3rdova y otra por la puerta de la Gobernaci\u00f3n de Manab\u00ed, y se concentraron en el parque central Vicente Amador Flor.<br>\u201cUn simulacro es muy importante hacerlo, para estar preparados cuando ocurra una emergencia como terremoto, amenaza de bomba, y otros; de esta manera vemos la capacidad de reacci\u00f3n de las personas, adem\u00e1s nos permite ver en qu\u00e9 debemos mejorar\u201d, indic\u00f3 Mar\u00eda Matilde Rivera, Directora de Talento Humano.<\/p>\n\n\n\n<p>\u201cEste ejercicio es simular una emergencia real y debemos darle la importancia que tiene, por ello muchas gracias por la participaci\u00f3n\u201d, expres\u00f3 \u00d3scar V\u00e9liz, T\u00e9cnico de la Subdirecci\u00f3n de Bienestar Laboral, Seguridad, y Salud Ocupacional.<\/p>\n","protected":false},"excerpt":{"rendered":"<p>Este martes, 6 de diciembre, a las 15 horas, en las instalaciones del edificio de la Prefectura de Manab\u00ed, se realiz\u00f3 con \u00e9xito un simulacro de emergencia donde particip\u00f3 el personal que labora en la Instituci\u00f3n.Este evento estuvo coordinado por la Direcci\u00f3n de Talento Humano, a trav\u00e9s de la Subdirecci\u00f3n de Bienestar Laboral, Seguridad, y [&hellip;]<\/p>\n","protected":false},"author":10,"featured_media":23051,"comment_status":"closed","ping_status":"closed","sticky":false,"template":"","format":"standard","meta":{"_joinchat":[],"footnotes":""},"categories":[150,142,92,181,193,91],"tags":[],"class_list":["post-23050","post","type-post","status-publish","format-standard","has-post-thumbnail","hentry","category-ambiente","category-desarrollo-social","category-noticias-manabi","category-obra-publica","category-participacion-ciudadana","category-todas"],"yoast_head":"<!-- This site is optimized with the Yoast SEO plugin v27.4 - https:\/\/yoast.com\/product\/yoast-seo-wordpress\/ -->\n<title>Con \u00e9xito se realiz\u00f3 simulacro de evacuaci\u00f3n en la Prefectura de Manab\u00ed - Prefectura de Manab\u00ed<\/title>\n<meta name=\"robots\" content=\"index, follow, max-snippet:-1, max-image-preview:large, max-video-preview:-1\" \/>\n<link rel=\"canonical\" href=\"https:\/\/www.manabi.gob.ec\/index.php\/con-exito-se-realizo-simulacro-de-evacuacion-en-la-prefectura-de-manabi\/\" \/>\n<meta property=\"og:locale\" content=\"es_ES\" \/>\n<meta property=\"og:type\" content=\"article\" \/>\n<meta property=\"og:title\" content=\"Con \u00e9xito se realiz\u00f3 simulacro de evacuaci\u00f3n en la Prefectura de Manab\u00ed - Prefectura de Manab\u00ed\" \/>\n<meta property=\"og:description\" content=\"Este martes, 6 de diciembre, a las 15 horas, en las instalaciones del edificio de la Prefectura de Manab\u00ed, se realiz\u00f3 con \u00e9xito un simulacro de emergencia donde particip\u00f3 el personal que labora en la Instituci\u00f3n.Este evento estuvo coordinado por la Direcci\u00f3n de Talento Humano, a trav\u00e9s de la Subdirecci\u00f3n de Bienestar Laboral, Seguridad, y [&hellip;]\" \/>\n<meta property=\"og:url\" content=\"https:\/\/www.manabi.gob.ec\/index.php\/con-exito-se-realizo-simulacro-de-evacuacion-en-la-prefectura-de-manabi\/\" \/>\n<meta property=\"og:site_name\" content=\"Prefectura de Manab\u00ed\" \/>\n<meta property=\"article:published_time\" content=\"2022-12-09T16:27:52+00:00\" \/>\n<meta property=\"article:modified_time\" content=\"2022-12-09T16:27:56+00:00\" \/>\n<meta property=\"og:image\" content=\"https:\/\/www.manabi.gob.ec\/wp-content\/uploads\/2022\/12\/WhatsApp-Image-2022-12-06-at-18.05.37.jpeg\" \/>\n\t<meta property=\"og:image:width\" content=\"1280\" \/>\n\t<meta property=\"og:image:height\" content=\"853\" \/>\n\t<meta property=\"og:image:type\" content=\"image\/jpeg\" \/>\n<meta name=\"author\" content=\"Lui Ochoa\" \/>\n<meta name=\"twitter:card\" content=\"summary_large_image\" \/>\n<meta name=\"twitter:label1\" content=\"Escrito por\" \/>\n\t<meta name=\"twitter:data1\" content=\"Lui Ochoa\" \/>\n\t<meta name=\"twitter:label2\" content=\"Tiempo de lectura\" \/>\n\t<meta name=\"twitter:data2\" content=\"1 minuto\" \/>\n<script type=\"application\/ld+json\" class=\"yoast-schema-graph\">{\"@context\":\"https:\\\/\\\/schema.org\",\"@graph\":[{\"@type\":\"Article\",\"@id\":\"https:\\\/\\\/www.manabi.gob.ec\\\/index.php\\\/con-exito-se-realizo-simulacro-de-evacuacion-en-la-prefectura-de-manabi\\\/#article\",\"isPartOf\":{\"@id\":\"https:\\\/\\\/www.manabi.gob.ec\\\/index.php\\\/con-exito-se-realizo-simulacro-de-evacuacion-en-la-prefectura-de-manabi\\\/\"},\"author\":{\"name\":\"Lui Ochoa\",\"@id\":\"https:\\\/\\\/www.manabi.gob.ec\\\/#\\\/schema\\\/person\\\/c4f117989332ad723a6ced5994aa7d7a\"},\"headline\":\"Con \u00e9xito se realiz\u00f3 simulacro de evacuaci\u00f3n en la Prefectura de Manab\u00ed\",\"datePublished\":\"2022-12-09T16:27:52+00:00\",\"dateModified\":\"2022-12-09T16:27:56+00:00\",\"mainEntityOfPage\":{\"@id\":\"https:\\\/\\\/www.manabi.gob.ec\\\/index.php\\\/con-exito-se-realizo-simulacro-de-evacuacion-en-la-prefectura-de-manabi\\\/\"},\"wordCount\":224,\"image\":{\"@id\":\"https:\\\/\\\/www.manabi.gob.ec\\\/index.php\\\/con-exito-se-realizo-simulacro-de-evacuacion-en-la-prefectura-de-manabi\\\/#primaryimage\"},\"thumbnailUrl\":\"https:\\\/\\\/www.manabi.gob.ec\\\/wp-content\\\/uploads\\\/2022\\\/12\\\/WhatsApp-Image-2022-12-06-at-18.05.37.jpeg\",\"articleSection\":[\"Ambiente\",\"Desarrollo Social\",\"Noticias\",\"Obra P\u00fablica\",\"Participaci\u00f3n ciudadana\",\"Todas\"],\"inLanguage\":\"es\"},{\"@type\":\"WebPage\",\"@id\":\"https:\\\/\\\/www.manabi.gob.ec\\\/index.php\\\/con-exito-se-realizo-simulacro-de-evacuacion-en-la-prefectura-de-manabi\\\/\",\"url\":\"https:\\\/\\\/www.manabi.gob.ec\\\/index.php\\\/con-exito-se-realizo-simulacro-de-evacuacion-en-la-prefectura-de-manabi\\\/\",\"name\":\"Con \u00e9xito se realiz\u00f3 simulacro de evacuaci\u00f3n en la Prefectura de Manab\u00ed - Prefectura de Manab\u00ed\",\"isPartOf\":{\"@id\":\"https:\\\/\\\/www.manabi.gob.ec\\\/#website\"},\"primaryImageOfPage\":{\"@id\":\"https:\\\/\\\/www.manabi.gob.ec\\\/index.php\\\/con-exito-se-realizo-simulacro-de-evacuacion-en-la-prefectura-de-manabi\\\/#primaryimage\"},\"image\":{\"@id\":\"https:\\\/\\\/www.manabi.gob.ec\\\/index.php\\\/con-exito-se-realizo-simulacro-de-evacuacion-en-la-prefectura-de-manabi\\\/#primaryimage\"},\"thumbnailUrl\":\"https:\\\/\\\/www.manabi.gob.ec\\\/wp-content\\\/uploads\\\/2022\\\/12\\\/WhatsApp-Image-2022-12-06-at-18.05.37.jpeg\",\"datePublished\":\"2022-12-09T16:27:52+00:00\",\"dateModified\":\"2022-12-09T16:27:56+00:00\",\"author\":{\"@id\":\"https:\\\/\\\/www.manabi.gob.ec\\\/#\\\/schema\\\/person\\\/c4f117989332ad723a6ced5994aa7d7a\"},\"breadcrumb\":{\"@id\":\"https:\\\/\\\/www.manabi.gob.ec\\\/index.php\\\/con-exito-se-realizo-simulacro-de-evacuacion-en-la-prefectura-de-manabi\\\/#breadcrumb\"},\"inLanguage\":\"es\",\"potentialAction\":[{\"@type\":\"ReadAction\",\"target\":[\"https:\\\/\\\/www.manabi.gob.ec\\\/index.php\\\/con-exito-se-realizo-simulacro-de-evacuacion-en-la-prefectura-de-manabi\\\/\"]}]},{\"@type\":\"ImageObject\",\"inLanguage\":\"es\",\"@id\":\"https:\\\/\\\/www.manabi.gob.ec\\\/index.php\\\/con-exito-se-realizo-simulacro-de-evacuacion-en-la-prefectura-de-manabi\\\/#primaryimage\",\"url\":\"https:\\\/\\\/www.manabi.gob.ec\\\/wp-content\\\/uploads\\\/2022\\\/12\\\/WhatsApp-Image-2022-12-06-at-18.05.37.jpeg\",\"contentUrl\":\"https:\\\/\\\/www.manabi.gob.ec\\\/wp-content\\\/uploads\\\/2022\\\/12\\\/WhatsApp-Image-2022-12-06-at-18.05.37.jpeg\",\"width\":1280,\"height\":853},{\"@type\":\"BreadcrumbList\",\"@id\":\"https:\\\/\\\/www.manabi.gob.ec\\\/index.php\\\/con-exito-se-realizo-simulacro-de-evacuacion-en-la-prefectura-de-manabi\\\/#breadcrumb\",\"itemListElement\":[{\"@type\":\"ListItem\",\"position\":1,\"name\":\"Portada\",\"item\":\"https:\\\/\\\/www.manabi.gob.ec\\\/\"},{\"@type\":\"ListItem\",\"position\":2,\"name\":\"Con \u00e9xito se realiz\u00f3 simulacro de evacuaci\u00f3n en la Prefectura de Manab\u00ed\"}]},{\"@type\":\"WebSite\",\"@id\":\"https:\\\/\\\/www.manabi.gob.ec\\\/#website\",\"url\":\"https:\\\/\\\/www.manabi.gob.ec\\\/\",\"name\":\"Prefectura de Manab\u00ed\",\"description\":\"P\u00e1gina web de la prefectura\",\"potentialAction\":[{\"@type\":\"SearchAction\",\"target\":{\"@type\":\"EntryPoint\",\"urlTemplate\":\"https:\\\/\\\/www.manabi.gob.ec\\\/?s={search_term_string}\"},\"query-input\":{\"@type\":\"PropertyValueSpecification\",\"valueRequired\":true,\"valueName\":\"search_term_string\"}}],\"inLanguage\":\"es\"},{\"@type\":\"Person\",\"@id\":\"https:\\\/\\\/www.manabi.gob.ec\\\/#\\\/schema\\\/person\\\/c4f117989332ad723a6ced5994aa7d7a\",\"name\":\"Lui Ochoa\",\"image\":{\"@type\":\"ImageObject\",\"inLanguage\":\"es\",\"@id\":\"https:\\\/\\\/secure.gravatar.com\\\/avatar\\\/6e8017d0fe69dead8a95864d2eb6e1e1d8bf8e01194ba49cf7b897ff038126ba?s=96&d=mm&r=g\",\"url\":\"https:\\\/\\\/secure.gravatar.com\\\/avatar\\\/6e8017d0fe69dead8a95864d2eb6e1e1d8bf8e01194ba49cf7b897ff038126ba?s=96&d=mm&r=g\",\"contentUrl\":\"https:\\\/\\\/secure.gravatar.com\\\/avatar\\\/6e8017d0fe69dead8a95864d2eb6e1e1d8bf8e01194ba49cf7b897ff038126ba?s=96&d=mm&r=g\",\"caption\":\"Lui Ochoa\"},\"url\":\"https:\\\/\\\/www.manabi.gob.ec\\\/index.php\\\/author\\\/lochoa\\\/\"}]}<\/script>\n<!-- \/ Yoast SEO plugin. -->","yoast_head_json":{"title":"Con \u00e9xito se realiz\u00f3 simulacro de evacuaci\u00f3n en la Prefectura de Manab\u00ed - Prefectura de Manab\u00ed","robots":{"index":"index","follow":"follow","max-snippet":"max-snippet:-1","max-image-preview":"max-image-preview:large","max-video-preview":"max-video-preview:-1"},"canonical":"https:\/\/www.manabi.gob.ec\/index.php\/con-exito-se-realizo-simulacro-de-evacuacion-en-la-prefectura-de-manabi\/","og_locale":"es_ES","og_type":"article","og_title":"Con \u00e9xito se realiz\u00f3 simulacro de evacuaci\u00f3n en la Prefectura de Manab\u00ed - Prefectura de Manab\u00ed","og_description":"Este martes, 6 de diciembre, a las 15 horas, en las instalaciones del edificio de la Prefectura de Manab\u00ed, se realiz\u00f3 con \u00e9xito un simulacro de emergencia donde particip\u00f3 el personal que labora en la Instituci\u00f3n.Este evento estuvo coordinado por la Direcci\u00f3n de Talento Humano, a trav\u00e9s de la Subdirecci\u00f3n de Bienestar Laboral, Seguridad, y [&hellip;]","og_url":"https:\/\/www.manabi.gob.ec\/index.php\/con-exito-se-realizo-simulacro-de-evacuacion-en-la-prefectura-de-manabi\/","og_site_name":"Prefectura de Manab\u00ed","article_published_time":"2022-12-09T16:27:52+00:00","article_modified_time":"2022-12-09T16:27:56+00:00","og_image":[{"width":1280,"height":853,"url":"https:\/\/www.manabi.gob.ec\/wp-content\/uploads\/2022\/12\/WhatsApp-Image-2022-12-06-at-18.05.37.jpeg","type":"image\/jpeg"}],"author":"Lui Ochoa","twitter_card":"summary_large_image","twitter_misc":{"Escrito por":"Lui Ochoa","Tiempo de lectura":"1 minuto"},"schema":{"@context":"https:\/\/schema.org","@graph":[{"@type":"Article","@id":"https:\/\/www.manabi.gob.ec\/index.php\/con-exito-se-realizo-simulacro-de-evacuacion-en-la-prefectura-de-manabi\/#article","isPartOf":{"@id":"https:\/\/www.manabi.gob.ec\/index.php\/con-exito-se-realizo-simulacro-de-evacuacion-en-la-prefectura-de-manabi\/"},"author":{"name":"Lui Ochoa","@id":"https:\/\/www.manabi.gob.ec\/#\/schema\/person\/c4f117989332ad723a6ced5994aa7d7a"},"headline":"Con \u00e9xito se realiz\u00f3 simulacro de evacuaci\u00f3n en la Prefectura de Manab\u00ed","datePublished":"2022-12-09T16:27:52+00:00","dateModified":"2022-12-09T16:27:56+00:00","mainEntityOfPage":{"@id":"https:\/\/www.manabi.gob.ec\/index.php\/con-exito-se-realizo-simulacro-de-evacuacion-en-la-prefectura-de-manabi\/"},"wordCount":224,"image":{"@id":"https:\/\/www.manabi.gob.ec\/index.php\/con-exito-se-realizo-simulacro-de-evacuacion-en-la-prefectura-de-manabi\/#primaryimage"},"thumbnailUrl":"https:\/\/www.manabi.gob.ec\/wp-content\/uploads\/2022\/12\/WhatsApp-Image-2022-12-06-at-18.05.37.jpeg","articleSection":["Ambiente","Desarrollo Social","Noticias","Obra P\u00fablica","Participaci\u00f3n ciudadana","Todas"],"inLanguage":"es"},{"@type":"WebPage","@id":"https:\/\/www.manabi.gob.ec\/index.php\/con-exito-se-realizo-simulacro-de-evacuacion-en-la-prefectura-de-manabi\/","url":"https:\/\/www.manabi.gob.ec\/index.php\/con-exito-se-realizo-simulacro-de-evacuacion-en-la-prefectura-de-manabi\/","name":"Con \u00e9xito se realiz\u00f3 simulacro de evacuaci\u00f3n en la Prefectura de Manab\u00ed - Prefectura de Manab\u00ed","isPartOf":{"@id":"https:\/\/www.manabi.gob.ec\/#website"},"primaryImageOfPage":{"@id":"https:\/\/www.manabi.gob.ec\/index.php\/con-exito-se-realizo-simulacro-de-evacuacion-en-la-prefectura-de-manabi\/#primaryimage"},"image":{"@id":"https:\/\/www.manabi.gob.ec\/index.php\/con-exito-se-realizo-simulacro-de-evacuacion-en-la-prefectura-de-manabi\/#primaryimage"},"thumbnailUrl":"https:\/\/www.manabi.gob.ec\/wp-content\/uploads\/2022\/12\/WhatsApp-Image-2022-12-06-at-18.05.37.jpeg","datePublished":"2022-12-09T16:27:52+00:00","dateModified":"2022-12-09T16:27:56+00:00","author":{"@id":"https:\/\/www.manabi.gob.ec\/#\/schema\/person\/c4f117989332ad723a6ced5994aa7d7a"},"breadcrumb":{"@id":"https:\/\/www.manabi.gob.ec\/index.php\/con-exito-se-realizo-simulacro-de-evacuacion-en-la-prefectura-de-manabi\/#breadcrumb"},"inLanguage":"es","potentialAction":[{"@type":"ReadAction","target":["https:\/\/www.manabi.gob.ec\/index.php\/con-exito-se-realizo-simulacro-de-evacuacion-en-la-prefectura-de-manabi\/"]}]},{"@type":"ImageObject","inLanguage":"es","@id":"https:\/\/www.manabi.gob.ec\/index.php\/con-exito-se-realizo-simulacro-de-evacuacion-en-la-prefectura-de-manabi\/#primaryimage","url":"https:\/\/www.manabi.gob.ec\/wp-content\/uploads\/2022\/12\/WhatsApp-Image-2022-12-06-at-18.05.37.jpeg","contentUrl":"https:\/\/www.manabi.gob.ec\/wp-content\/uploads\/2022\/12\/WhatsApp-Image-2022-12-06-at-18.05.37.jpeg","width":1280,"height":853},{"@type":"BreadcrumbList","@id":"https:\/\/www.manabi.gob.ec\/index.php\/con-exito-se-realizo-simulacro-de-evacuacion-en-la-prefectura-de-manabi\/#breadcrumb","itemListElement":[{"@type":"ListItem","position":1,"name":"Portada","item":"https:\/\/www.manabi.gob.ec\/"},{"@type":"ListItem","position":2,"name":"Con \u00e9xito se realiz\u00f3 simulacro de evacuaci\u00f3n en la Prefectura de Manab\u00ed"}]},{"@type":"WebSite","@id":"https:\/\/www.manabi.gob.ec\/#website","url":"https:\/\/www.manabi.gob.ec\/","name":"Prefectura de Manab\u00ed","description":"P\u00e1gina web de la prefectura","potentialAction":[{"@type":"SearchAction","target":{"@type":"EntryPoint","urlTemplate":"https:\/\/www.manabi.gob.ec\/?s={search_term_string}"},"query-input":{"@type":"PropertyValueSpecification","valueRequired":true,"valueName":"search_term_string"}}],"inLanguage":"es"},{"@type":"Person","@id":"https:\/\/www.manabi.gob.ec\/#\/schema\/person\/c4f117989332ad723a6ced5994aa7d7a","name":"Lui Ochoa","image":{"@type":"ImageObject","inLanguage":"es","@id":"https:\/\/secure.gravatar.com\/avatar\/6e8017d0fe69dead8a95864d2eb6e1e1d8bf8e01194ba49cf7b897ff038126ba?s=96&d=mm&r=g","url":"https:\/\/secure.gravatar.com\/avatar\/6e8017d0fe69dead8a95864d2eb6e1e1d8bf8e01194ba49cf7b897ff038126ba?s=96&d=mm&r=g","contentUrl":"https:\/\/secure.gravatar.com\/avatar\/6e8017d0fe69dead8a95864d2eb6e1e1d8bf8e01194ba49cf7b897ff038126ba?s=96&d=mm&r=g","caption":"Lui Ochoa"},"url":"https:\/\/www.manabi.gob.ec\/index.php\/author\/lochoa\/"}]}},"jetpack_featured_media_url":"https:\/\/www.manabi.gob.ec\/wp-content\/uploads\/2022\/12\/WhatsApp-Image-2022-12-06-at-18.05.37.jpeg","_links":{"self":[{"href":"https:\/\/www.manabi.gob.ec\/index.php\/wp-json\/wp\/v2\/posts\/23050","targetHints":{"allow":["GET"]}}],"collection":[{"href":"https:\/\/www.manabi.gob.ec\/index.php\/wp-json\/wp\/v2\/posts"}],"about":[{"href":"https:\/\/www.manabi.gob.ec\/index.php\/wp-json\/wp\/v2\/types\/post"}],"author":[{"embeddable":true,"href":"https:\/\/www.manabi.gob.ec\/index.php\/wp-json\/wp\/v2\/users\/10"}],"replies":[{"embeddable":true,"href":"https:\/\/www.manabi.gob.ec\/index.php\/wp-json\/wp\/v2\/comments?post=23050"}],"version-history":[{"count":0,"href":"https:\/\/www.manabi.gob.ec\/index.php\/wp-json\/wp\/v2\/posts\/23050\/revisions"}],"wp:featuredmedia":[{"embeddable":true,"href":"https:\/\/www.manabi.gob.ec\/index.php\/wp-json\/wp\/v2\/media\/23051"}],"wp:attachment":[{"href":"https:\/\/www.manabi.gob.ec\/index.php\/wp-json\/wp\/v2\/media?parent=23050"}],"wp:term":[{"taxonomy":"category","embeddable":true,"href":"https:\/\/www.manabi.gob.ec\/index.php\/wp-json\/wp\/v2\/categories?post=23050"},{"taxonomy":"post_tag","embeddable":true,"href":"https:\/\/www.manabi.gob.ec\/index.php\/wp-json\/wp\/v2\/tags?post=23050"}],"curies":[{"name":"wp","href":"https:\/\/api.w.org\/{rel}","templated":true}]}}