{"id":23073,"date":"2022-12-12T16:45:40","date_gmt":"2022-12-12T16:45:40","guid":{"rendered":"https:\/\/www.manabi.gob.ec\/?p=23073"},"modified":"2022-12-12T16:45:44","modified_gmt":"2022-12-12T16:45:44","slug":"derroche-de-alegria-en-desfile-estudiantil","status":"publish","type":"post","link":"https:\/\/www.manabi.gob.ec\/index.php\/derroche-de-alegria-en-desfile-estudiantil\/","title":{"rendered":"\u00a1DERROCHE DE ALEGR\u00cdA EN DESFILE ESTUDIANTIL!"},"content":{"rendered":"\n<p>Abd\u00f3n Calder\u00f3n celebra 115 a\u00f1os de parroquializaci\u00f3n<\/p>\n\n\n\n<p>La parroquia Abd\u00f3n Calder\u00f3n del cant\u00f3n Portoviejo celebra este domingo 11 de diciembre 115 a\u00f1os de vida parroquial.<\/p>\n\n\n\n<p>El Prefecto de Manab\u00ed, Leonardo Orlando, se hizo presente para rendirle homenaje a esta productiva tierra de gente trabajadora y hospitalaria.<br>Junto al presidente del Gobierno Parroquial, Pedro Navia, y otras autoridades, encabezaron el desfile c\u00edvico e institucional que se desarroll\u00f3 en horas de la ma\u00f1ana y medio d\u00eda.<\/p>\n\n\n\n<p>La ciudadan\u00eda disfrut\u00f3 del derroche de la alegr\u00eda, belleza y talento que expusieron las delegaciones estudiantiles que llegaron para rendirle homenaje en su aniversario parroquial.<\/p>\n\n\n\n<p>Felicidades Abd\u00f3n Calder\u00f3n.<\/p>\n","protected":false},"excerpt":{"rendered":"<p>Abd\u00f3n Calder\u00f3n celebra 115 a\u00f1os de parroquializaci\u00f3n La parroquia Abd\u00f3n Calder\u00f3n del cant\u00f3n Portoviejo celebra este domingo 11 de diciembre 115 a\u00f1os de vida parroquial. El Prefecto de Manab\u00ed, Leonardo Orlando, se hizo presente para rendirle homenaje a esta productiva tierra de gente trabajadora y hospitalaria.Junto al presidente del Gobierno Parroquial, Pedro Navia, y otras [&hellip;]<\/p>\n","protected":false},"author":10,"featured_media":23074,"comment_status":"closed","ping_status":"closed","sticky":false,"template":"","format":"standard","meta":{"_joinchat":[],"footnotes":""},"categories":[142,92,181,193,132,91,127],"tags":[],"class_list":["post-23073","post","type-post","status-publish","format-standard","has-post-thumbnail","hentry","category-desarrollo-social","category-noticias-manabi","category-obra-publica","category-participacion-ciudadana","category-portoviejo","category-todas","category-vialidad"],"yoast_head":"<!-- This site is optimized with the Yoast SEO plugin v27.4 - https:\/\/yoast.com\/product\/yoast-seo-wordpress\/ -->\n<title>\u00a1DERROCHE DE ALEGR\u00cdA EN DESFILE ESTUDIANTIL! - Prefectura de Manab\u00ed<\/title>\n<meta name=\"robots\" content=\"index, follow, max-snippet:-1, max-image-preview:large, max-video-preview:-1\" \/>\n<link rel=\"canonical\" href=\"https:\/\/www.manabi.gob.ec\/index.php\/derroche-de-alegria-en-desfile-estudiantil\/\" \/>\n<meta property=\"og:locale\" content=\"es_ES\" \/>\n<meta property=\"og:type\" content=\"article\" \/>\n<meta property=\"og:title\" content=\"\u00a1DERROCHE DE ALEGR\u00cdA EN DESFILE ESTUDIANTIL! - Prefectura de Manab\u00ed\" \/>\n<meta property=\"og:description\" content=\"Abd\u00f3n Calder\u00f3n celebra 115 a\u00f1os de parroquializaci\u00f3n La parroquia Abd\u00f3n Calder\u00f3n del cant\u00f3n Portoviejo celebra este domingo 11 de diciembre 115 a\u00f1os de vida parroquial. El Prefecto de Manab\u00ed, Leonardo Orlando, se hizo presente para rendirle homenaje a esta productiva tierra de gente trabajadora y hospitalaria.Junto al presidente del Gobierno Parroquial, Pedro Navia, y otras [&hellip;]\" \/>\n<meta property=\"og:url\" content=\"https:\/\/www.manabi.gob.ec\/index.php\/derroche-de-alegria-en-desfile-estudiantil\/\" \/>\n<meta property=\"og:site_name\" content=\"Prefectura de Manab\u00ed\" \/>\n<meta property=\"article:published_time\" content=\"2022-12-12T16:45:40+00:00\" \/>\n<meta property=\"article:modified_time\" content=\"2022-12-12T16:45:44+00:00\" \/>\n<meta property=\"og:image\" content=\"https:\/\/www.manabi.gob.ec\/wp-content\/uploads\/2022\/12\/WhatsApp-Image-2022-12-11-at-12.28.50.jpeg\" \/>\n\t<meta property=\"og:image:width\" content=\"1024\" \/>\n\t<meta property=\"og:image:height\" content=\"684\" \/>\n\t<meta property=\"og:image:type\" content=\"image\/jpeg\" \/>\n<meta name=\"author\" content=\"Lui Ochoa\" \/>\n<meta name=\"twitter:card\" content=\"summary_large_image\" \/>\n<meta name=\"twitter:label1\" content=\"Escrito por\" \/>\n\t<meta name=\"twitter:data1\" content=\"Lui Ochoa\" \/>\n\t<meta name=\"twitter:label2\" content=\"Tiempo de lectura\" \/>\n\t<meta name=\"twitter:data2\" content=\"1 minuto\" \/>\n<script type=\"application\/ld+json\" class=\"yoast-schema-graph\">{\"@context\":\"https:\\\/\\\/schema.org\",\"@graph\":[{\"@type\":\"Article\",\"@id\":\"https:\\\/\\\/www.manabi.gob.ec\\\/index.php\\\/derroche-de-alegria-en-desfile-estudiantil\\\/#article\",\"isPartOf\":{\"@id\":\"https:\\\/\\\/www.manabi.gob.ec\\\/index.php\\\/derroche-de-alegria-en-desfile-estudiantil\\\/\"},\"author\":{\"name\":\"Lui Ochoa\",\"@id\":\"https:\\\/\\\/www.manabi.gob.ec\\\/#\\\/schema\\\/person\\\/c4f117989332ad723a6ced5994aa7d7a\"},\"headline\":\"\u00a1DERROCHE DE ALEGR\u00cdA EN DESFILE ESTUDIANTIL!\",\"datePublished\":\"2022-12-12T16:45:40+00:00\",\"dateModified\":\"2022-12-12T16:45:44+00:00\",\"mainEntityOfPage\":{\"@id\":\"https:\\\/\\\/www.manabi.gob.ec\\\/index.php\\\/derroche-de-alegria-en-desfile-estudiantil\\\/\"},\"wordCount\":121,\"image\":{\"@id\":\"https:\\\/\\\/www.manabi.gob.ec\\\/index.php\\\/derroche-de-alegria-en-desfile-estudiantil\\\/#primaryimage\"},\"thumbnailUrl\":\"https:\\\/\\\/www.manabi.gob.ec\\\/wp-content\\\/uploads\\\/2022\\\/12\\\/WhatsApp-Image-2022-12-11-at-12.28.50.jpeg\",\"articleSection\":[\"Desarrollo Social\",\"Noticias\",\"Obra P\u00fablica\",\"Participaci\u00f3n ciudadana\",\"Portoviejo\",\"Todas\",\"Vialidad\"],\"inLanguage\":\"es\"},{\"@type\":\"WebPage\",\"@id\":\"https:\\\/\\\/www.manabi.gob.ec\\\/index.php\\\/derroche-de-alegria-en-desfile-estudiantil\\\/\",\"url\":\"https:\\\/\\\/www.manabi.gob.ec\\\/index.php\\\/derroche-de-alegria-en-desfile-estudiantil\\\/\",\"name\":\"\u00a1DERROCHE DE ALEGR\u00cdA EN DESFILE ESTUDIANTIL! - Prefectura de Manab\u00ed\",\"isPartOf\":{\"@id\":\"https:\\\/\\\/www.manabi.gob.ec\\\/#website\"},\"primaryImageOfPage\":{\"@id\":\"https:\\\/\\\/www.manabi.gob.ec\\\/index.php\\\/derroche-de-alegria-en-desfile-estudiantil\\\/#primaryimage\"},\"image\":{\"@id\":\"https:\\\/\\\/www.manabi.gob.ec\\\/index.php\\\/derroche-de-alegria-en-desfile-estudiantil\\\/#primaryimage\"},\"thumbnailUrl\":\"https:\\\/\\\/www.manabi.gob.ec\\\/wp-content\\\/uploads\\\/2022\\\/12\\\/WhatsApp-Image-2022-12-11-at-12.28.50.jpeg\",\"datePublished\":\"2022-12-12T16:45:40+00:00\",\"dateModified\":\"2022-12-12T16:45:44+00:00\",\"author\":{\"@id\":\"https:\\\/\\\/www.manabi.gob.ec\\\/#\\\/schema\\\/person\\\/c4f117989332ad723a6ced5994aa7d7a\"},\"breadcrumb\":{\"@id\":\"https:\\\/\\\/www.manabi.gob.ec\\\/index.php\\\/derroche-de-alegria-en-desfile-estudiantil\\\/#breadcrumb\"},\"inLanguage\":\"es\",\"potentialAction\":[{\"@type\":\"ReadAction\",\"target\":[\"https:\\\/\\\/www.manabi.gob.ec\\\/index.php\\\/derroche-de-alegria-en-desfile-estudiantil\\\/\"]}]},{\"@type\":\"ImageObject\",\"inLanguage\":\"es\",\"@id\":\"https:\\\/\\\/www.manabi.gob.ec\\\/index.php\\\/derroche-de-alegria-en-desfile-estudiantil\\\/#primaryimage\",\"url\":\"https:\\\/\\\/www.manabi.gob.ec\\\/wp-content\\\/uploads\\\/2022\\\/12\\\/WhatsApp-Image-2022-12-11-at-12.28.50.jpeg\",\"contentUrl\":\"https:\\\/\\\/www.manabi.gob.ec\\\/wp-content\\\/uploads\\\/2022\\\/12\\\/WhatsApp-Image-2022-12-11-at-12.28.50.jpeg\",\"width\":1024,\"height\":684},{\"@type\":\"BreadcrumbList\",\"@id\":\"https:\\\/\\\/www.manabi.gob.ec\\\/index.php\\\/derroche-de-alegria-en-desfile-estudiantil\\\/#breadcrumb\",\"itemListElement\":[{\"@type\":\"ListItem\",\"position\":1,\"name\":\"Portada\",\"item\":\"https:\\\/\\\/www.manabi.gob.ec\\\/\"},{\"@type\":\"ListItem\",\"position\":2,\"name\":\"\u00a1DERROCHE DE ALEGR\u00cdA EN DESFILE ESTUDIANTIL!\"}]},{\"@type\":\"WebSite\",\"@id\":\"https:\\\/\\\/www.manabi.gob.ec\\\/#website\",\"url\":\"https:\\\/\\\/www.manabi.gob.ec\\\/\",\"name\":\"Prefectura de Manab\u00ed\",\"description\":\"P\u00e1gina web de la prefectura\",\"potentialAction\":[{\"@type\":\"SearchAction\",\"target\":{\"@type\":\"EntryPoint\",\"urlTemplate\":\"https:\\\/\\\/www.manabi.gob.ec\\\/?s={search_term_string}\"},\"query-input\":{\"@type\":\"PropertyValueSpecification\",\"valueRequired\":true,\"valueName\":\"search_term_string\"}}],\"inLanguage\":\"es\"},{\"@type\":\"Person\",\"@id\":\"https:\\\/\\\/www.manabi.gob.ec\\\/#\\\/schema\\\/person\\\/c4f117989332ad723a6ced5994aa7d7a\",\"name\":\"Lui Ochoa\",\"image\":{\"@type\":\"ImageObject\",\"inLanguage\":\"es\",\"@id\":\"https:\\\/\\\/secure.gravatar.com\\\/avatar\\\/6e8017d0fe69dead8a95864d2eb6e1e1d8bf8e01194ba49cf7b897ff038126ba?s=96&d=mm&r=g\",\"url\":\"https:\\\/\\\/secure.gravatar.com\\\/avatar\\\/6e8017d0fe69dead8a95864d2eb6e1e1d8bf8e01194ba49cf7b897ff038126ba?s=96&d=mm&r=g\",\"contentUrl\":\"https:\\\/\\\/secure.gravatar.com\\\/avatar\\\/6e8017d0fe69dead8a95864d2eb6e1e1d8bf8e01194ba49cf7b897ff038126ba?s=96&d=mm&r=g\",\"caption\":\"Lui Ochoa\"},\"url\":\"https:\\\/\\\/www.manabi.gob.ec\\\/index.php\\\/author\\\/lochoa\\\/\"}]}<\/script>\n<!-- \/ Yoast SEO plugin. -->","yoast_head_json":{"title":"\u00a1DERROCHE DE ALEGR\u00cdA EN DESFILE ESTUDIANTIL! - Prefectura de Manab\u00ed","robots":{"index":"index","follow":"follow","max-snippet":"max-snippet:-1","max-image-preview":"max-image-preview:large","max-video-preview":"max-video-preview:-1"},"canonical":"https:\/\/www.manabi.gob.ec\/index.php\/derroche-de-alegria-en-desfile-estudiantil\/","og_locale":"es_ES","og_type":"article","og_title":"\u00a1DERROCHE DE ALEGR\u00cdA EN DESFILE ESTUDIANTIL! - Prefectura de Manab\u00ed","og_description":"Abd\u00f3n Calder\u00f3n celebra 115 a\u00f1os de parroquializaci\u00f3n La parroquia Abd\u00f3n Calder\u00f3n del cant\u00f3n Portoviejo celebra este domingo 11 de diciembre 115 a\u00f1os de vida parroquial. El Prefecto de Manab\u00ed, Leonardo Orlando, se hizo presente para rendirle homenaje a esta productiva tierra de gente trabajadora y hospitalaria.Junto al presidente del Gobierno Parroquial, Pedro Navia, y otras [&hellip;]","og_url":"https:\/\/www.manabi.gob.ec\/index.php\/derroche-de-alegria-en-desfile-estudiantil\/","og_site_name":"Prefectura de Manab\u00ed","article_published_time":"2022-12-12T16:45:40+00:00","article_modified_time":"2022-12-12T16:45:44+00:00","og_image":[{"width":1024,"height":684,"url":"https:\/\/www.manabi.gob.ec\/wp-content\/uploads\/2022\/12\/WhatsApp-Image-2022-12-11-at-12.28.50.jpeg","type":"image\/jpeg"}],"author":"Lui Ochoa","twitter_card":"summary_large_image","twitter_misc":{"Escrito por":"Lui Ochoa","Tiempo de lectura":"1 minuto"},"schema":{"@context":"https:\/\/schema.org","@graph":[{"@type":"Article","@id":"https:\/\/www.manabi.gob.ec\/index.php\/derroche-de-alegria-en-desfile-estudiantil\/#article","isPartOf":{"@id":"https:\/\/www.manabi.gob.ec\/index.php\/derroche-de-alegria-en-desfile-estudiantil\/"},"author":{"name":"Lui Ochoa","@id":"https:\/\/www.manabi.gob.ec\/#\/schema\/person\/c4f117989332ad723a6ced5994aa7d7a"},"headline":"\u00a1DERROCHE DE ALEGR\u00cdA EN DESFILE ESTUDIANTIL!","datePublished":"2022-12-12T16:45:40+00:00","dateModified":"2022-12-12T16:45:44+00:00","mainEntityOfPage":{"@id":"https:\/\/www.manabi.gob.ec\/index.php\/derroche-de-alegria-en-desfile-estudiantil\/"},"wordCount":121,"image":{"@id":"https:\/\/www.manabi.gob.ec\/index.php\/derroche-de-alegria-en-desfile-estudiantil\/#primaryimage"},"thumbnailUrl":"https:\/\/www.manabi.gob.ec\/wp-content\/uploads\/2022\/12\/WhatsApp-Image-2022-12-11-at-12.28.50.jpeg","articleSection":["Desarrollo Social","Noticias","Obra P\u00fablica","Participaci\u00f3n ciudadana","Portoviejo","Todas","Vialidad"],"inLanguage":"es"},{"@type":"WebPage","@id":"https:\/\/www.manabi.gob.ec\/index.php\/derroche-de-alegria-en-desfile-estudiantil\/","url":"https:\/\/www.manabi.gob.ec\/index.php\/derroche-de-alegria-en-desfile-estudiantil\/","name":"\u00a1DERROCHE DE ALEGR\u00cdA EN DESFILE ESTUDIANTIL! - Prefectura de Manab\u00ed","isPartOf":{"@id":"https:\/\/www.manabi.gob.ec\/#website"},"primaryImageOfPage":{"@id":"https:\/\/www.manabi.gob.ec\/index.php\/derroche-de-alegria-en-desfile-estudiantil\/#primaryimage"},"image":{"@id":"https:\/\/www.manabi.gob.ec\/index.php\/derroche-de-alegria-en-desfile-estudiantil\/#primaryimage"},"thumbnailUrl":"https:\/\/www.manabi.gob.ec\/wp-content\/uploads\/2022\/12\/WhatsApp-Image-2022-12-11-at-12.28.50.jpeg","datePublished":"2022-12-12T16:45:40+00:00","dateModified":"2022-12-12T16:45:44+00:00","author":{"@id":"https:\/\/www.manabi.gob.ec\/#\/schema\/person\/c4f117989332ad723a6ced5994aa7d7a"},"breadcrumb":{"@id":"https:\/\/www.manabi.gob.ec\/index.php\/derroche-de-alegria-en-desfile-estudiantil\/#breadcrumb"},"inLanguage":"es","potentialAction":[{"@type":"ReadAction","target":["https:\/\/www.manabi.gob.ec\/index.php\/derroche-de-alegria-en-desfile-estudiantil\/"]}]},{"@type":"ImageObject","inLanguage":"es","@id":"https:\/\/www.manabi.gob.ec\/index.php\/derroche-de-alegria-en-desfile-estudiantil\/#primaryimage","url":"https:\/\/www.manabi.gob.ec\/wp-content\/uploads\/2022\/12\/WhatsApp-Image-2022-12-11-at-12.28.50.jpeg","contentUrl":"https:\/\/www.manabi.gob.ec\/wp-content\/uploads\/2022\/12\/WhatsApp-Image-2022-12-11-at-12.28.50.jpeg","width":1024,"height":684},{"@type":"BreadcrumbList","@id":"https:\/\/www.manabi.gob.ec\/index.php\/derroche-de-alegria-en-desfile-estudiantil\/#breadcrumb","itemListElement":[{"@type":"ListItem","position":1,"name":"Portada","item":"https:\/\/www.manabi.gob.ec\/"},{"@type":"ListItem","position":2,"name":"\u00a1DERROCHE DE ALEGR\u00cdA EN DESFILE ESTUDIANTIL!"}]},{"@type":"WebSite","@id":"https:\/\/www.manabi.gob.ec\/#website","url":"https:\/\/www.manabi.gob.ec\/","name":"Prefectura de Manab\u00ed","description":"P\u00e1gina web de la prefectura","potentialAction":[{"@type":"SearchAction","target":{"@type":"EntryPoint","urlTemplate":"https:\/\/www.manabi.gob.ec\/?s={search_term_string}"},"query-input":{"@type":"PropertyValueSpecification","valueRequired":true,"valueName":"search_term_string"}}],"inLanguage":"es"},{"@type":"Person","@id":"https:\/\/www.manabi.gob.ec\/#\/schema\/person\/c4f117989332ad723a6ced5994aa7d7a","name":"Lui Ochoa","image":{"@type":"ImageObject","inLanguage":"es","@id":"https:\/\/secure.gravatar.com\/avatar\/6e8017d0fe69dead8a95864d2eb6e1e1d8bf8e01194ba49cf7b897ff038126ba?s=96&d=mm&r=g","url":"https:\/\/secure.gravatar.com\/avatar\/6e8017d0fe69dead8a95864d2eb6e1e1d8bf8e01194ba49cf7b897ff038126ba?s=96&d=mm&r=g","contentUrl":"https:\/\/secure.gravatar.com\/avatar\/6e8017d0fe69dead8a95864d2eb6e1e1d8bf8e01194ba49cf7b897ff038126ba?s=96&d=mm&r=g","caption":"Lui Ochoa"},"url":"https:\/\/www.manabi.gob.ec\/index.php\/author\/lochoa\/"}]}},"jetpack_featured_media_url":"https:\/\/www.manabi.gob.ec\/wp-content\/uploads\/2022\/12\/WhatsApp-Image-2022-12-11-at-12.28.50.jpeg","_links":{"self":[{"href":"https:\/\/www.manabi.gob.ec\/index.php\/wp-json\/wp\/v2\/posts\/23073","targetHints":{"allow":["GET"]}}],"collection":[{"href":"https:\/\/www.manabi.gob.ec\/index.php\/wp-json\/wp\/v2\/posts"}],"about":[{"href":"https:\/\/www.manabi.gob.ec\/index.php\/wp-json\/wp\/v2\/types\/post"}],"author":[{"embeddable":true,"href":"https:\/\/www.manabi.gob.ec\/index.php\/wp-json\/wp\/v2\/users\/10"}],"replies":[{"embeddable":true,"href":"https:\/\/www.manabi.gob.ec\/index.php\/wp-json\/wp\/v2\/comments?post=23073"}],"version-history":[{"count":0,"href":"https:\/\/www.manabi.gob.ec\/index.php\/wp-json\/wp\/v2\/posts\/23073\/revisions"}],"wp:featuredmedia":[{"embeddable":true,"href":"https:\/\/www.manabi.gob.ec\/index.php\/wp-json\/wp\/v2\/media\/23074"}],"wp:attachment":[{"href":"https:\/\/www.manabi.gob.ec\/index.php\/wp-json\/wp\/v2\/media?parent=23073"}],"wp:term":[{"taxonomy":"category","embeddable":true,"href":"https:\/\/www.manabi.gob.ec\/index.php\/wp-json\/wp\/v2\/categories?post=23073"},{"taxonomy":"post_tag","embeddable":true,"href":"https:\/\/www.manabi.gob.ec\/index.php\/wp-json\/wp\/v2\/tags?post=23073"}],"curies":[{"name":"wp","href":"https:\/\/api.w.org\/{rel}","templated":true}]}}