{"id":23076,"date":"2022-12-12T16:47:21","date_gmt":"2022-12-12T16:47:21","guid":{"rendered":"https:\/\/www.manabi.gob.ec\/?p=23076"},"modified":"2022-12-12T16:47:25","modified_gmt":"2022-12-12T16:47:25","slug":"sesion-solemne-por-parroquializacion-de-calderon","status":"publish","type":"post","link":"https:\/\/www.manabi.gob.ec\/index.php\/sesion-solemne-por-parroquializacion-de-calderon\/","title":{"rendered":"\u00a1SESI\u00d3N SOLEMNE POR PARROQUIALIZACI\u00d3N DE CALDER\u00d3N!"},"content":{"rendered":"\n<p>El Prefecto firm\u00f3 un convenio tripartito para fortalecer la atenci\u00f3n f\u00edsica integral de los grupos prioritarios<\/p>\n\n\n\n<p>Durante la sesi\u00f3n solemne por el aniversario 115 de vida parroquial de Abd\u00f3n Calder\u00f3n, el prefecto de Manab\u00ed, Leonardo Orlando, ratific\u00f3 su compromiso de trabajo para seguir impulsando el desarrollo de este productivo y tur\u00edstico territorio del cant\u00f3n Portoviejo.<\/p>\n\n\n\n<p>Detall\u00f3 que la inversi\u00f3n de la Prefectura en esta parroquia, durante su administraci\u00f3n, sobrepasa los tres millones de d\u00f3lares, y anunci\u00f3 que hay procesos adicionales en marcha para la ejecuci\u00f3n de nuevas v\u00edas y puentes que mejorar\u00e1n la conectividad con otras parroquias rurales.<\/p>\n\n\n\n<p>En este escenario tambi\u00e9n se firm\u00f3 un convenio tripartito entre la Prefectura de Manab\u00ed, el Gobierno Parroquial de Calder\u00f3n, y la Fundaci\u00f3n Santa Martha, para la implementaci\u00f3n y fortalecimiento del centro de rehabilitaci\u00f3n f\u00edsica de la parroquia.<\/p>\n\n\n\n<p>\u201cCuando la pol\u00edtica se la hace al servicio de las familias, del ser humano como principio y fin de toda pol\u00edtica p\u00fablica, se logran grandes obras. Y yo le agregar\u00eda que tambi\u00e9n se necesita siempre estar aqu\u00ed en territorio, junto a nuestra gente, viviendo y sintiendo sus necesidades\u201d, expres\u00f3 Leonardo Orlando.<\/p>\n","protected":false},"excerpt":{"rendered":"<p>El Prefecto firm\u00f3 un convenio tripartito para fortalecer la atenci\u00f3n f\u00edsica integral de los grupos prioritarios Durante la sesi\u00f3n solemne por el aniversario 115 de vida parroquial de Abd\u00f3n Calder\u00f3n, el prefecto de Manab\u00ed, Leonardo Orlando, ratific\u00f3 su compromiso de trabajo para seguir impulsando el desarrollo de este productivo y tur\u00edstico territorio del cant\u00f3n Portoviejo. [&hellip;]<\/p>\n","protected":false},"author":10,"featured_media":23077,"comment_status":"closed","ping_status":"closed","sticky":false,"template":"","format":"standard","meta":{"_joinchat":[],"footnotes":""},"categories":[142,92,181,132,91],"tags":[],"class_list":["post-23076","post","type-post","status-publish","format-standard","has-post-thumbnail","hentry","category-desarrollo-social","category-noticias-manabi","category-obra-publica","category-portoviejo","category-todas"],"yoast_head":"<!-- This site is optimized with the Yoast SEO plugin v27.4 - https:\/\/yoast.com\/product\/yoast-seo-wordpress\/ -->\n<title>\u00a1SESI\u00d3N SOLEMNE POR PARROQUIALIZACI\u00d3N DE CALDER\u00d3N! - Prefectura de Manab\u00ed<\/title>\n<meta name=\"robots\" content=\"index, follow, max-snippet:-1, max-image-preview:large, max-video-preview:-1\" \/>\n<link rel=\"canonical\" href=\"https:\/\/www.manabi.gob.ec\/index.php\/sesion-solemne-por-parroquializacion-de-calderon\/\" \/>\n<meta property=\"og:locale\" content=\"es_ES\" \/>\n<meta property=\"og:type\" content=\"article\" \/>\n<meta property=\"og:title\" content=\"\u00a1SESI\u00d3N SOLEMNE POR PARROQUIALIZACI\u00d3N DE CALDER\u00d3N! - Prefectura de Manab\u00ed\" \/>\n<meta property=\"og:description\" content=\"El Prefecto firm\u00f3 un convenio tripartito para fortalecer la atenci\u00f3n f\u00edsica integral de los grupos prioritarios Durante la sesi\u00f3n solemne por el aniversario 115 de vida parroquial de Abd\u00f3n Calder\u00f3n, el prefecto de Manab\u00ed, Leonardo Orlando, ratific\u00f3 su compromiso de trabajo para seguir impulsando el desarrollo de este productivo y tur\u00edstico territorio del cant\u00f3n Portoviejo. [&hellip;]\" \/>\n<meta property=\"og:url\" content=\"https:\/\/www.manabi.gob.ec\/index.php\/sesion-solemne-por-parroquializacion-de-calderon\/\" \/>\n<meta property=\"og:site_name\" content=\"Prefectura de Manab\u00ed\" \/>\n<meta property=\"article:published_time\" content=\"2022-12-12T16:47:21+00:00\" \/>\n<meta property=\"article:modified_time\" content=\"2022-12-12T16:47:25+00:00\" \/>\n<meta property=\"og:image\" content=\"https:\/\/www.manabi.gob.ec\/wp-content\/uploads\/2022\/12\/WhatsApp-Image-2022-12-12-at-11.25.41.jpeg\" \/>\n\t<meta property=\"og:image:width\" content=\"1280\" \/>\n\t<meta property=\"og:image:height\" content=\"855\" \/>\n\t<meta property=\"og:image:type\" content=\"image\/jpeg\" \/>\n<meta name=\"author\" content=\"Lui Ochoa\" \/>\n<meta name=\"twitter:card\" content=\"summary_large_image\" \/>\n<meta name=\"twitter:label1\" content=\"Escrito por\" \/>\n\t<meta name=\"twitter:data1\" content=\"Lui Ochoa\" \/>\n\t<meta name=\"twitter:label2\" content=\"Tiempo de lectura\" \/>\n\t<meta name=\"twitter:data2\" content=\"1 minuto\" \/>\n<script type=\"application\/ld+json\" class=\"yoast-schema-graph\">{\"@context\":\"https:\\\/\\\/schema.org\",\"@graph\":[{\"@type\":\"Article\",\"@id\":\"https:\\\/\\\/www.manabi.gob.ec\\\/index.php\\\/sesion-solemne-por-parroquializacion-de-calderon\\\/#article\",\"isPartOf\":{\"@id\":\"https:\\\/\\\/www.manabi.gob.ec\\\/index.php\\\/sesion-solemne-por-parroquializacion-de-calderon\\\/\"},\"author\":{\"name\":\"Lui Ochoa\",\"@id\":\"https:\\\/\\\/www.manabi.gob.ec\\\/#\\\/schema\\\/person\\\/c4f117989332ad723a6ced5994aa7d7a\"},\"headline\":\"\u00a1SESI\u00d3N SOLEMNE POR PARROQUIALIZACI\u00d3N DE CALDER\u00d3N!\",\"datePublished\":\"2022-12-12T16:47:21+00:00\",\"dateModified\":\"2022-12-12T16:47:25+00:00\",\"mainEntityOfPage\":{\"@id\":\"https:\\\/\\\/www.manabi.gob.ec\\\/index.php\\\/sesion-solemne-por-parroquializacion-de-calderon\\\/\"},\"wordCount\":218,\"image\":{\"@id\":\"https:\\\/\\\/www.manabi.gob.ec\\\/index.php\\\/sesion-solemne-por-parroquializacion-de-calderon\\\/#primaryimage\"},\"thumbnailUrl\":\"https:\\\/\\\/www.manabi.gob.ec\\\/wp-content\\\/uploads\\\/2022\\\/12\\\/WhatsApp-Image-2022-12-12-at-11.25.41.jpeg\",\"articleSection\":[\"Desarrollo Social\",\"Noticias\",\"Obra P\u00fablica\",\"Portoviejo\",\"Todas\"],\"inLanguage\":\"es\"},{\"@type\":\"WebPage\",\"@id\":\"https:\\\/\\\/www.manabi.gob.ec\\\/index.php\\\/sesion-solemne-por-parroquializacion-de-calderon\\\/\",\"url\":\"https:\\\/\\\/www.manabi.gob.ec\\\/index.php\\\/sesion-solemne-por-parroquializacion-de-calderon\\\/\",\"name\":\"\u00a1SESI\u00d3N SOLEMNE POR PARROQUIALIZACI\u00d3N DE CALDER\u00d3N! - Prefectura de Manab\u00ed\",\"isPartOf\":{\"@id\":\"https:\\\/\\\/www.manabi.gob.ec\\\/#website\"},\"primaryImageOfPage\":{\"@id\":\"https:\\\/\\\/www.manabi.gob.ec\\\/index.php\\\/sesion-solemne-por-parroquializacion-de-calderon\\\/#primaryimage\"},\"image\":{\"@id\":\"https:\\\/\\\/www.manabi.gob.ec\\\/index.php\\\/sesion-solemne-por-parroquializacion-de-calderon\\\/#primaryimage\"},\"thumbnailUrl\":\"https:\\\/\\\/www.manabi.gob.ec\\\/wp-content\\\/uploads\\\/2022\\\/12\\\/WhatsApp-Image-2022-12-12-at-11.25.41.jpeg\",\"datePublished\":\"2022-12-12T16:47:21+00:00\",\"dateModified\":\"2022-12-12T16:47:25+00:00\",\"author\":{\"@id\":\"https:\\\/\\\/www.manabi.gob.ec\\\/#\\\/schema\\\/person\\\/c4f117989332ad723a6ced5994aa7d7a\"},\"breadcrumb\":{\"@id\":\"https:\\\/\\\/www.manabi.gob.ec\\\/index.php\\\/sesion-solemne-por-parroquializacion-de-calderon\\\/#breadcrumb\"},\"inLanguage\":\"es\",\"potentialAction\":[{\"@type\":\"ReadAction\",\"target\":[\"https:\\\/\\\/www.manabi.gob.ec\\\/index.php\\\/sesion-solemne-por-parroquializacion-de-calderon\\\/\"]}]},{\"@type\":\"ImageObject\",\"inLanguage\":\"es\",\"@id\":\"https:\\\/\\\/www.manabi.gob.ec\\\/index.php\\\/sesion-solemne-por-parroquializacion-de-calderon\\\/#primaryimage\",\"url\":\"https:\\\/\\\/www.manabi.gob.ec\\\/wp-content\\\/uploads\\\/2022\\\/12\\\/WhatsApp-Image-2022-12-12-at-11.25.41.jpeg\",\"contentUrl\":\"https:\\\/\\\/www.manabi.gob.ec\\\/wp-content\\\/uploads\\\/2022\\\/12\\\/WhatsApp-Image-2022-12-12-at-11.25.41.jpeg\",\"width\":1280,\"height\":855},{\"@type\":\"BreadcrumbList\",\"@id\":\"https:\\\/\\\/www.manabi.gob.ec\\\/index.php\\\/sesion-solemne-por-parroquializacion-de-calderon\\\/#breadcrumb\",\"itemListElement\":[{\"@type\":\"ListItem\",\"position\":1,\"name\":\"Portada\",\"item\":\"https:\\\/\\\/www.manabi.gob.ec\\\/\"},{\"@type\":\"ListItem\",\"position\":2,\"name\":\"\u00a1SESI\u00d3N SOLEMNE POR PARROQUIALIZACI\u00d3N DE CALDER\u00d3N!\"}]},{\"@type\":\"WebSite\",\"@id\":\"https:\\\/\\\/www.manabi.gob.ec\\\/#website\",\"url\":\"https:\\\/\\\/www.manabi.gob.ec\\\/\",\"name\":\"Prefectura de Manab\u00ed\",\"description\":\"P\u00e1gina web de la prefectura\",\"potentialAction\":[{\"@type\":\"SearchAction\",\"target\":{\"@type\":\"EntryPoint\",\"urlTemplate\":\"https:\\\/\\\/www.manabi.gob.ec\\\/?s={search_term_string}\"},\"query-input\":{\"@type\":\"PropertyValueSpecification\",\"valueRequired\":true,\"valueName\":\"search_term_string\"}}],\"inLanguage\":\"es\"},{\"@type\":\"Person\",\"@id\":\"https:\\\/\\\/www.manabi.gob.ec\\\/#\\\/schema\\\/person\\\/c4f117989332ad723a6ced5994aa7d7a\",\"name\":\"Lui Ochoa\",\"image\":{\"@type\":\"ImageObject\",\"inLanguage\":\"es\",\"@id\":\"https:\\\/\\\/secure.gravatar.com\\\/avatar\\\/6e8017d0fe69dead8a95864d2eb6e1e1d8bf8e01194ba49cf7b897ff038126ba?s=96&d=mm&r=g\",\"url\":\"https:\\\/\\\/secure.gravatar.com\\\/avatar\\\/6e8017d0fe69dead8a95864d2eb6e1e1d8bf8e01194ba49cf7b897ff038126ba?s=96&d=mm&r=g\",\"contentUrl\":\"https:\\\/\\\/secure.gravatar.com\\\/avatar\\\/6e8017d0fe69dead8a95864d2eb6e1e1d8bf8e01194ba49cf7b897ff038126ba?s=96&d=mm&r=g\",\"caption\":\"Lui Ochoa\"},\"url\":\"https:\\\/\\\/www.manabi.gob.ec\\\/index.php\\\/author\\\/lochoa\\\/\"}]}<\/script>\n<!-- \/ Yoast SEO plugin. -->","yoast_head_json":{"title":"\u00a1SESI\u00d3N SOLEMNE POR PARROQUIALIZACI\u00d3N DE CALDER\u00d3N! - Prefectura de Manab\u00ed","robots":{"index":"index","follow":"follow","max-snippet":"max-snippet:-1","max-image-preview":"max-image-preview:large","max-video-preview":"max-video-preview:-1"},"canonical":"https:\/\/www.manabi.gob.ec\/index.php\/sesion-solemne-por-parroquializacion-de-calderon\/","og_locale":"es_ES","og_type":"article","og_title":"\u00a1SESI\u00d3N SOLEMNE POR PARROQUIALIZACI\u00d3N DE CALDER\u00d3N! - Prefectura de Manab\u00ed","og_description":"El Prefecto firm\u00f3 un convenio tripartito para fortalecer la atenci\u00f3n f\u00edsica integral de los grupos prioritarios Durante la sesi\u00f3n solemne por el aniversario 115 de vida parroquial de Abd\u00f3n Calder\u00f3n, el prefecto de Manab\u00ed, Leonardo Orlando, ratific\u00f3 su compromiso de trabajo para seguir impulsando el desarrollo de este productivo y tur\u00edstico territorio del cant\u00f3n Portoviejo. [&hellip;]","og_url":"https:\/\/www.manabi.gob.ec\/index.php\/sesion-solemne-por-parroquializacion-de-calderon\/","og_site_name":"Prefectura de Manab\u00ed","article_published_time":"2022-12-12T16:47:21+00:00","article_modified_time":"2022-12-12T16:47:25+00:00","og_image":[{"width":1280,"height":855,"url":"https:\/\/www.manabi.gob.ec\/wp-content\/uploads\/2022\/12\/WhatsApp-Image-2022-12-12-at-11.25.41.jpeg","type":"image\/jpeg"}],"author":"Lui Ochoa","twitter_card":"summary_large_image","twitter_misc":{"Escrito por":"Lui Ochoa","Tiempo de lectura":"1 minuto"},"schema":{"@context":"https:\/\/schema.org","@graph":[{"@type":"Article","@id":"https:\/\/www.manabi.gob.ec\/index.php\/sesion-solemne-por-parroquializacion-de-calderon\/#article","isPartOf":{"@id":"https:\/\/www.manabi.gob.ec\/index.php\/sesion-solemne-por-parroquializacion-de-calderon\/"},"author":{"name":"Lui Ochoa","@id":"https:\/\/www.manabi.gob.ec\/#\/schema\/person\/c4f117989332ad723a6ced5994aa7d7a"},"headline":"\u00a1SESI\u00d3N SOLEMNE POR PARROQUIALIZACI\u00d3N DE CALDER\u00d3N!","datePublished":"2022-12-12T16:47:21+00:00","dateModified":"2022-12-12T16:47:25+00:00","mainEntityOfPage":{"@id":"https:\/\/www.manabi.gob.ec\/index.php\/sesion-solemne-por-parroquializacion-de-calderon\/"},"wordCount":218,"image":{"@id":"https:\/\/www.manabi.gob.ec\/index.php\/sesion-solemne-por-parroquializacion-de-calderon\/#primaryimage"},"thumbnailUrl":"https:\/\/www.manabi.gob.ec\/wp-content\/uploads\/2022\/12\/WhatsApp-Image-2022-12-12-at-11.25.41.jpeg","articleSection":["Desarrollo Social","Noticias","Obra P\u00fablica","Portoviejo","Todas"],"inLanguage":"es"},{"@type":"WebPage","@id":"https:\/\/www.manabi.gob.ec\/index.php\/sesion-solemne-por-parroquializacion-de-calderon\/","url":"https:\/\/www.manabi.gob.ec\/index.php\/sesion-solemne-por-parroquializacion-de-calderon\/","name":"\u00a1SESI\u00d3N SOLEMNE POR PARROQUIALIZACI\u00d3N DE CALDER\u00d3N! - Prefectura de Manab\u00ed","isPartOf":{"@id":"https:\/\/www.manabi.gob.ec\/#website"},"primaryImageOfPage":{"@id":"https:\/\/www.manabi.gob.ec\/index.php\/sesion-solemne-por-parroquializacion-de-calderon\/#primaryimage"},"image":{"@id":"https:\/\/www.manabi.gob.ec\/index.php\/sesion-solemne-por-parroquializacion-de-calderon\/#primaryimage"},"thumbnailUrl":"https:\/\/www.manabi.gob.ec\/wp-content\/uploads\/2022\/12\/WhatsApp-Image-2022-12-12-at-11.25.41.jpeg","datePublished":"2022-12-12T16:47:21+00:00","dateModified":"2022-12-12T16:47:25+00:00","author":{"@id":"https:\/\/www.manabi.gob.ec\/#\/schema\/person\/c4f117989332ad723a6ced5994aa7d7a"},"breadcrumb":{"@id":"https:\/\/www.manabi.gob.ec\/index.php\/sesion-solemne-por-parroquializacion-de-calderon\/#breadcrumb"},"inLanguage":"es","potentialAction":[{"@type":"ReadAction","target":["https:\/\/www.manabi.gob.ec\/index.php\/sesion-solemne-por-parroquializacion-de-calderon\/"]}]},{"@type":"ImageObject","inLanguage":"es","@id":"https:\/\/www.manabi.gob.ec\/index.php\/sesion-solemne-por-parroquializacion-de-calderon\/#primaryimage","url":"https:\/\/www.manabi.gob.ec\/wp-content\/uploads\/2022\/12\/WhatsApp-Image-2022-12-12-at-11.25.41.jpeg","contentUrl":"https:\/\/www.manabi.gob.ec\/wp-content\/uploads\/2022\/12\/WhatsApp-Image-2022-12-12-at-11.25.41.jpeg","width":1280,"height":855},{"@type":"BreadcrumbList","@id":"https:\/\/www.manabi.gob.ec\/index.php\/sesion-solemne-por-parroquializacion-de-calderon\/#breadcrumb","itemListElement":[{"@type":"ListItem","position":1,"name":"Portada","item":"https:\/\/www.manabi.gob.ec\/"},{"@type":"ListItem","position":2,"name":"\u00a1SESI\u00d3N SOLEMNE POR PARROQUIALIZACI\u00d3N DE CALDER\u00d3N!"}]},{"@type":"WebSite","@id":"https:\/\/www.manabi.gob.ec\/#website","url":"https:\/\/www.manabi.gob.ec\/","name":"Prefectura de Manab\u00ed","description":"P\u00e1gina web de la prefectura","potentialAction":[{"@type":"SearchAction","target":{"@type":"EntryPoint","urlTemplate":"https:\/\/www.manabi.gob.ec\/?s={search_term_string}"},"query-input":{"@type":"PropertyValueSpecification","valueRequired":true,"valueName":"search_term_string"}}],"inLanguage":"es"},{"@type":"Person","@id":"https:\/\/www.manabi.gob.ec\/#\/schema\/person\/c4f117989332ad723a6ced5994aa7d7a","name":"Lui Ochoa","image":{"@type":"ImageObject","inLanguage":"es","@id":"https:\/\/secure.gravatar.com\/avatar\/6e8017d0fe69dead8a95864d2eb6e1e1d8bf8e01194ba49cf7b897ff038126ba?s=96&d=mm&r=g","url":"https:\/\/secure.gravatar.com\/avatar\/6e8017d0fe69dead8a95864d2eb6e1e1d8bf8e01194ba49cf7b897ff038126ba?s=96&d=mm&r=g","contentUrl":"https:\/\/secure.gravatar.com\/avatar\/6e8017d0fe69dead8a95864d2eb6e1e1d8bf8e01194ba49cf7b897ff038126ba?s=96&d=mm&r=g","caption":"Lui Ochoa"},"url":"https:\/\/www.manabi.gob.ec\/index.php\/author\/lochoa\/"}]}},"jetpack_featured_media_url":"https:\/\/www.manabi.gob.ec\/wp-content\/uploads\/2022\/12\/WhatsApp-Image-2022-12-12-at-11.25.41.jpeg","_links":{"self":[{"href":"https:\/\/www.manabi.gob.ec\/index.php\/wp-json\/wp\/v2\/posts\/23076","targetHints":{"allow":["GET"]}}],"collection":[{"href":"https:\/\/www.manabi.gob.ec\/index.php\/wp-json\/wp\/v2\/posts"}],"about":[{"href":"https:\/\/www.manabi.gob.ec\/index.php\/wp-json\/wp\/v2\/types\/post"}],"author":[{"embeddable":true,"href":"https:\/\/www.manabi.gob.ec\/index.php\/wp-json\/wp\/v2\/users\/10"}],"replies":[{"embeddable":true,"href":"https:\/\/www.manabi.gob.ec\/index.php\/wp-json\/wp\/v2\/comments?post=23076"}],"version-history":[{"count":0,"href":"https:\/\/www.manabi.gob.ec\/index.php\/wp-json\/wp\/v2\/posts\/23076\/revisions"}],"wp:featuredmedia":[{"embeddable":true,"href":"https:\/\/www.manabi.gob.ec\/index.php\/wp-json\/wp\/v2\/media\/23077"}],"wp:attachment":[{"href":"https:\/\/www.manabi.gob.ec\/index.php\/wp-json\/wp\/v2\/media?parent=23076"}],"wp:term":[{"taxonomy":"category","embeddable":true,"href":"https:\/\/www.manabi.gob.ec\/index.php\/wp-json\/wp\/v2\/categories?post=23076"},{"taxonomy":"post_tag","embeddable":true,"href":"https:\/\/www.manabi.gob.ec\/index.php\/wp-json\/wp\/v2\/tags?post=23076"}],"curies":[{"name":"wp","href":"https:\/\/api.w.org\/{rel}","templated":true}]}}