{"id":23163,"date":"2022-12-28T13:35:04","date_gmt":"2022-12-28T13:35:04","guid":{"rendered":"https:\/\/www.manabi.gob.ec\/?p=23163"},"modified":"2022-12-28T13:35:08","modified_gmt":"2022-12-28T13:35:08","slug":"el-2022-es-el-ano-de-la-excelencia-institucional","status":"publish","type":"post","link":"https:\/\/www.manabi.gob.ec\/index.php\/el-2022-es-el-ano-de-la-excelencia-institucional\/","title":{"rendered":"\u00a1 EL 2022 ES EL A\u00d1O DE LA EXCELENCIA INSTITUCIONAL"},"content":{"rendered":"\n<p>Nuevamente la Prefectura, anuncia buenas noticias para Manab\u00ed.<\/p>\n\n\n\n<p>Este viernes 16 de diciembre, la empresa Certificadora Espa\u00f1ola AENOR, liderada por la auditora Ana Cristina Vega Minga, anunci\u00f3 que la Prefectura aprob\u00f3 la Fase II de la Auditor\u00eda de Certificaci\u00f3n de la implementaci\u00f3n del Sistema de Gesti\u00f3n Antisoborno bajo la Norma ISO 37001: 2016.<\/p>\n\n\n\n<p>De esta manera la Prefectura de Manab\u00ed, obtiene la segunda Certificaci\u00f3n ISO, primero la empresa Bureau Veritas S.A, certific\u00f3 con la norma de calidad ISO- 1900- 2015 por el proceso de mayor trascendencia en la provincia la \u00abGesti\u00f3n de Construcci\u00f3n de Puentes\u00bb, y; hoy aprob\u00f3 el proceso de Certificaci\u00f3n ISO 37001: 2016 por parte de Empresa Certificadora AENOR.<\/p>\n\n\n\n<p>Esta \u00faltima certificaci\u00f3n permitir\u00e1 reducir el riesgo de realizar actividades indebidas mediante la implementaci\u00f3n de controles en una etapa temprana, lo que promover\u00e1 la confianza de la ciudadan\u00eda ante la gesti\u00f3n transparente de sus procesos.<\/p>\n","protected":false},"excerpt":{"rendered":"<p>Nuevamente la Prefectura, anuncia buenas noticias para Manab\u00ed. Este viernes 16 de diciembre, la empresa Certificadora Espa\u00f1ola AENOR, liderada por la auditora Ana Cristina Vega Minga, anunci\u00f3 que la Prefectura aprob\u00f3 la Fase II de la Auditor\u00eda de Certificaci\u00f3n de la implementaci\u00f3n del Sistema de Gesti\u00f3n Antisoborno bajo la Norma ISO 37001: 2016. De esta [&hellip;]<\/p>\n","protected":false},"author":10,"featured_media":23164,"comment_status":"closed","ping_status":"closed","sticky":false,"template":"","format":"standard","meta":{"_joinchat":[],"footnotes":""},"categories":[142,92,91],"tags":[],"class_list":["post-23163","post","type-post","status-publish","format-standard","has-post-thumbnail","hentry","category-desarrollo-social","category-noticias-manabi","category-todas"],"yoast_head":"<!-- This site is optimized with the Yoast SEO plugin v27.4 - https:\/\/yoast.com\/product\/yoast-seo-wordpress\/ -->\n<title>\u00a1 EL 2022 ES EL A\u00d1O DE LA EXCELENCIA INSTITUCIONAL - Prefectura de Manab\u00ed<\/title>\n<meta name=\"robots\" content=\"index, follow, max-snippet:-1, max-image-preview:large, max-video-preview:-1\" \/>\n<link rel=\"canonical\" href=\"https:\/\/www.manabi.gob.ec\/index.php\/el-2022-es-el-ano-de-la-excelencia-institucional\/\" \/>\n<meta property=\"og:locale\" content=\"es_ES\" \/>\n<meta property=\"og:type\" content=\"article\" \/>\n<meta property=\"og:title\" content=\"\u00a1 EL 2022 ES EL A\u00d1O DE LA EXCELENCIA INSTITUCIONAL - Prefectura de Manab\u00ed\" \/>\n<meta property=\"og:description\" content=\"Nuevamente la Prefectura, anuncia buenas noticias para Manab\u00ed. Este viernes 16 de diciembre, la empresa Certificadora Espa\u00f1ola AENOR, liderada por la auditora Ana Cristina Vega Minga, anunci\u00f3 que la Prefectura aprob\u00f3 la Fase II de la Auditor\u00eda de Certificaci\u00f3n de la implementaci\u00f3n del Sistema de Gesti\u00f3n Antisoborno bajo la Norma ISO 37001: 2016. De esta [&hellip;]\" \/>\n<meta property=\"og:url\" content=\"https:\/\/www.manabi.gob.ec\/index.php\/el-2022-es-el-ano-de-la-excelencia-institucional\/\" \/>\n<meta property=\"og:site_name\" content=\"Prefectura de Manab\u00ed\" \/>\n<meta property=\"article:published_time\" content=\"2022-12-28T13:35:04+00:00\" \/>\n<meta property=\"article:modified_time\" content=\"2022-12-28T13:35:08+00:00\" \/>\n<meta property=\"og:image\" content=\"https:\/\/www.manabi.gob.ec\/wp-content\/uploads\/2022\/12\/WhatsApp-Image-2022-12-16-at-21.09.40.jpeg\" \/>\n\t<meta property=\"og:image:width\" content=\"1600\" \/>\n\t<meta property=\"og:image:height\" content=\"932\" \/>\n\t<meta property=\"og:image:type\" content=\"image\/jpeg\" \/>\n<meta name=\"author\" content=\"Lui Ochoa\" \/>\n<meta name=\"twitter:card\" content=\"summary_large_image\" \/>\n<meta name=\"twitter:label1\" content=\"Escrito por\" \/>\n\t<meta name=\"twitter:data1\" content=\"Lui Ochoa\" \/>\n\t<meta name=\"twitter:label2\" content=\"Tiempo de lectura\" \/>\n\t<meta name=\"twitter:data2\" content=\"1 minuto\" \/>\n<script type=\"application\/ld+json\" class=\"yoast-schema-graph\">{\"@context\":\"https:\\\/\\\/schema.org\",\"@graph\":[{\"@type\":\"Article\",\"@id\":\"https:\\\/\\\/www.manabi.gob.ec\\\/index.php\\\/el-2022-es-el-ano-de-la-excelencia-institucional\\\/#article\",\"isPartOf\":{\"@id\":\"https:\\\/\\\/www.manabi.gob.ec\\\/index.php\\\/el-2022-es-el-ano-de-la-excelencia-institucional\\\/\"},\"author\":{\"name\":\"Lui Ochoa\",\"@id\":\"https:\\\/\\\/www.manabi.gob.ec\\\/#\\\/schema\\\/person\\\/c4f117989332ad723a6ced5994aa7d7a\"},\"headline\":\"\u00a1 EL 2022 ES EL A\u00d1O DE LA EXCELENCIA INSTITUCIONAL\",\"datePublished\":\"2022-12-28T13:35:04+00:00\",\"dateModified\":\"2022-12-28T13:35:08+00:00\",\"mainEntityOfPage\":{\"@id\":\"https:\\\/\\\/www.manabi.gob.ec\\\/index.php\\\/el-2022-es-el-ano-de-la-excelencia-institucional\\\/\"},\"wordCount\":163,\"image\":{\"@id\":\"https:\\\/\\\/www.manabi.gob.ec\\\/index.php\\\/el-2022-es-el-ano-de-la-excelencia-institucional\\\/#primaryimage\"},\"thumbnailUrl\":\"https:\\\/\\\/www.manabi.gob.ec\\\/wp-content\\\/uploads\\\/2022\\\/12\\\/WhatsApp-Image-2022-12-16-at-21.09.40.jpeg\",\"articleSection\":[\"Desarrollo Social\",\"Noticias\",\"Todas\"],\"inLanguage\":\"es\"},{\"@type\":\"WebPage\",\"@id\":\"https:\\\/\\\/www.manabi.gob.ec\\\/index.php\\\/el-2022-es-el-ano-de-la-excelencia-institucional\\\/\",\"url\":\"https:\\\/\\\/www.manabi.gob.ec\\\/index.php\\\/el-2022-es-el-ano-de-la-excelencia-institucional\\\/\",\"name\":\"\u00a1 EL 2022 ES EL A\u00d1O DE LA EXCELENCIA INSTITUCIONAL - Prefectura de Manab\u00ed\",\"isPartOf\":{\"@id\":\"https:\\\/\\\/www.manabi.gob.ec\\\/#website\"},\"primaryImageOfPage\":{\"@id\":\"https:\\\/\\\/www.manabi.gob.ec\\\/index.php\\\/el-2022-es-el-ano-de-la-excelencia-institucional\\\/#primaryimage\"},\"image\":{\"@id\":\"https:\\\/\\\/www.manabi.gob.ec\\\/index.php\\\/el-2022-es-el-ano-de-la-excelencia-institucional\\\/#primaryimage\"},\"thumbnailUrl\":\"https:\\\/\\\/www.manabi.gob.ec\\\/wp-content\\\/uploads\\\/2022\\\/12\\\/WhatsApp-Image-2022-12-16-at-21.09.40.jpeg\",\"datePublished\":\"2022-12-28T13:35:04+00:00\",\"dateModified\":\"2022-12-28T13:35:08+00:00\",\"author\":{\"@id\":\"https:\\\/\\\/www.manabi.gob.ec\\\/#\\\/schema\\\/person\\\/c4f117989332ad723a6ced5994aa7d7a\"},\"breadcrumb\":{\"@id\":\"https:\\\/\\\/www.manabi.gob.ec\\\/index.php\\\/el-2022-es-el-ano-de-la-excelencia-institucional\\\/#breadcrumb\"},\"inLanguage\":\"es\",\"potentialAction\":[{\"@type\":\"ReadAction\",\"target\":[\"https:\\\/\\\/www.manabi.gob.ec\\\/index.php\\\/el-2022-es-el-ano-de-la-excelencia-institucional\\\/\"]}]},{\"@type\":\"ImageObject\",\"inLanguage\":\"es\",\"@id\":\"https:\\\/\\\/www.manabi.gob.ec\\\/index.php\\\/el-2022-es-el-ano-de-la-excelencia-institucional\\\/#primaryimage\",\"url\":\"https:\\\/\\\/www.manabi.gob.ec\\\/wp-content\\\/uploads\\\/2022\\\/12\\\/WhatsApp-Image-2022-12-16-at-21.09.40.jpeg\",\"contentUrl\":\"https:\\\/\\\/www.manabi.gob.ec\\\/wp-content\\\/uploads\\\/2022\\\/12\\\/WhatsApp-Image-2022-12-16-at-21.09.40.jpeg\",\"width\":1600,\"height\":932},{\"@type\":\"BreadcrumbList\",\"@id\":\"https:\\\/\\\/www.manabi.gob.ec\\\/index.php\\\/el-2022-es-el-ano-de-la-excelencia-institucional\\\/#breadcrumb\",\"itemListElement\":[{\"@type\":\"ListItem\",\"position\":1,\"name\":\"Portada\",\"item\":\"https:\\\/\\\/www.manabi.gob.ec\\\/\"},{\"@type\":\"ListItem\",\"position\":2,\"name\":\"\u00a1 EL 2022 ES EL A\u00d1O DE LA EXCELENCIA INSTITUCIONAL\"}]},{\"@type\":\"WebSite\",\"@id\":\"https:\\\/\\\/www.manabi.gob.ec\\\/#website\",\"url\":\"https:\\\/\\\/www.manabi.gob.ec\\\/\",\"name\":\"Prefectura de Manab\u00ed\",\"description\":\"P\u00e1gina web de la prefectura\",\"potentialAction\":[{\"@type\":\"SearchAction\",\"target\":{\"@type\":\"EntryPoint\",\"urlTemplate\":\"https:\\\/\\\/www.manabi.gob.ec\\\/?s={search_term_string}\"},\"query-input\":{\"@type\":\"PropertyValueSpecification\",\"valueRequired\":true,\"valueName\":\"search_term_string\"}}],\"inLanguage\":\"es\"},{\"@type\":\"Person\",\"@id\":\"https:\\\/\\\/www.manabi.gob.ec\\\/#\\\/schema\\\/person\\\/c4f117989332ad723a6ced5994aa7d7a\",\"name\":\"Lui Ochoa\",\"image\":{\"@type\":\"ImageObject\",\"inLanguage\":\"es\",\"@id\":\"https:\\\/\\\/secure.gravatar.com\\\/avatar\\\/6e8017d0fe69dead8a95864d2eb6e1e1d8bf8e01194ba49cf7b897ff038126ba?s=96&d=mm&r=g\",\"url\":\"https:\\\/\\\/secure.gravatar.com\\\/avatar\\\/6e8017d0fe69dead8a95864d2eb6e1e1d8bf8e01194ba49cf7b897ff038126ba?s=96&d=mm&r=g\",\"contentUrl\":\"https:\\\/\\\/secure.gravatar.com\\\/avatar\\\/6e8017d0fe69dead8a95864d2eb6e1e1d8bf8e01194ba49cf7b897ff038126ba?s=96&d=mm&r=g\",\"caption\":\"Lui Ochoa\"},\"url\":\"https:\\\/\\\/www.manabi.gob.ec\\\/index.php\\\/author\\\/lochoa\\\/\"}]}<\/script>\n<!-- \/ Yoast SEO plugin. -->","yoast_head_json":{"title":"\u00a1 EL 2022 ES EL A\u00d1O DE LA EXCELENCIA INSTITUCIONAL - Prefectura de Manab\u00ed","robots":{"index":"index","follow":"follow","max-snippet":"max-snippet:-1","max-image-preview":"max-image-preview:large","max-video-preview":"max-video-preview:-1"},"canonical":"https:\/\/www.manabi.gob.ec\/index.php\/el-2022-es-el-ano-de-la-excelencia-institucional\/","og_locale":"es_ES","og_type":"article","og_title":"\u00a1 EL 2022 ES EL A\u00d1O DE LA EXCELENCIA INSTITUCIONAL - Prefectura de Manab\u00ed","og_description":"Nuevamente la Prefectura, anuncia buenas noticias para Manab\u00ed. Este viernes 16 de diciembre, la empresa Certificadora Espa\u00f1ola AENOR, liderada por la auditora Ana Cristina Vega Minga, anunci\u00f3 que la Prefectura aprob\u00f3 la Fase II de la Auditor\u00eda de Certificaci\u00f3n de la implementaci\u00f3n del Sistema de Gesti\u00f3n Antisoborno bajo la Norma ISO 37001: 2016. De esta [&hellip;]","og_url":"https:\/\/www.manabi.gob.ec\/index.php\/el-2022-es-el-ano-de-la-excelencia-institucional\/","og_site_name":"Prefectura de Manab\u00ed","article_published_time":"2022-12-28T13:35:04+00:00","article_modified_time":"2022-12-28T13:35:08+00:00","og_image":[{"width":1600,"height":932,"url":"https:\/\/www.manabi.gob.ec\/wp-content\/uploads\/2022\/12\/WhatsApp-Image-2022-12-16-at-21.09.40.jpeg","type":"image\/jpeg"}],"author":"Lui Ochoa","twitter_card":"summary_large_image","twitter_misc":{"Escrito por":"Lui Ochoa","Tiempo de lectura":"1 minuto"},"schema":{"@context":"https:\/\/schema.org","@graph":[{"@type":"Article","@id":"https:\/\/www.manabi.gob.ec\/index.php\/el-2022-es-el-ano-de-la-excelencia-institucional\/#article","isPartOf":{"@id":"https:\/\/www.manabi.gob.ec\/index.php\/el-2022-es-el-ano-de-la-excelencia-institucional\/"},"author":{"name":"Lui Ochoa","@id":"https:\/\/www.manabi.gob.ec\/#\/schema\/person\/c4f117989332ad723a6ced5994aa7d7a"},"headline":"\u00a1 EL 2022 ES EL A\u00d1O DE LA EXCELENCIA INSTITUCIONAL","datePublished":"2022-12-28T13:35:04+00:00","dateModified":"2022-12-28T13:35:08+00:00","mainEntityOfPage":{"@id":"https:\/\/www.manabi.gob.ec\/index.php\/el-2022-es-el-ano-de-la-excelencia-institucional\/"},"wordCount":163,"image":{"@id":"https:\/\/www.manabi.gob.ec\/index.php\/el-2022-es-el-ano-de-la-excelencia-institucional\/#primaryimage"},"thumbnailUrl":"https:\/\/www.manabi.gob.ec\/wp-content\/uploads\/2022\/12\/WhatsApp-Image-2022-12-16-at-21.09.40.jpeg","articleSection":["Desarrollo Social","Noticias","Todas"],"inLanguage":"es"},{"@type":"WebPage","@id":"https:\/\/www.manabi.gob.ec\/index.php\/el-2022-es-el-ano-de-la-excelencia-institucional\/","url":"https:\/\/www.manabi.gob.ec\/index.php\/el-2022-es-el-ano-de-la-excelencia-institucional\/","name":"\u00a1 EL 2022 ES EL A\u00d1O DE LA EXCELENCIA INSTITUCIONAL - Prefectura de Manab\u00ed","isPartOf":{"@id":"https:\/\/www.manabi.gob.ec\/#website"},"primaryImageOfPage":{"@id":"https:\/\/www.manabi.gob.ec\/index.php\/el-2022-es-el-ano-de-la-excelencia-institucional\/#primaryimage"},"image":{"@id":"https:\/\/www.manabi.gob.ec\/index.php\/el-2022-es-el-ano-de-la-excelencia-institucional\/#primaryimage"},"thumbnailUrl":"https:\/\/www.manabi.gob.ec\/wp-content\/uploads\/2022\/12\/WhatsApp-Image-2022-12-16-at-21.09.40.jpeg","datePublished":"2022-12-28T13:35:04+00:00","dateModified":"2022-12-28T13:35:08+00:00","author":{"@id":"https:\/\/www.manabi.gob.ec\/#\/schema\/person\/c4f117989332ad723a6ced5994aa7d7a"},"breadcrumb":{"@id":"https:\/\/www.manabi.gob.ec\/index.php\/el-2022-es-el-ano-de-la-excelencia-institucional\/#breadcrumb"},"inLanguage":"es","potentialAction":[{"@type":"ReadAction","target":["https:\/\/www.manabi.gob.ec\/index.php\/el-2022-es-el-ano-de-la-excelencia-institucional\/"]}]},{"@type":"ImageObject","inLanguage":"es","@id":"https:\/\/www.manabi.gob.ec\/index.php\/el-2022-es-el-ano-de-la-excelencia-institucional\/#primaryimage","url":"https:\/\/www.manabi.gob.ec\/wp-content\/uploads\/2022\/12\/WhatsApp-Image-2022-12-16-at-21.09.40.jpeg","contentUrl":"https:\/\/www.manabi.gob.ec\/wp-content\/uploads\/2022\/12\/WhatsApp-Image-2022-12-16-at-21.09.40.jpeg","width":1600,"height":932},{"@type":"BreadcrumbList","@id":"https:\/\/www.manabi.gob.ec\/index.php\/el-2022-es-el-ano-de-la-excelencia-institucional\/#breadcrumb","itemListElement":[{"@type":"ListItem","position":1,"name":"Portada","item":"https:\/\/www.manabi.gob.ec\/"},{"@type":"ListItem","position":2,"name":"\u00a1 EL 2022 ES EL A\u00d1O DE LA EXCELENCIA INSTITUCIONAL"}]},{"@type":"WebSite","@id":"https:\/\/www.manabi.gob.ec\/#website","url":"https:\/\/www.manabi.gob.ec\/","name":"Prefectura de Manab\u00ed","description":"P\u00e1gina web de la prefectura","potentialAction":[{"@type":"SearchAction","target":{"@type":"EntryPoint","urlTemplate":"https:\/\/www.manabi.gob.ec\/?s={search_term_string}"},"query-input":{"@type":"PropertyValueSpecification","valueRequired":true,"valueName":"search_term_string"}}],"inLanguage":"es"},{"@type":"Person","@id":"https:\/\/www.manabi.gob.ec\/#\/schema\/person\/c4f117989332ad723a6ced5994aa7d7a","name":"Lui Ochoa","image":{"@type":"ImageObject","inLanguage":"es","@id":"https:\/\/secure.gravatar.com\/avatar\/6e8017d0fe69dead8a95864d2eb6e1e1d8bf8e01194ba49cf7b897ff038126ba?s=96&d=mm&r=g","url":"https:\/\/secure.gravatar.com\/avatar\/6e8017d0fe69dead8a95864d2eb6e1e1d8bf8e01194ba49cf7b897ff038126ba?s=96&d=mm&r=g","contentUrl":"https:\/\/secure.gravatar.com\/avatar\/6e8017d0fe69dead8a95864d2eb6e1e1d8bf8e01194ba49cf7b897ff038126ba?s=96&d=mm&r=g","caption":"Lui Ochoa"},"url":"https:\/\/www.manabi.gob.ec\/index.php\/author\/lochoa\/"}]}},"jetpack_featured_media_url":"https:\/\/www.manabi.gob.ec\/wp-content\/uploads\/2022\/12\/WhatsApp-Image-2022-12-16-at-21.09.40.jpeg","_links":{"self":[{"href":"https:\/\/www.manabi.gob.ec\/index.php\/wp-json\/wp\/v2\/posts\/23163","targetHints":{"allow":["GET"]}}],"collection":[{"href":"https:\/\/www.manabi.gob.ec\/index.php\/wp-json\/wp\/v2\/posts"}],"about":[{"href":"https:\/\/www.manabi.gob.ec\/index.php\/wp-json\/wp\/v2\/types\/post"}],"author":[{"embeddable":true,"href":"https:\/\/www.manabi.gob.ec\/index.php\/wp-json\/wp\/v2\/users\/10"}],"replies":[{"embeddable":true,"href":"https:\/\/www.manabi.gob.ec\/index.php\/wp-json\/wp\/v2\/comments?post=23163"}],"version-history":[{"count":0,"href":"https:\/\/www.manabi.gob.ec\/index.php\/wp-json\/wp\/v2\/posts\/23163\/revisions"}],"wp:featuredmedia":[{"embeddable":true,"href":"https:\/\/www.manabi.gob.ec\/index.php\/wp-json\/wp\/v2\/media\/23164"}],"wp:attachment":[{"href":"https:\/\/www.manabi.gob.ec\/index.php\/wp-json\/wp\/v2\/media?parent=23163"}],"wp:term":[{"taxonomy":"category","embeddable":true,"href":"https:\/\/www.manabi.gob.ec\/index.php\/wp-json\/wp\/v2\/categories?post=23163"},{"taxonomy":"post_tag","embeddable":true,"href":"https:\/\/www.manabi.gob.ec\/index.php\/wp-json\/wp\/v2\/tags?post=23163"}],"curies":[{"name":"wp","href":"https:\/\/api.w.org\/{rel}","templated":true}]}}