{"id":23187,"date":"2022-12-28T14:10:37","date_gmt":"2022-12-28T14:10:37","guid":{"rendered":"https:\/\/www.manabi.gob.ec\/?p=23187"},"modified":"2022-12-28T14:10:41","modified_gmt":"2022-12-28T14:10:41","slug":"el-primer-sistema-de-agricultura-familiar-brinda-esperanza-a-los-agricultores-de-rio-bravo","status":"publish","type":"post","link":"https:\/\/www.manabi.gob.ec\/index.php\/el-primer-sistema-de-agricultura-familiar-brinda-esperanza-a-los-agricultores-de-rio-bravo\/","title":{"rendered":"\u00a1El primer sistema de agricultura familiar, brinda esperanza a los agricultores de R\u00edo Bravo!"},"content":{"rendered":"\n<p>El prefecto, Leonardo Orlando, socializ\u00f3 con agricultores y dirigentes de la comunidad R\u00edo Bravo del cant\u00f3n Montecristi, el nuevo sistema de riego para la agricultura familiar campesina, que ejecuta la Prefectura de Manab\u00ed, con una inversi\u00f3n de $147,461.90.<\/p>\n\n\n\n<p>Emiliano Espinal, dijo que gracias a Dios sus cultivos tendr\u00e1n el valor agregado que tanto han anhelado y as\u00ed \u201cnuestros agricultores lograr\u00e1n tener mejores d\u00edas, hemos venido batallando y gracias a la lucha y esfuerzo se realiz\u00f3 la firma de convenio de comercializaci\u00f3n con la Corporaci\u00f3n La Favorita y est\u00e1 semana realizaremos nuestra primera entrega de pimientos\u201d, expres\u00f3 Espinal.<\/p>\n\n\n\n<p>El sistema beneficiar\u00e1 a 35 familias, a trav\u00e9s de 35 tomas parcelarias que irrigar\u00e1n, al menos, 18 hect\u00e1reas. Est\u00e1 compuesto por un \u00e1rea de riego de 20 ha, obra de captaci\u00f3n de dos pozos, estaci\u00f3n de bombeo, bombas sumergibles, tuber\u00edas de distribuci\u00f3n con bombeo directo, l\u00edneas el\u00e9ctricas de alta y baja tensi\u00f3n, tomas parcelarias, simulaci\u00f3n EPANET.<\/p>\n\n\n\n<p>Gracias a estos proyectos de agricultura familiar, la comunidad de R\u00edo Bravo ha logrado tener una alianza estrat\u00e9gica con la corporaci\u00f3n La Favorita y as\u00ed lograr que sus productos sean entregados en las cadenas de supermercados. Un total de 1400 kilos de pimientos se entregar\u00e1n semanalmente.<\/p>\n\n\n\n<p>\u201cEs gratificante poder ser parte de este sue\u00f1o hecho realidad para los habitantes de estas comunidades, ya que podr\u00e1n llegar con su producto y lograr tener un precio justo y ser reconocidos por la calidad de sus productos\u201d, expres\u00f3 el prefecto, Leonardo Orlando.<\/p>\n","protected":false},"excerpt":{"rendered":"<p>El prefecto, Leonardo Orlando, socializ\u00f3 con agricultores y dirigentes de la comunidad R\u00edo Bravo del cant\u00f3n Montecristi, el nuevo sistema de riego para la agricultura familiar campesina, que ejecuta la Prefectura de Manab\u00ed, con una inversi\u00f3n de $147,461.90. Emiliano Espinal, dijo que gracias a Dios sus cultivos tendr\u00e1n el valor agregado que tanto han anhelado [&hellip;]<\/p>\n","protected":false},"author":10,"featured_media":23188,"comment_status":"closed","ping_status":"closed","sticky":false,"template":"","format":"standard","meta":{"_joinchat":[],"footnotes":""},"categories":[142,218,92,91,127],"tags":[],"class_list":["post-23187","post","type-post","status-publish","format-standard","has-post-thumbnail","hentry","category-desarrollo-social","category-manabi-produce","category-noticias-manabi","category-todas","category-vialidad"],"yoast_head":"<!-- This site is optimized with the Yoast SEO plugin v27.4 - https:\/\/yoast.com\/product\/yoast-seo-wordpress\/ -->\n<title>\u00a1El primer sistema de agricultura familiar, brinda esperanza a los agricultores de R\u00edo Bravo! - Prefectura de Manab\u00ed<\/title>\n<meta name=\"robots\" content=\"index, follow, max-snippet:-1, max-image-preview:large, max-video-preview:-1\" \/>\n<link rel=\"canonical\" href=\"https:\/\/www.manabi.gob.ec\/index.php\/el-primer-sistema-de-agricultura-familiar-brinda-esperanza-a-los-agricultores-de-rio-bravo\/\" \/>\n<meta property=\"og:locale\" content=\"es_ES\" \/>\n<meta property=\"og:type\" content=\"article\" \/>\n<meta property=\"og:title\" content=\"\u00a1El primer sistema de agricultura familiar, brinda esperanza a los agricultores de R\u00edo Bravo! - Prefectura de Manab\u00ed\" \/>\n<meta property=\"og:description\" content=\"El prefecto, Leonardo Orlando, socializ\u00f3 con agricultores y dirigentes de la comunidad R\u00edo Bravo del cant\u00f3n Montecristi, el nuevo sistema de riego para la agricultura familiar campesina, que ejecuta la Prefectura de Manab\u00ed, con una inversi\u00f3n de $147,461.90. Emiliano Espinal, dijo que gracias a Dios sus cultivos tendr\u00e1n el valor agregado que tanto han anhelado [&hellip;]\" \/>\n<meta property=\"og:url\" content=\"https:\/\/www.manabi.gob.ec\/index.php\/el-primer-sistema-de-agricultura-familiar-brinda-esperanza-a-los-agricultores-de-rio-bravo\/\" \/>\n<meta property=\"og:site_name\" content=\"Prefectura de Manab\u00ed\" \/>\n<meta property=\"article:published_time\" content=\"2022-12-28T14:10:37+00:00\" \/>\n<meta property=\"article:modified_time\" content=\"2022-12-28T14:10:41+00:00\" \/>\n<meta property=\"og:image\" content=\"https:\/\/www.manabi.gob.ec\/wp-content\/uploads\/2022\/12\/WhatsApp-Image-2022-12-21-at-07.52.52-1.jpeg\" \/>\n\t<meta property=\"og:image:width\" content=\"1024\" \/>\n\t<meta property=\"og:image:height\" content=\"684\" \/>\n\t<meta property=\"og:image:type\" content=\"image\/jpeg\" \/>\n<meta name=\"author\" content=\"Lui Ochoa\" \/>\n<meta name=\"twitter:card\" content=\"summary_large_image\" \/>\n<meta name=\"twitter:label1\" content=\"Escrito por\" \/>\n\t<meta name=\"twitter:data1\" content=\"Lui Ochoa\" \/>\n\t<meta name=\"twitter:label2\" content=\"Tiempo de lectura\" \/>\n\t<meta name=\"twitter:data2\" content=\"2 minutos\" \/>\n<script type=\"application\/ld+json\" class=\"yoast-schema-graph\">{\"@context\":\"https:\\\/\\\/schema.org\",\"@graph\":[{\"@type\":\"Article\",\"@id\":\"https:\\\/\\\/www.manabi.gob.ec\\\/index.php\\\/el-primer-sistema-de-agricultura-familiar-brinda-esperanza-a-los-agricultores-de-rio-bravo\\\/#article\",\"isPartOf\":{\"@id\":\"https:\\\/\\\/www.manabi.gob.ec\\\/index.php\\\/el-primer-sistema-de-agricultura-familiar-brinda-esperanza-a-los-agricultores-de-rio-bravo\\\/\"},\"author\":{\"name\":\"Lui Ochoa\",\"@id\":\"https:\\\/\\\/www.manabi.gob.ec\\\/#\\\/schema\\\/person\\\/c4f117989332ad723a6ced5994aa7d7a\"},\"headline\":\"\u00a1El primer sistema de agricultura familiar, brinda esperanza a los agricultores de R\u00edo Bravo!\",\"datePublished\":\"2022-12-28T14:10:37+00:00\",\"dateModified\":\"2022-12-28T14:10:41+00:00\",\"mainEntityOfPage\":{\"@id\":\"https:\\\/\\\/www.manabi.gob.ec\\\/index.php\\\/el-primer-sistema-de-agricultura-familiar-brinda-esperanza-a-los-agricultores-de-rio-bravo\\\/\"},\"wordCount\":276,\"image\":{\"@id\":\"https:\\\/\\\/www.manabi.gob.ec\\\/index.php\\\/el-primer-sistema-de-agricultura-familiar-brinda-esperanza-a-los-agricultores-de-rio-bravo\\\/#primaryimage\"},\"thumbnailUrl\":\"https:\\\/\\\/www.manabi.gob.ec\\\/wp-content\\\/uploads\\\/2022\\\/12\\\/WhatsApp-Image-2022-12-21-at-07.52.52-1.jpeg\",\"articleSection\":[\"Desarrollo Social\",\"Manab\u00ed Produce\",\"Noticias\",\"Todas\",\"Vialidad\"],\"inLanguage\":\"es\"},{\"@type\":\"WebPage\",\"@id\":\"https:\\\/\\\/www.manabi.gob.ec\\\/index.php\\\/el-primer-sistema-de-agricultura-familiar-brinda-esperanza-a-los-agricultores-de-rio-bravo\\\/\",\"url\":\"https:\\\/\\\/www.manabi.gob.ec\\\/index.php\\\/el-primer-sistema-de-agricultura-familiar-brinda-esperanza-a-los-agricultores-de-rio-bravo\\\/\",\"name\":\"\u00a1El primer sistema de agricultura familiar, brinda esperanza a los agricultores de R\u00edo Bravo! - Prefectura de Manab\u00ed\",\"isPartOf\":{\"@id\":\"https:\\\/\\\/www.manabi.gob.ec\\\/#website\"},\"primaryImageOfPage\":{\"@id\":\"https:\\\/\\\/www.manabi.gob.ec\\\/index.php\\\/el-primer-sistema-de-agricultura-familiar-brinda-esperanza-a-los-agricultores-de-rio-bravo\\\/#primaryimage\"},\"image\":{\"@id\":\"https:\\\/\\\/www.manabi.gob.ec\\\/index.php\\\/el-primer-sistema-de-agricultura-familiar-brinda-esperanza-a-los-agricultores-de-rio-bravo\\\/#primaryimage\"},\"thumbnailUrl\":\"https:\\\/\\\/www.manabi.gob.ec\\\/wp-content\\\/uploads\\\/2022\\\/12\\\/WhatsApp-Image-2022-12-21-at-07.52.52-1.jpeg\",\"datePublished\":\"2022-12-28T14:10:37+00:00\",\"dateModified\":\"2022-12-28T14:10:41+00:00\",\"author\":{\"@id\":\"https:\\\/\\\/www.manabi.gob.ec\\\/#\\\/schema\\\/person\\\/c4f117989332ad723a6ced5994aa7d7a\"},\"breadcrumb\":{\"@id\":\"https:\\\/\\\/www.manabi.gob.ec\\\/index.php\\\/el-primer-sistema-de-agricultura-familiar-brinda-esperanza-a-los-agricultores-de-rio-bravo\\\/#breadcrumb\"},\"inLanguage\":\"es\",\"potentialAction\":[{\"@type\":\"ReadAction\",\"target\":[\"https:\\\/\\\/www.manabi.gob.ec\\\/index.php\\\/el-primer-sistema-de-agricultura-familiar-brinda-esperanza-a-los-agricultores-de-rio-bravo\\\/\"]}]},{\"@type\":\"ImageObject\",\"inLanguage\":\"es\",\"@id\":\"https:\\\/\\\/www.manabi.gob.ec\\\/index.php\\\/el-primer-sistema-de-agricultura-familiar-brinda-esperanza-a-los-agricultores-de-rio-bravo\\\/#primaryimage\",\"url\":\"https:\\\/\\\/www.manabi.gob.ec\\\/wp-content\\\/uploads\\\/2022\\\/12\\\/WhatsApp-Image-2022-12-21-at-07.52.52-1.jpeg\",\"contentUrl\":\"https:\\\/\\\/www.manabi.gob.ec\\\/wp-content\\\/uploads\\\/2022\\\/12\\\/WhatsApp-Image-2022-12-21-at-07.52.52-1.jpeg\",\"width\":1024,\"height\":684},{\"@type\":\"BreadcrumbList\",\"@id\":\"https:\\\/\\\/www.manabi.gob.ec\\\/index.php\\\/el-primer-sistema-de-agricultura-familiar-brinda-esperanza-a-los-agricultores-de-rio-bravo\\\/#breadcrumb\",\"itemListElement\":[{\"@type\":\"ListItem\",\"position\":1,\"name\":\"Portada\",\"item\":\"https:\\\/\\\/www.manabi.gob.ec\\\/\"},{\"@type\":\"ListItem\",\"position\":2,\"name\":\"\u00a1El primer sistema de agricultura familiar, brinda esperanza a los agricultores de R\u00edo Bravo!\"}]},{\"@type\":\"WebSite\",\"@id\":\"https:\\\/\\\/www.manabi.gob.ec\\\/#website\",\"url\":\"https:\\\/\\\/www.manabi.gob.ec\\\/\",\"name\":\"Prefectura de Manab\u00ed\",\"description\":\"P\u00e1gina web de la prefectura\",\"potentialAction\":[{\"@type\":\"SearchAction\",\"target\":{\"@type\":\"EntryPoint\",\"urlTemplate\":\"https:\\\/\\\/www.manabi.gob.ec\\\/?s={search_term_string}\"},\"query-input\":{\"@type\":\"PropertyValueSpecification\",\"valueRequired\":true,\"valueName\":\"search_term_string\"}}],\"inLanguage\":\"es\"},{\"@type\":\"Person\",\"@id\":\"https:\\\/\\\/www.manabi.gob.ec\\\/#\\\/schema\\\/person\\\/c4f117989332ad723a6ced5994aa7d7a\",\"name\":\"Lui Ochoa\",\"image\":{\"@type\":\"ImageObject\",\"inLanguage\":\"es\",\"@id\":\"https:\\\/\\\/secure.gravatar.com\\\/avatar\\\/6e8017d0fe69dead8a95864d2eb6e1e1d8bf8e01194ba49cf7b897ff038126ba?s=96&d=mm&r=g\",\"url\":\"https:\\\/\\\/secure.gravatar.com\\\/avatar\\\/6e8017d0fe69dead8a95864d2eb6e1e1d8bf8e01194ba49cf7b897ff038126ba?s=96&d=mm&r=g\",\"contentUrl\":\"https:\\\/\\\/secure.gravatar.com\\\/avatar\\\/6e8017d0fe69dead8a95864d2eb6e1e1d8bf8e01194ba49cf7b897ff038126ba?s=96&d=mm&r=g\",\"caption\":\"Lui Ochoa\"},\"url\":\"https:\\\/\\\/www.manabi.gob.ec\\\/index.php\\\/author\\\/lochoa\\\/\"}]}<\/script>\n<!-- \/ Yoast SEO plugin. -->","yoast_head_json":{"title":"\u00a1El primer sistema de agricultura familiar, brinda esperanza a los agricultores de R\u00edo Bravo! - Prefectura de Manab\u00ed","robots":{"index":"index","follow":"follow","max-snippet":"max-snippet:-1","max-image-preview":"max-image-preview:large","max-video-preview":"max-video-preview:-1"},"canonical":"https:\/\/www.manabi.gob.ec\/index.php\/el-primer-sistema-de-agricultura-familiar-brinda-esperanza-a-los-agricultores-de-rio-bravo\/","og_locale":"es_ES","og_type":"article","og_title":"\u00a1El primer sistema de agricultura familiar, brinda esperanza a los agricultores de R\u00edo Bravo! - Prefectura de Manab\u00ed","og_description":"El prefecto, Leonardo Orlando, socializ\u00f3 con agricultores y dirigentes de la comunidad R\u00edo Bravo del cant\u00f3n Montecristi, el nuevo sistema de riego para la agricultura familiar campesina, que ejecuta la Prefectura de Manab\u00ed, con una inversi\u00f3n de $147,461.90. Emiliano Espinal, dijo que gracias a Dios sus cultivos tendr\u00e1n el valor agregado que tanto han anhelado [&hellip;]","og_url":"https:\/\/www.manabi.gob.ec\/index.php\/el-primer-sistema-de-agricultura-familiar-brinda-esperanza-a-los-agricultores-de-rio-bravo\/","og_site_name":"Prefectura de Manab\u00ed","article_published_time":"2022-12-28T14:10:37+00:00","article_modified_time":"2022-12-28T14:10:41+00:00","og_image":[{"width":1024,"height":684,"url":"https:\/\/www.manabi.gob.ec\/wp-content\/uploads\/2022\/12\/WhatsApp-Image-2022-12-21-at-07.52.52-1.jpeg","type":"image\/jpeg"}],"author":"Lui Ochoa","twitter_card":"summary_large_image","twitter_misc":{"Escrito por":"Lui Ochoa","Tiempo de lectura":"2 minutos"},"schema":{"@context":"https:\/\/schema.org","@graph":[{"@type":"Article","@id":"https:\/\/www.manabi.gob.ec\/index.php\/el-primer-sistema-de-agricultura-familiar-brinda-esperanza-a-los-agricultores-de-rio-bravo\/#article","isPartOf":{"@id":"https:\/\/www.manabi.gob.ec\/index.php\/el-primer-sistema-de-agricultura-familiar-brinda-esperanza-a-los-agricultores-de-rio-bravo\/"},"author":{"name":"Lui Ochoa","@id":"https:\/\/www.manabi.gob.ec\/#\/schema\/person\/c4f117989332ad723a6ced5994aa7d7a"},"headline":"\u00a1El primer sistema de agricultura familiar, brinda esperanza a los agricultores de R\u00edo Bravo!","datePublished":"2022-12-28T14:10:37+00:00","dateModified":"2022-12-28T14:10:41+00:00","mainEntityOfPage":{"@id":"https:\/\/www.manabi.gob.ec\/index.php\/el-primer-sistema-de-agricultura-familiar-brinda-esperanza-a-los-agricultores-de-rio-bravo\/"},"wordCount":276,"image":{"@id":"https:\/\/www.manabi.gob.ec\/index.php\/el-primer-sistema-de-agricultura-familiar-brinda-esperanza-a-los-agricultores-de-rio-bravo\/#primaryimage"},"thumbnailUrl":"https:\/\/www.manabi.gob.ec\/wp-content\/uploads\/2022\/12\/WhatsApp-Image-2022-12-21-at-07.52.52-1.jpeg","articleSection":["Desarrollo Social","Manab\u00ed Produce","Noticias","Todas","Vialidad"],"inLanguage":"es"},{"@type":"WebPage","@id":"https:\/\/www.manabi.gob.ec\/index.php\/el-primer-sistema-de-agricultura-familiar-brinda-esperanza-a-los-agricultores-de-rio-bravo\/","url":"https:\/\/www.manabi.gob.ec\/index.php\/el-primer-sistema-de-agricultura-familiar-brinda-esperanza-a-los-agricultores-de-rio-bravo\/","name":"\u00a1El primer sistema de agricultura familiar, brinda esperanza a los agricultores de R\u00edo Bravo! - Prefectura de Manab\u00ed","isPartOf":{"@id":"https:\/\/www.manabi.gob.ec\/#website"},"primaryImageOfPage":{"@id":"https:\/\/www.manabi.gob.ec\/index.php\/el-primer-sistema-de-agricultura-familiar-brinda-esperanza-a-los-agricultores-de-rio-bravo\/#primaryimage"},"image":{"@id":"https:\/\/www.manabi.gob.ec\/index.php\/el-primer-sistema-de-agricultura-familiar-brinda-esperanza-a-los-agricultores-de-rio-bravo\/#primaryimage"},"thumbnailUrl":"https:\/\/www.manabi.gob.ec\/wp-content\/uploads\/2022\/12\/WhatsApp-Image-2022-12-21-at-07.52.52-1.jpeg","datePublished":"2022-12-28T14:10:37+00:00","dateModified":"2022-12-28T14:10:41+00:00","author":{"@id":"https:\/\/www.manabi.gob.ec\/#\/schema\/person\/c4f117989332ad723a6ced5994aa7d7a"},"breadcrumb":{"@id":"https:\/\/www.manabi.gob.ec\/index.php\/el-primer-sistema-de-agricultura-familiar-brinda-esperanza-a-los-agricultores-de-rio-bravo\/#breadcrumb"},"inLanguage":"es","potentialAction":[{"@type":"ReadAction","target":["https:\/\/www.manabi.gob.ec\/index.php\/el-primer-sistema-de-agricultura-familiar-brinda-esperanza-a-los-agricultores-de-rio-bravo\/"]}]},{"@type":"ImageObject","inLanguage":"es","@id":"https:\/\/www.manabi.gob.ec\/index.php\/el-primer-sistema-de-agricultura-familiar-brinda-esperanza-a-los-agricultores-de-rio-bravo\/#primaryimage","url":"https:\/\/www.manabi.gob.ec\/wp-content\/uploads\/2022\/12\/WhatsApp-Image-2022-12-21-at-07.52.52-1.jpeg","contentUrl":"https:\/\/www.manabi.gob.ec\/wp-content\/uploads\/2022\/12\/WhatsApp-Image-2022-12-21-at-07.52.52-1.jpeg","width":1024,"height":684},{"@type":"BreadcrumbList","@id":"https:\/\/www.manabi.gob.ec\/index.php\/el-primer-sistema-de-agricultura-familiar-brinda-esperanza-a-los-agricultores-de-rio-bravo\/#breadcrumb","itemListElement":[{"@type":"ListItem","position":1,"name":"Portada","item":"https:\/\/www.manabi.gob.ec\/"},{"@type":"ListItem","position":2,"name":"\u00a1El primer sistema de agricultura familiar, brinda esperanza a los agricultores de R\u00edo Bravo!"}]},{"@type":"WebSite","@id":"https:\/\/www.manabi.gob.ec\/#website","url":"https:\/\/www.manabi.gob.ec\/","name":"Prefectura de Manab\u00ed","description":"P\u00e1gina web de la prefectura","potentialAction":[{"@type":"SearchAction","target":{"@type":"EntryPoint","urlTemplate":"https:\/\/www.manabi.gob.ec\/?s={search_term_string}"},"query-input":{"@type":"PropertyValueSpecification","valueRequired":true,"valueName":"search_term_string"}}],"inLanguage":"es"},{"@type":"Person","@id":"https:\/\/www.manabi.gob.ec\/#\/schema\/person\/c4f117989332ad723a6ced5994aa7d7a","name":"Lui Ochoa","image":{"@type":"ImageObject","inLanguage":"es","@id":"https:\/\/secure.gravatar.com\/avatar\/6e8017d0fe69dead8a95864d2eb6e1e1d8bf8e01194ba49cf7b897ff038126ba?s=96&d=mm&r=g","url":"https:\/\/secure.gravatar.com\/avatar\/6e8017d0fe69dead8a95864d2eb6e1e1d8bf8e01194ba49cf7b897ff038126ba?s=96&d=mm&r=g","contentUrl":"https:\/\/secure.gravatar.com\/avatar\/6e8017d0fe69dead8a95864d2eb6e1e1d8bf8e01194ba49cf7b897ff038126ba?s=96&d=mm&r=g","caption":"Lui Ochoa"},"url":"https:\/\/www.manabi.gob.ec\/index.php\/author\/lochoa\/"}]}},"jetpack_featured_media_url":"https:\/\/www.manabi.gob.ec\/wp-content\/uploads\/2022\/12\/WhatsApp-Image-2022-12-21-at-07.52.52-1.jpeg","_links":{"self":[{"href":"https:\/\/www.manabi.gob.ec\/index.php\/wp-json\/wp\/v2\/posts\/23187","targetHints":{"allow":["GET"]}}],"collection":[{"href":"https:\/\/www.manabi.gob.ec\/index.php\/wp-json\/wp\/v2\/posts"}],"about":[{"href":"https:\/\/www.manabi.gob.ec\/index.php\/wp-json\/wp\/v2\/types\/post"}],"author":[{"embeddable":true,"href":"https:\/\/www.manabi.gob.ec\/index.php\/wp-json\/wp\/v2\/users\/10"}],"replies":[{"embeddable":true,"href":"https:\/\/www.manabi.gob.ec\/index.php\/wp-json\/wp\/v2\/comments?post=23187"}],"version-history":[{"count":0,"href":"https:\/\/www.manabi.gob.ec\/index.php\/wp-json\/wp\/v2\/posts\/23187\/revisions"}],"wp:featuredmedia":[{"embeddable":true,"href":"https:\/\/www.manabi.gob.ec\/index.php\/wp-json\/wp\/v2\/media\/23188"}],"wp:attachment":[{"href":"https:\/\/www.manabi.gob.ec\/index.php\/wp-json\/wp\/v2\/media?parent=23187"}],"wp:term":[{"taxonomy":"category","embeddable":true,"href":"https:\/\/www.manabi.gob.ec\/index.php\/wp-json\/wp\/v2\/categories?post=23187"},{"taxonomy":"post_tag","embeddable":true,"href":"https:\/\/www.manabi.gob.ec\/index.php\/wp-json\/wp\/v2\/tags?post=23187"}],"curies":[{"name":"wp","href":"https:\/\/api.w.org\/{rel}","templated":true}]}}