{"id":23251,"date":"2023-01-05T20:24:46","date_gmt":"2023-01-05T20:24:46","guid":{"rendered":"https:\/\/www.manabi.gob.ec\/?p=23251"},"modified":"2023-01-05T20:24:49","modified_gmt":"2023-01-05T20:24:49","slug":"prefectura-trabaja-en-prevencion-con-campana-de-papanicolaou-a-servidoras-publicas","status":"publish","type":"post","link":"https:\/\/www.manabi.gob.ec\/index.php\/prefectura-trabaja-en-prevencion-con-campana-de-papanicolaou-a-servidoras-publicas\/","title":{"rendered":"Prefectura trabaja en prevenci\u00f3n con campa\u00f1a de Papanicolaou\u00a0a servidoras p\u00fablicas"},"content":{"rendered":"\n<p>Este mi\u00e9rcoles&nbsp;04 de enero del 2023, se desarroll\u00f3 una jornada de ex\u00e1menes de Papanicolaou, organizada por la Prefectura de Manab\u00ed con el equipo de prevenci\u00f3n de SOLCA.<\/p>\n\n\n\n<p>Con este objetivo, la cl\u00ednica m\u00f3vil de la Sociedad de Lucha Contra el C\u00e1ncer se ubic\u00f3 en los exteriores del patio de m\u00e1quinas de la instituci\u00f3n, en donde aproximadamente 50 servidoras p\u00fablicas recibieron una charla, previo al examen que se realiz\u00f3 de manera gratuita.<\/p>\n\n\n\n<p>Gustavo Vicu\u00f1a, educador para la salud del hospital Oncol\u00f3gico de SOLCA Portoviejo, indic\u00f3 que los resultados ser\u00e1n entregados en un mes. \u201cY si hay alguna se\u00f1ora que se le detecta una lesi\u00f3n (servicouterino) recibir\u00e1 un turno para ser atendida en Solca por un especialista, una ginec\u00f3loga-onc\u00f3loga, y le van a hacer una colposcopia y una biopsia para determinar si se trata o no de c\u00e1ncer.<\/p>\n\n\n\n<p>Esta es una de las acciones contempladas en el convenio de cooperaci\u00f3n interinstitucional para la lucha contra el c\u00e1ncer, que suscribi\u00f3 la Prefectura de Manab\u00ed con SOLCA, el a\u00f1o pasado.<\/p>\n","protected":false},"excerpt":{"rendered":"<p>Este mi\u00e9rcoles&nbsp;04 de enero del 2023, se desarroll\u00f3 una jornada de ex\u00e1menes de Papanicolaou, organizada por la Prefectura de Manab\u00ed con el equipo de prevenci\u00f3n de SOLCA. Con este objetivo, la cl\u00ednica m\u00f3vil de la Sociedad de Lucha Contra el C\u00e1ncer se ubic\u00f3 en los exteriores del patio de m\u00e1quinas de la instituci\u00f3n, en donde [&hellip;]<\/p>\n","protected":false},"author":10,"featured_media":23252,"comment_status":"closed","ping_status":"closed","sticky":false,"template":"","format":"standard","meta":{"_joinchat":[],"footnotes":""},"categories":[142,92,91],"tags":[],"class_list":["post-23251","post","type-post","status-publish","format-standard","has-post-thumbnail","hentry","category-desarrollo-social","category-noticias-manabi","category-todas"],"yoast_head":"<!-- This site is optimized with the Yoast SEO plugin v27.4 - https:\/\/yoast.com\/product\/yoast-seo-wordpress\/ -->\n<title>Prefectura trabaja en prevenci\u00f3n con campa\u00f1a de Papanicolaou\u00a0a servidoras p\u00fablicas - Prefectura de Manab\u00ed<\/title>\n<meta name=\"robots\" content=\"index, follow, max-snippet:-1, max-image-preview:large, max-video-preview:-1\" \/>\n<link rel=\"canonical\" href=\"https:\/\/www.manabi.gob.ec\/index.php\/prefectura-trabaja-en-prevencion-con-campana-de-papanicolaou-a-servidoras-publicas\/\" \/>\n<meta property=\"og:locale\" content=\"es_ES\" \/>\n<meta property=\"og:type\" content=\"article\" \/>\n<meta property=\"og:title\" content=\"Prefectura trabaja en prevenci\u00f3n con campa\u00f1a de Papanicolaou\u00a0a servidoras p\u00fablicas - Prefectura de Manab\u00ed\" \/>\n<meta property=\"og:description\" content=\"Este mi\u00e9rcoles&nbsp;04 de enero del 2023, se desarroll\u00f3 una jornada de ex\u00e1menes de Papanicolaou, organizada por la Prefectura de Manab\u00ed con el equipo de prevenci\u00f3n de SOLCA. Con este objetivo, la cl\u00ednica m\u00f3vil de la Sociedad de Lucha Contra el C\u00e1ncer se ubic\u00f3 en los exteriores del patio de m\u00e1quinas de la instituci\u00f3n, en donde [&hellip;]\" \/>\n<meta property=\"og:url\" content=\"https:\/\/www.manabi.gob.ec\/index.php\/prefectura-trabaja-en-prevencion-con-campana-de-papanicolaou-a-servidoras-publicas\/\" \/>\n<meta property=\"og:site_name\" content=\"Prefectura de Manab\u00ed\" \/>\n<meta property=\"article:published_time\" content=\"2023-01-05T20:24:46+00:00\" \/>\n<meta property=\"article:modified_time\" content=\"2023-01-05T20:24:49+00:00\" \/>\n<meta property=\"og:image\" content=\"https:\/\/www.manabi.gob.ec\/wp-content\/uploads\/2023\/01\/WhatsApp-Image-2023-01-04-at-13.31.17.jpeg\" \/>\n\t<meta property=\"og:image:width\" content=\"1600\" \/>\n\t<meta property=\"og:image:height\" content=\"1200\" \/>\n\t<meta property=\"og:image:type\" content=\"image\/jpeg\" \/>\n<meta name=\"author\" content=\"Lui Ochoa\" \/>\n<meta name=\"twitter:card\" content=\"summary_large_image\" \/>\n<meta name=\"twitter:label1\" content=\"Escrito por\" \/>\n\t<meta name=\"twitter:data1\" content=\"Lui Ochoa\" \/>\n\t<meta name=\"twitter:label2\" content=\"Tiempo de lectura\" \/>\n\t<meta name=\"twitter:data2\" content=\"1 minuto\" \/>\n<script type=\"application\/ld+json\" class=\"yoast-schema-graph\">{\"@context\":\"https:\\\/\\\/schema.org\",\"@graph\":[{\"@type\":\"Article\",\"@id\":\"https:\\\/\\\/www.manabi.gob.ec\\\/index.php\\\/prefectura-trabaja-en-prevencion-con-campana-de-papanicolaou-a-servidoras-publicas\\\/#article\",\"isPartOf\":{\"@id\":\"https:\\\/\\\/www.manabi.gob.ec\\\/index.php\\\/prefectura-trabaja-en-prevencion-con-campana-de-papanicolaou-a-servidoras-publicas\\\/\"},\"author\":{\"name\":\"Lui Ochoa\",\"@id\":\"https:\\\/\\\/www.manabi.gob.ec\\\/#\\\/schema\\\/person\\\/c4f117989332ad723a6ced5994aa7d7a\"},\"headline\":\"Prefectura trabaja en prevenci\u00f3n con campa\u00f1a de Papanicolaou\u00a0a servidoras p\u00fablicas\",\"datePublished\":\"2023-01-05T20:24:46+00:00\",\"dateModified\":\"2023-01-05T20:24:49+00:00\",\"mainEntityOfPage\":{\"@id\":\"https:\\\/\\\/www.manabi.gob.ec\\\/index.php\\\/prefectura-trabaja-en-prevencion-con-campana-de-papanicolaou-a-servidoras-publicas\\\/\"},\"wordCount\":199,\"image\":{\"@id\":\"https:\\\/\\\/www.manabi.gob.ec\\\/index.php\\\/prefectura-trabaja-en-prevencion-con-campana-de-papanicolaou-a-servidoras-publicas\\\/#primaryimage\"},\"thumbnailUrl\":\"https:\\\/\\\/www.manabi.gob.ec\\\/wp-content\\\/uploads\\\/2023\\\/01\\\/WhatsApp-Image-2023-01-04-at-13.31.17.jpeg\",\"articleSection\":[\"Desarrollo Social\",\"Noticias\",\"Todas\"],\"inLanguage\":\"es\"},{\"@type\":\"WebPage\",\"@id\":\"https:\\\/\\\/www.manabi.gob.ec\\\/index.php\\\/prefectura-trabaja-en-prevencion-con-campana-de-papanicolaou-a-servidoras-publicas\\\/\",\"url\":\"https:\\\/\\\/www.manabi.gob.ec\\\/index.php\\\/prefectura-trabaja-en-prevencion-con-campana-de-papanicolaou-a-servidoras-publicas\\\/\",\"name\":\"Prefectura trabaja en prevenci\u00f3n con campa\u00f1a de Papanicolaou\u00a0a servidoras p\u00fablicas - Prefectura de Manab\u00ed\",\"isPartOf\":{\"@id\":\"https:\\\/\\\/www.manabi.gob.ec\\\/#website\"},\"primaryImageOfPage\":{\"@id\":\"https:\\\/\\\/www.manabi.gob.ec\\\/index.php\\\/prefectura-trabaja-en-prevencion-con-campana-de-papanicolaou-a-servidoras-publicas\\\/#primaryimage\"},\"image\":{\"@id\":\"https:\\\/\\\/www.manabi.gob.ec\\\/index.php\\\/prefectura-trabaja-en-prevencion-con-campana-de-papanicolaou-a-servidoras-publicas\\\/#primaryimage\"},\"thumbnailUrl\":\"https:\\\/\\\/www.manabi.gob.ec\\\/wp-content\\\/uploads\\\/2023\\\/01\\\/WhatsApp-Image-2023-01-04-at-13.31.17.jpeg\",\"datePublished\":\"2023-01-05T20:24:46+00:00\",\"dateModified\":\"2023-01-05T20:24:49+00:00\",\"author\":{\"@id\":\"https:\\\/\\\/www.manabi.gob.ec\\\/#\\\/schema\\\/person\\\/c4f117989332ad723a6ced5994aa7d7a\"},\"breadcrumb\":{\"@id\":\"https:\\\/\\\/www.manabi.gob.ec\\\/index.php\\\/prefectura-trabaja-en-prevencion-con-campana-de-papanicolaou-a-servidoras-publicas\\\/#breadcrumb\"},\"inLanguage\":\"es\",\"potentialAction\":[{\"@type\":\"ReadAction\",\"target\":[\"https:\\\/\\\/www.manabi.gob.ec\\\/index.php\\\/prefectura-trabaja-en-prevencion-con-campana-de-papanicolaou-a-servidoras-publicas\\\/\"]}]},{\"@type\":\"ImageObject\",\"inLanguage\":\"es\",\"@id\":\"https:\\\/\\\/www.manabi.gob.ec\\\/index.php\\\/prefectura-trabaja-en-prevencion-con-campana-de-papanicolaou-a-servidoras-publicas\\\/#primaryimage\",\"url\":\"https:\\\/\\\/www.manabi.gob.ec\\\/wp-content\\\/uploads\\\/2023\\\/01\\\/WhatsApp-Image-2023-01-04-at-13.31.17.jpeg\",\"contentUrl\":\"https:\\\/\\\/www.manabi.gob.ec\\\/wp-content\\\/uploads\\\/2023\\\/01\\\/WhatsApp-Image-2023-01-04-at-13.31.17.jpeg\",\"width\":1600,\"height\":1200},{\"@type\":\"BreadcrumbList\",\"@id\":\"https:\\\/\\\/www.manabi.gob.ec\\\/index.php\\\/prefectura-trabaja-en-prevencion-con-campana-de-papanicolaou-a-servidoras-publicas\\\/#breadcrumb\",\"itemListElement\":[{\"@type\":\"ListItem\",\"position\":1,\"name\":\"Portada\",\"item\":\"https:\\\/\\\/www.manabi.gob.ec\\\/\"},{\"@type\":\"ListItem\",\"position\":2,\"name\":\"Prefectura trabaja en prevenci\u00f3n con campa\u00f1a de Papanicolaou\u00a0a servidoras p\u00fablicas\"}]},{\"@type\":\"WebSite\",\"@id\":\"https:\\\/\\\/www.manabi.gob.ec\\\/#website\",\"url\":\"https:\\\/\\\/www.manabi.gob.ec\\\/\",\"name\":\"Prefectura de Manab\u00ed\",\"description\":\"P\u00e1gina web de la prefectura\",\"potentialAction\":[{\"@type\":\"SearchAction\",\"target\":{\"@type\":\"EntryPoint\",\"urlTemplate\":\"https:\\\/\\\/www.manabi.gob.ec\\\/?s={search_term_string}\"},\"query-input\":{\"@type\":\"PropertyValueSpecification\",\"valueRequired\":true,\"valueName\":\"search_term_string\"}}],\"inLanguage\":\"es\"},{\"@type\":\"Person\",\"@id\":\"https:\\\/\\\/www.manabi.gob.ec\\\/#\\\/schema\\\/person\\\/c4f117989332ad723a6ced5994aa7d7a\",\"name\":\"Lui Ochoa\",\"image\":{\"@type\":\"ImageObject\",\"inLanguage\":\"es\",\"@id\":\"https:\\\/\\\/secure.gravatar.com\\\/avatar\\\/6e8017d0fe69dead8a95864d2eb6e1e1d8bf8e01194ba49cf7b897ff038126ba?s=96&d=mm&r=g\",\"url\":\"https:\\\/\\\/secure.gravatar.com\\\/avatar\\\/6e8017d0fe69dead8a95864d2eb6e1e1d8bf8e01194ba49cf7b897ff038126ba?s=96&d=mm&r=g\",\"contentUrl\":\"https:\\\/\\\/secure.gravatar.com\\\/avatar\\\/6e8017d0fe69dead8a95864d2eb6e1e1d8bf8e01194ba49cf7b897ff038126ba?s=96&d=mm&r=g\",\"caption\":\"Lui Ochoa\"},\"url\":\"https:\\\/\\\/www.manabi.gob.ec\\\/index.php\\\/author\\\/lochoa\\\/\"}]}<\/script>\n<!-- \/ Yoast SEO plugin. -->","yoast_head_json":{"title":"Prefectura trabaja en prevenci\u00f3n con campa\u00f1a de Papanicolaou\u00a0a servidoras p\u00fablicas - Prefectura de Manab\u00ed","robots":{"index":"index","follow":"follow","max-snippet":"max-snippet:-1","max-image-preview":"max-image-preview:large","max-video-preview":"max-video-preview:-1"},"canonical":"https:\/\/www.manabi.gob.ec\/index.php\/prefectura-trabaja-en-prevencion-con-campana-de-papanicolaou-a-servidoras-publicas\/","og_locale":"es_ES","og_type":"article","og_title":"Prefectura trabaja en prevenci\u00f3n con campa\u00f1a de Papanicolaou\u00a0a servidoras p\u00fablicas - Prefectura de Manab\u00ed","og_description":"Este mi\u00e9rcoles&nbsp;04 de enero del 2023, se desarroll\u00f3 una jornada de ex\u00e1menes de Papanicolaou, organizada por la Prefectura de Manab\u00ed con el equipo de prevenci\u00f3n de SOLCA. Con este objetivo, la cl\u00ednica m\u00f3vil de la Sociedad de Lucha Contra el C\u00e1ncer se ubic\u00f3 en los exteriores del patio de m\u00e1quinas de la instituci\u00f3n, en donde [&hellip;]","og_url":"https:\/\/www.manabi.gob.ec\/index.php\/prefectura-trabaja-en-prevencion-con-campana-de-papanicolaou-a-servidoras-publicas\/","og_site_name":"Prefectura de Manab\u00ed","article_published_time":"2023-01-05T20:24:46+00:00","article_modified_time":"2023-01-05T20:24:49+00:00","og_image":[{"width":1600,"height":1200,"url":"https:\/\/www.manabi.gob.ec\/wp-content\/uploads\/2023\/01\/WhatsApp-Image-2023-01-04-at-13.31.17.jpeg","type":"image\/jpeg"}],"author":"Lui Ochoa","twitter_card":"summary_large_image","twitter_misc":{"Escrito por":"Lui Ochoa","Tiempo de lectura":"1 minuto"},"schema":{"@context":"https:\/\/schema.org","@graph":[{"@type":"Article","@id":"https:\/\/www.manabi.gob.ec\/index.php\/prefectura-trabaja-en-prevencion-con-campana-de-papanicolaou-a-servidoras-publicas\/#article","isPartOf":{"@id":"https:\/\/www.manabi.gob.ec\/index.php\/prefectura-trabaja-en-prevencion-con-campana-de-papanicolaou-a-servidoras-publicas\/"},"author":{"name":"Lui Ochoa","@id":"https:\/\/www.manabi.gob.ec\/#\/schema\/person\/c4f117989332ad723a6ced5994aa7d7a"},"headline":"Prefectura trabaja en prevenci\u00f3n con campa\u00f1a de Papanicolaou\u00a0a servidoras p\u00fablicas","datePublished":"2023-01-05T20:24:46+00:00","dateModified":"2023-01-05T20:24:49+00:00","mainEntityOfPage":{"@id":"https:\/\/www.manabi.gob.ec\/index.php\/prefectura-trabaja-en-prevencion-con-campana-de-papanicolaou-a-servidoras-publicas\/"},"wordCount":199,"image":{"@id":"https:\/\/www.manabi.gob.ec\/index.php\/prefectura-trabaja-en-prevencion-con-campana-de-papanicolaou-a-servidoras-publicas\/#primaryimage"},"thumbnailUrl":"https:\/\/www.manabi.gob.ec\/wp-content\/uploads\/2023\/01\/WhatsApp-Image-2023-01-04-at-13.31.17.jpeg","articleSection":["Desarrollo Social","Noticias","Todas"],"inLanguage":"es"},{"@type":"WebPage","@id":"https:\/\/www.manabi.gob.ec\/index.php\/prefectura-trabaja-en-prevencion-con-campana-de-papanicolaou-a-servidoras-publicas\/","url":"https:\/\/www.manabi.gob.ec\/index.php\/prefectura-trabaja-en-prevencion-con-campana-de-papanicolaou-a-servidoras-publicas\/","name":"Prefectura trabaja en prevenci\u00f3n con campa\u00f1a de Papanicolaou\u00a0a servidoras p\u00fablicas - Prefectura de Manab\u00ed","isPartOf":{"@id":"https:\/\/www.manabi.gob.ec\/#website"},"primaryImageOfPage":{"@id":"https:\/\/www.manabi.gob.ec\/index.php\/prefectura-trabaja-en-prevencion-con-campana-de-papanicolaou-a-servidoras-publicas\/#primaryimage"},"image":{"@id":"https:\/\/www.manabi.gob.ec\/index.php\/prefectura-trabaja-en-prevencion-con-campana-de-papanicolaou-a-servidoras-publicas\/#primaryimage"},"thumbnailUrl":"https:\/\/www.manabi.gob.ec\/wp-content\/uploads\/2023\/01\/WhatsApp-Image-2023-01-04-at-13.31.17.jpeg","datePublished":"2023-01-05T20:24:46+00:00","dateModified":"2023-01-05T20:24:49+00:00","author":{"@id":"https:\/\/www.manabi.gob.ec\/#\/schema\/person\/c4f117989332ad723a6ced5994aa7d7a"},"breadcrumb":{"@id":"https:\/\/www.manabi.gob.ec\/index.php\/prefectura-trabaja-en-prevencion-con-campana-de-papanicolaou-a-servidoras-publicas\/#breadcrumb"},"inLanguage":"es","potentialAction":[{"@type":"ReadAction","target":["https:\/\/www.manabi.gob.ec\/index.php\/prefectura-trabaja-en-prevencion-con-campana-de-papanicolaou-a-servidoras-publicas\/"]}]},{"@type":"ImageObject","inLanguage":"es","@id":"https:\/\/www.manabi.gob.ec\/index.php\/prefectura-trabaja-en-prevencion-con-campana-de-papanicolaou-a-servidoras-publicas\/#primaryimage","url":"https:\/\/www.manabi.gob.ec\/wp-content\/uploads\/2023\/01\/WhatsApp-Image-2023-01-04-at-13.31.17.jpeg","contentUrl":"https:\/\/www.manabi.gob.ec\/wp-content\/uploads\/2023\/01\/WhatsApp-Image-2023-01-04-at-13.31.17.jpeg","width":1600,"height":1200},{"@type":"BreadcrumbList","@id":"https:\/\/www.manabi.gob.ec\/index.php\/prefectura-trabaja-en-prevencion-con-campana-de-papanicolaou-a-servidoras-publicas\/#breadcrumb","itemListElement":[{"@type":"ListItem","position":1,"name":"Portada","item":"https:\/\/www.manabi.gob.ec\/"},{"@type":"ListItem","position":2,"name":"Prefectura trabaja en prevenci\u00f3n con campa\u00f1a de Papanicolaou\u00a0a servidoras p\u00fablicas"}]},{"@type":"WebSite","@id":"https:\/\/www.manabi.gob.ec\/#website","url":"https:\/\/www.manabi.gob.ec\/","name":"Prefectura de Manab\u00ed","description":"P\u00e1gina web de la prefectura","potentialAction":[{"@type":"SearchAction","target":{"@type":"EntryPoint","urlTemplate":"https:\/\/www.manabi.gob.ec\/?s={search_term_string}"},"query-input":{"@type":"PropertyValueSpecification","valueRequired":true,"valueName":"search_term_string"}}],"inLanguage":"es"},{"@type":"Person","@id":"https:\/\/www.manabi.gob.ec\/#\/schema\/person\/c4f117989332ad723a6ced5994aa7d7a","name":"Lui Ochoa","image":{"@type":"ImageObject","inLanguage":"es","@id":"https:\/\/secure.gravatar.com\/avatar\/6e8017d0fe69dead8a95864d2eb6e1e1d8bf8e01194ba49cf7b897ff038126ba?s=96&d=mm&r=g","url":"https:\/\/secure.gravatar.com\/avatar\/6e8017d0fe69dead8a95864d2eb6e1e1d8bf8e01194ba49cf7b897ff038126ba?s=96&d=mm&r=g","contentUrl":"https:\/\/secure.gravatar.com\/avatar\/6e8017d0fe69dead8a95864d2eb6e1e1d8bf8e01194ba49cf7b897ff038126ba?s=96&d=mm&r=g","caption":"Lui Ochoa"},"url":"https:\/\/www.manabi.gob.ec\/index.php\/author\/lochoa\/"}]}},"jetpack_featured_media_url":"https:\/\/www.manabi.gob.ec\/wp-content\/uploads\/2023\/01\/WhatsApp-Image-2023-01-04-at-13.31.17.jpeg","_links":{"self":[{"href":"https:\/\/www.manabi.gob.ec\/index.php\/wp-json\/wp\/v2\/posts\/23251","targetHints":{"allow":["GET"]}}],"collection":[{"href":"https:\/\/www.manabi.gob.ec\/index.php\/wp-json\/wp\/v2\/posts"}],"about":[{"href":"https:\/\/www.manabi.gob.ec\/index.php\/wp-json\/wp\/v2\/types\/post"}],"author":[{"embeddable":true,"href":"https:\/\/www.manabi.gob.ec\/index.php\/wp-json\/wp\/v2\/users\/10"}],"replies":[{"embeddable":true,"href":"https:\/\/www.manabi.gob.ec\/index.php\/wp-json\/wp\/v2\/comments?post=23251"}],"version-history":[{"count":0,"href":"https:\/\/www.manabi.gob.ec\/index.php\/wp-json\/wp\/v2\/posts\/23251\/revisions"}],"wp:featuredmedia":[{"embeddable":true,"href":"https:\/\/www.manabi.gob.ec\/index.php\/wp-json\/wp\/v2\/media\/23252"}],"wp:attachment":[{"href":"https:\/\/www.manabi.gob.ec\/index.php\/wp-json\/wp\/v2\/media?parent=23251"}],"wp:term":[{"taxonomy":"category","embeddable":true,"href":"https:\/\/www.manabi.gob.ec\/index.php\/wp-json\/wp\/v2\/categories?post=23251"},{"taxonomy":"post_tag","embeddable":true,"href":"https:\/\/www.manabi.gob.ec\/index.php\/wp-json\/wp\/v2\/tags?post=23251"}],"curies":[{"name":"wp","href":"https:\/\/api.w.org\/{rel}","templated":true}]}}