{"id":23283,"date":"2023-01-10T20:03:13","date_gmt":"2023-01-10T20:03:13","guid":{"rendered":"https:\/\/www.manabi.gob.ec\/?p=23283"},"modified":"2023-01-10T20:03:17","modified_gmt":"2023-01-10T20:03:17","slug":"fortalecemos-y-apoyamos-a-los-sectores-productivos-de-manabi","status":"publish","type":"post","link":"https:\/\/www.manabi.gob.ec\/index.php\/fortalecemos-y-apoyamos-a-los-sectores-productivos-de-manabi\/","title":{"rendered":"FORTALECEMOS Y APOYAMOS A LOS SECTORES PRODUCTIVOS DE MANAB\u00cd."},"content":{"rendered":"\n<p>La Prefectura de Manab\u00ed, a trav\u00e9s de la Direcci\u00f3n de Fomento Productivo y de la Empresa P\u00fablica Manab\u00ed Produce, lleva adelante el proyecto denominado \u201cImplementaci\u00f3n de granjas agropecuarias en la Provincia de Manab\u00ed\u201d.<\/p>\n\n\n\n<p>Mediante el mismo se ha realizado la entrega de 4.025 pollitos mejorados gen\u00e9ticamente, insumos y productos a 160 familias de 8 asociaciones de los cantones Pedernales, Jama y San Vicente.<\/p>\n\n\n\n<p>El proyecto busca beneficiar a personas m\u00e1s vulnerables, dependientes de fuentes de trabajo informal asentadas en diferentes zonas, logrando fomentar h\u00e1bitos de consumo m\u00e1s saludables, tener una peque\u00f1a reserva alimenticia a corto y mediano plazo en caso de existir desabastecimiento, adem\u00e1s de influir en la satisfacci\u00f3n emocional al mantener una actividad productiva durante los tiempos que dure la pandemia.<\/p>\n\n\n\n<p>\u201cNuestro compromiso es fortalecer y apoyar a los sectores productivos de Manab\u00ed, entregando las herramientas y asesor\u00eda t\u00e9cnica para fortalecer la producci\u00f3n, con justicia y equidad\u201d, expres\u00f3 Jaime Zavala, gerente de la Empresa P\u00fablica Manab\u00ed Produce.<\/p>\n","protected":false},"excerpt":{"rendered":"<p>La Prefectura de Manab\u00ed, a trav\u00e9s de la Direcci\u00f3n de Fomento Productivo y de la Empresa P\u00fablica Manab\u00ed Produce, lleva adelante el proyecto denominado \u201cImplementaci\u00f3n de granjas agropecuarias en la Provincia de Manab\u00ed\u201d. Mediante el mismo se ha realizado la entrega de 4.025 pollitos mejorados gen\u00e9ticamente, insumos y productos a 160 familias de 8 asociaciones [&hellip;]<\/p>\n","protected":false},"author":10,"featured_media":23285,"comment_status":"closed","ping_status":"closed","sticky":false,"template":"","format":"standard","meta":{"_joinchat":[],"footnotes":""},"categories":[142,92,140,91],"tags":[],"class_list":["post-23283","post","type-post","status-publish","format-standard","has-post-thumbnail","hentry","category-desarrollo-social","category-noticias-manabi","category-produccion","category-todas"],"yoast_head":"<!-- This site is optimized with the Yoast SEO plugin v27.4 - https:\/\/yoast.com\/product\/yoast-seo-wordpress\/ -->\n<title>FORTALECEMOS Y APOYAMOS A LOS SECTORES PRODUCTIVOS DE MANAB\u00cd. - Prefectura de Manab\u00ed<\/title>\n<meta name=\"robots\" content=\"index, follow, max-snippet:-1, max-image-preview:large, max-video-preview:-1\" \/>\n<link rel=\"canonical\" href=\"https:\/\/www.manabi.gob.ec\/index.php\/fortalecemos-y-apoyamos-a-los-sectores-productivos-de-manabi\/\" \/>\n<meta property=\"og:locale\" content=\"es_ES\" \/>\n<meta property=\"og:type\" content=\"article\" \/>\n<meta property=\"og:title\" content=\"FORTALECEMOS Y APOYAMOS A LOS SECTORES PRODUCTIVOS DE MANAB\u00cd. - Prefectura de Manab\u00ed\" \/>\n<meta property=\"og:description\" content=\"La Prefectura de Manab\u00ed, a trav\u00e9s de la Direcci\u00f3n de Fomento Productivo y de la Empresa P\u00fablica Manab\u00ed Produce, lleva adelante el proyecto denominado \u201cImplementaci\u00f3n de granjas agropecuarias en la Provincia de Manab\u00ed\u201d. Mediante el mismo se ha realizado la entrega de 4.025 pollitos mejorados gen\u00e9ticamente, insumos y productos a 160 familias de 8 asociaciones [&hellip;]\" \/>\n<meta property=\"og:url\" content=\"https:\/\/www.manabi.gob.ec\/index.php\/fortalecemos-y-apoyamos-a-los-sectores-productivos-de-manabi\/\" \/>\n<meta property=\"og:site_name\" content=\"Prefectura de Manab\u00ed\" \/>\n<meta property=\"article:published_time\" content=\"2023-01-10T20:03:13+00:00\" \/>\n<meta property=\"article:modified_time\" content=\"2023-01-10T20:03:17+00:00\" \/>\n<meta property=\"og:image\" content=\"https:\/\/www.manabi.gob.ec\/wp-content\/uploads\/2023\/01\/WhatsApp-Image-2023-01-10-at-14.47.26.jpeg\" \/>\n\t<meta property=\"og:image:width\" content=\"1280\" \/>\n\t<meta property=\"og:image:height\" content=\"720\" \/>\n\t<meta property=\"og:image:type\" content=\"image\/jpeg\" \/>\n<meta name=\"author\" content=\"Lui Ochoa\" \/>\n<meta name=\"twitter:card\" content=\"summary_large_image\" \/>\n<meta name=\"twitter:label1\" content=\"Escrito por\" \/>\n\t<meta name=\"twitter:data1\" content=\"Lui Ochoa\" \/>\n\t<meta name=\"twitter:label2\" content=\"Tiempo de lectura\" \/>\n\t<meta name=\"twitter:data2\" content=\"1 minuto\" \/>\n<script type=\"application\/ld+json\" class=\"yoast-schema-graph\">{\"@context\":\"https:\\\/\\\/schema.org\",\"@graph\":[{\"@type\":\"Article\",\"@id\":\"https:\\\/\\\/www.manabi.gob.ec\\\/index.php\\\/fortalecemos-y-apoyamos-a-los-sectores-productivos-de-manabi\\\/#article\",\"isPartOf\":{\"@id\":\"https:\\\/\\\/www.manabi.gob.ec\\\/index.php\\\/fortalecemos-y-apoyamos-a-los-sectores-productivos-de-manabi\\\/\"},\"author\":{\"name\":\"Lui Ochoa\",\"@id\":\"https:\\\/\\\/www.manabi.gob.ec\\\/#\\\/schema\\\/person\\\/c4f117989332ad723a6ced5994aa7d7a\"},\"headline\":\"FORTALECEMOS Y APOYAMOS A LOS SECTORES PRODUCTIVOS DE MANAB\u00cd.\",\"datePublished\":\"2023-01-10T20:03:13+00:00\",\"dateModified\":\"2023-01-10T20:03:17+00:00\",\"mainEntityOfPage\":{\"@id\":\"https:\\\/\\\/www.manabi.gob.ec\\\/index.php\\\/fortalecemos-y-apoyamos-a-los-sectores-productivos-de-manabi\\\/\"},\"wordCount\":179,\"image\":{\"@id\":\"https:\\\/\\\/www.manabi.gob.ec\\\/index.php\\\/fortalecemos-y-apoyamos-a-los-sectores-productivos-de-manabi\\\/#primaryimage\"},\"thumbnailUrl\":\"https:\\\/\\\/www.manabi.gob.ec\\\/wp-content\\\/uploads\\\/2023\\\/01\\\/WhatsApp-Image-2023-01-10-at-14.47.26.jpeg\",\"articleSection\":[\"Desarrollo Social\",\"Noticias\",\"Producci\u00f3n\",\"Todas\"],\"inLanguage\":\"es\"},{\"@type\":\"WebPage\",\"@id\":\"https:\\\/\\\/www.manabi.gob.ec\\\/index.php\\\/fortalecemos-y-apoyamos-a-los-sectores-productivos-de-manabi\\\/\",\"url\":\"https:\\\/\\\/www.manabi.gob.ec\\\/index.php\\\/fortalecemos-y-apoyamos-a-los-sectores-productivos-de-manabi\\\/\",\"name\":\"FORTALECEMOS Y APOYAMOS A LOS SECTORES PRODUCTIVOS DE MANAB\u00cd. - Prefectura de Manab\u00ed\",\"isPartOf\":{\"@id\":\"https:\\\/\\\/www.manabi.gob.ec\\\/#website\"},\"primaryImageOfPage\":{\"@id\":\"https:\\\/\\\/www.manabi.gob.ec\\\/index.php\\\/fortalecemos-y-apoyamos-a-los-sectores-productivos-de-manabi\\\/#primaryimage\"},\"image\":{\"@id\":\"https:\\\/\\\/www.manabi.gob.ec\\\/index.php\\\/fortalecemos-y-apoyamos-a-los-sectores-productivos-de-manabi\\\/#primaryimage\"},\"thumbnailUrl\":\"https:\\\/\\\/www.manabi.gob.ec\\\/wp-content\\\/uploads\\\/2023\\\/01\\\/WhatsApp-Image-2023-01-10-at-14.47.26.jpeg\",\"datePublished\":\"2023-01-10T20:03:13+00:00\",\"dateModified\":\"2023-01-10T20:03:17+00:00\",\"author\":{\"@id\":\"https:\\\/\\\/www.manabi.gob.ec\\\/#\\\/schema\\\/person\\\/c4f117989332ad723a6ced5994aa7d7a\"},\"breadcrumb\":{\"@id\":\"https:\\\/\\\/www.manabi.gob.ec\\\/index.php\\\/fortalecemos-y-apoyamos-a-los-sectores-productivos-de-manabi\\\/#breadcrumb\"},\"inLanguage\":\"es\",\"potentialAction\":[{\"@type\":\"ReadAction\",\"target\":[\"https:\\\/\\\/www.manabi.gob.ec\\\/index.php\\\/fortalecemos-y-apoyamos-a-los-sectores-productivos-de-manabi\\\/\"]}]},{\"@type\":\"ImageObject\",\"inLanguage\":\"es\",\"@id\":\"https:\\\/\\\/www.manabi.gob.ec\\\/index.php\\\/fortalecemos-y-apoyamos-a-los-sectores-productivos-de-manabi\\\/#primaryimage\",\"url\":\"https:\\\/\\\/www.manabi.gob.ec\\\/wp-content\\\/uploads\\\/2023\\\/01\\\/WhatsApp-Image-2023-01-10-at-14.47.26.jpeg\",\"contentUrl\":\"https:\\\/\\\/www.manabi.gob.ec\\\/wp-content\\\/uploads\\\/2023\\\/01\\\/WhatsApp-Image-2023-01-10-at-14.47.26.jpeg\",\"width\":1280,\"height\":720},{\"@type\":\"BreadcrumbList\",\"@id\":\"https:\\\/\\\/www.manabi.gob.ec\\\/index.php\\\/fortalecemos-y-apoyamos-a-los-sectores-productivos-de-manabi\\\/#breadcrumb\",\"itemListElement\":[{\"@type\":\"ListItem\",\"position\":1,\"name\":\"Portada\",\"item\":\"https:\\\/\\\/www.manabi.gob.ec\\\/\"},{\"@type\":\"ListItem\",\"position\":2,\"name\":\"FORTALECEMOS Y APOYAMOS A LOS SECTORES PRODUCTIVOS DE MANAB\u00cd.\"}]},{\"@type\":\"WebSite\",\"@id\":\"https:\\\/\\\/www.manabi.gob.ec\\\/#website\",\"url\":\"https:\\\/\\\/www.manabi.gob.ec\\\/\",\"name\":\"Prefectura de Manab\u00ed\",\"description\":\"P\u00e1gina web de la prefectura\",\"potentialAction\":[{\"@type\":\"SearchAction\",\"target\":{\"@type\":\"EntryPoint\",\"urlTemplate\":\"https:\\\/\\\/www.manabi.gob.ec\\\/?s={search_term_string}\"},\"query-input\":{\"@type\":\"PropertyValueSpecification\",\"valueRequired\":true,\"valueName\":\"search_term_string\"}}],\"inLanguage\":\"es\"},{\"@type\":\"Person\",\"@id\":\"https:\\\/\\\/www.manabi.gob.ec\\\/#\\\/schema\\\/person\\\/c4f117989332ad723a6ced5994aa7d7a\",\"name\":\"Lui Ochoa\",\"image\":{\"@type\":\"ImageObject\",\"inLanguage\":\"es\",\"@id\":\"https:\\\/\\\/secure.gravatar.com\\\/avatar\\\/6e8017d0fe69dead8a95864d2eb6e1e1d8bf8e01194ba49cf7b897ff038126ba?s=96&d=mm&r=g\",\"url\":\"https:\\\/\\\/secure.gravatar.com\\\/avatar\\\/6e8017d0fe69dead8a95864d2eb6e1e1d8bf8e01194ba49cf7b897ff038126ba?s=96&d=mm&r=g\",\"contentUrl\":\"https:\\\/\\\/secure.gravatar.com\\\/avatar\\\/6e8017d0fe69dead8a95864d2eb6e1e1d8bf8e01194ba49cf7b897ff038126ba?s=96&d=mm&r=g\",\"caption\":\"Lui Ochoa\"},\"url\":\"https:\\\/\\\/www.manabi.gob.ec\\\/index.php\\\/author\\\/lochoa\\\/\"}]}<\/script>\n<!-- \/ Yoast SEO plugin. -->","yoast_head_json":{"title":"FORTALECEMOS Y APOYAMOS A LOS SECTORES PRODUCTIVOS DE MANAB\u00cd. - Prefectura de Manab\u00ed","robots":{"index":"index","follow":"follow","max-snippet":"max-snippet:-1","max-image-preview":"max-image-preview:large","max-video-preview":"max-video-preview:-1"},"canonical":"https:\/\/www.manabi.gob.ec\/index.php\/fortalecemos-y-apoyamos-a-los-sectores-productivos-de-manabi\/","og_locale":"es_ES","og_type":"article","og_title":"FORTALECEMOS Y APOYAMOS A LOS SECTORES PRODUCTIVOS DE MANAB\u00cd. - Prefectura de Manab\u00ed","og_description":"La Prefectura de Manab\u00ed, a trav\u00e9s de la Direcci\u00f3n de Fomento Productivo y de la Empresa P\u00fablica Manab\u00ed Produce, lleva adelante el proyecto denominado \u201cImplementaci\u00f3n de granjas agropecuarias en la Provincia de Manab\u00ed\u201d. Mediante el mismo se ha realizado la entrega de 4.025 pollitos mejorados gen\u00e9ticamente, insumos y productos a 160 familias de 8 asociaciones [&hellip;]","og_url":"https:\/\/www.manabi.gob.ec\/index.php\/fortalecemos-y-apoyamos-a-los-sectores-productivos-de-manabi\/","og_site_name":"Prefectura de Manab\u00ed","article_published_time":"2023-01-10T20:03:13+00:00","article_modified_time":"2023-01-10T20:03:17+00:00","og_image":[{"width":1280,"height":720,"url":"https:\/\/www.manabi.gob.ec\/wp-content\/uploads\/2023\/01\/WhatsApp-Image-2023-01-10-at-14.47.26.jpeg","type":"image\/jpeg"}],"author":"Lui Ochoa","twitter_card":"summary_large_image","twitter_misc":{"Escrito por":"Lui Ochoa","Tiempo de lectura":"1 minuto"},"schema":{"@context":"https:\/\/schema.org","@graph":[{"@type":"Article","@id":"https:\/\/www.manabi.gob.ec\/index.php\/fortalecemos-y-apoyamos-a-los-sectores-productivos-de-manabi\/#article","isPartOf":{"@id":"https:\/\/www.manabi.gob.ec\/index.php\/fortalecemos-y-apoyamos-a-los-sectores-productivos-de-manabi\/"},"author":{"name":"Lui Ochoa","@id":"https:\/\/www.manabi.gob.ec\/#\/schema\/person\/c4f117989332ad723a6ced5994aa7d7a"},"headline":"FORTALECEMOS Y APOYAMOS A LOS SECTORES PRODUCTIVOS DE MANAB\u00cd.","datePublished":"2023-01-10T20:03:13+00:00","dateModified":"2023-01-10T20:03:17+00:00","mainEntityOfPage":{"@id":"https:\/\/www.manabi.gob.ec\/index.php\/fortalecemos-y-apoyamos-a-los-sectores-productivos-de-manabi\/"},"wordCount":179,"image":{"@id":"https:\/\/www.manabi.gob.ec\/index.php\/fortalecemos-y-apoyamos-a-los-sectores-productivos-de-manabi\/#primaryimage"},"thumbnailUrl":"https:\/\/www.manabi.gob.ec\/wp-content\/uploads\/2023\/01\/WhatsApp-Image-2023-01-10-at-14.47.26.jpeg","articleSection":["Desarrollo Social","Noticias","Producci\u00f3n","Todas"],"inLanguage":"es"},{"@type":"WebPage","@id":"https:\/\/www.manabi.gob.ec\/index.php\/fortalecemos-y-apoyamos-a-los-sectores-productivos-de-manabi\/","url":"https:\/\/www.manabi.gob.ec\/index.php\/fortalecemos-y-apoyamos-a-los-sectores-productivos-de-manabi\/","name":"FORTALECEMOS Y APOYAMOS A LOS SECTORES PRODUCTIVOS DE MANAB\u00cd. - Prefectura de Manab\u00ed","isPartOf":{"@id":"https:\/\/www.manabi.gob.ec\/#website"},"primaryImageOfPage":{"@id":"https:\/\/www.manabi.gob.ec\/index.php\/fortalecemos-y-apoyamos-a-los-sectores-productivos-de-manabi\/#primaryimage"},"image":{"@id":"https:\/\/www.manabi.gob.ec\/index.php\/fortalecemos-y-apoyamos-a-los-sectores-productivos-de-manabi\/#primaryimage"},"thumbnailUrl":"https:\/\/www.manabi.gob.ec\/wp-content\/uploads\/2023\/01\/WhatsApp-Image-2023-01-10-at-14.47.26.jpeg","datePublished":"2023-01-10T20:03:13+00:00","dateModified":"2023-01-10T20:03:17+00:00","author":{"@id":"https:\/\/www.manabi.gob.ec\/#\/schema\/person\/c4f117989332ad723a6ced5994aa7d7a"},"breadcrumb":{"@id":"https:\/\/www.manabi.gob.ec\/index.php\/fortalecemos-y-apoyamos-a-los-sectores-productivos-de-manabi\/#breadcrumb"},"inLanguage":"es","potentialAction":[{"@type":"ReadAction","target":["https:\/\/www.manabi.gob.ec\/index.php\/fortalecemos-y-apoyamos-a-los-sectores-productivos-de-manabi\/"]}]},{"@type":"ImageObject","inLanguage":"es","@id":"https:\/\/www.manabi.gob.ec\/index.php\/fortalecemos-y-apoyamos-a-los-sectores-productivos-de-manabi\/#primaryimage","url":"https:\/\/www.manabi.gob.ec\/wp-content\/uploads\/2023\/01\/WhatsApp-Image-2023-01-10-at-14.47.26.jpeg","contentUrl":"https:\/\/www.manabi.gob.ec\/wp-content\/uploads\/2023\/01\/WhatsApp-Image-2023-01-10-at-14.47.26.jpeg","width":1280,"height":720},{"@type":"BreadcrumbList","@id":"https:\/\/www.manabi.gob.ec\/index.php\/fortalecemos-y-apoyamos-a-los-sectores-productivos-de-manabi\/#breadcrumb","itemListElement":[{"@type":"ListItem","position":1,"name":"Portada","item":"https:\/\/www.manabi.gob.ec\/"},{"@type":"ListItem","position":2,"name":"FORTALECEMOS Y APOYAMOS A LOS SECTORES PRODUCTIVOS DE MANAB\u00cd."}]},{"@type":"WebSite","@id":"https:\/\/www.manabi.gob.ec\/#website","url":"https:\/\/www.manabi.gob.ec\/","name":"Prefectura de Manab\u00ed","description":"P\u00e1gina web de la prefectura","potentialAction":[{"@type":"SearchAction","target":{"@type":"EntryPoint","urlTemplate":"https:\/\/www.manabi.gob.ec\/?s={search_term_string}"},"query-input":{"@type":"PropertyValueSpecification","valueRequired":true,"valueName":"search_term_string"}}],"inLanguage":"es"},{"@type":"Person","@id":"https:\/\/www.manabi.gob.ec\/#\/schema\/person\/c4f117989332ad723a6ced5994aa7d7a","name":"Lui Ochoa","image":{"@type":"ImageObject","inLanguage":"es","@id":"https:\/\/secure.gravatar.com\/avatar\/6e8017d0fe69dead8a95864d2eb6e1e1d8bf8e01194ba49cf7b897ff038126ba?s=96&d=mm&r=g","url":"https:\/\/secure.gravatar.com\/avatar\/6e8017d0fe69dead8a95864d2eb6e1e1d8bf8e01194ba49cf7b897ff038126ba?s=96&d=mm&r=g","contentUrl":"https:\/\/secure.gravatar.com\/avatar\/6e8017d0fe69dead8a95864d2eb6e1e1d8bf8e01194ba49cf7b897ff038126ba?s=96&d=mm&r=g","caption":"Lui Ochoa"},"url":"https:\/\/www.manabi.gob.ec\/index.php\/author\/lochoa\/"}]}},"jetpack_featured_media_url":"https:\/\/www.manabi.gob.ec\/wp-content\/uploads\/2023\/01\/WhatsApp-Image-2023-01-10-at-14.47.26.jpeg","_links":{"self":[{"href":"https:\/\/www.manabi.gob.ec\/index.php\/wp-json\/wp\/v2\/posts\/23283","targetHints":{"allow":["GET"]}}],"collection":[{"href":"https:\/\/www.manabi.gob.ec\/index.php\/wp-json\/wp\/v2\/posts"}],"about":[{"href":"https:\/\/www.manabi.gob.ec\/index.php\/wp-json\/wp\/v2\/types\/post"}],"author":[{"embeddable":true,"href":"https:\/\/www.manabi.gob.ec\/index.php\/wp-json\/wp\/v2\/users\/10"}],"replies":[{"embeddable":true,"href":"https:\/\/www.manabi.gob.ec\/index.php\/wp-json\/wp\/v2\/comments?post=23283"}],"version-history":[{"count":0,"href":"https:\/\/www.manabi.gob.ec\/index.php\/wp-json\/wp\/v2\/posts\/23283\/revisions"}],"wp:featuredmedia":[{"embeddable":true,"href":"https:\/\/www.manabi.gob.ec\/index.php\/wp-json\/wp\/v2\/media\/23285"}],"wp:attachment":[{"href":"https:\/\/www.manabi.gob.ec\/index.php\/wp-json\/wp\/v2\/media?parent=23283"}],"wp:term":[{"taxonomy":"category","embeddable":true,"href":"https:\/\/www.manabi.gob.ec\/index.php\/wp-json\/wp\/v2\/categories?post=23283"},{"taxonomy":"post_tag","embeddable":true,"href":"https:\/\/www.manabi.gob.ec\/index.php\/wp-json\/wp\/v2\/tags?post=23283"}],"curies":[{"name":"wp","href":"https:\/\/api.w.org\/{rel}","templated":true}]}}