{"id":23311,"date":"2023-01-17T14:09:28","date_gmt":"2023-01-17T14:09:28","guid":{"rendered":"https:\/\/www.manabi.gob.ec\/?p=23311"},"modified":"2023-01-17T14:09:33","modified_gmt":"2023-01-17T14:09:33","slug":"se-realiza-mantenimiento-en-la-via-portoviejo-manta","status":"publish","type":"post","link":"https:\/\/www.manabi.gob.ec\/index.php\/se-realiza-mantenimiento-en-la-via-portoviejo-manta\/","title":{"rendered":"Se realiza mantenimiento en la v\u00eda Portoviejo \u2013 Manta."},"content":{"rendered":"\n<p>La empresa p\u00fablica Manab\u00ed Vial realiza un mantenimiento en la v\u00eda delegada Manta \u2013 Portoviejo, con trabajos de bacheo mayor con mezcla asf\u00e1ltica en el margen derecho de la v\u00eda.<br>Estos se ejecutan en los primeros 6 km, desde el km 3, donde actualmente iniciaron los trabajos, hasta llegar a la estaci\u00f3n del peaje.<br>Posterior a la intervenci\u00f3n se proceder\u00e1 a la colocar la se\u00f1alizaci\u00f3n horizontal. Se recomienda a los conductores circular con precauci\u00f3n ya que los trabajos durar\u00e1n hasta el pr\u00f3ximo mi\u00e9rcoles.<\/p>\n","protected":false},"excerpt":{"rendered":"<p>La empresa p\u00fablica Manab\u00ed Vial realiza un mantenimiento en la v\u00eda delegada Manta \u2013 Portoviejo, con trabajos de bacheo mayor con mezcla asf\u00e1ltica en el margen derecho de la v\u00eda.Estos se ejecutan en los primeros 6 km, desde el km 3, donde actualmente iniciaron los trabajos, hasta llegar a la estaci\u00f3n del peaje.Posterior a la [&hellip;]<\/p>\n","protected":false},"author":10,"featured_media":23312,"comment_status":"closed","ping_status":"closed","sticky":false,"template":"","format":"standard","meta":{"_joinchat":[],"footnotes":""},"categories":[142,170,92,181,91,127],"tags":[],"class_list":["post-23311","post","type-post","status-publish","format-standard","has-post-thumbnail","hentry","category-desarrollo-social","category-manabi-vial","category-noticias-manabi","category-obra-publica","category-todas","category-vialidad"],"yoast_head":"<!-- This site is optimized with the Yoast SEO plugin v27.4 - https:\/\/yoast.com\/product\/yoast-seo-wordpress\/ -->\n<title>Se realiza mantenimiento en la v\u00eda Portoviejo \u2013 Manta. - Prefectura de Manab\u00ed<\/title>\n<meta name=\"robots\" content=\"index, follow, max-snippet:-1, max-image-preview:large, max-video-preview:-1\" \/>\n<link rel=\"canonical\" href=\"https:\/\/www.manabi.gob.ec\/index.php\/se-realiza-mantenimiento-en-la-via-portoviejo-manta\/\" \/>\n<meta property=\"og:locale\" content=\"es_ES\" \/>\n<meta property=\"og:type\" content=\"article\" \/>\n<meta property=\"og:title\" content=\"Se realiza mantenimiento en la v\u00eda Portoviejo \u2013 Manta. - Prefectura de Manab\u00ed\" \/>\n<meta property=\"og:description\" content=\"La empresa p\u00fablica Manab\u00ed Vial realiza un mantenimiento en la v\u00eda delegada Manta \u2013 Portoviejo, con trabajos de bacheo mayor con mezcla asf\u00e1ltica en el margen derecho de la v\u00eda.Estos se ejecutan en los primeros 6 km, desde el km 3, donde actualmente iniciaron los trabajos, hasta llegar a la estaci\u00f3n del peaje.Posterior a la [&hellip;]\" \/>\n<meta property=\"og:url\" content=\"https:\/\/www.manabi.gob.ec\/index.php\/se-realiza-mantenimiento-en-la-via-portoviejo-manta\/\" \/>\n<meta property=\"og:site_name\" content=\"Prefectura de Manab\u00ed\" \/>\n<meta property=\"article:published_time\" content=\"2023-01-17T14:09:28+00:00\" \/>\n<meta property=\"article:modified_time\" content=\"2023-01-17T14:09:33+00:00\" \/>\n<meta property=\"og:image\" content=\"https:\/\/www.manabi.gob.ec\/wp-content\/uploads\/2023\/01\/WhatsApp-Image-2023-01-12-at-15.24.46.jpeg\" \/>\n\t<meta property=\"og:image:width\" content=\"1024\" \/>\n\t<meta property=\"og:image:height\" content=\"768\" \/>\n\t<meta property=\"og:image:type\" content=\"image\/jpeg\" \/>\n<meta name=\"author\" content=\"Lui Ochoa\" \/>\n<meta name=\"twitter:card\" content=\"summary_large_image\" \/>\n<meta name=\"twitter:label1\" content=\"Escrito por\" \/>\n\t<meta name=\"twitter:data1\" content=\"Lui Ochoa\" \/>\n\t<meta name=\"twitter:label2\" content=\"Tiempo de lectura\" \/>\n\t<meta name=\"twitter:data2\" content=\"1 minuto\" \/>\n<script type=\"application\/ld+json\" class=\"yoast-schema-graph\">{\"@context\":\"https:\\\/\\\/schema.org\",\"@graph\":[{\"@type\":\"Article\",\"@id\":\"https:\\\/\\\/www.manabi.gob.ec\\\/index.php\\\/se-realiza-mantenimiento-en-la-via-portoviejo-manta\\\/#article\",\"isPartOf\":{\"@id\":\"https:\\\/\\\/www.manabi.gob.ec\\\/index.php\\\/se-realiza-mantenimiento-en-la-via-portoviejo-manta\\\/\"},\"author\":{\"name\":\"Lui Ochoa\",\"@id\":\"https:\\\/\\\/www.manabi.gob.ec\\\/#\\\/schema\\\/person\\\/c4f117989332ad723a6ced5994aa7d7a\"},\"headline\":\"Se realiza mantenimiento en la v\u00eda Portoviejo \u2013 Manta.\",\"datePublished\":\"2023-01-17T14:09:28+00:00\",\"dateModified\":\"2023-01-17T14:09:33+00:00\",\"mainEntityOfPage\":{\"@id\":\"https:\\\/\\\/www.manabi.gob.ec\\\/index.php\\\/se-realiza-mantenimiento-en-la-via-portoviejo-manta\\\/\"},\"wordCount\":101,\"image\":{\"@id\":\"https:\\\/\\\/www.manabi.gob.ec\\\/index.php\\\/se-realiza-mantenimiento-en-la-via-portoviejo-manta\\\/#primaryimage\"},\"thumbnailUrl\":\"https:\\\/\\\/www.manabi.gob.ec\\\/wp-content\\\/uploads\\\/2023\\\/01\\\/WhatsApp-Image-2023-01-12-at-15.24.46.jpeg\",\"articleSection\":[\"Desarrollo Social\",\"Manab\u00ed Vial\",\"Noticias\",\"Obra P\u00fablica\",\"Todas\",\"Vialidad\"],\"inLanguage\":\"es\"},{\"@type\":\"WebPage\",\"@id\":\"https:\\\/\\\/www.manabi.gob.ec\\\/index.php\\\/se-realiza-mantenimiento-en-la-via-portoviejo-manta\\\/\",\"url\":\"https:\\\/\\\/www.manabi.gob.ec\\\/index.php\\\/se-realiza-mantenimiento-en-la-via-portoviejo-manta\\\/\",\"name\":\"Se realiza mantenimiento en la v\u00eda Portoviejo \u2013 Manta. - Prefectura de Manab\u00ed\",\"isPartOf\":{\"@id\":\"https:\\\/\\\/www.manabi.gob.ec\\\/#website\"},\"primaryImageOfPage\":{\"@id\":\"https:\\\/\\\/www.manabi.gob.ec\\\/index.php\\\/se-realiza-mantenimiento-en-la-via-portoviejo-manta\\\/#primaryimage\"},\"image\":{\"@id\":\"https:\\\/\\\/www.manabi.gob.ec\\\/index.php\\\/se-realiza-mantenimiento-en-la-via-portoviejo-manta\\\/#primaryimage\"},\"thumbnailUrl\":\"https:\\\/\\\/www.manabi.gob.ec\\\/wp-content\\\/uploads\\\/2023\\\/01\\\/WhatsApp-Image-2023-01-12-at-15.24.46.jpeg\",\"datePublished\":\"2023-01-17T14:09:28+00:00\",\"dateModified\":\"2023-01-17T14:09:33+00:00\",\"author\":{\"@id\":\"https:\\\/\\\/www.manabi.gob.ec\\\/#\\\/schema\\\/person\\\/c4f117989332ad723a6ced5994aa7d7a\"},\"breadcrumb\":{\"@id\":\"https:\\\/\\\/www.manabi.gob.ec\\\/index.php\\\/se-realiza-mantenimiento-en-la-via-portoviejo-manta\\\/#breadcrumb\"},\"inLanguage\":\"es\",\"potentialAction\":[{\"@type\":\"ReadAction\",\"target\":[\"https:\\\/\\\/www.manabi.gob.ec\\\/index.php\\\/se-realiza-mantenimiento-en-la-via-portoviejo-manta\\\/\"]}]},{\"@type\":\"ImageObject\",\"inLanguage\":\"es\",\"@id\":\"https:\\\/\\\/www.manabi.gob.ec\\\/index.php\\\/se-realiza-mantenimiento-en-la-via-portoviejo-manta\\\/#primaryimage\",\"url\":\"https:\\\/\\\/www.manabi.gob.ec\\\/wp-content\\\/uploads\\\/2023\\\/01\\\/WhatsApp-Image-2023-01-12-at-15.24.46.jpeg\",\"contentUrl\":\"https:\\\/\\\/www.manabi.gob.ec\\\/wp-content\\\/uploads\\\/2023\\\/01\\\/WhatsApp-Image-2023-01-12-at-15.24.46.jpeg\",\"width\":1024,\"height\":768},{\"@type\":\"BreadcrumbList\",\"@id\":\"https:\\\/\\\/www.manabi.gob.ec\\\/index.php\\\/se-realiza-mantenimiento-en-la-via-portoviejo-manta\\\/#breadcrumb\",\"itemListElement\":[{\"@type\":\"ListItem\",\"position\":1,\"name\":\"Portada\",\"item\":\"https:\\\/\\\/www.manabi.gob.ec\\\/\"},{\"@type\":\"ListItem\",\"position\":2,\"name\":\"Se realiza mantenimiento en la v\u00eda Portoviejo \u2013 Manta.\"}]},{\"@type\":\"WebSite\",\"@id\":\"https:\\\/\\\/www.manabi.gob.ec\\\/#website\",\"url\":\"https:\\\/\\\/www.manabi.gob.ec\\\/\",\"name\":\"Prefectura de Manab\u00ed\",\"description\":\"P\u00e1gina web de la prefectura\",\"potentialAction\":[{\"@type\":\"SearchAction\",\"target\":{\"@type\":\"EntryPoint\",\"urlTemplate\":\"https:\\\/\\\/www.manabi.gob.ec\\\/?s={search_term_string}\"},\"query-input\":{\"@type\":\"PropertyValueSpecification\",\"valueRequired\":true,\"valueName\":\"search_term_string\"}}],\"inLanguage\":\"es\"},{\"@type\":\"Person\",\"@id\":\"https:\\\/\\\/www.manabi.gob.ec\\\/#\\\/schema\\\/person\\\/c4f117989332ad723a6ced5994aa7d7a\",\"name\":\"Lui Ochoa\",\"image\":{\"@type\":\"ImageObject\",\"inLanguage\":\"es\",\"@id\":\"https:\\\/\\\/secure.gravatar.com\\\/avatar\\\/6e8017d0fe69dead8a95864d2eb6e1e1d8bf8e01194ba49cf7b897ff038126ba?s=96&d=mm&r=g\",\"url\":\"https:\\\/\\\/secure.gravatar.com\\\/avatar\\\/6e8017d0fe69dead8a95864d2eb6e1e1d8bf8e01194ba49cf7b897ff038126ba?s=96&d=mm&r=g\",\"contentUrl\":\"https:\\\/\\\/secure.gravatar.com\\\/avatar\\\/6e8017d0fe69dead8a95864d2eb6e1e1d8bf8e01194ba49cf7b897ff038126ba?s=96&d=mm&r=g\",\"caption\":\"Lui Ochoa\"},\"url\":\"https:\\\/\\\/www.manabi.gob.ec\\\/index.php\\\/author\\\/lochoa\\\/\"}]}<\/script>\n<!-- \/ Yoast SEO plugin. -->","yoast_head_json":{"title":"Se realiza mantenimiento en la v\u00eda Portoviejo \u2013 Manta. - Prefectura de Manab\u00ed","robots":{"index":"index","follow":"follow","max-snippet":"max-snippet:-1","max-image-preview":"max-image-preview:large","max-video-preview":"max-video-preview:-1"},"canonical":"https:\/\/www.manabi.gob.ec\/index.php\/se-realiza-mantenimiento-en-la-via-portoviejo-manta\/","og_locale":"es_ES","og_type":"article","og_title":"Se realiza mantenimiento en la v\u00eda Portoviejo \u2013 Manta. - Prefectura de Manab\u00ed","og_description":"La empresa p\u00fablica Manab\u00ed Vial realiza un mantenimiento en la v\u00eda delegada Manta \u2013 Portoviejo, con trabajos de bacheo mayor con mezcla asf\u00e1ltica en el margen derecho de la v\u00eda.Estos se ejecutan en los primeros 6 km, desde el km 3, donde actualmente iniciaron los trabajos, hasta llegar a la estaci\u00f3n del peaje.Posterior a la [&hellip;]","og_url":"https:\/\/www.manabi.gob.ec\/index.php\/se-realiza-mantenimiento-en-la-via-portoviejo-manta\/","og_site_name":"Prefectura de Manab\u00ed","article_published_time":"2023-01-17T14:09:28+00:00","article_modified_time":"2023-01-17T14:09:33+00:00","og_image":[{"width":1024,"height":768,"url":"https:\/\/www.manabi.gob.ec\/wp-content\/uploads\/2023\/01\/WhatsApp-Image-2023-01-12-at-15.24.46.jpeg","type":"image\/jpeg"}],"author":"Lui Ochoa","twitter_card":"summary_large_image","twitter_misc":{"Escrito por":"Lui Ochoa","Tiempo de lectura":"1 minuto"},"schema":{"@context":"https:\/\/schema.org","@graph":[{"@type":"Article","@id":"https:\/\/www.manabi.gob.ec\/index.php\/se-realiza-mantenimiento-en-la-via-portoviejo-manta\/#article","isPartOf":{"@id":"https:\/\/www.manabi.gob.ec\/index.php\/se-realiza-mantenimiento-en-la-via-portoviejo-manta\/"},"author":{"name":"Lui Ochoa","@id":"https:\/\/www.manabi.gob.ec\/#\/schema\/person\/c4f117989332ad723a6ced5994aa7d7a"},"headline":"Se realiza mantenimiento en la v\u00eda Portoviejo \u2013 Manta.","datePublished":"2023-01-17T14:09:28+00:00","dateModified":"2023-01-17T14:09:33+00:00","mainEntityOfPage":{"@id":"https:\/\/www.manabi.gob.ec\/index.php\/se-realiza-mantenimiento-en-la-via-portoviejo-manta\/"},"wordCount":101,"image":{"@id":"https:\/\/www.manabi.gob.ec\/index.php\/se-realiza-mantenimiento-en-la-via-portoviejo-manta\/#primaryimage"},"thumbnailUrl":"https:\/\/www.manabi.gob.ec\/wp-content\/uploads\/2023\/01\/WhatsApp-Image-2023-01-12-at-15.24.46.jpeg","articleSection":["Desarrollo Social","Manab\u00ed Vial","Noticias","Obra P\u00fablica","Todas","Vialidad"],"inLanguage":"es"},{"@type":"WebPage","@id":"https:\/\/www.manabi.gob.ec\/index.php\/se-realiza-mantenimiento-en-la-via-portoviejo-manta\/","url":"https:\/\/www.manabi.gob.ec\/index.php\/se-realiza-mantenimiento-en-la-via-portoviejo-manta\/","name":"Se realiza mantenimiento en la v\u00eda Portoviejo \u2013 Manta. - Prefectura de Manab\u00ed","isPartOf":{"@id":"https:\/\/www.manabi.gob.ec\/#website"},"primaryImageOfPage":{"@id":"https:\/\/www.manabi.gob.ec\/index.php\/se-realiza-mantenimiento-en-la-via-portoviejo-manta\/#primaryimage"},"image":{"@id":"https:\/\/www.manabi.gob.ec\/index.php\/se-realiza-mantenimiento-en-la-via-portoviejo-manta\/#primaryimage"},"thumbnailUrl":"https:\/\/www.manabi.gob.ec\/wp-content\/uploads\/2023\/01\/WhatsApp-Image-2023-01-12-at-15.24.46.jpeg","datePublished":"2023-01-17T14:09:28+00:00","dateModified":"2023-01-17T14:09:33+00:00","author":{"@id":"https:\/\/www.manabi.gob.ec\/#\/schema\/person\/c4f117989332ad723a6ced5994aa7d7a"},"breadcrumb":{"@id":"https:\/\/www.manabi.gob.ec\/index.php\/se-realiza-mantenimiento-en-la-via-portoviejo-manta\/#breadcrumb"},"inLanguage":"es","potentialAction":[{"@type":"ReadAction","target":["https:\/\/www.manabi.gob.ec\/index.php\/se-realiza-mantenimiento-en-la-via-portoviejo-manta\/"]}]},{"@type":"ImageObject","inLanguage":"es","@id":"https:\/\/www.manabi.gob.ec\/index.php\/se-realiza-mantenimiento-en-la-via-portoviejo-manta\/#primaryimage","url":"https:\/\/www.manabi.gob.ec\/wp-content\/uploads\/2023\/01\/WhatsApp-Image-2023-01-12-at-15.24.46.jpeg","contentUrl":"https:\/\/www.manabi.gob.ec\/wp-content\/uploads\/2023\/01\/WhatsApp-Image-2023-01-12-at-15.24.46.jpeg","width":1024,"height":768},{"@type":"BreadcrumbList","@id":"https:\/\/www.manabi.gob.ec\/index.php\/se-realiza-mantenimiento-en-la-via-portoviejo-manta\/#breadcrumb","itemListElement":[{"@type":"ListItem","position":1,"name":"Portada","item":"https:\/\/www.manabi.gob.ec\/"},{"@type":"ListItem","position":2,"name":"Se realiza mantenimiento en la v\u00eda Portoviejo \u2013 Manta."}]},{"@type":"WebSite","@id":"https:\/\/www.manabi.gob.ec\/#website","url":"https:\/\/www.manabi.gob.ec\/","name":"Prefectura de Manab\u00ed","description":"P\u00e1gina web de la prefectura","potentialAction":[{"@type":"SearchAction","target":{"@type":"EntryPoint","urlTemplate":"https:\/\/www.manabi.gob.ec\/?s={search_term_string}"},"query-input":{"@type":"PropertyValueSpecification","valueRequired":true,"valueName":"search_term_string"}}],"inLanguage":"es"},{"@type":"Person","@id":"https:\/\/www.manabi.gob.ec\/#\/schema\/person\/c4f117989332ad723a6ced5994aa7d7a","name":"Lui Ochoa","image":{"@type":"ImageObject","inLanguage":"es","@id":"https:\/\/secure.gravatar.com\/avatar\/6e8017d0fe69dead8a95864d2eb6e1e1d8bf8e01194ba49cf7b897ff038126ba?s=96&d=mm&r=g","url":"https:\/\/secure.gravatar.com\/avatar\/6e8017d0fe69dead8a95864d2eb6e1e1d8bf8e01194ba49cf7b897ff038126ba?s=96&d=mm&r=g","contentUrl":"https:\/\/secure.gravatar.com\/avatar\/6e8017d0fe69dead8a95864d2eb6e1e1d8bf8e01194ba49cf7b897ff038126ba?s=96&d=mm&r=g","caption":"Lui Ochoa"},"url":"https:\/\/www.manabi.gob.ec\/index.php\/author\/lochoa\/"}]}},"jetpack_featured_media_url":"https:\/\/www.manabi.gob.ec\/wp-content\/uploads\/2023\/01\/WhatsApp-Image-2023-01-12-at-15.24.46.jpeg","_links":{"self":[{"href":"https:\/\/www.manabi.gob.ec\/index.php\/wp-json\/wp\/v2\/posts\/23311","targetHints":{"allow":["GET"]}}],"collection":[{"href":"https:\/\/www.manabi.gob.ec\/index.php\/wp-json\/wp\/v2\/posts"}],"about":[{"href":"https:\/\/www.manabi.gob.ec\/index.php\/wp-json\/wp\/v2\/types\/post"}],"author":[{"embeddable":true,"href":"https:\/\/www.manabi.gob.ec\/index.php\/wp-json\/wp\/v2\/users\/10"}],"replies":[{"embeddable":true,"href":"https:\/\/www.manabi.gob.ec\/index.php\/wp-json\/wp\/v2\/comments?post=23311"}],"version-history":[{"count":0,"href":"https:\/\/www.manabi.gob.ec\/index.php\/wp-json\/wp\/v2\/posts\/23311\/revisions"}],"wp:featuredmedia":[{"embeddable":true,"href":"https:\/\/www.manabi.gob.ec\/index.php\/wp-json\/wp\/v2\/media\/23312"}],"wp:attachment":[{"href":"https:\/\/www.manabi.gob.ec\/index.php\/wp-json\/wp\/v2\/media?parent=23311"}],"wp:term":[{"taxonomy":"category","embeddable":true,"href":"https:\/\/www.manabi.gob.ec\/index.php\/wp-json\/wp\/v2\/categories?post=23311"},{"taxonomy":"post_tag","embeddable":true,"href":"https:\/\/www.manabi.gob.ec\/index.php\/wp-json\/wp\/v2\/tags?post=23311"}],"curies":[{"name":"wp","href":"https:\/\/api.w.org\/{rel}","templated":true}]}}