{"id":23373,"date":"2023-01-24T19:11:21","date_gmt":"2023-01-24T19:11:21","guid":{"rendered":"https:\/\/www.manabi.gob.ec\/?p=23373"},"modified":"2023-01-24T19:11:25","modified_gmt":"2023-01-24T19:11:25","slug":"avenida-manabi-del-canton-olmedo-tiene-un-60-de-avance","status":"publish","type":"post","link":"https:\/\/www.manabi.gob.ec\/index.php\/avenida-manabi-del-canton-olmedo-tiene-un-60-de-avance\/","title":{"rendered":"Avenida Manab\u00ed del cant\u00f3n Olmedo tiene un 60 % de avance"},"content":{"rendered":"\n<p>La tarde este jueves 19 de enero inici\u00f3 la imprimaci\u00f3n asf\u00e1ltica en la Avenida Manab\u00ed, as\u00ed lo inform\u00f3 Edison Mac\u00edas Pico, contratista que se encuentra realizando la rehabilitaci\u00f3n de esta importante v\u00eda en una distancia de 1.2 kil\u00f3metros en el cant\u00f3n Olmedo.<\/p>\n\n\n\n<p>Previamente el contratista realiz\u00f3 la instalaci\u00f3n del agua potable, construy\u00f3 los colectores de agua servida, sumideros de aguas lluvias y soterramiento el\u00e9ctrico. As\u00ed mismo construy\u00f3 aceras y bordillos en 400 metros lineales.<\/p>\n\n\n\n<p>Esta importante obra representa una inversi\u00f3n de $675. 840,90, que se realiza en convenio interinstitucional entre el GAD Manab\u00ed y Municipal de Olmedo. La v\u00eda quedar\u00e1 a nivel de carpeta asf\u00e1ltica de 3 pulgadas y; su plazo de ejecuci\u00f3n es hasta el 15 de febrero del 2023.<\/p>\n","protected":false},"excerpt":{"rendered":"<p>La tarde este jueves 19 de enero inici\u00f3 la imprimaci\u00f3n asf\u00e1ltica en la Avenida Manab\u00ed, as\u00ed lo inform\u00f3 Edison Mac\u00edas Pico, contratista que se encuentra realizando la rehabilitaci\u00f3n de esta importante v\u00eda en una distancia de 1.2 kil\u00f3metros en el cant\u00f3n Olmedo. Previamente el contratista realiz\u00f3 la instalaci\u00f3n del agua potable, construy\u00f3 los colectores de [&hellip;]<\/p>\n","protected":false},"author":10,"featured_media":23374,"comment_status":"closed","ping_status":"closed","sticky":false,"template":"","format":"standard","meta":{"_joinchat":[],"footnotes":""},"categories":[142,92,181,91,127],"tags":[],"class_list":["post-23373","post","type-post","status-publish","format-standard","has-post-thumbnail","hentry","category-desarrollo-social","category-noticias-manabi","category-obra-publica","category-todas","category-vialidad"],"yoast_head":"<!-- This site is optimized with the Yoast SEO plugin v27.4 - https:\/\/yoast.com\/product\/yoast-seo-wordpress\/ -->\n<title>Avenida Manab\u00ed del cant\u00f3n Olmedo tiene un 60 % de avance - Prefectura de Manab\u00ed<\/title>\n<meta name=\"robots\" content=\"index, follow, max-snippet:-1, max-image-preview:large, max-video-preview:-1\" \/>\n<link rel=\"canonical\" href=\"https:\/\/www.manabi.gob.ec\/index.php\/avenida-manabi-del-canton-olmedo-tiene-un-60-de-avance\/\" \/>\n<meta property=\"og:locale\" content=\"es_ES\" \/>\n<meta property=\"og:type\" content=\"article\" \/>\n<meta property=\"og:title\" content=\"Avenida Manab\u00ed del cant\u00f3n Olmedo tiene un 60 % de avance - Prefectura de Manab\u00ed\" \/>\n<meta property=\"og:description\" content=\"La tarde este jueves 19 de enero inici\u00f3 la imprimaci\u00f3n asf\u00e1ltica en la Avenida Manab\u00ed, as\u00ed lo inform\u00f3 Edison Mac\u00edas Pico, contratista que se encuentra realizando la rehabilitaci\u00f3n de esta importante v\u00eda en una distancia de 1.2 kil\u00f3metros en el cant\u00f3n Olmedo. Previamente el contratista realiz\u00f3 la instalaci\u00f3n del agua potable, construy\u00f3 los colectores de [&hellip;]\" \/>\n<meta property=\"og:url\" content=\"https:\/\/www.manabi.gob.ec\/index.php\/avenida-manabi-del-canton-olmedo-tiene-un-60-de-avance\/\" \/>\n<meta property=\"og:site_name\" content=\"Prefectura de Manab\u00ed\" \/>\n<meta property=\"article:published_time\" content=\"2023-01-24T19:11:21+00:00\" \/>\n<meta property=\"article:modified_time\" content=\"2023-01-24T19:11:25+00:00\" \/>\n<meta property=\"og:image\" content=\"https:\/\/www.manabi.gob.ec\/wp-content\/uploads\/2023\/01\/WhatsApp-Image-2023-01-19-at-16.09.02.jpeg\" \/>\n\t<meta property=\"og:image:width\" content=\"1020\" \/>\n\t<meta property=\"og:image:height\" content=\"616\" \/>\n\t<meta property=\"og:image:type\" content=\"image\/jpeg\" \/>\n<meta name=\"author\" content=\"Lui Ochoa\" \/>\n<meta name=\"twitter:card\" content=\"summary_large_image\" \/>\n<meta name=\"twitter:label1\" content=\"Escrito por\" \/>\n\t<meta name=\"twitter:data1\" content=\"Lui Ochoa\" \/>\n\t<meta name=\"twitter:label2\" content=\"Tiempo de lectura\" \/>\n\t<meta name=\"twitter:data2\" content=\"1 minuto\" \/>\n<script type=\"application\/ld+json\" class=\"yoast-schema-graph\">{\"@context\":\"https:\\\/\\\/schema.org\",\"@graph\":[{\"@type\":\"Article\",\"@id\":\"https:\\\/\\\/www.manabi.gob.ec\\\/index.php\\\/avenida-manabi-del-canton-olmedo-tiene-un-60-de-avance\\\/#article\",\"isPartOf\":{\"@id\":\"https:\\\/\\\/www.manabi.gob.ec\\\/index.php\\\/avenida-manabi-del-canton-olmedo-tiene-un-60-de-avance\\\/\"},\"author\":{\"name\":\"Lui Ochoa\",\"@id\":\"https:\\\/\\\/www.manabi.gob.ec\\\/#\\\/schema\\\/person\\\/c4f117989332ad723a6ced5994aa7d7a\"},\"headline\":\"Avenida Manab\u00ed del cant\u00f3n Olmedo tiene un 60 % de avance\",\"datePublished\":\"2023-01-24T19:11:21+00:00\",\"dateModified\":\"2023-01-24T19:11:25+00:00\",\"mainEntityOfPage\":{\"@id\":\"https:\\\/\\\/www.manabi.gob.ec\\\/index.php\\\/avenida-manabi-del-canton-olmedo-tiene-un-60-de-avance\\\/\"},\"wordCount\":136,\"image\":{\"@id\":\"https:\\\/\\\/www.manabi.gob.ec\\\/index.php\\\/avenida-manabi-del-canton-olmedo-tiene-un-60-de-avance\\\/#primaryimage\"},\"thumbnailUrl\":\"https:\\\/\\\/www.manabi.gob.ec\\\/wp-content\\\/uploads\\\/2023\\\/01\\\/WhatsApp-Image-2023-01-19-at-16.09.02.jpeg\",\"articleSection\":[\"Desarrollo Social\",\"Noticias\",\"Obra P\u00fablica\",\"Todas\",\"Vialidad\"],\"inLanguage\":\"es\"},{\"@type\":\"WebPage\",\"@id\":\"https:\\\/\\\/www.manabi.gob.ec\\\/index.php\\\/avenida-manabi-del-canton-olmedo-tiene-un-60-de-avance\\\/\",\"url\":\"https:\\\/\\\/www.manabi.gob.ec\\\/index.php\\\/avenida-manabi-del-canton-olmedo-tiene-un-60-de-avance\\\/\",\"name\":\"Avenida Manab\u00ed del cant\u00f3n Olmedo tiene un 60 % de avance - Prefectura de Manab\u00ed\",\"isPartOf\":{\"@id\":\"https:\\\/\\\/www.manabi.gob.ec\\\/#website\"},\"primaryImageOfPage\":{\"@id\":\"https:\\\/\\\/www.manabi.gob.ec\\\/index.php\\\/avenida-manabi-del-canton-olmedo-tiene-un-60-de-avance\\\/#primaryimage\"},\"image\":{\"@id\":\"https:\\\/\\\/www.manabi.gob.ec\\\/index.php\\\/avenida-manabi-del-canton-olmedo-tiene-un-60-de-avance\\\/#primaryimage\"},\"thumbnailUrl\":\"https:\\\/\\\/www.manabi.gob.ec\\\/wp-content\\\/uploads\\\/2023\\\/01\\\/WhatsApp-Image-2023-01-19-at-16.09.02.jpeg\",\"datePublished\":\"2023-01-24T19:11:21+00:00\",\"dateModified\":\"2023-01-24T19:11:25+00:00\",\"author\":{\"@id\":\"https:\\\/\\\/www.manabi.gob.ec\\\/#\\\/schema\\\/person\\\/c4f117989332ad723a6ced5994aa7d7a\"},\"breadcrumb\":{\"@id\":\"https:\\\/\\\/www.manabi.gob.ec\\\/index.php\\\/avenida-manabi-del-canton-olmedo-tiene-un-60-de-avance\\\/#breadcrumb\"},\"inLanguage\":\"es\",\"potentialAction\":[{\"@type\":\"ReadAction\",\"target\":[\"https:\\\/\\\/www.manabi.gob.ec\\\/index.php\\\/avenida-manabi-del-canton-olmedo-tiene-un-60-de-avance\\\/\"]}]},{\"@type\":\"ImageObject\",\"inLanguage\":\"es\",\"@id\":\"https:\\\/\\\/www.manabi.gob.ec\\\/index.php\\\/avenida-manabi-del-canton-olmedo-tiene-un-60-de-avance\\\/#primaryimage\",\"url\":\"https:\\\/\\\/www.manabi.gob.ec\\\/wp-content\\\/uploads\\\/2023\\\/01\\\/WhatsApp-Image-2023-01-19-at-16.09.02.jpeg\",\"contentUrl\":\"https:\\\/\\\/www.manabi.gob.ec\\\/wp-content\\\/uploads\\\/2023\\\/01\\\/WhatsApp-Image-2023-01-19-at-16.09.02.jpeg\",\"width\":1020,\"height\":616},{\"@type\":\"BreadcrumbList\",\"@id\":\"https:\\\/\\\/www.manabi.gob.ec\\\/index.php\\\/avenida-manabi-del-canton-olmedo-tiene-un-60-de-avance\\\/#breadcrumb\",\"itemListElement\":[{\"@type\":\"ListItem\",\"position\":1,\"name\":\"Portada\",\"item\":\"https:\\\/\\\/www.manabi.gob.ec\\\/\"},{\"@type\":\"ListItem\",\"position\":2,\"name\":\"Avenida Manab\u00ed del cant\u00f3n Olmedo tiene un 60 % de avance\"}]},{\"@type\":\"WebSite\",\"@id\":\"https:\\\/\\\/www.manabi.gob.ec\\\/#website\",\"url\":\"https:\\\/\\\/www.manabi.gob.ec\\\/\",\"name\":\"Prefectura de Manab\u00ed\",\"description\":\"P\u00e1gina web de la prefectura\",\"potentialAction\":[{\"@type\":\"SearchAction\",\"target\":{\"@type\":\"EntryPoint\",\"urlTemplate\":\"https:\\\/\\\/www.manabi.gob.ec\\\/?s={search_term_string}\"},\"query-input\":{\"@type\":\"PropertyValueSpecification\",\"valueRequired\":true,\"valueName\":\"search_term_string\"}}],\"inLanguage\":\"es\"},{\"@type\":\"Person\",\"@id\":\"https:\\\/\\\/www.manabi.gob.ec\\\/#\\\/schema\\\/person\\\/c4f117989332ad723a6ced5994aa7d7a\",\"name\":\"Lui Ochoa\",\"image\":{\"@type\":\"ImageObject\",\"inLanguage\":\"es\",\"@id\":\"https:\\\/\\\/secure.gravatar.com\\\/avatar\\\/6e8017d0fe69dead8a95864d2eb6e1e1d8bf8e01194ba49cf7b897ff038126ba?s=96&d=mm&r=g\",\"url\":\"https:\\\/\\\/secure.gravatar.com\\\/avatar\\\/6e8017d0fe69dead8a95864d2eb6e1e1d8bf8e01194ba49cf7b897ff038126ba?s=96&d=mm&r=g\",\"contentUrl\":\"https:\\\/\\\/secure.gravatar.com\\\/avatar\\\/6e8017d0fe69dead8a95864d2eb6e1e1d8bf8e01194ba49cf7b897ff038126ba?s=96&d=mm&r=g\",\"caption\":\"Lui Ochoa\"},\"url\":\"https:\\\/\\\/www.manabi.gob.ec\\\/index.php\\\/author\\\/lochoa\\\/\"}]}<\/script>\n<!-- \/ Yoast SEO plugin. -->","yoast_head_json":{"title":"Avenida Manab\u00ed del cant\u00f3n Olmedo tiene un 60 % de avance - Prefectura de Manab\u00ed","robots":{"index":"index","follow":"follow","max-snippet":"max-snippet:-1","max-image-preview":"max-image-preview:large","max-video-preview":"max-video-preview:-1"},"canonical":"https:\/\/www.manabi.gob.ec\/index.php\/avenida-manabi-del-canton-olmedo-tiene-un-60-de-avance\/","og_locale":"es_ES","og_type":"article","og_title":"Avenida Manab\u00ed del cant\u00f3n Olmedo tiene un 60 % de avance - Prefectura de Manab\u00ed","og_description":"La tarde este jueves 19 de enero inici\u00f3 la imprimaci\u00f3n asf\u00e1ltica en la Avenida Manab\u00ed, as\u00ed lo inform\u00f3 Edison Mac\u00edas Pico, contratista que se encuentra realizando la rehabilitaci\u00f3n de esta importante v\u00eda en una distancia de 1.2 kil\u00f3metros en el cant\u00f3n Olmedo. Previamente el contratista realiz\u00f3 la instalaci\u00f3n del agua potable, construy\u00f3 los colectores de [&hellip;]","og_url":"https:\/\/www.manabi.gob.ec\/index.php\/avenida-manabi-del-canton-olmedo-tiene-un-60-de-avance\/","og_site_name":"Prefectura de Manab\u00ed","article_published_time":"2023-01-24T19:11:21+00:00","article_modified_time":"2023-01-24T19:11:25+00:00","og_image":[{"width":1020,"height":616,"url":"https:\/\/www.manabi.gob.ec\/wp-content\/uploads\/2023\/01\/WhatsApp-Image-2023-01-19-at-16.09.02.jpeg","type":"image\/jpeg"}],"author":"Lui Ochoa","twitter_card":"summary_large_image","twitter_misc":{"Escrito por":"Lui Ochoa","Tiempo de lectura":"1 minuto"},"schema":{"@context":"https:\/\/schema.org","@graph":[{"@type":"Article","@id":"https:\/\/www.manabi.gob.ec\/index.php\/avenida-manabi-del-canton-olmedo-tiene-un-60-de-avance\/#article","isPartOf":{"@id":"https:\/\/www.manabi.gob.ec\/index.php\/avenida-manabi-del-canton-olmedo-tiene-un-60-de-avance\/"},"author":{"name":"Lui Ochoa","@id":"https:\/\/www.manabi.gob.ec\/#\/schema\/person\/c4f117989332ad723a6ced5994aa7d7a"},"headline":"Avenida Manab\u00ed del cant\u00f3n Olmedo tiene un 60 % de avance","datePublished":"2023-01-24T19:11:21+00:00","dateModified":"2023-01-24T19:11:25+00:00","mainEntityOfPage":{"@id":"https:\/\/www.manabi.gob.ec\/index.php\/avenida-manabi-del-canton-olmedo-tiene-un-60-de-avance\/"},"wordCount":136,"image":{"@id":"https:\/\/www.manabi.gob.ec\/index.php\/avenida-manabi-del-canton-olmedo-tiene-un-60-de-avance\/#primaryimage"},"thumbnailUrl":"https:\/\/www.manabi.gob.ec\/wp-content\/uploads\/2023\/01\/WhatsApp-Image-2023-01-19-at-16.09.02.jpeg","articleSection":["Desarrollo Social","Noticias","Obra P\u00fablica","Todas","Vialidad"],"inLanguage":"es"},{"@type":"WebPage","@id":"https:\/\/www.manabi.gob.ec\/index.php\/avenida-manabi-del-canton-olmedo-tiene-un-60-de-avance\/","url":"https:\/\/www.manabi.gob.ec\/index.php\/avenida-manabi-del-canton-olmedo-tiene-un-60-de-avance\/","name":"Avenida Manab\u00ed del cant\u00f3n Olmedo tiene un 60 % de avance - Prefectura de Manab\u00ed","isPartOf":{"@id":"https:\/\/www.manabi.gob.ec\/#website"},"primaryImageOfPage":{"@id":"https:\/\/www.manabi.gob.ec\/index.php\/avenida-manabi-del-canton-olmedo-tiene-un-60-de-avance\/#primaryimage"},"image":{"@id":"https:\/\/www.manabi.gob.ec\/index.php\/avenida-manabi-del-canton-olmedo-tiene-un-60-de-avance\/#primaryimage"},"thumbnailUrl":"https:\/\/www.manabi.gob.ec\/wp-content\/uploads\/2023\/01\/WhatsApp-Image-2023-01-19-at-16.09.02.jpeg","datePublished":"2023-01-24T19:11:21+00:00","dateModified":"2023-01-24T19:11:25+00:00","author":{"@id":"https:\/\/www.manabi.gob.ec\/#\/schema\/person\/c4f117989332ad723a6ced5994aa7d7a"},"breadcrumb":{"@id":"https:\/\/www.manabi.gob.ec\/index.php\/avenida-manabi-del-canton-olmedo-tiene-un-60-de-avance\/#breadcrumb"},"inLanguage":"es","potentialAction":[{"@type":"ReadAction","target":["https:\/\/www.manabi.gob.ec\/index.php\/avenida-manabi-del-canton-olmedo-tiene-un-60-de-avance\/"]}]},{"@type":"ImageObject","inLanguage":"es","@id":"https:\/\/www.manabi.gob.ec\/index.php\/avenida-manabi-del-canton-olmedo-tiene-un-60-de-avance\/#primaryimage","url":"https:\/\/www.manabi.gob.ec\/wp-content\/uploads\/2023\/01\/WhatsApp-Image-2023-01-19-at-16.09.02.jpeg","contentUrl":"https:\/\/www.manabi.gob.ec\/wp-content\/uploads\/2023\/01\/WhatsApp-Image-2023-01-19-at-16.09.02.jpeg","width":1020,"height":616},{"@type":"BreadcrumbList","@id":"https:\/\/www.manabi.gob.ec\/index.php\/avenida-manabi-del-canton-olmedo-tiene-un-60-de-avance\/#breadcrumb","itemListElement":[{"@type":"ListItem","position":1,"name":"Portada","item":"https:\/\/www.manabi.gob.ec\/"},{"@type":"ListItem","position":2,"name":"Avenida Manab\u00ed del cant\u00f3n Olmedo tiene un 60 % de avance"}]},{"@type":"WebSite","@id":"https:\/\/www.manabi.gob.ec\/#website","url":"https:\/\/www.manabi.gob.ec\/","name":"Prefectura de Manab\u00ed","description":"P\u00e1gina web de la prefectura","potentialAction":[{"@type":"SearchAction","target":{"@type":"EntryPoint","urlTemplate":"https:\/\/www.manabi.gob.ec\/?s={search_term_string}"},"query-input":{"@type":"PropertyValueSpecification","valueRequired":true,"valueName":"search_term_string"}}],"inLanguage":"es"},{"@type":"Person","@id":"https:\/\/www.manabi.gob.ec\/#\/schema\/person\/c4f117989332ad723a6ced5994aa7d7a","name":"Lui Ochoa","image":{"@type":"ImageObject","inLanguage":"es","@id":"https:\/\/secure.gravatar.com\/avatar\/6e8017d0fe69dead8a95864d2eb6e1e1d8bf8e01194ba49cf7b897ff038126ba?s=96&d=mm&r=g","url":"https:\/\/secure.gravatar.com\/avatar\/6e8017d0fe69dead8a95864d2eb6e1e1d8bf8e01194ba49cf7b897ff038126ba?s=96&d=mm&r=g","contentUrl":"https:\/\/secure.gravatar.com\/avatar\/6e8017d0fe69dead8a95864d2eb6e1e1d8bf8e01194ba49cf7b897ff038126ba?s=96&d=mm&r=g","caption":"Lui Ochoa"},"url":"https:\/\/www.manabi.gob.ec\/index.php\/author\/lochoa\/"}]}},"jetpack_featured_media_url":"https:\/\/www.manabi.gob.ec\/wp-content\/uploads\/2023\/01\/WhatsApp-Image-2023-01-19-at-16.09.02.jpeg","_links":{"self":[{"href":"https:\/\/www.manabi.gob.ec\/index.php\/wp-json\/wp\/v2\/posts\/23373","targetHints":{"allow":["GET"]}}],"collection":[{"href":"https:\/\/www.manabi.gob.ec\/index.php\/wp-json\/wp\/v2\/posts"}],"about":[{"href":"https:\/\/www.manabi.gob.ec\/index.php\/wp-json\/wp\/v2\/types\/post"}],"author":[{"embeddable":true,"href":"https:\/\/www.manabi.gob.ec\/index.php\/wp-json\/wp\/v2\/users\/10"}],"replies":[{"embeddable":true,"href":"https:\/\/www.manabi.gob.ec\/index.php\/wp-json\/wp\/v2\/comments?post=23373"}],"version-history":[{"count":0,"href":"https:\/\/www.manabi.gob.ec\/index.php\/wp-json\/wp\/v2\/posts\/23373\/revisions"}],"wp:featuredmedia":[{"embeddable":true,"href":"https:\/\/www.manabi.gob.ec\/index.php\/wp-json\/wp\/v2\/media\/23374"}],"wp:attachment":[{"href":"https:\/\/www.manabi.gob.ec\/index.php\/wp-json\/wp\/v2\/media?parent=23373"}],"wp:term":[{"taxonomy":"category","embeddable":true,"href":"https:\/\/www.manabi.gob.ec\/index.php\/wp-json\/wp\/v2\/categories?post=23373"},{"taxonomy":"post_tag","embeddable":true,"href":"https:\/\/www.manabi.gob.ec\/index.php\/wp-json\/wp\/v2\/tags?post=23373"}],"curies":[{"name":"wp","href":"https:\/\/api.w.org\/{rel}","templated":true}]}}