{"id":23383,"date":"2023-01-24T19:18:14","date_gmt":"2023-01-24T19:18:14","guid":{"rendered":"https:\/\/www.manabi.gob.ec\/?p=23383"},"modified":"2023-01-24T19:18:19","modified_gmt":"2023-01-24T19:18:19","slug":"atendemos-la-salud-visual-de-93-ninos-y-ninas-de-montecristi-y-chone","status":"publish","type":"post","link":"https:\/\/www.manabi.gob.ec\/index.php\/atendemos-la-salud-visual-de-93-ninos-y-ninas-de-montecristi-y-chone\/","title":{"rendered":"Atendemos la salud visual de 93 ni\u00f1os y ni\u00f1as de Montecristi y Chone"},"content":{"rendered":"\n<p>93 estudiantes de diferentes unidades educativas de los cantones Montecristi y Chone, recibieron lentes gratuitos del proyecto visual un \u201cPoema Una Luz Para El Futuro\u201d que lleva adelante la Prefectura de Manab\u00ed en convenio con la Fundaci\u00f3n Dr. Oswaldo Loor Moreira.<\/p>\n\n\n\n<p>Los ni\u00f1os y ni\u00f1as beneficiados son de las unidades educativas fiscales: Kerly Annabel Torres, Tierra Santa, de Montecristi, con 37 lentes; An\u00edbal Andrade, Abd\u00f3n Calder\u00f3n, Augusto Sol\u00f3rzano, Magali Mas\u00f3n, Amazonas, de Chone, con 56 lentes gratuitos.<\/p>\n\n\n\n<p>Este proyecto social cuenta con una inversi\u00f3n de $273,390.00 d\u00f3lares y hasta la fecha, en toda la provincia, se han realizado 30.345 tamizajes&nbsp;visuales, y entregado un total&nbsp;de&nbsp;599&nbsp;lentes.<\/p>\n","protected":false},"excerpt":{"rendered":"<p>93 estudiantes de diferentes unidades educativas de los cantones Montecristi y Chone, recibieron lentes gratuitos del proyecto visual un \u201cPoema Una Luz Para El Futuro\u201d que lleva adelante la Prefectura de Manab\u00ed en convenio con la Fundaci\u00f3n Dr. Oswaldo Loor Moreira. Los ni\u00f1os y ni\u00f1as beneficiados son de las unidades educativas fiscales: Kerly Annabel Torres, [&hellip;]<\/p>\n","protected":false},"author":10,"featured_media":23384,"comment_status":"closed","ping_status":"closed","sticky":false,"template":"","format":"standard","meta":{"_joinchat":[],"footnotes":""},"categories":[141,142,148,92,72,91],"tags":[],"class_list":["post-23383","post","type-post","status-publish","format-standard","has-post-thumbnail","hentry","category-chone","category-desarrollo-social","category-montecristi","category-noticias-manabi","category-salud","category-todas"],"yoast_head":"<!-- This site is optimized with the Yoast SEO plugin v27.4 - https:\/\/yoast.com\/product\/yoast-seo-wordpress\/ -->\n<title>Atendemos la salud visual de 93 ni\u00f1os y ni\u00f1as de Montecristi y Chone - Prefectura de Manab\u00ed<\/title>\n<meta name=\"robots\" content=\"index, follow, max-snippet:-1, max-image-preview:large, max-video-preview:-1\" \/>\n<link rel=\"canonical\" href=\"https:\/\/www.manabi.gob.ec\/index.php\/atendemos-la-salud-visual-de-93-ninos-y-ninas-de-montecristi-y-chone\/\" \/>\n<meta property=\"og:locale\" content=\"es_ES\" \/>\n<meta property=\"og:type\" content=\"article\" \/>\n<meta property=\"og:title\" content=\"Atendemos la salud visual de 93 ni\u00f1os y ni\u00f1as de Montecristi y Chone - Prefectura de Manab\u00ed\" \/>\n<meta property=\"og:description\" content=\"93 estudiantes de diferentes unidades educativas de los cantones Montecristi y Chone, recibieron lentes gratuitos del proyecto visual un \u201cPoema Una Luz Para El Futuro\u201d que lleva adelante la Prefectura de Manab\u00ed en convenio con la Fundaci\u00f3n Dr. Oswaldo Loor Moreira. Los ni\u00f1os y ni\u00f1as beneficiados son de las unidades educativas fiscales: Kerly Annabel Torres, [&hellip;]\" \/>\n<meta property=\"og:url\" content=\"https:\/\/www.manabi.gob.ec\/index.php\/atendemos-la-salud-visual-de-93-ninos-y-ninas-de-montecristi-y-chone\/\" \/>\n<meta property=\"og:site_name\" content=\"Prefectura de Manab\u00ed\" \/>\n<meta property=\"article:published_time\" content=\"2023-01-24T19:18:14+00:00\" \/>\n<meta property=\"article:modified_time\" content=\"2023-01-24T19:18:19+00:00\" \/>\n<meta property=\"og:image\" content=\"https:\/\/www.manabi.gob.ec\/wp-content\/uploads\/2023\/01\/WhatsApp-Image-2023-01-20-at-16.28.24.jpeg\" \/>\n\t<meta property=\"og:image:width\" content=\"1280\" \/>\n\t<meta property=\"og:image:height\" content=\"576\" \/>\n\t<meta property=\"og:image:type\" content=\"image\/jpeg\" \/>\n<meta name=\"author\" content=\"Lui Ochoa\" \/>\n<meta name=\"twitter:card\" content=\"summary_large_image\" \/>\n<meta name=\"twitter:label1\" content=\"Escrito por\" \/>\n\t<meta name=\"twitter:data1\" content=\"Lui Ochoa\" \/>\n\t<meta name=\"twitter:label2\" content=\"Tiempo de lectura\" \/>\n\t<meta name=\"twitter:data2\" content=\"1 minuto\" \/>\n<script type=\"application\/ld+json\" class=\"yoast-schema-graph\">{\"@context\":\"https:\\\/\\\/schema.org\",\"@graph\":[{\"@type\":\"Article\",\"@id\":\"https:\\\/\\\/www.manabi.gob.ec\\\/index.php\\\/atendemos-la-salud-visual-de-93-ninos-y-ninas-de-montecristi-y-chone\\\/#article\",\"isPartOf\":{\"@id\":\"https:\\\/\\\/www.manabi.gob.ec\\\/index.php\\\/atendemos-la-salud-visual-de-93-ninos-y-ninas-de-montecristi-y-chone\\\/\"},\"author\":{\"name\":\"Lui Ochoa\",\"@id\":\"https:\\\/\\\/www.manabi.gob.ec\\\/#\\\/schema\\\/person\\\/c4f117989332ad723a6ced5994aa7d7a\"},\"headline\":\"Atendemos la salud visual de 93 ni\u00f1os y ni\u00f1as de Montecristi y Chone\",\"datePublished\":\"2023-01-24T19:18:14+00:00\",\"dateModified\":\"2023-01-24T19:18:19+00:00\",\"mainEntityOfPage\":{\"@id\":\"https:\\\/\\\/www.manabi.gob.ec\\\/index.php\\\/atendemos-la-salud-visual-de-93-ninos-y-ninas-de-montecristi-y-chone\\\/\"},\"wordCount\":130,\"image\":{\"@id\":\"https:\\\/\\\/www.manabi.gob.ec\\\/index.php\\\/atendemos-la-salud-visual-de-93-ninos-y-ninas-de-montecristi-y-chone\\\/#primaryimage\"},\"thumbnailUrl\":\"https:\\\/\\\/www.manabi.gob.ec\\\/wp-content\\\/uploads\\\/2023\\\/01\\\/WhatsApp-Image-2023-01-20-at-16.28.24.jpeg\",\"articleSection\":[\"Chone\",\"Desarrollo Social\",\"Montecristi\",\"Noticias\",\"salud\",\"Todas\"],\"inLanguage\":\"es\"},{\"@type\":\"WebPage\",\"@id\":\"https:\\\/\\\/www.manabi.gob.ec\\\/index.php\\\/atendemos-la-salud-visual-de-93-ninos-y-ninas-de-montecristi-y-chone\\\/\",\"url\":\"https:\\\/\\\/www.manabi.gob.ec\\\/index.php\\\/atendemos-la-salud-visual-de-93-ninos-y-ninas-de-montecristi-y-chone\\\/\",\"name\":\"Atendemos la salud visual de 93 ni\u00f1os y ni\u00f1as de Montecristi y Chone - Prefectura de Manab\u00ed\",\"isPartOf\":{\"@id\":\"https:\\\/\\\/www.manabi.gob.ec\\\/#website\"},\"primaryImageOfPage\":{\"@id\":\"https:\\\/\\\/www.manabi.gob.ec\\\/index.php\\\/atendemos-la-salud-visual-de-93-ninos-y-ninas-de-montecristi-y-chone\\\/#primaryimage\"},\"image\":{\"@id\":\"https:\\\/\\\/www.manabi.gob.ec\\\/index.php\\\/atendemos-la-salud-visual-de-93-ninos-y-ninas-de-montecristi-y-chone\\\/#primaryimage\"},\"thumbnailUrl\":\"https:\\\/\\\/www.manabi.gob.ec\\\/wp-content\\\/uploads\\\/2023\\\/01\\\/WhatsApp-Image-2023-01-20-at-16.28.24.jpeg\",\"datePublished\":\"2023-01-24T19:18:14+00:00\",\"dateModified\":\"2023-01-24T19:18:19+00:00\",\"author\":{\"@id\":\"https:\\\/\\\/www.manabi.gob.ec\\\/#\\\/schema\\\/person\\\/c4f117989332ad723a6ced5994aa7d7a\"},\"breadcrumb\":{\"@id\":\"https:\\\/\\\/www.manabi.gob.ec\\\/index.php\\\/atendemos-la-salud-visual-de-93-ninos-y-ninas-de-montecristi-y-chone\\\/#breadcrumb\"},\"inLanguage\":\"es\",\"potentialAction\":[{\"@type\":\"ReadAction\",\"target\":[\"https:\\\/\\\/www.manabi.gob.ec\\\/index.php\\\/atendemos-la-salud-visual-de-93-ninos-y-ninas-de-montecristi-y-chone\\\/\"]}]},{\"@type\":\"ImageObject\",\"inLanguage\":\"es\",\"@id\":\"https:\\\/\\\/www.manabi.gob.ec\\\/index.php\\\/atendemos-la-salud-visual-de-93-ninos-y-ninas-de-montecristi-y-chone\\\/#primaryimage\",\"url\":\"https:\\\/\\\/www.manabi.gob.ec\\\/wp-content\\\/uploads\\\/2023\\\/01\\\/WhatsApp-Image-2023-01-20-at-16.28.24.jpeg\",\"contentUrl\":\"https:\\\/\\\/www.manabi.gob.ec\\\/wp-content\\\/uploads\\\/2023\\\/01\\\/WhatsApp-Image-2023-01-20-at-16.28.24.jpeg\",\"width\":1280,\"height\":576},{\"@type\":\"BreadcrumbList\",\"@id\":\"https:\\\/\\\/www.manabi.gob.ec\\\/index.php\\\/atendemos-la-salud-visual-de-93-ninos-y-ninas-de-montecristi-y-chone\\\/#breadcrumb\",\"itemListElement\":[{\"@type\":\"ListItem\",\"position\":1,\"name\":\"Portada\",\"item\":\"https:\\\/\\\/www.manabi.gob.ec\\\/\"},{\"@type\":\"ListItem\",\"position\":2,\"name\":\"Atendemos la salud visual de 93 ni\u00f1os y ni\u00f1as de Montecristi y Chone\"}]},{\"@type\":\"WebSite\",\"@id\":\"https:\\\/\\\/www.manabi.gob.ec\\\/#website\",\"url\":\"https:\\\/\\\/www.manabi.gob.ec\\\/\",\"name\":\"Prefectura de Manab\u00ed\",\"description\":\"P\u00e1gina web de la prefectura\",\"potentialAction\":[{\"@type\":\"SearchAction\",\"target\":{\"@type\":\"EntryPoint\",\"urlTemplate\":\"https:\\\/\\\/www.manabi.gob.ec\\\/?s={search_term_string}\"},\"query-input\":{\"@type\":\"PropertyValueSpecification\",\"valueRequired\":true,\"valueName\":\"search_term_string\"}}],\"inLanguage\":\"es\"},{\"@type\":\"Person\",\"@id\":\"https:\\\/\\\/www.manabi.gob.ec\\\/#\\\/schema\\\/person\\\/c4f117989332ad723a6ced5994aa7d7a\",\"name\":\"Lui Ochoa\",\"image\":{\"@type\":\"ImageObject\",\"inLanguage\":\"es\",\"@id\":\"https:\\\/\\\/secure.gravatar.com\\\/avatar\\\/6e8017d0fe69dead8a95864d2eb6e1e1d8bf8e01194ba49cf7b897ff038126ba?s=96&d=mm&r=g\",\"url\":\"https:\\\/\\\/secure.gravatar.com\\\/avatar\\\/6e8017d0fe69dead8a95864d2eb6e1e1d8bf8e01194ba49cf7b897ff038126ba?s=96&d=mm&r=g\",\"contentUrl\":\"https:\\\/\\\/secure.gravatar.com\\\/avatar\\\/6e8017d0fe69dead8a95864d2eb6e1e1d8bf8e01194ba49cf7b897ff038126ba?s=96&d=mm&r=g\",\"caption\":\"Lui Ochoa\"},\"url\":\"https:\\\/\\\/www.manabi.gob.ec\\\/index.php\\\/author\\\/lochoa\\\/\"}]}<\/script>\n<!-- \/ Yoast SEO plugin. -->","yoast_head_json":{"title":"Atendemos la salud visual de 93 ni\u00f1os y ni\u00f1as de Montecristi y Chone - Prefectura de Manab\u00ed","robots":{"index":"index","follow":"follow","max-snippet":"max-snippet:-1","max-image-preview":"max-image-preview:large","max-video-preview":"max-video-preview:-1"},"canonical":"https:\/\/www.manabi.gob.ec\/index.php\/atendemos-la-salud-visual-de-93-ninos-y-ninas-de-montecristi-y-chone\/","og_locale":"es_ES","og_type":"article","og_title":"Atendemos la salud visual de 93 ni\u00f1os y ni\u00f1as de Montecristi y Chone - Prefectura de Manab\u00ed","og_description":"93 estudiantes de diferentes unidades educativas de los cantones Montecristi y Chone, recibieron lentes gratuitos del proyecto visual un \u201cPoema Una Luz Para El Futuro\u201d que lleva adelante la Prefectura de Manab\u00ed en convenio con la Fundaci\u00f3n Dr. Oswaldo Loor Moreira. Los ni\u00f1os y ni\u00f1as beneficiados son de las unidades educativas fiscales: Kerly Annabel Torres, [&hellip;]","og_url":"https:\/\/www.manabi.gob.ec\/index.php\/atendemos-la-salud-visual-de-93-ninos-y-ninas-de-montecristi-y-chone\/","og_site_name":"Prefectura de Manab\u00ed","article_published_time":"2023-01-24T19:18:14+00:00","article_modified_time":"2023-01-24T19:18:19+00:00","og_image":[{"width":1280,"height":576,"url":"https:\/\/www.manabi.gob.ec\/wp-content\/uploads\/2023\/01\/WhatsApp-Image-2023-01-20-at-16.28.24.jpeg","type":"image\/jpeg"}],"author":"Lui Ochoa","twitter_card":"summary_large_image","twitter_misc":{"Escrito por":"Lui Ochoa","Tiempo de lectura":"1 minuto"},"schema":{"@context":"https:\/\/schema.org","@graph":[{"@type":"Article","@id":"https:\/\/www.manabi.gob.ec\/index.php\/atendemos-la-salud-visual-de-93-ninos-y-ninas-de-montecristi-y-chone\/#article","isPartOf":{"@id":"https:\/\/www.manabi.gob.ec\/index.php\/atendemos-la-salud-visual-de-93-ninos-y-ninas-de-montecristi-y-chone\/"},"author":{"name":"Lui Ochoa","@id":"https:\/\/www.manabi.gob.ec\/#\/schema\/person\/c4f117989332ad723a6ced5994aa7d7a"},"headline":"Atendemos la salud visual de 93 ni\u00f1os y ni\u00f1as de Montecristi y Chone","datePublished":"2023-01-24T19:18:14+00:00","dateModified":"2023-01-24T19:18:19+00:00","mainEntityOfPage":{"@id":"https:\/\/www.manabi.gob.ec\/index.php\/atendemos-la-salud-visual-de-93-ninos-y-ninas-de-montecristi-y-chone\/"},"wordCount":130,"image":{"@id":"https:\/\/www.manabi.gob.ec\/index.php\/atendemos-la-salud-visual-de-93-ninos-y-ninas-de-montecristi-y-chone\/#primaryimage"},"thumbnailUrl":"https:\/\/www.manabi.gob.ec\/wp-content\/uploads\/2023\/01\/WhatsApp-Image-2023-01-20-at-16.28.24.jpeg","articleSection":["Chone","Desarrollo Social","Montecristi","Noticias","salud","Todas"],"inLanguage":"es"},{"@type":"WebPage","@id":"https:\/\/www.manabi.gob.ec\/index.php\/atendemos-la-salud-visual-de-93-ninos-y-ninas-de-montecristi-y-chone\/","url":"https:\/\/www.manabi.gob.ec\/index.php\/atendemos-la-salud-visual-de-93-ninos-y-ninas-de-montecristi-y-chone\/","name":"Atendemos la salud visual de 93 ni\u00f1os y ni\u00f1as de Montecristi y Chone - Prefectura de Manab\u00ed","isPartOf":{"@id":"https:\/\/www.manabi.gob.ec\/#website"},"primaryImageOfPage":{"@id":"https:\/\/www.manabi.gob.ec\/index.php\/atendemos-la-salud-visual-de-93-ninos-y-ninas-de-montecristi-y-chone\/#primaryimage"},"image":{"@id":"https:\/\/www.manabi.gob.ec\/index.php\/atendemos-la-salud-visual-de-93-ninos-y-ninas-de-montecristi-y-chone\/#primaryimage"},"thumbnailUrl":"https:\/\/www.manabi.gob.ec\/wp-content\/uploads\/2023\/01\/WhatsApp-Image-2023-01-20-at-16.28.24.jpeg","datePublished":"2023-01-24T19:18:14+00:00","dateModified":"2023-01-24T19:18:19+00:00","author":{"@id":"https:\/\/www.manabi.gob.ec\/#\/schema\/person\/c4f117989332ad723a6ced5994aa7d7a"},"breadcrumb":{"@id":"https:\/\/www.manabi.gob.ec\/index.php\/atendemos-la-salud-visual-de-93-ninos-y-ninas-de-montecristi-y-chone\/#breadcrumb"},"inLanguage":"es","potentialAction":[{"@type":"ReadAction","target":["https:\/\/www.manabi.gob.ec\/index.php\/atendemos-la-salud-visual-de-93-ninos-y-ninas-de-montecristi-y-chone\/"]}]},{"@type":"ImageObject","inLanguage":"es","@id":"https:\/\/www.manabi.gob.ec\/index.php\/atendemos-la-salud-visual-de-93-ninos-y-ninas-de-montecristi-y-chone\/#primaryimage","url":"https:\/\/www.manabi.gob.ec\/wp-content\/uploads\/2023\/01\/WhatsApp-Image-2023-01-20-at-16.28.24.jpeg","contentUrl":"https:\/\/www.manabi.gob.ec\/wp-content\/uploads\/2023\/01\/WhatsApp-Image-2023-01-20-at-16.28.24.jpeg","width":1280,"height":576},{"@type":"BreadcrumbList","@id":"https:\/\/www.manabi.gob.ec\/index.php\/atendemos-la-salud-visual-de-93-ninos-y-ninas-de-montecristi-y-chone\/#breadcrumb","itemListElement":[{"@type":"ListItem","position":1,"name":"Portada","item":"https:\/\/www.manabi.gob.ec\/"},{"@type":"ListItem","position":2,"name":"Atendemos la salud visual de 93 ni\u00f1os y ni\u00f1as de Montecristi y Chone"}]},{"@type":"WebSite","@id":"https:\/\/www.manabi.gob.ec\/#website","url":"https:\/\/www.manabi.gob.ec\/","name":"Prefectura de Manab\u00ed","description":"P\u00e1gina web de la prefectura","potentialAction":[{"@type":"SearchAction","target":{"@type":"EntryPoint","urlTemplate":"https:\/\/www.manabi.gob.ec\/?s={search_term_string}"},"query-input":{"@type":"PropertyValueSpecification","valueRequired":true,"valueName":"search_term_string"}}],"inLanguage":"es"},{"@type":"Person","@id":"https:\/\/www.manabi.gob.ec\/#\/schema\/person\/c4f117989332ad723a6ced5994aa7d7a","name":"Lui Ochoa","image":{"@type":"ImageObject","inLanguage":"es","@id":"https:\/\/secure.gravatar.com\/avatar\/6e8017d0fe69dead8a95864d2eb6e1e1d8bf8e01194ba49cf7b897ff038126ba?s=96&d=mm&r=g","url":"https:\/\/secure.gravatar.com\/avatar\/6e8017d0fe69dead8a95864d2eb6e1e1d8bf8e01194ba49cf7b897ff038126ba?s=96&d=mm&r=g","contentUrl":"https:\/\/secure.gravatar.com\/avatar\/6e8017d0fe69dead8a95864d2eb6e1e1d8bf8e01194ba49cf7b897ff038126ba?s=96&d=mm&r=g","caption":"Lui Ochoa"},"url":"https:\/\/www.manabi.gob.ec\/index.php\/author\/lochoa\/"}]}},"jetpack_featured_media_url":"https:\/\/www.manabi.gob.ec\/wp-content\/uploads\/2023\/01\/WhatsApp-Image-2023-01-20-at-16.28.24.jpeg","_links":{"self":[{"href":"https:\/\/www.manabi.gob.ec\/index.php\/wp-json\/wp\/v2\/posts\/23383","targetHints":{"allow":["GET"]}}],"collection":[{"href":"https:\/\/www.manabi.gob.ec\/index.php\/wp-json\/wp\/v2\/posts"}],"about":[{"href":"https:\/\/www.manabi.gob.ec\/index.php\/wp-json\/wp\/v2\/types\/post"}],"author":[{"embeddable":true,"href":"https:\/\/www.manabi.gob.ec\/index.php\/wp-json\/wp\/v2\/users\/10"}],"replies":[{"embeddable":true,"href":"https:\/\/www.manabi.gob.ec\/index.php\/wp-json\/wp\/v2\/comments?post=23383"}],"version-history":[{"count":0,"href":"https:\/\/www.manabi.gob.ec\/index.php\/wp-json\/wp\/v2\/posts\/23383\/revisions"}],"wp:featuredmedia":[{"embeddable":true,"href":"https:\/\/www.manabi.gob.ec\/index.php\/wp-json\/wp\/v2\/media\/23384"}],"wp:attachment":[{"href":"https:\/\/www.manabi.gob.ec\/index.php\/wp-json\/wp\/v2\/media?parent=23383"}],"wp:term":[{"taxonomy":"category","embeddable":true,"href":"https:\/\/www.manabi.gob.ec\/index.php\/wp-json\/wp\/v2\/categories?post=23383"},{"taxonomy":"post_tag","embeddable":true,"href":"https:\/\/www.manabi.gob.ec\/index.php\/wp-json\/wp\/v2\/tags?post=23383"}],"curies":[{"name":"wp","href":"https:\/\/api.w.org\/{rel}","templated":true}]}}