{"id":23474,"date":"2023-02-07T21:15:39","date_gmt":"2023-02-07T21:15:39","guid":{"rendered":"https:\/\/www.manabi.gob.ec\/?p=23474"},"modified":"2023-02-07T21:15:43","modified_gmt":"2023-02-07T21:15:43","slug":"prefectura-realiza-limpieza-y-desazolve-del-rio-jipijapa","status":"publish","type":"post","link":"https:\/\/www.manabi.gob.ec\/index.php\/prefectura-realiza-limpieza-y-desazolve-del-rio-jipijapa\/","title":{"rendered":"PREFECTURA REALIZA LIMPIEZA Y DESAZOLVE DEL R\u00cdO JIPIJAPA"},"content":{"rendered":"\n<p>Se inici\u00f3 este martes 2 de febrero la limpieza del cauce del r\u00edo Jipijapa a la altura de la avenida Universitaria, trabajos preventivos que responden al Plan Invernal que ejecuta la Prefectura de Manab\u00ed.<\/p>\n\n\n\n<p>Se van a limpiar cinco puntos cr\u00edticos del r\u00edo Jipijapa, entre ellos: La avenida Universitaria, ciudadela 3 de Mayo, el centro urbano del cant\u00f3n por las calles 10 de Agosto, 8 de Enero y Cotopaxi, ciudadela<br>Luis Bustamante hasta la v\u00eda<br>Puerto Cayo, a la altura del centro de faenamiento.<\/p>\n\n\n\n<p>Aproximadamente 3. 5 km del r\u00edo Jipijapa ser\u00e1 intervenido y 1.5 km en los esteros La Tuza y Paloya, indic\u00f3 Paola Salcedo, t\u00e9cnica de la direcci\u00f3n de Riego y Drenaje del Gobierno Provincial.<\/p>\n\n\n\n<p>En el a\u00f1o 2020 se realiz\u00f3 un trabajo similar, gracias a las gestiones y apoyo de la Prefectura, este a\u00f1o se han retomado de nuevo estas labores que brindan seguridad a los habitantes del cant\u00f3n Jipijapa, manifest\u00f3 Leonardo Aguilar, director de Sanidad, Ambiente y Residuos S\u00f3lidos del GAD municipal de Jipijapa.<\/p>\n","protected":false},"excerpt":{"rendered":"<p>Se inici\u00f3 este martes 2 de febrero la limpieza del cauce del r\u00edo Jipijapa a la altura de la avenida Universitaria, trabajos preventivos que responden al Plan Invernal que ejecuta la Prefectura de Manab\u00ed. Se van a limpiar cinco puntos cr\u00edticos del r\u00edo Jipijapa, entre ellos: La avenida Universitaria, ciudadela 3 de Mayo, el centro [&hellip;]<\/p>\n","protected":false},"author":10,"featured_media":23475,"comment_status":"closed","ping_status":"closed","sticky":false,"template":"","format":"standard","meta":{"_joinchat":[],"footnotes":""},"categories":[142,123,170,92,181,91,127],"tags":[],"class_list":["post-23474","post","type-post","status-publish","format-standard","has-post-thumbnail","hentry","category-desarrollo-social","category-jipijapa","category-manabi-vial","category-noticias-manabi","category-obra-publica","category-todas","category-vialidad"],"yoast_head":"<!-- This site is optimized with the Yoast SEO plugin v27.4 - https:\/\/yoast.com\/product\/yoast-seo-wordpress\/ -->\n<title>PREFECTURA REALIZA LIMPIEZA Y DESAZOLVE DEL R\u00cdO JIPIJAPA - Prefectura de Manab\u00ed<\/title>\n<meta name=\"robots\" content=\"index, follow, max-snippet:-1, max-image-preview:large, max-video-preview:-1\" \/>\n<link rel=\"canonical\" href=\"https:\/\/www.manabi.gob.ec\/index.php\/prefectura-realiza-limpieza-y-desazolve-del-rio-jipijapa\/\" \/>\n<meta property=\"og:locale\" content=\"es_ES\" \/>\n<meta property=\"og:type\" content=\"article\" \/>\n<meta property=\"og:title\" content=\"PREFECTURA REALIZA LIMPIEZA Y DESAZOLVE DEL R\u00cdO JIPIJAPA - Prefectura de Manab\u00ed\" \/>\n<meta property=\"og:description\" content=\"Se inici\u00f3 este martes 2 de febrero la limpieza del cauce del r\u00edo Jipijapa a la altura de la avenida Universitaria, trabajos preventivos que responden al Plan Invernal que ejecuta la Prefectura de Manab\u00ed. Se van a limpiar cinco puntos cr\u00edticos del r\u00edo Jipijapa, entre ellos: La avenida Universitaria, ciudadela 3 de Mayo, el centro [&hellip;]\" \/>\n<meta property=\"og:url\" content=\"https:\/\/www.manabi.gob.ec\/index.php\/prefectura-realiza-limpieza-y-desazolve-del-rio-jipijapa\/\" \/>\n<meta property=\"og:site_name\" content=\"Prefectura de Manab\u00ed\" \/>\n<meta property=\"article:published_time\" content=\"2023-02-07T21:15:39+00:00\" \/>\n<meta property=\"article:modified_time\" content=\"2023-02-07T21:15:43+00:00\" \/>\n<meta property=\"og:image\" content=\"https:\/\/www.manabi.gob.ec\/wp-content\/uploads\/2023\/02\/WhatsApp-Image-2023-02-02-at-13.50.33.jpeg\" \/>\n\t<meta property=\"og:image:width\" content=\"1600\" \/>\n\t<meta property=\"og:image:height\" content=\"901\" \/>\n\t<meta property=\"og:image:type\" content=\"image\/jpeg\" \/>\n<meta name=\"author\" content=\"Lui Ochoa\" \/>\n<meta name=\"twitter:card\" content=\"summary_large_image\" \/>\n<meta name=\"twitter:label1\" content=\"Escrito por\" \/>\n\t<meta name=\"twitter:data1\" content=\"Lui Ochoa\" \/>\n\t<meta name=\"twitter:label2\" content=\"Tiempo de lectura\" \/>\n\t<meta name=\"twitter:data2\" content=\"1 minuto\" \/>\n<script type=\"application\/ld+json\" class=\"yoast-schema-graph\">{\"@context\":\"https:\\\/\\\/schema.org\",\"@graph\":[{\"@type\":\"Article\",\"@id\":\"https:\\\/\\\/www.manabi.gob.ec\\\/index.php\\\/prefectura-realiza-limpieza-y-desazolve-del-rio-jipijapa\\\/#article\",\"isPartOf\":{\"@id\":\"https:\\\/\\\/www.manabi.gob.ec\\\/index.php\\\/prefectura-realiza-limpieza-y-desazolve-del-rio-jipijapa\\\/\"},\"author\":{\"name\":\"Lui Ochoa\",\"@id\":\"https:\\\/\\\/www.manabi.gob.ec\\\/#\\\/schema\\\/person\\\/c4f117989332ad723a6ced5994aa7d7a\"},\"headline\":\"PREFECTURA REALIZA LIMPIEZA Y DESAZOLVE DEL R\u00cdO JIPIJAPA\",\"datePublished\":\"2023-02-07T21:15:39+00:00\",\"dateModified\":\"2023-02-07T21:15:43+00:00\",\"mainEntityOfPage\":{\"@id\":\"https:\\\/\\\/www.manabi.gob.ec\\\/index.php\\\/prefectura-realiza-limpieza-y-desazolve-del-rio-jipijapa\\\/\"},\"wordCount\":179,\"image\":{\"@id\":\"https:\\\/\\\/www.manabi.gob.ec\\\/index.php\\\/prefectura-realiza-limpieza-y-desazolve-del-rio-jipijapa\\\/#primaryimage\"},\"thumbnailUrl\":\"https:\\\/\\\/www.manabi.gob.ec\\\/wp-content\\\/uploads\\\/2023\\\/02\\\/WhatsApp-Image-2023-02-02-at-13.50.33.jpeg\",\"articleSection\":[\"Desarrollo Social\",\"Jipijapa\",\"Manab\u00ed Vial\",\"Noticias\",\"Obra P\u00fablica\",\"Todas\",\"Vialidad\"],\"inLanguage\":\"es\"},{\"@type\":\"WebPage\",\"@id\":\"https:\\\/\\\/www.manabi.gob.ec\\\/index.php\\\/prefectura-realiza-limpieza-y-desazolve-del-rio-jipijapa\\\/\",\"url\":\"https:\\\/\\\/www.manabi.gob.ec\\\/index.php\\\/prefectura-realiza-limpieza-y-desazolve-del-rio-jipijapa\\\/\",\"name\":\"PREFECTURA REALIZA LIMPIEZA Y DESAZOLVE DEL R\u00cdO JIPIJAPA - Prefectura de Manab\u00ed\",\"isPartOf\":{\"@id\":\"https:\\\/\\\/www.manabi.gob.ec\\\/#website\"},\"primaryImageOfPage\":{\"@id\":\"https:\\\/\\\/www.manabi.gob.ec\\\/index.php\\\/prefectura-realiza-limpieza-y-desazolve-del-rio-jipijapa\\\/#primaryimage\"},\"image\":{\"@id\":\"https:\\\/\\\/www.manabi.gob.ec\\\/index.php\\\/prefectura-realiza-limpieza-y-desazolve-del-rio-jipijapa\\\/#primaryimage\"},\"thumbnailUrl\":\"https:\\\/\\\/www.manabi.gob.ec\\\/wp-content\\\/uploads\\\/2023\\\/02\\\/WhatsApp-Image-2023-02-02-at-13.50.33.jpeg\",\"datePublished\":\"2023-02-07T21:15:39+00:00\",\"dateModified\":\"2023-02-07T21:15:43+00:00\",\"author\":{\"@id\":\"https:\\\/\\\/www.manabi.gob.ec\\\/#\\\/schema\\\/person\\\/c4f117989332ad723a6ced5994aa7d7a\"},\"breadcrumb\":{\"@id\":\"https:\\\/\\\/www.manabi.gob.ec\\\/index.php\\\/prefectura-realiza-limpieza-y-desazolve-del-rio-jipijapa\\\/#breadcrumb\"},\"inLanguage\":\"es\",\"potentialAction\":[{\"@type\":\"ReadAction\",\"target\":[\"https:\\\/\\\/www.manabi.gob.ec\\\/index.php\\\/prefectura-realiza-limpieza-y-desazolve-del-rio-jipijapa\\\/\"]}]},{\"@type\":\"ImageObject\",\"inLanguage\":\"es\",\"@id\":\"https:\\\/\\\/www.manabi.gob.ec\\\/index.php\\\/prefectura-realiza-limpieza-y-desazolve-del-rio-jipijapa\\\/#primaryimage\",\"url\":\"https:\\\/\\\/www.manabi.gob.ec\\\/wp-content\\\/uploads\\\/2023\\\/02\\\/WhatsApp-Image-2023-02-02-at-13.50.33.jpeg\",\"contentUrl\":\"https:\\\/\\\/www.manabi.gob.ec\\\/wp-content\\\/uploads\\\/2023\\\/02\\\/WhatsApp-Image-2023-02-02-at-13.50.33.jpeg\",\"width\":1600,\"height\":901},{\"@type\":\"BreadcrumbList\",\"@id\":\"https:\\\/\\\/www.manabi.gob.ec\\\/index.php\\\/prefectura-realiza-limpieza-y-desazolve-del-rio-jipijapa\\\/#breadcrumb\",\"itemListElement\":[{\"@type\":\"ListItem\",\"position\":1,\"name\":\"Portada\",\"item\":\"https:\\\/\\\/www.manabi.gob.ec\\\/\"},{\"@type\":\"ListItem\",\"position\":2,\"name\":\"PREFECTURA REALIZA LIMPIEZA Y DESAZOLVE DEL R\u00cdO JIPIJAPA\"}]},{\"@type\":\"WebSite\",\"@id\":\"https:\\\/\\\/www.manabi.gob.ec\\\/#website\",\"url\":\"https:\\\/\\\/www.manabi.gob.ec\\\/\",\"name\":\"Prefectura de Manab\u00ed\",\"description\":\"P\u00e1gina web de la prefectura\",\"potentialAction\":[{\"@type\":\"SearchAction\",\"target\":{\"@type\":\"EntryPoint\",\"urlTemplate\":\"https:\\\/\\\/www.manabi.gob.ec\\\/?s={search_term_string}\"},\"query-input\":{\"@type\":\"PropertyValueSpecification\",\"valueRequired\":true,\"valueName\":\"search_term_string\"}}],\"inLanguage\":\"es\"},{\"@type\":\"Person\",\"@id\":\"https:\\\/\\\/www.manabi.gob.ec\\\/#\\\/schema\\\/person\\\/c4f117989332ad723a6ced5994aa7d7a\",\"name\":\"Lui Ochoa\",\"image\":{\"@type\":\"ImageObject\",\"inLanguage\":\"es\",\"@id\":\"https:\\\/\\\/secure.gravatar.com\\\/avatar\\\/6e8017d0fe69dead8a95864d2eb6e1e1d8bf8e01194ba49cf7b897ff038126ba?s=96&d=mm&r=g\",\"url\":\"https:\\\/\\\/secure.gravatar.com\\\/avatar\\\/6e8017d0fe69dead8a95864d2eb6e1e1d8bf8e01194ba49cf7b897ff038126ba?s=96&d=mm&r=g\",\"contentUrl\":\"https:\\\/\\\/secure.gravatar.com\\\/avatar\\\/6e8017d0fe69dead8a95864d2eb6e1e1d8bf8e01194ba49cf7b897ff038126ba?s=96&d=mm&r=g\",\"caption\":\"Lui Ochoa\"},\"url\":\"https:\\\/\\\/www.manabi.gob.ec\\\/index.php\\\/author\\\/lochoa\\\/\"}]}<\/script>\n<!-- \/ Yoast SEO plugin. -->","yoast_head_json":{"title":"PREFECTURA REALIZA LIMPIEZA Y DESAZOLVE DEL R\u00cdO JIPIJAPA - Prefectura de Manab\u00ed","robots":{"index":"index","follow":"follow","max-snippet":"max-snippet:-1","max-image-preview":"max-image-preview:large","max-video-preview":"max-video-preview:-1"},"canonical":"https:\/\/www.manabi.gob.ec\/index.php\/prefectura-realiza-limpieza-y-desazolve-del-rio-jipijapa\/","og_locale":"es_ES","og_type":"article","og_title":"PREFECTURA REALIZA LIMPIEZA Y DESAZOLVE DEL R\u00cdO JIPIJAPA - Prefectura de Manab\u00ed","og_description":"Se inici\u00f3 este martes 2 de febrero la limpieza del cauce del r\u00edo Jipijapa a la altura de la avenida Universitaria, trabajos preventivos que responden al Plan Invernal que ejecuta la Prefectura de Manab\u00ed. Se van a limpiar cinco puntos cr\u00edticos del r\u00edo Jipijapa, entre ellos: La avenida Universitaria, ciudadela 3 de Mayo, el centro [&hellip;]","og_url":"https:\/\/www.manabi.gob.ec\/index.php\/prefectura-realiza-limpieza-y-desazolve-del-rio-jipijapa\/","og_site_name":"Prefectura de Manab\u00ed","article_published_time":"2023-02-07T21:15:39+00:00","article_modified_time":"2023-02-07T21:15:43+00:00","og_image":[{"width":1600,"height":901,"url":"https:\/\/www.manabi.gob.ec\/wp-content\/uploads\/2023\/02\/WhatsApp-Image-2023-02-02-at-13.50.33.jpeg","type":"image\/jpeg"}],"author":"Lui Ochoa","twitter_card":"summary_large_image","twitter_misc":{"Escrito por":"Lui Ochoa","Tiempo de lectura":"1 minuto"},"schema":{"@context":"https:\/\/schema.org","@graph":[{"@type":"Article","@id":"https:\/\/www.manabi.gob.ec\/index.php\/prefectura-realiza-limpieza-y-desazolve-del-rio-jipijapa\/#article","isPartOf":{"@id":"https:\/\/www.manabi.gob.ec\/index.php\/prefectura-realiza-limpieza-y-desazolve-del-rio-jipijapa\/"},"author":{"name":"Lui Ochoa","@id":"https:\/\/www.manabi.gob.ec\/#\/schema\/person\/c4f117989332ad723a6ced5994aa7d7a"},"headline":"PREFECTURA REALIZA LIMPIEZA Y DESAZOLVE DEL R\u00cdO JIPIJAPA","datePublished":"2023-02-07T21:15:39+00:00","dateModified":"2023-02-07T21:15:43+00:00","mainEntityOfPage":{"@id":"https:\/\/www.manabi.gob.ec\/index.php\/prefectura-realiza-limpieza-y-desazolve-del-rio-jipijapa\/"},"wordCount":179,"image":{"@id":"https:\/\/www.manabi.gob.ec\/index.php\/prefectura-realiza-limpieza-y-desazolve-del-rio-jipijapa\/#primaryimage"},"thumbnailUrl":"https:\/\/www.manabi.gob.ec\/wp-content\/uploads\/2023\/02\/WhatsApp-Image-2023-02-02-at-13.50.33.jpeg","articleSection":["Desarrollo Social","Jipijapa","Manab\u00ed Vial","Noticias","Obra P\u00fablica","Todas","Vialidad"],"inLanguage":"es"},{"@type":"WebPage","@id":"https:\/\/www.manabi.gob.ec\/index.php\/prefectura-realiza-limpieza-y-desazolve-del-rio-jipijapa\/","url":"https:\/\/www.manabi.gob.ec\/index.php\/prefectura-realiza-limpieza-y-desazolve-del-rio-jipijapa\/","name":"PREFECTURA REALIZA LIMPIEZA Y DESAZOLVE DEL R\u00cdO JIPIJAPA - Prefectura de Manab\u00ed","isPartOf":{"@id":"https:\/\/www.manabi.gob.ec\/#website"},"primaryImageOfPage":{"@id":"https:\/\/www.manabi.gob.ec\/index.php\/prefectura-realiza-limpieza-y-desazolve-del-rio-jipijapa\/#primaryimage"},"image":{"@id":"https:\/\/www.manabi.gob.ec\/index.php\/prefectura-realiza-limpieza-y-desazolve-del-rio-jipijapa\/#primaryimage"},"thumbnailUrl":"https:\/\/www.manabi.gob.ec\/wp-content\/uploads\/2023\/02\/WhatsApp-Image-2023-02-02-at-13.50.33.jpeg","datePublished":"2023-02-07T21:15:39+00:00","dateModified":"2023-02-07T21:15:43+00:00","author":{"@id":"https:\/\/www.manabi.gob.ec\/#\/schema\/person\/c4f117989332ad723a6ced5994aa7d7a"},"breadcrumb":{"@id":"https:\/\/www.manabi.gob.ec\/index.php\/prefectura-realiza-limpieza-y-desazolve-del-rio-jipijapa\/#breadcrumb"},"inLanguage":"es","potentialAction":[{"@type":"ReadAction","target":["https:\/\/www.manabi.gob.ec\/index.php\/prefectura-realiza-limpieza-y-desazolve-del-rio-jipijapa\/"]}]},{"@type":"ImageObject","inLanguage":"es","@id":"https:\/\/www.manabi.gob.ec\/index.php\/prefectura-realiza-limpieza-y-desazolve-del-rio-jipijapa\/#primaryimage","url":"https:\/\/www.manabi.gob.ec\/wp-content\/uploads\/2023\/02\/WhatsApp-Image-2023-02-02-at-13.50.33.jpeg","contentUrl":"https:\/\/www.manabi.gob.ec\/wp-content\/uploads\/2023\/02\/WhatsApp-Image-2023-02-02-at-13.50.33.jpeg","width":1600,"height":901},{"@type":"BreadcrumbList","@id":"https:\/\/www.manabi.gob.ec\/index.php\/prefectura-realiza-limpieza-y-desazolve-del-rio-jipijapa\/#breadcrumb","itemListElement":[{"@type":"ListItem","position":1,"name":"Portada","item":"https:\/\/www.manabi.gob.ec\/"},{"@type":"ListItem","position":2,"name":"PREFECTURA REALIZA LIMPIEZA Y DESAZOLVE DEL R\u00cdO JIPIJAPA"}]},{"@type":"WebSite","@id":"https:\/\/www.manabi.gob.ec\/#website","url":"https:\/\/www.manabi.gob.ec\/","name":"Prefectura de Manab\u00ed","description":"P\u00e1gina web de la prefectura","potentialAction":[{"@type":"SearchAction","target":{"@type":"EntryPoint","urlTemplate":"https:\/\/www.manabi.gob.ec\/?s={search_term_string}"},"query-input":{"@type":"PropertyValueSpecification","valueRequired":true,"valueName":"search_term_string"}}],"inLanguage":"es"},{"@type":"Person","@id":"https:\/\/www.manabi.gob.ec\/#\/schema\/person\/c4f117989332ad723a6ced5994aa7d7a","name":"Lui Ochoa","image":{"@type":"ImageObject","inLanguage":"es","@id":"https:\/\/secure.gravatar.com\/avatar\/6e8017d0fe69dead8a95864d2eb6e1e1d8bf8e01194ba49cf7b897ff038126ba?s=96&d=mm&r=g","url":"https:\/\/secure.gravatar.com\/avatar\/6e8017d0fe69dead8a95864d2eb6e1e1d8bf8e01194ba49cf7b897ff038126ba?s=96&d=mm&r=g","contentUrl":"https:\/\/secure.gravatar.com\/avatar\/6e8017d0fe69dead8a95864d2eb6e1e1d8bf8e01194ba49cf7b897ff038126ba?s=96&d=mm&r=g","caption":"Lui Ochoa"},"url":"https:\/\/www.manabi.gob.ec\/index.php\/author\/lochoa\/"}]}},"jetpack_featured_media_url":"https:\/\/www.manabi.gob.ec\/wp-content\/uploads\/2023\/02\/WhatsApp-Image-2023-02-02-at-13.50.33.jpeg","_links":{"self":[{"href":"https:\/\/www.manabi.gob.ec\/index.php\/wp-json\/wp\/v2\/posts\/23474","targetHints":{"allow":["GET"]}}],"collection":[{"href":"https:\/\/www.manabi.gob.ec\/index.php\/wp-json\/wp\/v2\/posts"}],"about":[{"href":"https:\/\/www.manabi.gob.ec\/index.php\/wp-json\/wp\/v2\/types\/post"}],"author":[{"embeddable":true,"href":"https:\/\/www.manabi.gob.ec\/index.php\/wp-json\/wp\/v2\/users\/10"}],"replies":[{"embeddable":true,"href":"https:\/\/www.manabi.gob.ec\/index.php\/wp-json\/wp\/v2\/comments?post=23474"}],"version-history":[{"count":0,"href":"https:\/\/www.manabi.gob.ec\/index.php\/wp-json\/wp\/v2\/posts\/23474\/revisions"}],"wp:featuredmedia":[{"embeddable":true,"href":"https:\/\/www.manabi.gob.ec\/index.php\/wp-json\/wp\/v2\/media\/23475"}],"wp:attachment":[{"href":"https:\/\/www.manabi.gob.ec\/index.php\/wp-json\/wp\/v2\/media?parent=23474"}],"wp:term":[{"taxonomy":"category","embeddable":true,"href":"https:\/\/www.manabi.gob.ec\/index.php\/wp-json\/wp\/v2\/categories?post=23474"},{"taxonomy":"post_tag","embeddable":true,"href":"https:\/\/www.manabi.gob.ec\/index.php\/wp-json\/wp\/v2\/tags?post=23474"}],"curies":[{"name":"wp","href":"https:\/\/api.w.org\/{rel}","templated":true}]}}