{"id":23526,"date":"2023-02-13T17:25:12","date_gmt":"2023-02-13T17:25:12","guid":{"rendered":"https:\/\/www.manabi.gob.ec\/?p=23526"},"modified":"2023-02-13T17:25:21","modified_gmt":"2023-02-13T17:25:21","slug":"el-agua-para-riego-llego-a-la-pipona-de-rocafuerte","status":"publish","type":"post","link":"https:\/\/www.manabi.gob.ec\/index.php\/el-agua-para-riego-llego-a-la-pipona-de-rocafuerte\/","title":{"rendered":"\u00a1El AGUA PARA RIEGO LLEG\u00d3 A LA PIPONA DE ROCAFUERTE !"},"content":{"rendered":"\n<p>\u201cLa Pipona rompi\u00f3 la fuente de agua, ha parido. Usted ha cumplido su palabra se\u00f1or Prefecto\u00bb, fueron las expresiones de Juan Carlos Berm\u00fadez durante el acto de inauguraci\u00f3n del sistema de riego San Andr\u00e9s de La Pipona, en el cant\u00f3n Rocafuerte.<br>Estas declaraciones que hizo Berm\u00fadez hicieron eco en el prefecto, Leonardo Orlando, \u201choy se rompe el agua fuente; hoy se abre la llave para el riego, pero este parto fue doloroso y de alto riesgo, porque se presentaron varios contratiempos en el proceso, los recursos estaban perdidos. Pero, nunca perdimos la fe ni la esperanza\u00bb, dijo la autoridad provincial.<\/p>\n\n\n\n<p>Este s\u00e1bado 11 de febrero fue un d\u00eda hist\u00f3rico y festivo en San Andr\u00e9s de La Pipona, lugar donde se dieron cita agricultores para celebrar la gran inauguraci\u00f3n del sistema de riego, evento que cont\u00f3 con la presencia del prefecto Leonardo Orlando, la viceprefecta Kelly Buenaventura, y otras autoridades de la provincia.<br>\u00abEste no es un proyecto individual, beneficia directamente a m\u00e1s de mil familias; jam\u00e1s van a estar solos, viene el fortalecimiento asociativo\u00bb, concluy\u00f3 el prefecto Leonardo Orlando.<\/p>\n\n\n\n<p>Esta obra de riego irrigar\u00e1 aproximadamenrte 480 hect\u00e1reas de cultivos de ciclo corto, se benefician las comunidades Ca\u00f1itas, Pasadero, San Andr\u00e9s y San Eloy de los cantones Sucre y Rocafuerte, respectivamente.<\/p>\n\n\n\n<p>El Consorcio Piporiego, construy\u00f3 el Sistema de Riego La Pipona, por un monto $ 1&#8217;835. 536,32 de d\u00f3lares, recursos provenientes de la competencia de riego y drenaje a trav\u00e9s de la Prefectura de Manab\u00ed y el Banco de Desarrollo (BDE).<\/p>\n","protected":false},"excerpt":{"rendered":"<p>\u201cLa Pipona rompi\u00f3 la fuente de agua, ha parido. Usted ha cumplido su palabra se\u00f1or Prefecto\u00bb, fueron las expresiones de Juan Carlos Berm\u00fadez durante el acto de inauguraci\u00f3n del sistema de riego San Andr\u00e9s de La Pipona, en el cant\u00f3n Rocafuerte.Estas declaraciones que hizo Berm\u00fadez hicieron eco en el prefecto, Leonardo Orlando, \u201choy se rompe [&hellip;]<\/p>\n","protected":false},"author":10,"featured_media":23527,"comment_status":"closed","ping_status":"closed","sticky":false,"template":"","format":"standard","meta":{"_joinchat":[],"footnotes":""},"categories":[142,92,181,135,91],"tags":[],"class_list":["post-23526","post","type-post","status-publish","format-standard","has-post-thumbnail","hentry","category-desarrollo-social","category-noticias-manabi","category-obra-publica","category-rocafuerte","category-todas"],"yoast_head":"<!-- This site is optimized with the Yoast SEO plugin v27.4 - https:\/\/yoast.com\/product\/yoast-seo-wordpress\/ -->\n<title>\u00a1El AGUA PARA RIEGO LLEG\u00d3 A LA PIPONA DE ROCAFUERTE ! - Prefectura de Manab\u00ed<\/title>\n<meta name=\"robots\" content=\"index, follow, max-snippet:-1, max-image-preview:large, max-video-preview:-1\" \/>\n<link rel=\"canonical\" href=\"https:\/\/www.manabi.gob.ec\/index.php\/el-agua-para-riego-llego-a-la-pipona-de-rocafuerte\/\" \/>\n<meta property=\"og:locale\" content=\"es_ES\" \/>\n<meta property=\"og:type\" content=\"article\" \/>\n<meta property=\"og:title\" content=\"\u00a1El AGUA PARA RIEGO LLEG\u00d3 A LA PIPONA DE ROCAFUERTE ! - Prefectura de Manab\u00ed\" \/>\n<meta property=\"og:description\" content=\"\u201cLa Pipona rompi\u00f3 la fuente de agua, ha parido. Usted ha cumplido su palabra se\u00f1or Prefecto\u00bb, fueron las expresiones de Juan Carlos Berm\u00fadez durante el acto de inauguraci\u00f3n del sistema de riego San Andr\u00e9s de La Pipona, en el cant\u00f3n Rocafuerte.Estas declaraciones que hizo Berm\u00fadez hicieron eco en el prefecto, Leonardo Orlando, \u201choy se rompe [&hellip;]\" \/>\n<meta property=\"og:url\" content=\"https:\/\/www.manabi.gob.ec\/index.php\/el-agua-para-riego-llego-a-la-pipona-de-rocafuerte\/\" \/>\n<meta property=\"og:site_name\" content=\"Prefectura de Manab\u00ed\" \/>\n<meta property=\"article:published_time\" content=\"2023-02-13T17:25:12+00:00\" \/>\n<meta property=\"article:modified_time\" content=\"2023-02-13T17:25:21+00:00\" \/>\n<meta property=\"og:image\" content=\"https:\/\/www.manabi.gob.ec\/wp-content\/uploads\/2023\/02\/WhatsApp-Image-2023-02-12-at-12.37.10.jpeg\" \/>\n\t<meta property=\"og:image:width\" content=\"1296\" \/>\n\t<meta property=\"og:image:height\" content=\"864\" \/>\n\t<meta property=\"og:image:type\" content=\"image\/jpeg\" \/>\n<meta name=\"author\" content=\"Lui Ochoa\" \/>\n<meta name=\"twitter:card\" content=\"summary_large_image\" \/>\n<meta name=\"twitter:label1\" content=\"Escrito por\" \/>\n\t<meta name=\"twitter:data1\" content=\"Lui Ochoa\" \/>\n\t<meta name=\"twitter:label2\" content=\"Tiempo de lectura\" \/>\n\t<meta name=\"twitter:data2\" content=\"2 minutos\" \/>\n<script type=\"application\/ld+json\" class=\"yoast-schema-graph\">{\"@context\":\"https:\\\/\\\/schema.org\",\"@graph\":[{\"@type\":\"Article\",\"@id\":\"https:\\\/\\\/www.manabi.gob.ec\\\/index.php\\\/el-agua-para-riego-llego-a-la-pipona-de-rocafuerte\\\/#article\",\"isPartOf\":{\"@id\":\"https:\\\/\\\/www.manabi.gob.ec\\\/index.php\\\/el-agua-para-riego-llego-a-la-pipona-de-rocafuerte\\\/\"},\"author\":{\"name\":\"Lui Ochoa\",\"@id\":\"https:\\\/\\\/www.manabi.gob.ec\\\/#\\\/schema\\\/person\\\/c4f117989332ad723a6ced5994aa7d7a\"},\"headline\":\"\u00a1El AGUA PARA RIEGO LLEG\u00d3 A LA PIPONA DE ROCAFUERTE !\",\"datePublished\":\"2023-02-13T17:25:12+00:00\",\"dateModified\":\"2023-02-13T17:25:21+00:00\",\"mainEntityOfPage\":{\"@id\":\"https:\\\/\\\/www.manabi.gob.ec\\\/index.php\\\/el-agua-para-riego-llego-a-la-pipona-de-rocafuerte\\\/\"},\"wordCount\":274,\"image\":{\"@id\":\"https:\\\/\\\/www.manabi.gob.ec\\\/index.php\\\/el-agua-para-riego-llego-a-la-pipona-de-rocafuerte\\\/#primaryimage\"},\"thumbnailUrl\":\"https:\\\/\\\/www.manabi.gob.ec\\\/wp-content\\\/uploads\\\/2023\\\/02\\\/WhatsApp-Image-2023-02-12-at-12.37.10.jpeg\",\"articleSection\":[\"Desarrollo Social\",\"Noticias\",\"Obra P\u00fablica\",\"Rocafuerte\",\"Todas\"],\"inLanguage\":\"es\"},{\"@type\":\"WebPage\",\"@id\":\"https:\\\/\\\/www.manabi.gob.ec\\\/index.php\\\/el-agua-para-riego-llego-a-la-pipona-de-rocafuerte\\\/\",\"url\":\"https:\\\/\\\/www.manabi.gob.ec\\\/index.php\\\/el-agua-para-riego-llego-a-la-pipona-de-rocafuerte\\\/\",\"name\":\"\u00a1El AGUA PARA RIEGO LLEG\u00d3 A LA PIPONA DE ROCAFUERTE ! - Prefectura de Manab\u00ed\",\"isPartOf\":{\"@id\":\"https:\\\/\\\/www.manabi.gob.ec\\\/#website\"},\"primaryImageOfPage\":{\"@id\":\"https:\\\/\\\/www.manabi.gob.ec\\\/index.php\\\/el-agua-para-riego-llego-a-la-pipona-de-rocafuerte\\\/#primaryimage\"},\"image\":{\"@id\":\"https:\\\/\\\/www.manabi.gob.ec\\\/index.php\\\/el-agua-para-riego-llego-a-la-pipona-de-rocafuerte\\\/#primaryimage\"},\"thumbnailUrl\":\"https:\\\/\\\/www.manabi.gob.ec\\\/wp-content\\\/uploads\\\/2023\\\/02\\\/WhatsApp-Image-2023-02-12-at-12.37.10.jpeg\",\"datePublished\":\"2023-02-13T17:25:12+00:00\",\"dateModified\":\"2023-02-13T17:25:21+00:00\",\"author\":{\"@id\":\"https:\\\/\\\/www.manabi.gob.ec\\\/#\\\/schema\\\/person\\\/c4f117989332ad723a6ced5994aa7d7a\"},\"breadcrumb\":{\"@id\":\"https:\\\/\\\/www.manabi.gob.ec\\\/index.php\\\/el-agua-para-riego-llego-a-la-pipona-de-rocafuerte\\\/#breadcrumb\"},\"inLanguage\":\"es\",\"potentialAction\":[{\"@type\":\"ReadAction\",\"target\":[\"https:\\\/\\\/www.manabi.gob.ec\\\/index.php\\\/el-agua-para-riego-llego-a-la-pipona-de-rocafuerte\\\/\"]}]},{\"@type\":\"ImageObject\",\"inLanguage\":\"es\",\"@id\":\"https:\\\/\\\/www.manabi.gob.ec\\\/index.php\\\/el-agua-para-riego-llego-a-la-pipona-de-rocafuerte\\\/#primaryimage\",\"url\":\"https:\\\/\\\/www.manabi.gob.ec\\\/wp-content\\\/uploads\\\/2023\\\/02\\\/WhatsApp-Image-2023-02-12-at-12.37.10.jpeg\",\"contentUrl\":\"https:\\\/\\\/www.manabi.gob.ec\\\/wp-content\\\/uploads\\\/2023\\\/02\\\/WhatsApp-Image-2023-02-12-at-12.37.10.jpeg\",\"width\":1296,\"height\":864},{\"@type\":\"BreadcrumbList\",\"@id\":\"https:\\\/\\\/www.manabi.gob.ec\\\/index.php\\\/el-agua-para-riego-llego-a-la-pipona-de-rocafuerte\\\/#breadcrumb\",\"itemListElement\":[{\"@type\":\"ListItem\",\"position\":1,\"name\":\"Portada\",\"item\":\"https:\\\/\\\/www.manabi.gob.ec\\\/\"},{\"@type\":\"ListItem\",\"position\":2,\"name\":\"\u00a1El AGUA PARA RIEGO LLEG\u00d3 A LA PIPONA DE ROCAFUERTE !\"}]},{\"@type\":\"WebSite\",\"@id\":\"https:\\\/\\\/www.manabi.gob.ec\\\/#website\",\"url\":\"https:\\\/\\\/www.manabi.gob.ec\\\/\",\"name\":\"Prefectura de Manab\u00ed\",\"description\":\"P\u00e1gina web de la prefectura\",\"potentialAction\":[{\"@type\":\"SearchAction\",\"target\":{\"@type\":\"EntryPoint\",\"urlTemplate\":\"https:\\\/\\\/www.manabi.gob.ec\\\/?s={search_term_string}\"},\"query-input\":{\"@type\":\"PropertyValueSpecification\",\"valueRequired\":true,\"valueName\":\"search_term_string\"}}],\"inLanguage\":\"es\"},{\"@type\":\"Person\",\"@id\":\"https:\\\/\\\/www.manabi.gob.ec\\\/#\\\/schema\\\/person\\\/c4f117989332ad723a6ced5994aa7d7a\",\"name\":\"Lui Ochoa\",\"image\":{\"@type\":\"ImageObject\",\"inLanguage\":\"es\",\"@id\":\"https:\\\/\\\/secure.gravatar.com\\\/avatar\\\/6e8017d0fe69dead8a95864d2eb6e1e1d8bf8e01194ba49cf7b897ff038126ba?s=96&d=mm&r=g\",\"url\":\"https:\\\/\\\/secure.gravatar.com\\\/avatar\\\/6e8017d0fe69dead8a95864d2eb6e1e1d8bf8e01194ba49cf7b897ff038126ba?s=96&d=mm&r=g\",\"contentUrl\":\"https:\\\/\\\/secure.gravatar.com\\\/avatar\\\/6e8017d0fe69dead8a95864d2eb6e1e1d8bf8e01194ba49cf7b897ff038126ba?s=96&d=mm&r=g\",\"caption\":\"Lui Ochoa\"},\"url\":\"https:\\\/\\\/www.manabi.gob.ec\\\/index.php\\\/author\\\/lochoa\\\/\"}]}<\/script>\n<!-- \/ Yoast SEO plugin. -->","yoast_head_json":{"title":"\u00a1El AGUA PARA RIEGO LLEG\u00d3 A LA PIPONA DE ROCAFUERTE ! - Prefectura de Manab\u00ed","robots":{"index":"index","follow":"follow","max-snippet":"max-snippet:-1","max-image-preview":"max-image-preview:large","max-video-preview":"max-video-preview:-1"},"canonical":"https:\/\/www.manabi.gob.ec\/index.php\/el-agua-para-riego-llego-a-la-pipona-de-rocafuerte\/","og_locale":"es_ES","og_type":"article","og_title":"\u00a1El AGUA PARA RIEGO LLEG\u00d3 A LA PIPONA DE ROCAFUERTE ! - Prefectura de Manab\u00ed","og_description":"\u201cLa Pipona rompi\u00f3 la fuente de agua, ha parido. Usted ha cumplido su palabra se\u00f1or Prefecto\u00bb, fueron las expresiones de Juan Carlos Berm\u00fadez durante el acto de inauguraci\u00f3n del sistema de riego San Andr\u00e9s de La Pipona, en el cant\u00f3n Rocafuerte.Estas declaraciones que hizo Berm\u00fadez hicieron eco en el prefecto, Leonardo Orlando, \u201choy se rompe [&hellip;]","og_url":"https:\/\/www.manabi.gob.ec\/index.php\/el-agua-para-riego-llego-a-la-pipona-de-rocafuerte\/","og_site_name":"Prefectura de Manab\u00ed","article_published_time":"2023-02-13T17:25:12+00:00","article_modified_time":"2023-02-13T17:25:21+00:00","og_image":[{"width":1296,"height":864,"url":"https:\/\/www.manabi.gob.ec\/wp-content\/uploads\/2023\/02\/WhatsApp-Image-2023-02-12-at-12.37.10.jpeg","type":"image\/jpeg"}],"author":"Lui Ochoa","twitter_card":"summary_large_image","twitter_misc":{"Escrito por":"Lui Ochoa","Tiempo de lectura":"2 minutos"},"schema":{"@context":"https:\/\/schema.org","@graph":[{"@type":"Article","@id":"https:\/\/www.manabi.gob.ec\/index.php\/el-agua-para-riego-llego-a-la-pipona-de-rocafuerte\/#article","isPartOf":{"@id":"https:\/\/www.manabi.gob.ec\/index.php\/el-agua-para-riego-llego-a-la-pipona-de-rocafuerte\/"},"author":{"name":"Lui Ochoa","@id":"https:\/\/www.manabi.gob.ec\/#\/schema\/person\/c4f117989332ad723a6ced5994aa7d7a"},"headline":"\u00a1El AGUA PARA RIEGO LLEG\u00d3 A LA PIPONA DE ROCAFUERTE !","datePublished":"2023-02-13T17:25:12+00:00","dateModified":"2023-02-13T17:25:21+00:00","mainEntityOfPage":{"@id":"https:\/\/www.manabi.gob.ec\/index.php\/el-agua-para-riego-llego-a-la-pipona-de-rocafuerte\/"},"wordCount":274,"image":{"@id":"https:\/\/www.manabi.gob.ec\/index.php\/el-agua-para-riego-llego-a-la-pipona-de-rocafuerte\/#primaryimage"},"thumbnailUrl":"https:\/\/www.manabi.gob.ec\/wp-content\/uploads\/2023\/02\/WhatsApp-Image-2023-02-12-at-12.37.10.jpeg","articleSection":["Desarrollo Social","Noticias","Obra P\u00fablica","Rocafuerte","Todas"],"inLanguage":"es"},{"@type":"WebPage","@id":"https:\/\/www.manabi.gob.ec\/index.php\/el-agua-para-riego-llego-a-la-pipona-de-rocafuerte\/","url":"https:\/\/www.manabi.gob.ec\/index.php\/el-agua-para-riego-llego-a-la-pipona-de-rocafuerte\/","name":"\u00a1El AGUA PARA RIEGO LLEG\u00d3 A LA PIPONA DE ROCAFUERTE ! - Prefectura de Manab\u00ed","isPartOf":{"@id":"https:\/\/www.manabi.gob.ec\/#website"},"primaryImageOfPage":{"@id":"https:\/\/www.manabi.gob.ec\/index.php\/el-agua-para-riego-llego-a-la-pipona-de-rocafuerte\/#primaryimage"},"image":{"@id":"https:\/\/www.manabi.gob.ec\/index.php\/el-agua-para-riego-llego-a-la-pipona-de-rocafuerte\/#primaryimage"},"thumbnailUrl":"https:\/\/www.manabi.gob.ec\/wp-content\/uploads\/2023\/02\/WhatsApp-Image-2023-02-12-at-12.37.10.jpeg","datePublished":"2023-02-13T17:25:12+00:00","dateModified":"2023-02-13T17:25:21+00:00","author":{"@id":"https:\/\/www.manabi.gob.ec\/#\/schema\/person\/c4f117989332ad723a6ced5994aa7d7a"},"breadcrumb":{"@id":"https:\/\/www.manabi.gob.ec\/index.php\/el-agua-para-riego-llego-a-la-pipona-de-rocafuerte\/#breadcrumb"},"inLanguage":"es","potentialAction":[{"@type":"ReadAction","target":["https:\/\/www.manabi.gob.ec\/index.php\/el-agua-para-riego-llego-a-la-pipona-de-rocafuerte\/"]}]},{"@type":"ImageObject","inLanguage":"es","@id":"https:\/\/www.manabi.gob.ec\/index.php\/el-agua-para-riego-llego-a-la-pipona-de-rocafuerte\/#primaryimage","url":"https:\/\/www.manabi.gob.ec\/wp-content\/uploads\/2023\/02\/WhatsApp-Image-2023-02-12-at-12.37.10.jpeg","contentUrl":"https:\/\/www.manabi.gob.ec\/wp-content\/uploads\/2023\/02\/WhatsApp-Image-2023-02-12-at-12.37.10.jpeg","width":1296,"height":864},{"@type":"BreadcrumbList","@id":"https:\/\/www.manabi.gob.ec\/index.php\/el-agua-para-riego-llego-a-la-pipona-de-rocafuerte\/#breadcrumb","itemListElement":[{"@type":"ListItem","position":1,"name":"Portada","item":"https:\/\/www.manabi.gob.ec\/"},{"@type":"ListItem","position":2,"name":"\u00a1El AGUA PARA RIEGO LLEG\u00d3 A LA PIPONA DE ROCAFUERTE !"}]},{"@type":"WebSite","@id":"https:\/\/www.manabi.gob.ec\/#website","url":"https:\/\/www.manabi.gob.ec\/","name":"Prefectura de Manab\u00ed","description":"P\u00e1gina web de la prefectura","potentialAction":[{"@type":"SearchAction","target":{"@type":"EntryPoint","urlTemplate":"https:\/\/www.manabi.gob.ec\/?s={search_term_string}"},"query-input":{"@type":"PropertyValueSpecification","valueRequired":true,"valueName":"search_term_string"}}],"inLanguage":"es"},{"@type":"Person","@id":"https:\/\/www.manabi.gob.ec\/#\/schema\/person\/c4f117989332ad723a6ced5994aa7d7a","name":"Lui Ochoa","image":{"@type":"ImageObject","inLanguage":"es","@id":"https:\/\/secure.gravatar.com\/avatar\/6e8017d0fe69dead8a95864d2eb6e1e1d8bf8e01194ba49cf7b897ff038126ba?s=96&d=mm&r=g","url":"https:\/\/secure.gravatar.com\/avatar\/6e8017d0fe69dead8a95864d2eb6e1e1d8bf8e01194ba49cf7b897ff038126ba?s=96&d=mm&r=g","contentUrl":"https:\/\/secure.gravatar.com\/avatar\/6e8017d0fe69dead8a95864d2eb6e1e1d8bf8e01194ba49cf7b897ff038126ba?s=96&d=mm&r=g","caption":"Lui Ochoa"},"url":"https:\/\/www.manabi.gob.ec\/index.php\/author\/lochoa\/"}]}},"jetpack_featured_media_url":"https:\/\/www.manabi.gob.ec\/wp-content\/uploads\/2023\/02\/WhatsApp-Image-2023-02-12-at-12.37.10.jpeg","_links":{"self":[{"href":"https:\/\/www.manabi.gob.ec\/index.php\/wp-json\/wp\/v2\/posts\/23526","targetHints":{"allow":["GET"]}}],"collection":[{"href":"https:\/\/www.manabi.gob.ec\/index.php\/wp-json\/wp\/v2\/posts"}],"about":[{"href":"https:\/\/www.manabi.gob.ec\/index.php\/wp-json\/wp\/v2\/types\/post"}],"author":[{"embeddable":true,"href":"https:\/\/www.manabi.gob.ec\/index.php\/wp-json\/wp\/v2\/users\/10"}],"replies":[{"embeddable":true,"href":"https:\/\/www.manabi.gob.ec\/index.php\/wp-json\/wp\/v2\/comments?post=23526"}],"version-history":[{"count":0,"href":"https:\/\/www.manabi.gob.ec\/index.php\/wp-json\/wp\/v2\/posts\/23526\/revisions"}],"wp:featuredmedia":[{"embeddable":true,"href":"https:\/\/www.manabi.gob.ec\/index.php\/wp-json\/wp\/v2\/media\/23527"}],"wp:attachment":[{"href":"https:\/\/www.manabi.gob.ec\/index.php\/wp-json\/wp\/v2\/media?parent=23526"}],"wp:term":[{"taxonomy":"category","embeddable":true,"href":"https:\/\/www.manabi.gob.ec\/index.php\/wp-json\/wp\/v2\/categories?post=23526"},{"taxonomy":"post_tag","embeddable":true,"href":"https:\/\/www.manabi.gob.ec\/index.php\/wp-json\/wp\/v2\/tags?post=23526"}],"curies":[{"name":"wp","href":"https:\/\/api.w.org\/{rel}","templated":true}]}}