{"id":23564,"date":"2023-02-22T10:52:26","date_gmt":"2023-02-22T10:52:26","guid":{"rendered":"https:\/\/www.manabi.gob.ec\/?p=23564"},"modified":"2023-02-22T10:52:30","modified_gmt":"2023-02-22T10:52:30","slug":"siempre-activados-y-solidarios-pronta-respuesta-de-la-prefectura-a-7-familias-afectadas-por-inundaciones-en-pueblo-nuevo-de-portoviejo","status":"publish","type":"post","link":"https:\/\/www.manabi.gob.ec\/index.php\/siempre-activados-y-solidarios-pronta-respuesta-de-la-prefectura-a-7-familias-afectadas-por-inundaciones-en-pueblo-nuevo-de-portoviejo\/","title":{"rendered":"\u00a1SIEMPRE ACTIVADOS Y SOLIDARIOS! Pronta respuesta de la Prefectura a 7 familias afectadas por inundaciones en Pueblo Nuevo de Portoviejo"},"content":{"rendered":"\n<p>\u201cLe suplicabamos a Dios que pare el agua, porque la creciente se nos ven\u00eda encima\u00bb, dijo Bel\u00e9n Caicedo Arias, una de las afectadas con las inundaciones registradas la tarde de ayer en las comunidades La Encantada y Caja Fuego, de la parroquia Pueblo Nuevo del cant\u00f3n Portoviejo.<\/p>\n\n\n\n<p>Hasta la casa de Bel\u00e9n lleg\u00f3 el equipo t\u00e9cnico de la Direcci\u00f3n de Desarrollo Social de la Prefectura de Manab\u00ed, a realizar la entrega de enseres para el hogar.<\/p>\n\n\n\n<p>\u201cUna vez que conocimos la emergencia a trav\u00e9s de los servicios de riesgos nos activamos para atender a los afectados, en la noche las maquinarias realizaron la limpieza y desazolve, y hoy estamos entregando enseres a siete familias\u00bb, manifest\u00f3 Silvio Larrea, director de Desarrollo Social de la Prefectura.<\/p>\n\n\n\n<p>\u00abPerdimos cosas materiales, pero eso no importa, porque todos estamos bien. Agradezco la ayuda que nos han tra\u00eddo, y gracias por apoyarnos siempre\u00bb, puntualiz\u00f3 Bel\u00e9n.<\/p>\n","protected":false},"excerpt":{"rendered":"<p>\u201cLe suplicabamos a Dios que pare el agua, porque la creciente se nos ven\u00eda encima\u00bb, dijo Bel\u00e9n Caicedo Arias, una de las afectadas con las inundaciones registradas la tarde de ayer en las comunidades La Encantada y Caja Fuego, de la parroquia Pueblo Nuevo del cant\u00f3n Portoviejo. Hasta la casa de Bel\u00e9n lleg\u00f3 el equipo [&hellip;]<\/p>\n","protected":false},"author":10,"featured_media":23565,"comment_status":"closed","ping_status":"closed","sticky":false,"template":"","format":"standard","meta":{"_joinchat":[],"footnotes":""},"categories":[142,92,181,132,91],"tags":[],"class_list":["post-23564","post","type-post","status-publish","format-standard","has-post-thumbnail","hentry","category-desarrollo-social","category-noticias-manabi","category-obra-publica","category-portoviejo","category-todas"],"yoast_head":"<!-- This site is optimized with the Yoast SEO plugin v27.4 - https:\/\/yoast.com\/product\/yoast-seo-wordpress\/ -->\n<title>\u00a1SIEMPRE ACTIVADOS Y SOLIDARIOS! Pronta respuesta de la Prefectura a 7 familias afectadas por inundaciones en Pueblo Nuevo de Portoviejo - Prefectura de Manab\u00ed<\/title>\n<meta name=\"robots\" content=\"index, follow, max-snippet:-1, max-image-preview:large, max-video-preview:-1\" \/>\n<link rel=\"canonical\" href=\"https:\/\/www.manabi.gob.ec\/index.php\/siempre-activados-y-solidarios-pronta-respuesta-de-la-prefectura-a-7-familias-afectadas-por-inundaciones-en-pueblo-nuevo-de-portoviejo\/\" \/>\n<meta property=\"og:locale\" content=\"es_ES\" \/>\n<meta property=\"og:type\" content=\"article\" \/>\n<meta property=\"og:title\" content=\"\u00a1SIEMPRE ACTIVADOS Y SOLIDARIOS! Pronta respuesta de la Prefectura a 7 familias afectadas por inundaciones en Pueblo Nuevo de Portoviejo - Prefectura de Manab\u00ed\" \/>\n<meta property=\"og:description\" content=\"\u201cLe suplicabamos a Dios que pare el agua, porque la creciente se nos ven\u00eda encima\u00bb, dijo Bel\u00e9n Caicedo Arias, una de las afectadas con las inundaciones registradas la tarde de ayer en las comunidades La Encantada y Caja Fuego, de la parroquia Pueblo Nuevo del cant\u00f3n Portoviejo. Hasta la casa de Bel\u00e9n lleg\u00f3 el equipo [&hellip;]\" \/>\n<meta property=\"og:url\" content=\"https:\/\/www.manabi.gob.ec\/index.php\/siempre-activados-y-solidarios-pronta-respuesta-de-la-prefectura-a-7-familias-afectadas-por-inundaciones-en-pueblo-nuevo-de-portoviejo\/\" \/>\n<meta property=\"og:site_name\" content=\"Prefectura de Manab\u00ed\" \/>\n<meta property=\"article:published_time\" content=\"2023-02-22T10:52:26+00:00\" \/>\n<meta property=\"article:modified_time\" content=\"2023-02-22T10:52:30+00:00\" \/>\n<meta property=\"og:image\" content=\"https:\/\/www.manabi.gob.ec\/wp-content\/uploads\/2023\/02\/WhatsApp-Image-2023-02-16-at-16.32.35.jpeg\" \/>\n\t<meta property=\"og:image:width\" content=\"1024\" \/>\n\t<meta property=\"og:image:height\" content=\"680\" \/>\n\t<meta property=\"og:image:type\" content=\"image\/jpeg\" \/>\n<meta name=\"author\" content=\"Lui Ochoa\" \/>\n<meta name=\"twitter:card\" content=\"summary_large_image\" \/>\n<meta name=\"twitter:label1\" content=\"Escrito por\" \/>\n\t<meta name=\"twitter:data1\" content=\"Lui Ochoa\" \/>\n\t<meta name=\"twitter:label2\" content=\"Tiempo de lectura\" \/>\n\t<meta name=\"twitter:data2\" content=\"1 minuto\" \/>\n<script type=\"application\/ld+json\" class=\"yoast-schema-graph\">{\"@context\":\"https:\\\/\\\/schema.org\",\"@graph\":[{\"@type\":\"Article\",\"@id\":\"https:\\\/\\\/www.manabi.gob.ec\\\/index.php\\\/siempre-activados-y-solidarios-pronta-respuesta-de-la-prefectura-a-7-familias-afectadas-por-inundaciones-en-pueblo-nuevo-de-portoviejo\\\/#article\",\"isPartOf\":{\"@id\":\"https:\\\/\\\/www.manabi.gob.ec\\\/index.php\\\/siempre-activados-y-solidarios-pronta-respuesta-de-la-prefectura-a-7-familias-afectadas-por-inundaciones-en-pueblo-nuevo-de-portoviejo\\\/\"},\"author\":{\"name\":\"Lui Ochoa\",\"@id\":\"https:\\\/\\\/www.manabi.gob.ec\\\/#\\\/schema\\\/person\\\/c4f117989332ad723a6ced5994aa7d7a\"},\"headline\":\"\u00a1SIEMPRE ACTIVADOS Y SOLIDARIOS! Pronta respuesta de la Prefectura a 7 familias afectadas por inundaciones en Pueblo Nuevo de Portoviejo\",\"datePublished\":\"2023-02-22T10:52:26+00:00\",\"dateModified\":\"2023-02-22T10:52:30+00:00\",\"mainEntityOfPage\":{\"@id\":\"https:\\\/\\\/www.manabi.gob.ec\\\/index.php\\\/siempre-activados-y-solidarios-pronta-respuesta-de-la-prefectura-a-7-familias-afectadas-por-inundaciones-en-pueblo-nuevo-de-portoviejo\\\/\"},\"wordCount\":177,\"image\":{\"@id\":\"https:\\\/\\\/www.manabi.gob.ec\\\/index.php\\\/siempre-activados-y-solidarios-pronta-respuesta-de-la-prefectura-a-7-familias-afectadas-por-inundaciones-en-pueblo-nuevo-de-portoviejo\\\/#primaryimage\"},\"thumbnailUrl\":\"https:\\\/\\\/www.manabi.gob.ec\\\/wp-content\\\/uploads\\\/2023\\\/02\\\/WhatsApp-Image-2023-02-16-at-16.32.35.jpeg\",\"articleSection\":[\"Desarrollo Social\",\"Noticias\",\"Obra P\u00fablica\",\"Portoviejo\",\"Todas\"],\"inLanguage\":\"es\"},{\"@type\":\"WebPage\",\"@id\":\"https:\\\/\\\/www.manabi.gob.ec\\\/index.php\\\/siempre-activados-y-solidarios-pronta-respuesta-de-la-prefectura-a-7-familias-afectadas-por-inundaciones-en-pueblo-nuevo-de-portoviejo\\\/\",\"url\":\"https:\\\/\\\/www.manabi.gob.ec\\\/index.php\\\/siempre-activados-y-solidarios-pronta-respuesta-de-la-prefectura-a-7-familias-afectadas-por-inundaciones-en-pueblo-nuevo-de-portoviejo\\\/\",\"name\":\"\u00a1SIEMPRE ACTIVADOS Y SOLIDARIOS! Pronta respuesta de la Prefectura a 7 familias afectadas por inundaciones en Pueblo Nuevo de Portoviejo - Prefectura de Manab\u00ed\",\"isPartOf\":{\"@id\":\"https:\\\/\\\/www.manabi.gob.ec\\\/#website\"},\"primaryImageOfPage\":{\"@id\":\"https:\\\/\\\/www.manabi.gob.ec\\\/index.php\\\/siempre-activados-y-solidarios-pronta-respuesta-de-la-prefectura-a-7-familias-afectadas-por-inundaciones-en-pueblo-nuevo-de-portoviejo\\\/#primaryimage\"},\"image\":{\"@id\":\"https:\\\/\\\/www.manabi.gob.ec\\\/index.php\\\/siempre-activados-y-solidarios-pronta-respuesta-de-la-prefectura-a-7-familias-afectadas-por-inundaciones-en-pueblo-nuevo-de-portoviejo\\\/#primaryimage\"},\"thumbnailUrl\":\"https:\\\/\\\/www.manabi.gob.ec\\\/wp-content\\\/uploads\\\/2023\\\/02\\\/WhatsApp-Image-2023-02-16-at-16.32.35.jpeg\",\"datePublished\":\"2023-02-22T10:52:26+00:00\",\"dateModified\":\"2023-02-22T10:52:30+00:00\",\"author\":{\"@id\":\"https:\\\/\\\/www.manabi.gob.ec\\\/#\\\/schema\\\/person\\\/c4f117989332ad723a6ced5994aa7d7a\"},\"breadcrumb\":{\"@id\":\"https:\\\/\\\/www.manabi.gob.ec\\\/index.php\\\/siempre-activados-y-solidarios-pronta-respuesta-de-la-prefectura-a-7-familias-afectadas-por-inundaciones-en-pueblo-nuevo-de-portoviejo\\\/#breadcrumb\"},\"inLanguage\":\"es\",\"potentialAction\":[{\"@type\":\"ReadAction\",\"target\":[\"https:\\\/\\\/www.manabi.gob.ec\\\/index.php\\\/siempre-activados-y-solidarios-pronta-respuesta-de-la-prefectura-a-7-familias-afectadas-por-inundaciones-en-pueblo-nuevo-de-portoviejo\\\/\"]}]},{\"@type\":\"ImageObject\",\"inLanguage\":\"es\",\"@id\":\"https:\\\/\\\/www.manabi.gob.ec\\\/index.php\\\/siempre-activados-y-solidarios-pronta-respuesta-de-la-prefectura-a-7-familias-afectadas-por-inundaciones-en-pueblo-nuevo-de-portoviejo\\\/#primaryimage\",\"url\":\"https:\\\/\\\/www.manabi.gob.ec\\\/wp-content\\\/uploads\\\/2023\\\/02\\\/WhatsApp-Image-2023-02-16-at-16.32.35.jpeg\",\"contentUrl\":\"https:\\\/\\\/www.manabi.gob.ec\\\/wp-content\\\/uploads\\\/2023\\\/02\\\/WhatsApp-Image-2023-02-16-at-16.32.35.jpeg\",\"width\":1024,\"height\":680},{\"@type\":\"BreadcrumbList\",\"@id\":\"https:\\\/\\\/www.manabi.gob.ec\\\/index.php\\\/siempre-activados-y-solidarios-pronta-respuesta-de-la-prefectura-a-7-familias-afectadas-por-inundaciones-en-pueblo-nuevo-de-portoviejo\\\/#breadcrumb\",\"itemListElement\":[{\"@type\":\"ListItem\",\"position\":1,\"name\":\"Portada\",\"item\":\"https:\\\/\\\/www.manabi.gob.ec\\\/\"},{\"@type\":\"ListItem\",\"position\":2,\"name\":\"\u00a1SIEMPRE ACTIVADOS Y SOLIDARIOS! Pronta respuesta de la Prefectura a 7 familias afectadas por inundaciones en Pueblo Nuevo de Portoviejo\"}]},{\"@type\":\"WebSite\",\"@id\":\"https:\\\/\\\/www.manabi.gob.ec\\\/#website\",\"url\":\"https:\\\/\\\/www.manabi.gob.ec\\\/\",\"name\":\"Prefectura de Manab\u00ed\",\"description\":\"P\u00e1gina web de la prefectura\",\"potentialAction\":[{\"@type\":\"SearchAction\",\"target\":{\"@type\":\"EntryPoint\",\"urlTemplate\":\"https:\\\/\\\/www.manabi.gob.ec\\\/?s={search_term_string}\"},\"query-input\":{\"@type\":\"PropertyValueSpecification\",\"valueRequired\":true,\"valueName\":\"search_term_string\"}}],\"inLanguage\":\"es\"},{\"@type\":\"Person\",\"@id\":\"https:\\\/\\\/www.manabi.gob.ec\\\/#\\\/schema\\\/person\\\/c4f117989332ad723a6ced5994aa7d7a\",\"name\":\"Lui Ochoa\",\"image\":{\"@type\":\"ImageObject\",\"inLanguage\":\"es\",\"@id\":\"https:\\\/\\\/secure.gravatar.com\\\/avatar\\\/6e8017d0fe69dead8a95864d2eb6e1e1d8bf8e01194ba49cf7b897ff038126ba?s=96&d=mm&r=g\",\"url\":\"https:\\\/\\\/secure.gravatar.com\\\/avatar\\\/6e8017d0fe69dead8a95864d2eb6e1e1d8bf8e01194ba49cf7b897ff038126ba?s=96&d=mm&r=g\",\"contentUrl\":\"https:\\\/\\\/secure.gravatar.com\\\/avatar\\\/6e8017d0fe69dead8a95864d2eb6e1e1d8bf8e01194ba49cf7b897ff038126ba?s=96&d=mm&r=g\",\"caption\":\"Lui Ochoa\"},\"url\":\"https:\\\/\\\/www.manabi.gob.ec\\\/index.php\\\/author\\\/lochoa\\\/\"}]}<\/script>\n<!-- \/ Yoast SEO plugin. -->","yoast_head_json":{"title":"\u00a1SIEMPRE ACTIVADOS Y SOLIDARIOS! Pronta respuesta de la Prefectura a 7 familias afectadas por inundaciones en Pueblo Nuevo de Portoviejo - Prefectura de Manab\u00ed","robots":{"index":"index","follow":"follow","max-snippet":"max-snippet:-1","max-image-preview":"max-image-preview:large","max-video-preview":"max-video-preview:-1"},"canonical":"https:\/\/www.manabi.gob.ec\/index.php\/siempre-activados-y-solidarios-pronta-respuesta-de-la-prefectura-a-7-familias-afectadas-por-inundaciones-en-pueblo-nuevo-de-portoviejo\/","og_locale":"es_ES","og_type":"article","og_title":"\u00a1SIEMPRE ACTIVADOS Y SOLIDARIOS! Pronta respuesta de la Prefectura a 7 familias afectadas por inundaciones en Pueblo Nuevo de Portoviejo - Prefectura de Manab\u00ed","og_description":"\u201cLe suplicabamos a Dios que pare el agua, porque la creciente se nos ven\u00eda encima\u00bb, dijo Bel\u00e9n Caicedo Arias, una de las afectadas con las inundaciones registradas la tarde de ayer en las comunidades La Encantada y Caja Fuego, de la parroquia Pueblo Nuevo del cant\u00f3n Portoviejo. Hasta la casa de Bel\u00e9n lleg\u00f3 el equipo [&hellip;]","og_url":"https:\/\/www.manabi.gob.ec\/index.php\/siempre-activados-y-solidarios-pronta-respuesta-de-la-prefectura-a-7-familias-afectadas-por-inundaciones-en-pueblo-nuevo-de-portoviejo\/","og_site_name":"Prefectura de Manab\u00ed","article_published_time":"2023-02-22T10:52:26+00:00","article_modified_time":"2023-02-22T10:52:30+00:00","og_image":[{"width":1024,"height":680,"url":"https:\/\/www.manabi.gob.ec\/wp-content\/uploads\/2023\/02\/WhatsApp-Image-2023-02-16-at-16.32.35.jpeg","type":"image\/jpeg"}],"author":"Lui Ochoa","twitter_card":"summary_large_image","twitter_misc":{"Escrito por":"Lui Ochoa","Tiempo de lectura":"1 minuto"},"schema":{"@context":"https:\/\/schema.org","@graph":[{"@type":"Article","@id":"https:\/\/www.manabi.gob.ec\/index.php\/siempre-activados-y-solidarios-pronta-respuesta-de-la-prefectura-a-7-familias-afectadas-por-inundaciones-en-pueblo-nuevo-de-portoviejo\/#article","isPartOf":{"@id":"https:\/\/www.manabi.gob.ec\/index.php\/siempre-activados-y-solidarios-pronta-respuesta-de-la-prefectura-a-7-familias-afectadas-por-inundaciones-en-pueblo-nuevo-de-portoviejo\/"},"author":{"name":"Lui Ochoa","@id":"https:\/\/www.manabi.gob.ec\/#\/schema\/person\/c4f117989332ad723a6ced5994aa7d7a"},"headline":"\u00a1SIEMPRE ACTIVADOS Y SOLIDARIOS! Pronta respuesta de la Prefectura a 7 familias afectadas por inundaciones en Pueblo Nuevo de Portoviejo","datePublished":"2023-02-22T10:52:26+00:00","dateModified":"2023-02-22T10:52:30+00:00","mainEntityOfPage":{"@id":"https:\/\/www.manabi.gob.ec\/index.php\/siempre-activados-y-solidarios-pronta-respuesta-de-la-prefectura-a-7-familias-afectadas-por-inundaciones-en-pueblo-nuevo-de-portoviejo\/"},"wordCount":177,"image":{"@id":"https:\/\/www.manabi.gob.ec\/index.php\/siempre-activados-y-solidarios-pronta-respuesta-de-la-prefectura-a-7-familias-afectadas-por-inundaciones-en-pueblo-nuevo-de-portoviejo\/#primaryimage"},"thumbnailUrl":"https:\/\/www.manabi.gob.ec\/wp-content\/uploads\/2023\/02\/WhatsApp-Image-2023-02-16-at-16.32.35.jpeg","articleSection":["Desarrollo Social","Noticias","Obra P\u00fablica","Portoviejo","Todas"],"inLanguage":"es"},{"@type":"WebPage","@id":"https:\/\/www.manabi.gob.ec\/index.php\/siempre-activados-y-solidarios-pronta-respuesta-de-la-prefectura-a-7-familias-afectadas-por-inundaciones-en-pueblo-nuevo-de-portoviejo\/","url":"https:\/\/www.manabi.gob.ec\/index.php\/siempre-activados-y-solidarios-pronta-respuesta-de-la-prefectura-a-7-familias-afectadas-por-inundaciones-en-pueblo-nuevo-de-portoviejo\/","name":"\u00a1SIEMPRE ACTIVADOS Y SOLIDARIOS! Pronta respuesta de la Prefectura a 7 familias afectadas por inundaciones en Pueblo Nuevo de Portoviejo - Prefectura de Manab\u00ed","isPartOf":{"@id":"https:\/\/www.manabi.gob.ec\/#website"},"primaryImageOfPage":{"@id":"https:\/\/www.manabi.gob.ec\/index.php\/siempre-activados-y-solidarios-pronta-respuesta-de-la-prefectura-a-7-familias-afectadas-por-inundaciones-en-pueblo-nuevo-de-portoviejo\/#primaryimage"},"image":{"@id":"https:\/\/www.manabi.gob.ec\/index.php\/siempre-activados-y-solidarios-pronta-respuesta-de-la-prefectura-a-7-familias-afectadas-por-inundaciones-en-pueblo-nuevo-de-portoviejo\/#primaryimage"},"thumbnailUrl":"https:\/\/www.manabi.gob.ec\/wp-content\/uploads\/2023\/02\/WhatsApp-Image-2023-02-16-at-16.32.35.jpeg","datePublished":"2023-02-22T10:52:26+00:00","dateModified":"2023-02-22T10:52:30+00:00","author":{"@id":"https:\/\/www.manabi.gob.ec\/#\/schema\/person\/c4f117989332ad723a6ced5994aa7d7a"},"breadcrumb":{"@id":"https:\/\/www.manabi.gob.ec\/index.php\/siempre-activados-y-solidarios-pronta-respuesta-de-la-prefectura-a-7-familias-afectadas-por-inundaciones-en-pueblo-nuevo-de-portoviejo\/#breadcrumb"},"inLanguage":"es","potentialAction":[{"@type":"ReadAction","target":["https:\/\/www.manabi.gob.ec\/index.php\/siempre-activados-y-solidarios-pronta-respuesta-de-la-prefectura-a-7-familias-afectadas-por-inundaciones-en-pueblo-nuevo-de-portoviejo\/"]}]},{"@type":"ImageObject","inLanguage":"es","@id":"https:\/\/www.manabi.gob.ec\/index.php\/siempre-activados-y-solidarios-pronta-respuesta-de-la-prefectura-a-7-familias-afectadas-por-inundaciones-en-pueblo-nuevo-de-portoviejo\/#primaryimage","url":"https:\/\/www.manabi.gob.ec\/wp-content\/uploads\/2023\/02\/WhatsApp-Image-2023-02-16-at-16.32.35.jpeg","contentUrl":"https:\/\/www.manabi.gob.ec\/wp-content\/uploads\/2023\/02\/WhatsApp-Image-2023-02-16-at-16.32.35.jpeg","width":1024,"height":680},{"@type":"BreadcrumbList","@id":"https:\/\/www.manabi.gob.ec\/index.php\/siempre-activados-y-solidarios-pronta-respuesta-de-la-prefectura-a-7-familias-afectadas-por-inundaciones-en-pueblo-nuevo-de-portoviejo\/#breadcrumb","itemListElement":[{"@type":"ListItem","position":1,"name":"Portada","item":"https:\/\/www.manabi.gob.ec\/"},{"@type":"ListItem","position":2,"name":"\u00a1SIEMPRE ACTIVADOS Y SOLIDARIOS! Pronta respuesta de la Prefectura a 7 familias afectadas por inundaciones en Pueblo Nuevo de Portoviejo"}]},{"@type":"WebSite","@id":"https:\/\/www.manabi.gob.ec\/#website","url":"https:\/\/www.manabi.gob.ec\/","name":"Prefectura de Manab\u00ed","description":"P\u00e1gina web de la prefectura","potentialAction":[{"@type":"SearchAction","target":{"@type":"EntryPoint","urlTemplate":"https:\/\/www.manabi.gob.ec\/?s={search_term_string}"},"query-input":{"@type":"PropertyValueSpecification","valueRequired":true,"valueName":"search_term_string"}}],"inLanguage":"es"},{"@type":"Person","@id":"https:\/\/www.manabi.gob.ec\/#\/schema\/person\/c4f117989332ad723a6ced5994aa7d7a","name":"Lui Ochoa","image":{"@type":"ImageObject","inLanguage":"es","@id":"https:\/\/secure.gravatar.com\/avatar\/6e8017d0fe69dead8a95864d2eb6e1e1d8bf8e01194ba49cf7b897ff038126ba?s=96&d=mm&r=g","url":"https:\/\/secure.gravatar.com\/avatar\/6e8017d0fe69dead8a95864d2eb6e1e1d8bf8e01194ba49cf7b897ff038126ba?s=96&d=mm&r=g","contentUrl":"https:\/\/secure.gravatar.com\/avatar\/6e8017d0fe69dead8a95864d2eb6e1e1d8bf8e01194ba49cf7b897ff038126ba?s=96&d=mm&r=g","caption":"Lui Ochoa"},"url":"https:\/\/www.manabi.gob.ec\/index.php\/author\/lochoa\/"}]}},"jetpack_featured_media_url":"https:\/\/www.manabi.gob.ec\/wp-content\/uploads\/2023\/02\/WhatsApp-Image-2023-02-16-at-16.32.35.jpeg","_links":{"self":[{"href":"https:\/\/www.manabi.gob.ec\/index.php\/wp-json\/wp\/v2\/posts\/23564","targetHints":{"allow":["GET"]}}],"collection":[{"href":"https:\/\/www.manabi.gob.ec\/index.php\/wp-json\/wp\/v2\/posts"}],"about":[{"href":"https:\/\/www.manabi.gob.ec\/index.php\/wp-json\/wp\/v2\/types\/post"}],"author":[{"embeddable":true,"href":"https:\/\/www.manabi.gob.ec\/index.php\/wp-json\/wp\/v2\/users\/10"}],"replies":[{"embeddable":true,"href":"https:\/\/www.manabi.gob.ec\/index.php\/wp-json\/wp\/v2\/comments?post=23564"}],"version-history":[{"count":0,"href":"https:\/\/www.manabi.gob.ec\/index.php\/wp-json\/wp\/v2\/posts\/23564\/revisions"}],"wp:featuredmedia":[{"embeddable":true,"href":"https:\/\/www.manabi.gob.ec\/index.php\/wp-json\/wp\/v2\/media\/23565"}],"wp:attachment":[{"href":"https:\/\/www.manabi.gob.ec\/index.php\/wp-json\/wp\/v2\/media?parent=23564"}],"wp:term":[{"taxonomy":"category","embeddable":true,"href":"https:\/\/www.manabi.gob.ec\/index.php\/wp-json\/wp\/v2\/categories?post=23564"},{"taxonomy":"post_tag","embeddable":true,"href":"https:\/\/www.manabi.gob.ec\/index.php\/wp-json\/wp\/v2\/tags?post=23564"}],"curies":[{"name":"wp","href":"https:\/\/api.w.org\/{rel}","templated":true}]}}