{"id":23649,"date":"2023-02-27T20:39:26","date_gmt":"2023-02-27T20:39:26","guid":{"rendered":"https:\/\/www.manabi.gob.ec\/?p=23649"},"modified":"2023-02-27T20:39:31","modified_gmt":"2023-02-27T20:39:31","slug":"llegamos-con-nuestras-brigadas-medicas-a-las-gilces-de-crucita","status":"publish","type":"post","link":"https:\/\/www.manabi.gob.ec\/index.php\/llegamos-con-nuestras-brigadas-medicas-a-las-gilces-de-crucita\/","title":{"rendered":"Llegamos con nuestras brigadas m\u00e9dicas a Las Gilces de Crucita"},"content":{"rendered":"\n<p>180 personas de las comunidades Las Gilces Adentro y las Gilces Afuera recibieron atenci\u00f3n de nuestros profesionales de la salud que formaron parte de la brigada m\u00e9dica que lleg\u00f3 a este sector de la parroquia Crucita de Portoviejo, este lunes 27 de febrero.<\/p>\n\n\n\n<p>\u201cEstamos muy agradecidos con el Prefecto que es la \u00fanica autoridad que ha estado pendiente de nosotros. \u00c9l se comprometi\u00f3 a enviar una brigada m\u00e9dica y ha cumplido\u201d, manifest\u00f3 Johana Demera, dirigente del sector.<\/p>\n\n\n\n<p>La brigada estuvo conformada por 4 m\u00e9dicos generales, 3 odont\u00f3logos, 2 optometristas, 1 nutricionista, y tambi\u00e9n se entreg\u00f3 medicamentos a las personas atendidas.<\/p>\n\n\n\n<p>Adem\u00e1s de personas de los grupos de atenci\u00f3n prioritaria, se benefici\u00f3 a integrantes de familias afectadas por la estaci\u00f3n invernal.<\/p>\n","protected":false},"excerpt":{"rendered":"<p>180 personas de las comunidades Las Gilces Adentro y las Gilces Afuera recibieron atenci\u00f3n de nuestros profesionales de la salud que formaron parte de la brigada m\u00e9dica que lleg\u00f3 a este sector de la parroquia Crucita de Portoviejo, este lunes 27 de febrero. \u201cEstamos muy agradecidos con el Prefecto que es la \u00fanica autoridad que [&hellip;]<\/p>\n","protected":false},"author":10,"featured_media":23650,"comment_status":"closed","ping_status":"closed","sticky":false,"template":"","format":"standard","meta":{"_joinchat":[],"footnotes":""},"categories":[222,142,224,92,72,91],"tags":[],"class_list":["post-23649","post","type-post","status-publish","format-standard","has-post-thumbnail","hentry","category-crucita","category-desarrollo-social","category-mujeres","category-noticias-manabi","category-salud","category-todas"],"yoast_head":"<!-- This site is optimized with the Yoast SEO plugin v27.4 - https:\/\/yoast.com\/product\/yoast-seo-wordpress\/ -->\n<title>Llegamos con nuestras brigadas m\u00e9dicas a Las Gilces de Crucita - Prefectura de Manab\u00ed<\/title>\n<meta name=\"robots\" content=\"index, follow, max-snippet:-1, max-image-preview:large, max-video-preview:-1\" \/>\n<link rel=\"canonical\" href=\"https:\/\/www.manabi.gob.ec\/index.php\/llegamos-con-nuestras-brigadas-medicas-a-las-gilces-de-crucita\/\" \/>\n<meta property=\"og:locale\" content=\"es_ES\" \/>\n<meta property=\"og:type\" content=\"article\" \/>\n<meta property=\"og:title\" content=\"Llegamos con nuestras brigadas m\u00e9dicas a Las Gilces de Crucita - Prefectura de Manab\u00ed\" \/>\n<meta property=\"og:description\" content=\"180 personas de las comunidades Las Gilces Adentro y las Gilces Afuera recibieron atenci\u00f3n de nuestros profesionales de la salud que formaron parte de la brigada m\u00e9dica que lleg\u00f3 a este sector de la parroquia Crucita de Portoviejo, este lunes 27 de febrero. \u201cEstamos muy agradecidos con el Prefecto que es la \u00fanica autoridad que [&hellip;]\" \/>\n<meta property=\"og:url\" content=\"https:\/\/www.manabi.gob.ec\/index.php\/llegamos-con-nuestras-brigadas-medicas-a-las-gilces-de-crucita\/\" \/>\n<meta property=\"og:site_name\" content=\"Prefectura de Manab\u00ed\" \/>\n<meta property=\"article:published_time\" content=\"2023-02-27T20:39:26+00:00\" \/>\n<meta property=\"article:modified_time\" content=\"2023-02-27T20:39:31+00:00\" \/>\n<meta property=\"og:image\" content=\"https:\/\/www.manabi.gob.ec\/wp-content\/uploads\/2023\/02\/WhatsApp-Image-2023-02-27-at-14.26.50.jpeg\" \/>\n\t<meta property=\"og:image:width\" content=\"1296\" \/>\n\t<meta property=\"og:image:height\" content=\"864\" \/>\n\t<meta property=\"og:image:type\" content=\"image\/jpeg\" \/>\n<meta name=\"author\" content=\"Lui Ochoa\" \/>\n<meta name=\"twitter:card\" content=\"summary_large_image\" \/>\n<meta name=\"twitter:label1\" content=\"Escrito por\" \/>\n\t<meta name=\"twitter:data1\" content=\"Lui Ochoa\" \/>\n\t<meta name=\"twitter:label2\" content=\"Tiempo de lectura\" \/>\n\t<meta name=\"twitter:data2\" content=\"1 minuto\" \/>\n<script type=\"application\/ld+json\" class=\"yoast-schema-graph\">{\"@context\":\"https:\\\/\\\/schema.org\",\"@graph\":[{\"@type\":\"Article\",\"@id\":\"https:\\\/\\\/www.manabi.gob.ec\\\/index.php\\\/llegamos-con-nuestras-brigadas-medicas-a-las-gilces-de-crucita\\\/#article\",\"isPartOf\":{\"@id\":\"https:\\\/\\\/www.manabi.gob.ec\\\/index.php\\\/llegamos-con-nuestras-brigadas-medicas-a-las-gilces-de-crucita\\\/\"},\"author\":{\"name\":\"Lui Ochoa\",\"@id\":\"https:\\\/\\\/www.manabi.gob.ec\\\/#\\\/schema\\\/person\\\/c4f117989332ad723a6ced5994aa7d7a\"},\"headline\":\"Llegamos con nuestras brigadas m\u00e9dicas a Las Gilces de Crucita\",\"datePublished\":\"2023-02-27T20:39:26+00:00\",\"dateModified\":\"2023-02-27T20:39:31+00:00\",\"mainEntityOfPage\":{\"@id\":\"https:\\\/\\\/www.manabi.gob.ec\\\/index.php\\\/llegamos-con-nuestras-brigadas-medicas-a-las-gilces-de-crucita\\\/\"},\"wordCount\":134,\"image\":{\"@id\":\"https:\\\/\\\/www.manabi.gob.ec\\\/index.php\\\/llegamos-con-nuestras-brigadas-medicas-a-las-gilces-de-crucita\\\/#primaryimage\"},\"thumbnailUrl\":\"https:\\\/\\\/www.manabi.gob.ec\\\/wp-content\\\/uploads\\\/2023\\\/02\\\/WhatsApp-Image-2023-02-27-at-14.26.50.jpeg\",\"articleSection\":[\"Crucita\",\"Desarrollo Social\",\"Mujeres\",\"Noticias\",\"salud\",\"Todas\"],\"inLanguage\":\"es\"},{\"@type\":\"WebPage\",\"@id\":\"https:\\\/\\\/www.manabi.gob.ec\\\/index.php\\\/llegamos-con-nuestras-brigadas-medicas-a-las-gilces-de-crucita\\\/\",\"url\":\"https:\\\/\\\/www.manabi.gob.ec\\\/index.php\\\/llegamos-con-nuestras-brigadas-medicas-a-las-gilces-de-crucita\\\/\",\"name\":\"Llegamos con nuestras brigadas m\u00e9dicas a Las Gilces de Crucita - Prefectura de Manab\u00ed\",\"isPartOf\":{\"@id\":\"https:\\\/\\\/www.manabi.gob.ec\\\/#website\"},\"primaryImageOfPage\":{\"@id\":\"https:\\\/\\\/www.manabi.gob.ec\\\/index.php\\\/llegamos-con-nuestras-brigadas-medicas-a-las-gilces-de-crucita\\\/#primaryimage\"},\"image\":{\"@id\":\"https:\\\/\\\/www.manabi.gob.ec\\\/index.php\\\/llegamos-con-nuestras-brigadas-medicas-a-las-gilces-de-crucita\\\/#primaryimage\"},\"thumbnailUrl\":\"https:\\\/\\\/www.manabi.gob.ec\\\/wp-content\\\/uploads\\\/2023\\\/02\\\/WhatsApp-Image-2023-02-27-at-14.26.50.jpeg\",\"datePublished\":\"2023-02-27T20:39:26+00:00\",\"dateModified\":\"2023-02-27T20:39:31+00:00\",\"author\":{\"@id\":\"https:\\\/\\\/www.manabi.gob.ec\\\/#\\\/schema\\\/person\\\/c4f117989332ad723a6ced5994aa7d7a\"},\"breadcrumb\":{\"@id\":\"https:\\\/\\\/www.manabi.gob.ec\\\/index.php\\\/llegamos-con-nuestras-brigadas-medicas-a-las-gilces-de-crucita\\\/#breadcrumb\"},\"inLanguage\":\"es\",\"potentialAction\":[{\"@type\":\"ReadAction\",\"target\":[\"https:\\\/\\\/www.manabi.gob.ec\\\/index.php\\\/llegamos-con-nuestras-brigadas-medicas-a-las-gilces-de-crucita\\\/\"]}]},{\"@type\":\"ImageObject\",\"inLanguage\":\"es\",\"@id\":\"https:\\\/\\\/www.manabi.gob.ec\\\/index.php\\\/llegamos-con-nuestras-brigadas-medicas-a-las-gilces-de-crucita\\\/#primaryimage\",\"url\":\"https:\\\/\\\/www.manabi.gob.ec\\\/wp-content\\\/uploads\\\/2023\\\/02\\\/WhatsApp-Image-2023-02-27-at-14.26.50.jpeg\",\"contentUrl\":\"https:\\\/\\\/www.manabi.gob.ec\\\/wp-content\\\/uploads\\\/2023\\\/02\\\/WhatsApp-Image-2023-02-27-at-14.26.50.jpeg\",\"width\":1296,\"height\":864},{\"@type\":\"BreadcrumbList\",\"@id\":\"https:\\\/\\\/www.manabi.gob.ec\\\/index.php\\\/llegamos-con-nuestras-brigadas-medicas-a-las-gilces-de-crucita\\\/#breadcrumb\",\"itemListElement\":[{\"@type\":\"ListItem\",\"position\":1,\"name\":\"Portada\",\"item\":\"https:\\\/\\\/www.manabi.gob.ec\\\/\"},{\"@type\":\"ListItem\",\"position\":2,\"name\":\"Llegamos con nuestras brigadas m\u00e9dicas a Las Gilces de Crucita\"}]},{\"@type\":\"WebSite\",\"@id\":\"https:\\\/\\\/www.manabi.gob.ec\\\/#website\",\"url\":\"https:\\\/\\\/www.manabi.gob.ec\\\/\",\"name\":\"Prefectura de Manab\u00ed\",\"description\":\"P\u00e1gina web de la prefectura\",\"potentialAction\":[{\"@type\":\"SearchAction\",\"target\":{\"@type\":\"EntryPoint\",\"urlTemplate\":\"https:\\\/\\\/www.manabi.gob.ec\\\/?s={search_term_string}\"},\"query-input\":{\"@type\":\"PropertyValueSpecification\",\"valueRequired\":true,\"valueName\":\"search_term_string\"}}],\"inLanguage\":\"es\"},{\"@type\":\"Person\",\"@id\":\"https:\\\/\\\/www.manabi.gob.ec\\\/#\\\/schema\\\/person\\\/c4f117989332ad723a6ced5994aa7d7a\",\"name\":\"Lui Ochoa\",\"image\":{\"@type\":\"ImageObject\",\"inLanguage\":\"es\",\"@id\":\"https:\\\/\\\/secure.gravatar.com\\\/avatar\\\/6e8017d0fe69dead8a95864d2eb6e1e1d8bf8e01194ba49cf7b897ff038126ba?s=96&d=mm&r=g\",\"url\":\"https:\\\/\\\/secure.gravatar.com\\\/avatar\\\/6e8017d0fe69dead8a95864d2eb6e1e1d8bf8e01194ba49cf7b897ff038126ba?s=96&d=mm&r=g\",\"contentUrl\":\"https:\\\/\\\/secure.gravatar.com\\\/avatar\\\/6e8017d0fe69dead8a95864d2eb6e1e1d8bf8e01194ba49cf7b897ff038126ba?s=96&d=mm&r=g\",\"caption\":\"Lui Ochoa\"},\"url\":\"https:\\\/\\\/www.manabi.gob.ec\\\/index.php\\\/author\\\/lochoa\\\/\"}]}<\/script>\n<!-- \/ Yoast SEO plugin. -->","yoast_head_json":{"title":"Llegamos con nuestras brigadas m\u00e9dicas a Las Gilces de Crucita - Prefectura de Manab\u00ed","robots":{"index":"index","follow":"follow","max-snippet":"max-snippet:-1","max-image-preview":"max-image-preview:large","max-video-preview":"max-video-preview:-1"},"canonical":"https:\/\/www.manabi.gob.ec\/index.php\/llegamos-con-nuestras-brigadas-medicas-a-las-gilces-de-crucita\/","og_locale":"es_ES","og_type":"article","og_title":"Llegamos con nuestras brigadas m\u00e9dicas a Las Gilces de Crucita - Prefectura de Manab\u00ed","og_description":"180 personas de las comunidades Las Gilces Adentro y las Gilces Afuera recibieron atenci\u00f3n de nuestros profesionales de la salud que formaron parte de la brigada m\u00e9dica que lleg\u00f3 a este sector de la parroquia Crucita de Portoviejo, este lunes 27 de febrero. \u201cEstamos muy agradecidos con el Prefecto que es la \u00fanica autoridad que [&hellip;]","og_url":"https:\/\/www.manabi.gob.ec\/index.php\/llegamos-con-nuestras-brigadas-medicas-a-las-gilces-de-crucita\/","og_site_name":"Prefectura de Manab\u00ed","article_published_time":"2023-02-27T20:39:26+00:00","article_modified_time":"2023-02-27T20:39:31+00:00","og_image":[{"width":1296,"height":864,"url":"https:\/\/www.manabi.gob.ec\/wp-content\/uploads\/2023\/02\/WhatsApp-Image-2023-02-27-at-14.26.50.jpeg","type":"image\/jpeg"}],"author":"Lui Ochoa","twitter_card":"summary_large_image","twitter_misc":{"Escrito por":"Lui Ochoa","Tiempo de lectura":"1 minuto"},"schema":{"@context":"https:\/\/schema.org","@graph":[{"@type":"Article","@id":"https:\/\/www.manabi.gob.ec\/index.php\/llegamos-con-nuestras-brigadas-medicas-a-las-gilces-de-crucita\/#article","isPartOf":{"@id":"https:\/\/www.manabi.gob.ec\/index.php\/llegamos-con-nuestras-brigadas-medicas-a-las-gilces-de-crucita\/"},"author":{"name":"Lui Ochoa","@id":"https:\/\/www.manabi.gob.ec\/#\/schema\/person\/c4f117989332ad723a6ced5994aa7d7a"},"headline":"Llegamos con nuestras brigadas m\u00e9dicas a Las Gilces de Crucita","datePublished":"2023-02-27T20:39:26+00:00","dateModified":"2023-02-27T20:39:31+00:00","mainEntityOfPage":{"@id":"https:\/\/www.manabi.gob.ec\/index.php\/llegamos-con-nuestras-brigadas-medicas-a-las-gilces-de-crucita\/"},"wordCount":134,"image":{"@id":"https:\/\/www.manabi.gob.ec\/index.php\/llegamos-con-nuestras-brigadas-medicas-a-las-gilces-de-crucita\/#primaryimage"},"thumbnailUrl":"https:\/\/www.manabi.gob.ec\/wp-content\/uploads\/2023\/02\/WhatsApp-Image-2023-02-27-at-14.26.50.jpeg","articleSection":["Crucita","Desarrollo Social","Mujeres","Noticias","salud","Todas"],"inLanguage":"es"},{"@type":"WebPage","@id":"https:\/\/www.manabi.gob.ec\/index.php\/llegamos-con-nuestras-brigadas-medicas-a-las-gilces-de-crucita\/","url":"https:\/\/www.manabi.gob.ec\/index.php\/llegamos-con-nuestras-brigadas-medicas-a-las-gilces-de-crucita\/","name":"Llegamos con nuestras brigadas m\u00e9dicas a Las Gilces de Crucita - Prefectura de Manab\u00ed","isPartOf":{"@id":"https:\/\/www.manabi.gob.ec\/#website"},"primaryImageOfPage":{"@id":"https:\/\/www.manabi.gob.ec\/index.php\/llegamos-con-nuestras-brigadas-medicas-a-las-gilces-de-crucita\/#primaryimage"},"image":{"@id":"https:\/\/www.manabi.gob.ec\/index.php\/llegamos-con-nuestras-brigadas-medicas-a-las-gilces-de-crucita\/#primaryimage"},"thumbnailUrl":"https:\/\/www.manabi.gob.ec\/wp-content\/uploads\/2023\/02\/WhatsApp-Image-2023-02-27-at-14.26.50.jpeg","datePublished":"2023-02-27T20:39:26+00:00","dateModified":"2023-02-27T20:39:31+00:00","author":{"@id":"https:\/\/www.manabi.gob.ec\/#\/schema\/person\/c4f117989332ad723a6ced5994aa7d7a"},"breadcrumb":{"@id":"https:\/\/www.manabi.gob.ec\/index.php\/llegamos-con-nuestras-brigadas-medicas-a-las-gilces-de-crucita\/#breadcrumb"},"inLanguage":"es","potentialAction":[{"@type":"ReadAction","target":["https:\/\/www.manabi.gob.ec\/index.php\/llegamos-con-nuestras-brigadas-medicas-a-las-gilces-de-crucita\/"]}]},{"@type":"ImageObject","inLanguage":"es","@id":"https:\/\/www.manabi.gob.ec\/index.php\/llegamos-con-nuestras-brigadas-medicas-a-las-gilces-de-crucita\/#primaryimage","url":"https:\/\/www.manabi.gob.ec\/wp-content\/uploads\/2023\/02\/WhatsApp-Image-2023-02-27-at-14.26.50.jpeg","contentUrl":"https:\/\/www.manabi.gob.ec\/wp-content\/uploads\/2023\/02\/WhatsApp-Image-2023-02-27-at-14.26.50.jpeg","width":1296,"height":864},{"@type":"BreadcrumbList","@id":"https:\/\/www.manabi.gob.ec\/index.php\/llegamos-con-nuestras-brigadas-medicas-a-las-gilces-de-crucita\/#breadcrumb","itemListElement":[{"@type":"ListItem","position":1,"name":"Portada","item":"https:\/\/www.manabi.gob.ec\/"},{"@type":"ListItem","position":2,"name":"Llegamos con nuestras brigadas m\u00e9dicas a Las Gilces de Crucita"}]},{"@type":"WebSite","@id":"https:\/\/www.manabi.gob.ec\/#website","url":"https:\/\/www.manabi.gob.ec\/","name":"Prefectura de Manab\u00ed","description":"P\u00e1gina web de la prefectura","potentialAction":[{"@type":"SearchAction","target":{"@type":"EntryPoint","urlTemplate":"https:\/\/www.manabi.gob.ec\/?s={search_term_string}"},"query-input":{"@type":"PropertyValueSpecification","valueRequired":true,"valueName":"search_term_string"}}],"inLanguage":"es"},{"@type":"Person","@id":"https:\/\/www.manabi.gob.ec\/#\/schema\/person\/c4f117989332ad723a6ced5994aa7d7a","name":"Lui Ochoa","image":{"@type":"ImageObject","inLanguage":"es","@id":"https:\/\/secure.gravatar.com\/avatar\/6e8017d0fe69dead8a95864d2eb6e1e1d8bf8e01194ba49cf7b897ff038126ba?s=96&d=mm&r=g","url":"https:\/\/secure.gravatar.com\/avatar\/6e8017d0fe69dead8a95864d2eb6e1e1d8bf8e01194ba49cf7b897ff038126ba?s=96&d=mm&r=g","contentUrl":"https:\/\/secure.gravatar.com\/avatar\/6e8017d0fe69dead8a95864d2eb6e1e1d8bf8e01194ba49cf7b897ff038126ba?s=96&d=mm&r=g","caption":"Lui Ochoa"},"url":"https:\/\/www.manabi.gob.ec\/index.php\/author\/lochoa\/"}]}},"jetpack_featured_media_url":"https:\/\/www.manabi.gob.ec\/wp-content\/uploads\/2023\/02\/WhatsApp-Image-2023-02-27-at-14.26.50.jpeg","_links":{"self":[{"href":"https:\/\/www.manabi.gob.ec\/index.php\/wp-json\/wp\/v2\/posts\/23649","targetHints":{"allow":["GET"]}}],"collection":[{"href":"https:\/\/www.manabi.gob.ec\/index.php\/wp-json\/wp\/v2\/posts"}],"about":[{"href":"https:\/\/www.manabi.gob.ec\/index.php\/wp-json\/wp\/v2\/types\/post"}],"author":[{"embeddable":true,"href":"https:\/\/www.manabi.gob.ec\/index.php\/wp-json\/wp\/v2\/users\/10"}],"replies":[{"embeddable":true,"href":"https:\/\/www.manabi.gob.ec\/index.php\/wp-json\/wp\/v2\/comments?post=23649"}],"version-history":[{"count":0,"href":"https:\/\/www.manabi.gob.ec\/index.php\/wp-json\/wp\/v2\/posts\/23649\/revisions"}],"wp:featuredmedia":[{"embeddable":true,"href":"https:\/\/www.manabi.gob.ec\/index.php\/wp-json\/wp\/v2\/media\/23650"}],"wp:attachment":[{"href":"https:\/\/www.manabi.gob.ec\/index.php\/wp-json\/wp\/v2\/media?parent=23649"}],"wp:term":[{"taxonomy":"category","embeddable":true,"href":"https:\/\/www.manabi.gob.ec\/index.php\/wp-json\/wp\/v2\/categories?post=23649"},{"taxonomy":"post_tag","embeddable":true,"href":"https:\/\/www.manabi.gob.ec\/index.php\/wp-json\/wp\/v2\/tags?post=23649"}],"curies":[{"name":"wp","href":"https:\/\/api.w.org\/{rel}","templated":true}]}}