{"id":23749,"date":"2023-03-14T20:36:46","date_gmt":"2023-03-14T20:36:46","guid":{"rendered":"https:\/\/www.manabi.gob.ec\/?p=23749"},"modified":"2023-03-14T20:36:52","modified_gmt":"2023-03-14T20:36:52","slug":"la-prefectura-demuestra-compromiso-y-solidaridad-con-los-hermanos-de-chone","status":"publish","type":"post","link":"https:\/\/www.manabi.gob.ec\/index.php\/la-prefectura-demuestra-compromiso-y-solidaridad-con-los-hermanos-de-chone\/","title":{"rendered":"La Prefectura demuestra compromiso y solidaridad con los hermanos de Chone"},"content":{"rendered":"\n<p>\u00abLa casa comenz\u00f3 a temblar a las 3 de la madrugada. Me imagin\u00e9 lo peor y me lanc\u00e9 por el balc\u00f3n\u00bb, es el testimonio de Kl\u00e9ver Zambrano Rivas, uno de los afectados de las inundaciones de Chone, quien perdi\u00f3 sus enseres.<\/p>\n\n\n\n<p>Luego de dos d\u00edas de esa noche de terror, Kl\u00e9ver est\u00e1 pendiente de las labores de limpieza y encauzamiento que realiza la maquinaria de la Prefectura de Manab\u00ed en su finca Mar\u00eda Auxiliadora, ubicada en la v\u00eda a Mosquito, a la altura del puente La Ram\u00edrez.<\/p>\n\n\n\n<p>Una historia similar vivi\u00f3 Isidro Zambrano con su familia, cuando el estero Barahona, ubicado en la v\u00eda El Pueblito se les vino con todo. \u00abNos asustamos, ten\u00edamos mucho miedo; no pod\u00edamos dormir por el intenso ruido que se escuchaba\u00bb, coment\u00f3 Isidro.<\/p>\n\n\n\n<p>En el sector tambi\u00e9n se encuentra otra excavadora de la Prefectura, realizando el encauzamiento y la limpieza de palizada en el estero Barahona. \u00abEstamos realizando un muro de protecci\u00f3n con el mismo material del estero para evitar da\u00f1os a las viviendas aleda\u00f1as y a la escuela Melquiades Alarc\u00f3n\u00bb, manifest\u00f3 el Ra\u00fal Loor Orellana, t\u00e9cnico de la Prefectura de Manab\u00ed.<\/p>\n","protected":false},"excerpt":{"rendered":"<p>\u00abLa casa comenz\u00f3 a temblar a las 3 de la madrugada. Me imagin\u00e9 lo peor y me lanc\u00e9 por el balc\u00f3n\u00bb, es el testimonio de Kl\u00e9ver Zambrano Rivas, uno de los afectados de las inundaciones de Chone, quien perdi\u00f3 sus enseres. Luego de dos d\u00edas de esa noche de terror, Kl\u00e9ver est\u00e1 pendiente de las [&hellip;]<\/p>\n","protected":false},"author":10,"featured_media":23753,"comment_status":"closed","ping_status":"closed","sticky":false,"template":"","format":"standard","meta":{"_joinchat":[],"footnotes":""},"categories":[141,142,92,340,339,91],"tags":[],"class_list":["post-23749","post","type-post","status-publish","format-standard","has-post-thumbnail","hentry","category-chone","category-desarrollo-social","category-noticias-manabi","category-plan-invernal-plan-invernal","category-plan-invernal","category-todas"],"yoast_head":"<!-- This site is optimized with the Yoast SEO plugin v27.4 - https:\/\/yoast.com\/product\/yoast-seo-wordpress\/ -->\n<title>La Prefectura demuestra compromiso y solidaridad con los hermanos de Chone - Prefectura de Manab\u00ed<\/title>\n<meta name=\"robots\" content=\"index, follow, max-snippet:-1, max-image-preview:large, max-video-preview:-1\" \/>\n<link rel=\"canonical\" href=\"https:\/\/www.manabi.gob.ec\/index.php\/la-prefectura-demuestra-compromiso-y-solidaridad-con-los-hermanos-de-chone\/\" \/>\n<meta property=\"og:locale\" content=\"es_ES\" \/>\n<meta property=\"og:type\" content=\"article\" \/>\n<meta property=\"og:title\" content=\"La Prefectura demuestra compromiso y solidaridad con los hermanos de Chone - Prefectura de Manab\u00ed\" \/>\n<meta property=\"og:description\" content=\"\u00abLa casa comenz\u00f3 a temblar a las 3 de la madrugada. Me imagin\u00e9 lo peor y me lanc\u00e9 por el balc\u00f3n\u00bb, es el testimonio de Kl\u00e9ver Zambrano Rivas, uno de los afectados de las inundaciones de Chone, quien perdi\u00f3 sus enseres. Luego de dos d\u00edas de esa noche de terror, Kl\u00e9ver est\u00e1 pendiente de las [&hellip;]\" \/>\n<meta property=\"og:url\" content=\"https:\/\/www.manabi.gob.ec\/index.php\/la-prefectura-demuestra-compromiso-y-solidaridad-con-los-hermanos-de-chone\/\" \/>\n<meta property=\"og:site_name\" content=\"Prefectura de Manab\u00ed\" \/>\n<meta property=\"article:published_time\" content=\"2023-03-14T20:36:46+00:00\" \/>\n<meta property=\"article:modified_time\" content=\"2023-03-14T20:36:52+00:00\" \/>\n<meta property=\"og:image\" content=\"https:\/\/www.manabi.gob.ec\/wp-content\/uploads\/2023\/03\/WhatsApp-Image-2023-03-09-at-12.08.29.jpeg\" \/>\n\t<meta property=\"og:image:width\" content=\"1600\" \/>\n\t<meta property=\"og:image:height\" content=\"901\" \/>\n\t<meta property=\"og:image:type\" content=\"image\/jpeg\" \/>\n<meta name=\"author\" content=\"Lui Ochoa\" \/>\n<meta name=\"twitter:card\" content=\"summary_large_image\" \/>\n<meta name=\"twitter:label1\" content=\"Escrito por\" \/>\n\t<meta name=\"twitter:data1\" content=\"Lui Ochoa\" \/>\n\t<meta name=\"twitter:label2\" content=\"Tiempo de lectura\" \/>\n\t<meta name=\"twitter:data2\" content=\"1 minuto\" \/>\n<script type=\"application\/ld+json\" class=\"yoast-schema-graph\">{\"@context\":\"https:\\\/\\\/schema.org\",\"@graph\":[{\"@type\":\"Article\",\"@id\":\"https:\\\/\\\/www.manabi.gob.ec\\\/index.php\\\/la-prefectura-demuestra-compromiso-y-solidaridad-con-los-hermanos-de-chone\\\/#article\",\"isPartOf\":{\"@id\":\"https:\\\/\\\/www.manabi.gob.ec\\\/index.php\\\/la-prefectura-demuestra-compromiso-y-solidaridad-con-los-hermanos-de-chone\\\/\"},\"author\":{\"name\":\"Lui Ochoa\",\"@id\":\"https:\\\/\\\/www.manabi.gob.ec\\\/#\\\/schema\\\/person\\\/c4f117989332ad723a6ced5994aa7d7a\"},\"headline\":\"La Prefectura demuestra compromiso y solidaridad con los hermanos de Chone\",\"datePublished\":\"2023-03-14T20:36:46+00:00\",\"dateModified\":\"2023-03-14T20:36:52+00:00\",\"mainEntityOfPage\":{\"@id\":\"https:\\\/\\\/www.manabi.gob.ec\\\/index.php\\\/la-prefectura-demuestra-compromiso-y-solidaridad-con-los-hermanos-de-chone\\\/\"},\"wordCount\":214,\"image\":{\"@id\":\"https:\\\/\\\/www.manabi.gob.ec\\\/index.php\\\/la-prefectura-demuestra-compromiso-y-solidaridad-con-los-hermanos-de-chone\\\/#primaryimage\"},\"thumbnailUrl\":\"https:\\\/\\\/www.manabi.gob.ec\\\/wp-content\\\/uploads\\\/2023\\\/03\\\/WhatsApp-Image-2023-03-09-at-12.08.29.jpeg\",\"articleSection\":[\"Chone\",\"Desarrollo Social\",\"Noticias\",\"PLAN INVERNAL\",\"Plan Invernal\",\"Todas\"],\"inLanguage\":\"es\"},{\"@type\":\"WebPage\",\"@id\":\"https:\\\/\\\/www.manabi.gob.ec\\\/index.php\\\/la-prefectura-demuestra-compromiso-y-solidaridad-con-los-hermanos-de-chone\\\/\",\"url\":\"https:\\\/\\\/www.manabi.gob.ec\\\/index.php\\\/la-prefectura-demuestra-compromiso-y-solidaridad-con-los-hermanos-de-chone\\\/\",\"name\":\"La Prefectura demuestra compromiso y solidaridad con los hermanos de Chone - Prefectura de Manab\u00ed\",\"isPartOf\":{\"@id\":\"https:\\\/\\\/www.manabi.gob.ec\\\/#website\"},\"primaryImageOfPage\":{\"@id\":\"https:\\\/\\\/www.manabi.gob.ec\\\/index.php\\\/la-prefectura-demuestra-compromiso-y-solidaridad-con-los-hermanos-de-chone\\\/#primaryimage\"},\"image\":{\"@id\":\"https:\\\/\\\/www.manabi.gob.ec\\\/index.php\\\/la-prefectura-demuestra-compromiso-y-solidaridad-con-los-hermanos-de-chone\\\/#primaryimage\"},\"thumbnailUrl\":\"https:\\\/\\\/www.manabi.gob.ec\\\/wp-content\\\/uploads\\\/2023\\\/03\\\/WhatsApp-Image-2023-03-09-at-12.08.29.jpeg\",\"datePublished\":\"2023-03-14T20:36:46+00:00\",\"dateModified\":\"2023-03-14T20:36:52+00:00\",\"author\":{\"@id\":\"https:\\\/\\\/www.manabi.gob.ec\\\/#\\\/schema\\\/person\\\/c4f117989332ad723a6ced5994aa7d7a\"},\"breadcrumb\":{\"@id\":\"https:\\\/\\\/www.manabi.gob.ec\\\/index.php\\\/la-prefectura-demuestra-compromiso-y-solidaridad-con-los-hermanos-de-chone\\\/#breadcrumb\"},\"inLanguage\":\"es\",\"potentialAction\":[{\"@type\":\"ReadAction\",\"target\":[\"https:\\\/\\\/www.manabi.gob.ec\\\/index.php\\\/la-prefectura-demuestra-compromiso-y-solidaridad-con-los-hermanos-de-chone\\\/\"]}]},{\"@type\":\"ImageObject\",\"inLanguage\":\"es\",\"@id\":\"https:\\\/\\\/www.manabi.gob.ec\\\/index.php\\\/la-prefectura-demuestra-compromiso-y-solidaridad-con-los-hermanos-de-chone\\\/#primaryimage\",\"url\":\"https:\\\/\\\/www.manabi.gob.ec\\\/wp-content\\\/uploads\\\/2023\\\/03\\\/WhatsApp-Image-2023-03-09-at-12.08.29.jpeg\",\"contentUrl\":\"https:\\\/\\\/www.manabi.gob.ec\\\/wp-content\\\/uploads\\\/2023\\\/03\\\/WhatsApp-Image-2023-03-09-at-12.08.29.jpeg\",\"width\":1600,\"height\":901},{\"@type\":\"BreadcrumbList\",\"@id\":\"https:\\\/\\\/www.manabi.gob.ec\\\/index.php\\\/la-prefectura-demuestra-compromiso-y-solidaridad-con-los-hermanos-de-chone\\\/#breadcrumb\",\"itemListElement\":[{\"@type\":\"ListItem\",\"position\":1,\"name\":\"Portada\",\"item\":\"https:\\\/\\\/www.manabi.gob.ec\\\/\"},{\"@type\":\"ListItem\",\"position\":2,\"name\":\"La Prefectura demuestra compromiso y solidaridad con los hermanos de Chone\"}]},{\"@type\":\"WebSite\",\"@id\":\"https:\\\/\\\/www.manabi.gob.ec\\\/#website\",\"url\":\"https:\\\/\\\/www.manabi.gob.ec\\\/\",\"name\":\"Prefectura de Manab\u00ed\",\"description\":\"P\u00e1gina web de la prefectura\",\"potentialAction\":[{\"@type\":\"SearchAction\",\"target\":{\"@type\":\"EntryPoint\",\"urlTemplate\":\"https:\\\/\\\/www.manabi.gob.ec\\\/?s={search_term_string}\"},\"query-input\":{\"@type\":\"PropertyValueSpecification\",\"valueRequired\":true,\"valueName\":\"search_term_string\"}}],\"inLanguage\":\"es\"},{\"@type\":\"Person\",\"@id\":\"https:\\\/\\\/www.manabi.gob.ec\\\/#\\\/schema\\\/person\\\/c4f117989332ad723a6ced5994aa7d7a\",\"name\":\"Lui Ochoa\",\"image\":{\"@type\":\"ImageObject\",\"inLanguage\":\"es\",\"@id\":\"https:\\\/\\\/secure.gravatar.com\\\/avatar\\\/6e8017d0fe69dead8a95864d2eb6e1e1d8bf8e01194ba49cf7b897ff038126ba?s=96&d=mm&r=g\",\"url\":\"https:\\\/\\\/secure.gravatar.com\\\/avatar\\\/6e8017d0fe69dead8a95864d2eb6e1e1d8bf8e01194ba49cf7b897ff038126ba?s=96&d=mm&r=g\",\"contentUrl\":\"https:\\\/\\\/secure.gravatar.com\\\/avatar\\\/6e8017d0fe69dead8a95864d2eb6e1e1d8bf8e01194ba49cf7b897ff038126ba?s=96&d=mm&r=g\",\"caption\":\"Lui Ochoa\"},\"url\":\"https:\\\/\\\/www.manabi.gob.ec\\\/index.php\\\/author\\\/lochoa\\\/\"}]}<\/script>\n<!-- \/ Yoast SEO plugin. -->","yoast_head_json":{"title":"La Prefectura demuestra compromiso y solidaridad con los hermanos de Chone - Prefectura de Manab\u00ed","robots":{"index":"index","follow":"follow","max-snippet":"max-snippet:-1","max-image-preview":"max-image-preview:large","max-video-preview":"max-video-preview:-1"},"canonical":"https:\/\/www.manabi.gob.ec\/index.php\/la-prefectura-demuestra-compromiso-y-solidaridad-con-los-hermanos-de-chone\/","og_locale":"es_ES","og_type":"article","og_title":"La Prefectura demuestra compromiso y solidaridad con los hermanos de Chone - Prefectura de Manab\u00ed","og_description":"\u00abLa casa comenz\u00f3 a temblar a las 3 de la madrugada. Me imagin\u00e9 lo peor y me lanc\u00e9 por el balc\u00f3n\u00bb, es el testimonio de Kl\u00e9ver Zambrano Rivas, uno de los afectados de las inundaciones de Chone, quien perdi\u00f3 sus enseres. Luego de dos d\u00edas de esa noche de terror, Kl\u00e9ver est\u00e1 pendiente de las [&hellip;]","og_url":"https:\/\/www.manabi.gob.ec\/index.php\/la-prefectura-demuestra-compromiso-y-solidaridad-con-los-hermanos-de-chone\/","og_site_name":"Prefectura de Manab\u00ed","article_published_time":"2023-03-14T20:36:46+00:00","article_modified_time":"2023-03-14T20:36:52+00:00","og_image":[{"width":1600,"height":901,"url":"https:\/\/www.manabi.gob.ec\/wp-content\/uploads\/2023\/03\/WhatsApp-Image-2023-03-09-at-12.08.29.jpeg","type":"image\/jpeg"}],"author":"Lui Ochoa","twitter_card":"summary_large_image","twitter_misc":{"Escrito por":"Lui Ochoa","Tiempo de lectura":"1 minuto"},"schema":{"@context":"https:\/\/schema.org","@graph":[{"@type":"Article","@id":"https:\/\/www.manabi.gob.ec\/index.php\/la-prefectura-demuestra-compromiso-y-solidaridad-con-los-hermanos-de-chone\/#article","isPartOf":{"@id":"https:\/\/www.manabi.gob.ec\/index.php\/la-prefectura-demuestra-compromiso-y-solidaridad-con-los-hermanos-de-chone\/"},"author":{"name":"Lui Ochoa","@id":"https:\/\/www.manabi.gob.ec\/#\/schema\/person\/c4f117989332ad723a6ced5994aa7d7a"},"headline":"La Prefectura demuestra compromiso y solidaridad con los hermanos de Chone","datePublished":"2023-03-14T20:36:46+00:00","dateModified":"2023-03-14T20:36:52+00:00","mainEntityOfPage":{"@id":"https:\/\/www.manabi.gob.ec\/index.php\/la-prefectura-demuestra-compromiso-y-solidaridad-con-los-hermanos-de-chone\/"},"wordCount":214,"image":{"@id":"https:\/\/www.manabi.gob.ec\/index.php\/la-prefectura-demuestra-compromiso-y-solidaridad-con-los-hermanos-de-chone\/#primaryimage"},"thumbnailUrl":"https:\/\/www.manabi.gob.ec\/wp-content\/uploads\/2023\/03\/WhatsApp-Image-2023-03-09-at-12.08.29.jpeg","articleSection":["Chone","Desarrollo Social","Noticias","PLAN INVERNAL","Plan Invernal","Todas"],"inLanguage":"es"},{"@type":"WebPage","@id":"https:\/\/www.manabi.gob.ec\/index.php\/la-prefectura-demuestra-compromiso-y-solidaridad-con-los-hermanos-de-chone\/","url":"https:\/\/www.manabi.gob.ec\/index.php\/la-prefectura-demuestra-compromiso-y-solidaridad-con-los-hermanos-de-chone\/","name":"La Prefectura demuestra compromiso y solidaridad con los hermanos de Chone - Prefectura de Manab\u00ed","isPartOf":{"@id":"https:\/\/www.manabi.gob.ec\/#website"},"primaryImageOfPage":{"@id":"https:\/\/www.manabi.gob.ec\/index.php\/la-prefectura-demuestra-compromiso-y-solidaridad-con-los-hermanos-de-chone\/#primaryimage"},"image":{"@id":"https:\/\/www.manabi.gob.ec\/index.php\/la-prefectura-demuestra-compromiso-y-solidaridad-con-los-hermanos-de-chone\/#primaryimage"},"thumbnailUrl":"https:\/\/www.manabi.gob.ec\/wp-content\/uploads\/2023\/03\/WhatsApp-Image-2023-03-09-at-12.08.29.jpeg","datePublished":"2023-03-14T20:36:46+00:00","dateModified":"2023-03-14T20:36:52+00:00","author":{"@id":"https:\/\/www.manabi.gob.ec\/#\/schema\/person\/c4f117989332ad723a6ced5994aa7d7a"},"breadcrumb":{"@id":"https:\/\/www.manabi.gob.ec\/index.php\/la-prefectura-demuestra-compromiso-y-solidaridad-con-los-hermanos-de-chone\/#breadcrumb"},"inLanguage":"es","potentialAction":[{"@type":"ReadAction","target":["https:\/\/www.manabi.gob.ec\/index.php\/la-prefectura-demuestra-compromiso-y-solidaridad-con-los-hermanos-de-chone\/"]}]},{"@type":"ImageObject","inLanguage":"es","@id":"https:\/\/www.manabi.gob.ec\/index.php\/la-prefectura-demuestra-compromiso-y-solidaridad-con-los-hermanos-de-chone\/#primaryimage","url":"https:\/\/www.manabi.gob.ec\/wp-content\/uploads\/2023\/03\/WhatsApp-Image-2023-03-09-at-12.08.29.jpeg","contentUrl":"https:\/\/www.manabi.gob.ec\/wp-content\/uploads\/2023\/03\/WhatsApp-Image-2023-03-09-at-12.08.29.jpeg","width":1600,"height":901},{"@type":"BreadcrumbList","@id":"https:\/\/www.manabi.gob.ec\/index.php\/la-prefectura-demuestra-compromiso-y-solidaridad-con-los-hermanos-de-chone\/#breadcrumb","itemListElement":[{"@type":"ListItem","position":1,"name":"Portada","item":"https:\/\/www.manabi.gob.ec\/"},{"@type":"ListItem","position":2,"name":"La Prefectura demuestra compromiso y solidaridad con los hermanos de Chone"}]},{"@type":"WebSite","@id":"https:\/\/www.manabi.gob.ec\/#website","url":"https:\/\/www.manabi.gob.ec\/","name":"Prefectura de Manab\u00ed","description":"P\u00e1gina web de la prefectura","potentialAction":[{"@type":"SearchAction","target":{"@type":"EntryPoint","urlTemplate":"https:\/\/www.manabi.gob.ec\/?s={search_term_string}"},"query-input":{"@type":"PropertyValueSpecification","valueRequired":true,"valueName":"search_term_string"}}],"inLanguage":"es"},{"@type":"Person","@id":"https:\/\/www.manabi.gob.ec\/#\/schema\/person\/c4f117989332ad723a6ced5994aa7d7a","name":"Lui Ochoa","image":{"@type":"ImageObject","inLanguage":"es","@id":"https:\/\/secure.gravatar.com\/avatar\/6e8017d0fe69dead8a95864d2eb6e1e1d8bf8e01194ba49cf7b897ff038126ba?s=96&d=mm&r=g","url":"https:\/\/secure.gravatar.com\/avatar\/6e8017d0fe69dead8a95864d2eb6e1e1d8bf8e01194ba49cf7b897ff038126ba?s=96&d=mm&r=g","contentUrl":"https:\/\/secure.gravatar.com\/avatar\/6e8017d0fe69dead8a95864d2eb6e1e1d8bf8e01194ba49cf7b897ff038126ba?s=96&d=mm&r=g","caption":"Lui Ochoa"},"url":"https:\/\/www.manabi.gob.ec\/index.php\/author\/lochoa\/"}]}},"jetpack_featured_media_url":"https:\/\/www.manabi.gob.ec\/wp-content\/uploads\/2023\/03\/WhatsApp-Image-2023-03-09-at-12.08.29.jpeg","_links":{"self":[{"href":"https:\/\/www.manabi.gob.ec\/index.php\/wp-json\/wp\/v2\/posts\/23749","targetHints":{"allow":["GET"]}}],"collection":[{"href":"https:\/\/www.manabi.gob.ec\/index.php\/wp-json\/wp\/v2\/posts"}],"about":[{"href":"https:\/\/www.manabi.gob.ec\/index.php\/wp-json\/wp\/v2\/types\/post"}],"author":[{"embeddable":true,"href":"https:\/\/www.manabi.gob.ec\/index.php\/wp-json\/wp\/v2\/users\/10"}],"replies":[{"embeddable":true,"href":"https:\/\/www.manabi.gob.ec\/index.php\/wp-json\/wp\/v2\/comments?post=23749"}],"version-history":[{"count":0,"href":"https:\/\/www.manabi.gob.ec\/index.php\/wp-json\/wp\/v2\/posts\/23749\/revisions"}],"wp:featuredmedia":[{"embeddable":true,"href":"https:\/\/www.manabi.gob.ec\/index.php\/wp-json\/wp\/v2\/media\/23753"}],"wp:attachment":[{"href":"https:\/\/www.manabi.gob.ec\/index.php\/wp-json\/wp\/v2\/media?parent=23749"}],"wp:term":[{"taxonomy":"category","embeddable":true,"href":"https:\/\/www.manabi.gob.ec\/index.php\/wp-json\/wp\/v2\/categories?post=23749"},{"taxonomy":"post_tag","embeddable":true,"href":"https:\/\/www.manabi.gob.ec\/index.php\/wp-json\/wp\/v2\/tags?post=23749"}],"curies":[{"name":"wp","href":"https:\/\/api.w.org\/{rel}","templated":true}]}}