{"id":23801,"date":"2023-03-15T15:43:29","date_gmt":"2023-03-15T15:43:29","guid":{"rendered":"https:\/\/www.manabi.gob.ec\/?p=23801"},"modified":"2023-03-15T15:43:35","modified_gmt":"2023-03-15T15:43:35","slug":"prefectura-de-manabi-trabaja-en-obras-viales-emergentes-por-la-estacion-invernal","status":"publish","type":"post","link":"https:\/\/www.manabi.gob.ec\/index.php\/prefectura-de-manabi-trabaja-en-obras-viales-emergentes-por-la-estacion-invernal\/","title":{"rendered":"Prefectura de Manab\u00ed trabaja en obras viales emergentes por la estaci\u00f3n invernal"},"content":{"rendered":"\n<p>Maquinaria de la Prefectura de Manab\u00ed interviene en el sitio El Retiro, de la parroquia El Anegado, del cant\u00f3n Jipijapa, al momento se realizan trabajos de reconformaci\u00f3n, limpieza de cunetas y espaldones de esta importante v\u00eda.<\/p>\n\n\n\n<p>El equipo que realiza esta labor est\u00e1 compuesto por una motoniveladora y un rodillo por administraci\u00f3n directa y son los que intervienen en una longitud de 3.2 Kil\u00f3metros de la v\u00eda que conduce a la comunidad El Retiro.<\/p>\n\n\n\n<p>Tambi\u00e9n se trabaja de manera emergente en tramos puntuales en el sector Cascabel, de la v\u00eda Jipijapa &#8211; La Uni\u00f3n, donde una retroexcavadora contratada mediante feria inclusiva se encuentra realizando trabajos de tendido de material sobre la v\u00eda principal y sobre la variante, mientras que el acarreo de material se lo ejecuta por administraci\u00f3n directa con volquetas de la entidad provincial.<\/p>\n\n\n\n<p>Con estos trabajos ambas v\u00edas rurales del cant\u00f3n Jipijapa permiten el normal acceso y flujo vehicular, sus habitantes se dedican a la agricultura en especial a la producci\u00f3n de ma\u00edz.<\/p>\n\n\n\n<p>\u201cDentro de nuestra planificaci\u00f3n en el cant\u00f3n Jipijapa tenemos contemplada la inmediata respuesta ante cualquier emergencia que se presente por la estaci\u00f3n invernal\u201d, mencion\u00f3 Marcel Guillem, t\u00e9cnico de la Prefectura de Manab\u00ed.<\/p>\n","protected":false},"excerpt":{"rendered":"<p>Maquinaria de la Prefectura de Manab\u00ed interviene en el sitio El Retiro, de la parroquia El Anegado, del cant\u00f3n Jipijapa, al momento se realizan trabajos de reconformaci\u00f3n, limpieza de cunetas y espaldones de esta importante v\u00eda. El equipo que realiza esta labor est\u00e1 compuesto por una motoniveladora y un rodillo por administraci\u00f3n directa y son [&hellip;]<\/p>\n","protected":false},"author":10,"featured_media":23802,"comment_status":"closed","ping_status":"closed","sticky":false,"template":"","format":"standard","meta":{"_joinchat":[],"footnotes":""},"categories":[142,123,92,181,339,340,91,127],"tags":[],"class_list":["post-23801","post","type-post","status-publish","format-standard","has-post-thumbnail","hentry","category-desarrollo-social","category-jipijapa","category-noticias-manabi","category-obra-publica","category-plan-invernal","category-plan-invernal-plan-invernal","category-todas","category-vialidad"],"yoast_head":"<!-- This site is optimized with the Yoast SEO plugin v27.4 - https:\/\/yoast.com\/product\/yoast-seo-wordpress\/ -->\n<title>Prefectura de Manab\u00ed trabaja en obras viales emergentes por la estaci\u00f3n invernal - Prefectura de Manab\u00ed<\/title>\n<meta name=\"robots\" content=\"index, follow, max-snippet:-1, max-image-preview:large, max-video-preview:-1\" \/>\n<link rel=\"canonical\" href=\"https:\/\/www.manabi.gob.ec\/index.php\/prefectura-de-manabi-trabaja-en-obras-viales-emergentes-por-la-estacion-invernal\/\" \/>\n<meta property=\"og:locale\" content=\"es_ES\" \/>\n<meta property=\"og:type\" content=\"article\" \/>\n<meta property=\"og:title\" content=\"Prefectura de Manab\u00ed trabaja en obras viales emergentes por la estaci\u00f3n invernal - Prefectura de Manab\u00ed\" \/>\n<meta property=\"og:description\" content=\"Maquinaria de la Prefectura de Manab\u00ed interviene en el sitio El Retiro, de la parroquia El Anegado, del cant\u00f3n Jipijapa, al momento se realizan trabajos de reconformaci\u00f3n, limpieza de cunetas y espaldones de esta importante v\u00eda. El equipo que realiza esta labor est\u00e1 compuesto por una motoniveladora y un rodillo por administraci\u00f3n directa y son [&hellip;]\" \/>\n<meta property=\"og:url\" content=\"https:\/\/www.manabi.gob.ec\/index.php\/prefectura-de-manabi-trabaja-en-obras-viales-emergentes-por-la-estacion-invernal\/\" \/>\n<meta property=\"og:site_name\" content=\"Prefectura de Manab\u00ed\" \/>\n<meta property=\"article:published_time\" content=\"2023-03-15T15:43:29+00:00\" \/>\n<meta property=\"article:modified_time\" content=\"2023-03-15T15:43:35+00:00\" \/>\n<meta property=\"og:image\" content=\"https:\/\/www.manabi.gob.ec\/wp-content\/uploads\/2023\/03\/WhatsApp-Image-2023-03-15-at-10.42.47.jpeg\" \/>\n\t<meta property=\"og:image:width\" content=\"1024\" \/>\n\t<meta property=\"og:image:height\" content=\"768\" \/>\n\t<meta property=\"og:image:type\" content=\"image\/jpeg\" \/>\n<meta name=\"author\" content=\"Lui Ochoa\" \/>\n<meta name=\"twitter:card\" content=\"summary_large_image\" \/>\n<meta name=\"twitter:label1\" content=\"Escrito por\" \/>\n\t<meta name=\"twitter:data1\" content=\"Lui Ochoa\" \/>\n\t<meta name=\"twitter:label2\" content=\"Tiempo de lectura\" \/>\n\t<meta name=\"twitter:data2\" content=\"1 minuto\" \/>\n<script type=\"application\/ld+json\" class=\"yoast-schema-graph\">{\"@context\":\"https:\\\/\\\/schema.org\",\"@graph\":[{\"@type\":\"Article\",\"@id\":\"https:\\\/\\\/www.manabi.gob.ec\\\/index.php\\\/prefectura-de-manabi-trabaja-en-obras-viales-emergentes-por-la-estacion-invernal\\\/#article\",\"isPartOf\":{\"@id\":\"https:\\\/\\\/www.manabi.gob.ec\\\/index.php\\\/prefectura-de-manabi-trabaja-en-obras-viales-emergentes-por-la-estacion-invernal\\\/\"},\"author\":{\"name\":\"Lui Ochoa\",\"@id\":\"https:\\\/\\\/www.manabi.gob.ec\\\/#\\\/schema\\\/person\\\/c4f117989332ad723a6ced5994aa7d7a\"},\"headline\":\"Prefectura de Manab\u00ed trabaja en obras viales emergentes por la estaci\u00f3n invernal\",\"datePublished\":\"2023-03-15T15:43:29+00:00\",\"dateModified\":\"2023-03-15T15:43:35+00:00\",\"mainEntityOfPage\":{\"@id\":\"https:\\\/\\\/www.manabi.gob.ec\\\/index.php\\\/prefectura-de-manabi-trabaja-en-obras-viales-emergentes-por-la-estacion-invernal\\\/\"},\"wordCount\":228,\"image\":{\"@id\":\"https:\\\/\\\/www.manabi.gob.ec\\\/index.php\\\/prefectura-de-manabi-trabaja-en-obras-viales-emergentes-por-la-estacion-invernal\\\/#primaryimage\"},\"thumbnailUrl\":\"https:\\\/\\\/www.manabi.gob.ec\\\/wp-content\\\/uploads\\\/2023\\\/03\\\/WhatsApp-Image-2023-03-15-at-10.42.47.jpeg\",\"articleSection\":[\"Desarrollo Social\",\"Jipijapa\",\"Noticias\",\"Obra P\u00fablica\",\"Plan Invernal\",\"PLAN INVERNAL\",\"Todas\",\"Vialidad\"],\"inLanguage\":\"es\"},{\"@type\":\"WebPage\",\"@id\":\"https:\\\/\\\/www.manabi.gob.ec\\\/index.php\\\/prefectura-de-manabi-trabaja-en-obras-viales-emergentes-por-la-estacion-invernal\\\/\",\"url\":\"https:\\\/\\\/www.manabi.gob.ec\\\/index.php\\\/prefectura-de-manabi-trabaja-en-obras-viales-emergentes-por-la-estacion-invernal\\\/\",\"name\":\"Prefectura de Manab\u00ed trabaja en obras viales emergentes por la estaci\u00f3n invernal - Prefectura de Manab\u00ed\",\"isPartOf\":{\"@id\":\"https:\\\/\\\/www.manabi.gob.ec\\\/#website\"},\"primaryImageOfPage\":{\"@id\":\"https:\\\/\\\/www.manabi.gob.ec\\\/index.php\\\/prefectura-de-manabi-trabaja-en-obras-viales-emergentes-por-la-estacion-invernal\\\/#primaryimage\"},\"image\":{\"@id\":\"https:\\\/\\\/www.manabi.gob.ec\\\/index.php\\\/prefectura-de-manabi-trabaja-en-obras-viales-emergentes-por-la-estacion-invernal\\\/#primaryimage\"},\"thumbnailUrl\":\"https:\\\/\\\/www.manabi.gob.ec\\\/wp-content\\\/uploads\\\/2023\\\/03\\\/WhatsApp-Image-2023-03-15-at-10.42.47.jpeg\",\"datePublished\":\"2023-03-15T15:43:29+00:00\",\"dateModified\":\"2023-03-15T15:43:35+00:00\",\"author\":{\"@id\":\"https:\\\/\\\/www.manabi.gob.ec\\\/#\\\/schema\\\/person\\\/c4f117989332ad723a6ced5994aa7d7a\"},\"breadcrumb\":{\"@id\":\"https:\\\/\\\/www.manabi.gob.ec\\\/index.php\\\/prefectura-de-manabi-trabaja-en-obras-viales-emergentes-por-la-estacion-invernal\\\/#breadcrumb\"},\"inLanguage\":\"es\",\"potentialAction\":[{\"@type\":\"ReadAction\",\"target\":[\"https:\\\/\\\/www.manabi.gob.ec\\\/index.php\\\/prefectura-de-manabi-trabaja-en-obras-viales-emergentes-por-la-estacion-invernal\\\/\"]}]},{\"@type\":\"ImageObject\",\"inLanguage\":\"es\",\"@id\":\"https:\\\/\\\/www.manabi.gob.ec\\\/index.php\\\/prefectura-de-manabi-trabaja-en-obras-viales-emergentes-por-la-estacion-invernal\\\/#primaryimage\",\"url\":\"https:\\\/\\\/www.manabi.gob.ec\\\/wp-content\\\/uploads\\\/2023\\\/03\\\/WhatsApp-Image-2023-03-15-at-10.42.47.jpeg\",\"contentUrl\":\"https:\\\/\\\/www.manabi.gob.ec\\\/wp-content\\\/uploads\\\/2023\\\/03\\\/WhatsApp-Image-2023-03-15-at-10.42.47.jpeg\",\"width\":1024,\"height\":768},{\"@type\":\"BreadcrumbList\",\"@id\":\"https:\\\/\\\/www.manabi.gob.ec\\\/index.php\\\/prefectura-de-manabi-trabaja-en-obras-viales-emergentes-por-la-estacion-invernal\\\/#breadcrumb\",\"itemListElement\":[{\"@type\":\"ListItem\",\"position\":1,\"name\":\"Portada\",\"item\":\"https:\\\/\\\/www.manabi.gob.ec\\\/\"},{\"@type\":\"ListItem\",\"position\":2,\"name\":\"Prefectura de Manab\u00ed trabaja en obras viales emergentes por la estaci\u00f3n invernal\"}]},{\"@type\":\"WebSite\",\"@id\":\"https:\\\/\\\/www.manabi.gob.ec\\\/#website\",\"url\":\"https:\\\/\\\/www.manabi.gob.ec\\\/\",\"name\":\"Prefectura de Manab\u00ed\",\"description\":\"P\u00e1gina web de la prefectura\",\"potentialAction\":[{\"@type\":\"SearchAction\",\"target\":{\"@type\":\"EntryPoint\",\"urlTemplate\":\"https:\\\/\\\/www.manabi.gob.ec\\\/?s={search_term_string}\"},\"query-input\":{\"@type\":\"PropertyValueSpecification\",\"valueRequired\":true,\"valueName\":\"search_term_string\"}}],\"inLanguage\":\"es\"},{\"@type\":\"Person\",\"@id\":\"https:\\\/\\\/www.manabi.gob.ec\\\/#\\\/schema\\\/person\\\/c4f117989332ad723a6ced5994aa7d7a\",\"name\":\"Lui Ochoa\",\"image\":{\"@type\":\"ImageObject\",\"inLanguage\":\"es\",\"@id\":\"https:\\\/\\\/secure.gravatar.com\\\/avatar\\\/6e8017d0fe69dead8a95864d2eb6e1e1d8bf8e01194ba49cf7b897ff038126ba?s=96&d=mm&r=g\",\"url\":\"https:\\\/\\\/secure.gravatar.com\\\/avatar\\\/6e8017d0fe69dead8a95864d2eb6e1e1d8bf8e01194ba49cf7b897ff038126ba?s=96&d=mm&r=g\",\"contentUrl\":\"https:\\\/\\\/secure.gravatar.com\\\/avatar\\\/6e8017d0fe69dead8a95864d2eb6e1e1d8bf8e01194ba49cf7b897ff038126ba?s=96&d=mm&r=g\",\"caption\":\"Lui Ochoa\"},\"url\":\"https:\\\/\\\/www.manabi.gob.ec\\\/index.php\\\/author\\\/lochoa\\\/\"}]}<\/script>\n<!-- \/ Yoast SEO plugin. -->","yoast_head_json":{"title":"Prefectura de Manab\u00ed trabaja en obras viales emergentes por la estaci\u00f3n invernal - Prefectura de Manab\u00ed","robots":{"index":"index","follow":"follow","max-snippet":"max-snippet:-1","max-image-preview":"max-image-preview:large","max-video-preview":"max-video-preview:-1"},"canonical":"https:\/\/www.manabi.gob.ec\/index.php\/prefectura-de-manabi-trabaja-en-obras-viales-emergentes-por-la-estacion-invernal\/","og_locale":"es_ES","og_type":"article","og_title":"Prefectura de Manab\u00ed trabaja en obras viales emergentes por la estaci\u00f3n invernal - Prefectura de Manab\u00ed","og_description":"Maquinaria de la Prefectura de Manab\u00ed interviene en el sitio El Retiro, de la parroquia El Anegado, del cant\u00f3n Jipijapa, al momento se realizan trabajos de reconformaci\u00f3n, limpieza de cunetas y espaldones de esta importante v\u00eda. El equipo que realiza esta labor est\u00e1 compuesto por una motoniveladora y un rodillo por administraci\u00f3n directa y son [&hellip;]","og_url":"https:\/\/www.manabi.gob.ec\/index.php\/prefectura-de-manabi-trabaja-en-obras-viales-emergentes-por-la-estacion-invernal\/","og_site_name":"Prefectura de Manab\u00ed","article_published_time":"2023-03-15T15:43:29+00:00","article_modified_time":"2023-03-15T15:43:35+00:00","og_image":[{"width":1024,"height":768,"url":"https:\/\/www.manabi.gob.ec\/wp-content\/uploads\/2023\/03\/WhatsApp-Image-2023-03-15-at-10.42.47.jpeg","type":"image\/jpeg"}],"author":"Lui Ochoa","twitter_card":"summary_large_image","twitter_misc":{"Escrito por":"Lui Ochoa","Tiempo de lectura":"1 minuto"},"schema":{"@context":"https:\/\/schema.org","@graph":[{"@type":"Article","@id":"https:\/\/www.manabi.gob.ec\/index.php\/prefectura-de-manabi-trabaja-en-obras-viales-emergentes-por-la-estacion-invernal\/#article","isPartOf":{"@id":"https:\/\/www.manabi.gob.ec\/index.php\/prefectura-de-manabi-trabaja-en-obras-viales-emergentes-por-la-estacion-invernal\/"},"author":{"name":"Lui Ochoa","@id":"https:\/\/www.manabi.gob.ec\/#\/schema\/person\/c4f117989332ad723a6ced5994aa7d7a"},"headline":"Prefectura de Manab\u00ed trabaja en obras viales emergentes por la estaci\u00f3n invernal","datePublished":"2023-03-15T15:43:29+00:00","dateModified":"2023-03-15T15:43:35+00:00","mainEntityOfPage":{"@id":"https:\/\/www.manabi.gob.ec\/index.php\/prefectura-de-manabi-trabaja-en-obras-viales-emergentes-por-la-estacion-invernal\/"},"wordCount":228,"image":{"@id":"https:\/\/www.manabi.gob.ec\/index.php\/prefectura-de-manabi-trabaja-en-obras-viales-emergentes-por-la-estacion-invernal\/#primaryimage"},"thumbnailUrl":"https:\/\/www.manabi.gob.ec\/wp-content\/uploads\/2023\/03\/WhatsApp-Image-2023-03-15-at-10.42.47.jpeg","articleSection":["Desarrollo Social","Jipijapa","Noticias","Obra P\u00fablica","Plan Invernal","PLAN INVERNAL","Todas","Vialidad"],"inLanguage":"es"},{"@type":"WebPage","@id":"https:\/\/www.manabi.gob.ec\/index.php\/prefectura-de-manabi-trabaja-en-obras-viales-emergentes-por-la-estacion-invernal\/","url":"https:\/\/www.manabi.gob.ec\/index.php\/prefectura-de-manabi-trabaja-en-obras-viales-emergentes-por-la-estacion-invernal\/","name":"Prefectura de Manab\u00ed trabaja en obras viales emergentes por la estaci\u00f3n invernal - Prefectura de Manab\u00ed","isPartOf":{"@id":"https:\/\/www.manabi.gob.ec\/#website"},"primaryImageOfPage":{"@id":"https:\/\/www.manabi.gob.ec\/index.php\/prefectura-de-manabi-trabaja-en-obras-viales-emergentes-por-la-estacion-invernal\/#primaryimage"},"image":{"@id":"https:\/\/www.manabi.gob.ec\/index.php\/prefectura-de-manabi-trabaja-en-obras-viales-emergentes-por-la-estacion-invernal\/#primaryimage"},"thumbnailUrl":"https:\/\/www.manabi.gob.ec\/wp-content\/uploads\/2023\/03\/WhatsApp-Image-2023-03-15-at-10.42.47.jpeg","datePublished":"2023-03-15T15:43:29+00:00","dateModified":"2023-03-15T15:43:35+00:00","author":{"@id":"https:\/\/www.manabi.gob.ec\/#\/schema\/person\/c4f117989332ad723a6ced5994aa7d7a"},"breadcrumb":{"@id":"https:\/\/www.manabi.gob.ec\/index.php\/prefectura-de-manabi-trabaja-en-obras-viales-emergentes-por-la-estacion-invernal\/#breadcrumb"},"inLanguage":"es","potentialAction":[{"@type":"ReadAction","target":["https:\/\/www.manabi.gob.ec\/index.php\/prefectura-de-manabi-trabaja-en-obras-viales-emergentes-por-la-estacion-invernal\/"]}]},{"@type":"ImageObject","inLanguage":"es","@id":"https:\/\/www.manabi.gob.ec\/index.php\/prefectura-de-manabi-trabaja-en-obras-viales-emergentes-por-la-estacion-invernal\/#primaryimage","url":"https:\/\/www.manabi.gob.ec\/wp-content\/uploads\/2023\/03\/WhatsApp-Image-2023-03-15-at-10.42.47.jpeg","contentUrl":"https:\/\/www.manabi.gob.ec\/wp-content\/uploads\/2023\/03\/WhatsApp-Image-2023-03-15-at-10.42.47.jpeg","width":1024,"height":768},{"@type":"BreadcrumbList","@id":"https:\/\/www.manabi.gob.ec\/index.php\/prefectura-de-manabi-trabaja-en-obras-viales-emergentes-por-la-estacion-invernal\/#breadcrumb","itemListElement":[{"@type":"ListItem","position":1,"name":"Portada","item":"https:\/\/www.manabi.gob.ec\/"},{"@type":"ListItem","position":2,"name":"Prefectura de Manab\u00ed trabaja en obras viales emergentes por la estaci\u00f3n invernal"}]},{"@type":"WebSite","@id":"https:\/\/www.manabi.gob.ec\/#website","url":"https:\/\/www.manabi.gob.ec\/","name":"Prefectura de Manab\u00ed","description":"P\u00e1gina web de la prefectura","potentialAction":[{"@type":"SearchAction","target":{"@type":"EntryPoint","urlTemplate":"https:\/\/www.manabi.gob.ec\/?s={search_term_string}"},"query-input":{"@type":"PropertyValueSpecification","valueRequired":true,"valueName":"search_term_string"}}],"inLanguage":"es"},{"@type":"Person","@id":"https:\/\/www.manabi.gob.ec\/#\/schema\/person\/c4f117989332ad723a6ced5994aa7d7a","name":"Lui Ochoa","image":{"@type":"ImageObject","inLanguage":"es","@id":"https:\/\/secure.gravatar.com\/avatar\/6e8017d0fe69dead8a95864d2eb6e1e1d8bf8e01194ba49cf7b897ff038126ba?s=96&d=mm&r=g","url":"https:\/\/secure.gravatar.com\/avatar\/6e8017d0fe69dead8a95864d2eb6e1e1d8bf8e01194ba49cf7b897ff038126ba?s=96&d=mm&r=g","contentUrl":"https:\/\/secure.gravatar.com\/avatar\/6e8017d0fe69dead8a95864d2eb6e1e1d8bf8e01194ba49cf7b897ff038126ba?s=96&d=mm&r=g","caption":"Lui Ochoa"},"url":"https:\/\/www.manabi.gob.ec\/index.php\/author\/lochoa\/"}]}},"jetpack_featured_media_url":"https:\/\/www.manabi.gob.ec\/wp-content\/uploads\/2023\/03\/WhatsApp-Image-2023-03-15-at-10.42.47.jpeg","_links":{"self":[{"href":"https:\/\/www.manabi.gob.ec\/index.php\/wp-json\/wp\/v2\/posts\/23801","targetHints":{"allow":["GET"]}}],"collection":[{"href":"https:\/\/www.manabi.gob.ec\/index.php\/wp-json\/wp\/v2\/posts"}],"about":[{"href":"https:\/\/www.manabi.gob.ec\/index.php\/wp-json\/wp\/v2\/types\/post"}],"author":[{"embeddable":true,"href":"https:\/\/www.manabi.gob.ec\/index.php\/wp-json\/wp\/v2\/users\/10"}],"replies":[{"embeddable":true,"href":"https:\/\/www.manabi.gob.ec\/index.php\/wp-json\/wp\/v2\/comments?post=23801"}],"version-history":[{"count":0,"href":"https:\/\/www.manabi.gob.ec\/index.php\/wp-json\/wp\/v2\/posts\/23801\/revisions"}],"wp:featuredmedia":[{"embeddable":true,"href":"https:\/\/www.manabi.gob.ec\/index.php\/wp-json\/wp\/v2\/media\/23802"}],"wp:attachment":[{"href":"https:\/\/www.manabi.gob.ec\/index.php\/wp-json\/wp\/v2\/media?parent=23801"}],"wp:term":[{"taxonomy":"category","embeddable":true,"href":"https:\/\/www.manabi.gob.ec\/index.php\/wp-json\/wp\/v2\/categories?post=23801"},{"taxonomy":"post_tag","embeddable":true,"href":"https:\/\/www.manabi.gob.ec\/index.php\/wp-json\/wp\/v2\/tags?post=23801"}],"curies":[{"name":"wp","href":"https:\/\/api.w.org\/{rel}","templated":true}]}}