{"id":23856,"date":"2023-03-24T16:39:49","date_gmt":"2023-03-24T16:39:49","guid":{"rendered":"https:\/\/www.manabi.gob.ec\/?p=23856"},"modified":"2023-03-24T16:39:55","modified_gmt":"2023-03-24T16:39:55","slug":"continuamos-llevando-salud-y-bienestar-a-los-manabitas","status":"publish","type":"post","link":"https:\/\/www.manabi.gob.ec\/index.php\/continuamos-llevando-salud-y-bienestar-a-los-manabitas\/","title":{"rendered":"Continuamos llevando salud y bienestar a los manabitas"},"content":{"rendered":"\n<p>Desde la direcci\u00f3n de Desarrollo Social de la prefectura de Manab\u00ed, seguimos ejecutando nuestro proyecto social #ManabiSaludable que lleva a cabo jornadas m\u00e9dicas en todo el territorio provincial.<br>Asistimos, a trav\u00e9s de la modalidad visitas domiciliarias, al sitio El Lim\u00f3n de la parroquia Sim\u00f3n Bol\u00edvar en la capital manabita, donde se brind\u00f3 m\u00e1s de 100 atenciones en \u00e1reas como: medicina general, odontolog\u00eda, optometr\u00eda y entrega de medicamentos de forma gratuita.<br>Lena Cede\u00f1o, m\u00e9dico encargada de la jornada, expres\u00f3 que en estas jornadas se realizan con varios frentes de profesionales, donde se recorre varias calles de una comunidad con el fin de identificar casos que necesiten atenci\u00f3n prioritaria y poder brindar ayuda m\u00e9dica.<br>Por su parte, Flora Vera, madre de familia y habitante del sector, coment\u00f3 que est\u00e1 sumamente agradecida con la atenci\u00f3n que brinda el Prefecto Leonardo Orlando, a trav\u00e9s de la Prefectura de Manab\u00ed, a favor de sus hijos y de todos quienes se benefician de esta iniciativa social.<\/p>\n","protected":false},"excerpt":{"rendered":"<p>Desde la direcci\u00f3n de Desarrollo Social de la prefectura de Manab\u00ed, seguimos ejecutando nuestro proyecto social #ManabiSaludable que lleva a cabo jornadas m\u00e9dicas en todo el territorio provincial.Asistimos, a trav\u00e9s de la modalidad visitas domiciliarias, al sitio El Lim\u00f3n de la parroquia Sim\u00f3n Bol\u00edvar en la capital manabita, donde se brind\u00f3 m\u00e1s de 100 atenciones [&hellip;]<\/p>\n","protected":false},"author":10,"featured_media":23857,"comment_status":"closed","ping_status":"closed","sticky":false,"template":"","format":"standard","meta":{"_joinchat":[],"footnotes":""},"categories":[142,92,72,91],"tags":[],"class_list":["post-23856","post","type-post","status-publish","format-standard","has-post-thumbnail","hentry","category-desarrollo-social","category-noticias-manabi","category-salud","category-todas"],"yoast_head":"<!-- This site is optimized with the Yoast SEO plugin v27.4 - https:\/\/yoast.com\/product\/yoast-seo-wordpress\/ -->\n<title>Continuamos llevando salud y bienestar a los manabitas - Prefectura de Manab\u00ed<\/title>\n<meta name=\"robots\" content=\"index, follow, max-snippet:-1, max-image-preview:large, max-video-preview:-1\" \/>\n<link rel=\"canonical\" href=\"https:\/\/www.manabi.gob.ec\/index.php\/continuamos-llevando-salud-y-bienestar-a-los-manabitas\/\" \/>\n<meta property=\"og:locale\" content=\"es_ES\" \/>\n<meta property=\"og:type\" content=\"article\" \/>\n<meta property=\"og:title\" content=\"Continuamos llevando salud y bienestar a los manabitas - Prefectura de Manab\u00ed\" \/>\n<meta property=\"og:description\" content=\"Desde la direcci\u00f3n de Desarrollo Social de la prefectura de Manab\u00ed, seguimos ejecutando nuestro proyecto social #ManabiSaludable que lleva a cabo jornadas m\u00e9dicas en todo el territorio provincial.Asistimos, a trav\u00e9s de la modalidad visitas domiciliarias, al sitio El Lim\u00f3n de la parroquia Sim\u00f3n Bol\u00edvar en la capital manabita, donde se brind\u00f3 m\u00e1s de 100 atenciones [&hellip;]\" \/>\n<meta property=\"og:url\" content=\"https:\/\/www.manabi.gob.ec\/index.php\/continuamos-llevando-salud-y-bienestar-a-los-manabitas\/\" \/>\n<meta property=\"og:site_name\" content=\"Prefectura de Manab\u00ed\" \/>\n<meta property=\"article:published_time\" content=\"2023-03-24T16:39:49+00:00\" \/>\n<meta property=\"article:modified_time\" content=\"2023-03-24T16:39:55+00:00\" \/>\n<meta property=\"og:image\" content=\"https:\/\/www.manabi.gob.ec\/wp-content\/uploads\/2023\/03\/WhatsApp-Image-2023-03-22-at-16.42.06.jpeg\" \/>\n\t<meta property=\"og:image:width\" content=\"1280\" \/>\n\t<meta property=\"og:image:height\" content=\"720\" \/>\n\t<meta property=\"og:image:type\" content=\"image\/jpeg\" \/>\n<meta name=\"author\" content=\"Lui Ochoa\" \/>\n<meta name=\"twitter:card\" content=\"summary_large_image\" \/>\n<meta name=\"twitter:label1\" content=\"Escrito por\" \/>\n\t<meta name=\"twitter:data1\" content=\"Lui Ochoa\" \/>\n\t<meta name=\"twitter:label2\" content=\"Tiempo de lectura\" \/>\n\t<meta name=\"twitter:data2\" content=\"1 minuto\" \/>\n<script type=\"application\/ld+json\" class=\"yoast-schema-graph\">{\"@context\":\"https:\\\/\\\/schema.org\",\"@graph\":[{\"@type\":\"Article\",\"@id\":\"https:\\\/\\\/www.manabi.gob.ec\\\/index.php\\\/continuamos-llevando-salud-y-bienestar-a-los-manabitas\\\/#article\",\"isPartOf\":{\"@id\":\"https:\\\/\\\/www.manabi.gob.ec\\\/index.php\\\/continuamos-llevando-salud-y-bienestar-a-los-manabitas\\\/\"},\"author\":{\"name\":\"Lui Ochoa\",\"@id\":\"https:\\\/\\\/www.manabi.gob.ec\\\/#\\\/schema\\\/person\\\/c4f117989332ad723a6ced5994aa7d7a\"},\"headline\":\"Continuamos llevando salud y bienestar a los manabitas\",\"datePublished\":\"2023-03-24T16:39:49+00:00\",\"dateModified\":\"2023-03-24T16:39:55+00:00\",\"mainEntityOfPage\":{\"@id\":\"https:\\\/\\\/www.manabi.gob.ec\\\/index.php\\\/continuamos-llevando-salud-y-bienestar-a-los-manabitas\\\/\"},\"wordCount\":182,\"image\":{\"@id\":\"https:\\\/\\\/www.manabi.gob.ec\\\/index.php\\\/continuamos-llevando-salud-y-bienestar-a-los-manabitas\\\/#primaryimage\"},\"thumbnailUrl\":\"https:\\\/\\\/www.manabi.gob.ec\\\/wp-content\\\/uploads\\\/2023\\\/03\\\/WhatsApp-Image-2023-03-22-at-16.42.06.jpeg\",\"articleSection\":[\"Desarrollo Social\",\"Noticias\",\"salud\",\"Todas\"],\"inLanguage\":\"es\"},{\"@type\":\"WebPage\",\"@id\":\"https:\\\/\\\/www.manabi.gob.ec\\\/index.php\\\/continuamos-llevando-salud-y-bienestar-a-los-manabitas\\\/\",\"url\":\"https:\\\/\\\/www.manabi.gob.ec\\\/index.php\\\/continuamos-llevando-salud-y-bienestar-a-los-manabitas\\\/\",\"name\":\"Continuamos llevando salud y bienestar a los manabitas - Prefectura de Manab\u00ed\",\"isPartOf\":{\"@id\":\"https:\\\/\\\/www.manabi.gob.ec\\\/#website\"},\"primaryImageOfPage\":{\"@id\":\"https:\\\/\\\/www.manabi.gob.ec\\\/index.php\\\/continuamos-llevando-salud-y-bienestar-a-los-manabitas\\\/#primaryimage\"},\"image\":{\"@id\":\"https:\\\/\\\/www.manabi.gob.ec\\\/index.php\\\/continuamos-llevando-salud-y-bienestar-a-los-manabitas\\\/#primaryimage\"},\"thumbnailUrl\":\"https:\\\/\\\/www.manabi.gob.ec\\\/wp-content\\\/uploads\\\/2023\\\/03\\\/WhatsApp-Image-2023-03-22-at-16.42.06.jpeg\",\"datePublished\":\"2023-03-24T16:39:49+00:00\",\"dateModified\":\"2023-03-24T16:39:55+00:00\",\"author\":{\"@id\":\"https:\\\/\\\/www.manabi.gob.ec\\\/#\\\/schema\\\/person\\\/c4f117989332ad723a6ced5994aa7d7a\"},\"breadcrumb\":{\"@id\":\"https:\\\/\\\/www.manabi.gob.ec\\\/index.php\\\/continuamos-llevando-salud-y-bienestar-a-los-manabitas\\\/#breadcrumb\"},\"inLanguage\":\"es\",\"potentialAction\":[{\"@type\":\"ReadAction\",\"target\":[\"https:\\\/\\\/www.manabi.gob.ec\\\/index.php\\\/continuamos-llevando-salud-y-bienestar-a-los-manabitas\\\/\"]}]},{\"@type\":\"ImageObject\",\"inLanguage\":\"es\",\"@id\":\"https:\\\/\\\/www.manabi.gob.ec\\\/index.php\\\/continuamos-llevando-salud-y-bienestar-a-los-manabitas\\\/#primaryimage\",\"url\":\"https:\\\/\\\/www.manabi.gob.ec\\\/wp-content\\\/uploads\\\/2023\\\/03\\\/WhatsApp-Image-2023-03-22-at-16.42.06.jpeg\",\"contentUrl\":\"https:\\\/\\\/www.manabi.gob.ec\\\/wp-content\\\/uploads\\\/2023\\\/03\\\/WhatsApp-Image-2023-03-22-at-16.42.06.jpeg\",\"width\":1280,\"height\":720},{\"@type\":\"BreadcrumbList\",\"@id\":\"https:\\\/\\\/www.manabi.gob.ec\\\/index.php\\\/continuamos-llevando-salud-y-bienestar-a-los-manabitas\\\/#breadcrumb\",\"itemListElement\":[{\"@type\":\"ListItem\",\"position\":1,\"name\":\"Portada\",\"item\":\"https:\\\/\\\/www.manabi.gob.ec\\\/\"},{\"@type\":\"ListItem\",\"position\":2,\"name\":\"Continuamos llevando salud y bienestar a los manabitas\"}]},{\"@type\":\"WebSite\",\"@id\":\"https:\\\/\\\/www.manabi.gob.ec\\\/#website\",\"url\":\"https:\\\/\\\/www.manabi.gob.ec\\\/\",\"name\":\"Prefectura de Manab\u00ed\",\"description\":\"P\u00e1gina web de la prefectura\",\"potentialAction\":[{\"@type\":\"SearchAction\",\"target\":{\"@type\":\"EntryPoint\",\"urlTemplate\":\"https:\\\/\\\/www.manabi.gob.ec\\\/?s={search_term_string}\"},\"query-input\":{\"@type\":\"PropertyValueSpecification\",\"valueRequired\":true,\"valueName\":\"search_term_string\"}}],\"inLanguage\":\"es\"},{\"@type\":\"Person\",\"@id\":\"https:\\\/\\\/www.manabi.gob.ec\\\/#\\\/schema\\\/person\\\/c4f117989332ad723a6ced5994aa7d7a\",\"name\":\"Lui Ochoa\",\"image\":{\"@type\":\"ImageObject\",\"inLanguage\":\"es\",\"@id\":\"https:\\\/\\\/secure.gravatar.com\\\/avatar\\\/6e8017d0fe69dead8a95864d2eb6e1e1d8bf8e01194ba49cf7b897ff038126ba?s=96&d=mm&r=g\",\"url\":\"https:\\\/\\\/secure.gravatar.com\\\/avatar\\\/6e8017d0fe69dead8a95864d2eb6e1e1d8bf8e01194ba49cf7b897ff038126ba?s=96&d=mm&r=g\",\"contentUrl\":\"https:\\\/\\\/secure.gravatar.com\\\/avatar\\\/6e8017d0fe69dead8a95864d2eb6e1e1d8bf8e01194ba49cf7b897ff038126ba?s=96&d=mm&r=g\",\"caption\":\"Lui Ochoa\"},\"url\":\"https:\\\/\\\/www.manabi.gob.ec\\\/index.php\\\/author\\\/lochoa\\\/\"}]}<\/script>\n<!-- \/ Yoast SEO plugin. -->","yoast_head_json":{"title":"Continuamos llevando salud y bienestar a los manabitas - Prefectura de Manab\u00ed","robots":{"index":"index","follow":"follow","max-snippet":"max-snippet:-1","max-image-preview":"max-image-preview:large","max-video-preview":"max-video-preview:-1"},"canonical":"https:\/\/www.manabi.gob.ec\/index.php\/continuamos-llevando-salud-y-bienestar-a-los-manabitas\/","og_locale":"es_ES","og_type":"article","og_title":"Continuamos llevando salud y bienestar a los manabitas - Prefectura de Manab\u00ed","og_description":"Desde la direcci\u00f3n de Desarrollo Social de la prefectura de Manab\u00ed, seguimos ejecutando nuestro proyecto social #ManabiSaludable que lleva a cabo jornadas m\u00e9dicas en todo el territorio provincial.Asistimos, a trav\u00e9s de la modalidad visitas domiciliarias, al sitio El Lim\u00f3n de la parroquia Sim\u00f3n Bol\u00edvar en la capital manabita, donde se brind\u00f3 m\u00e1s de 100 atenciones [&hellip;]","og_url":"https:\/\/www.manabi.gob.ec\/index.php\/continuamos-llevando-salud-y-bienestar-a-los-manabitas\/","og_site_name":"Prefectura de Manab\u00ed","article_published_time":"2023-03-24T16:39:49+00:00","article_modified_time":"2023-03-24T16:39:55+00:00","og_image":[{"width":1280,"height":720,"url":"https:\/\/www.manabi.gob.ec\/wp-content\/uploads\/2023\/03\/WhatsApp-Image-2023-03-22-at-16.42.06.jpeg","type":"image\/jpeg"}],"author":"Lui Ochoa","twitter_card":"summary_large_image","twitter_misc":{"Escrito por":"Lui Ochoa","Tiempo de lectura":"1 minuto"},"schema":{"@context":"https:\/\/schema.org","@graph":[{"@type":"Article","@id":"https:\/\/www.manabi.gob.ec\/index.php\/continuamos-llevando-salud-y-bienestar-a-los-manabitas\/#article","isPartOf":{"@id":"https:\/\/www.manabi.gob.ec\/index.php\/continuamos-llevando-salud-y-bienestar-a-los-manabitas\/"},"author":{"name":"Lui Ochoa","@id":"https:\/\/www.manabi.gob.ec\/#\/schema\/person\/c4f117989332ad723a6ced5994aa7d7a"},"headline":"Continuamos llevando salud y bienestar a los manabitas","datePublished":"2023-03-24T16:39:49+00:00","dateModified":"2023-03-24T16:39:55+00:00","mainEntityOfPage":{"@id":"https:\/\/www.manabi.gob.ec\/index.php\/continuamos-llevando-salud-y-bienestar-a-los-manabitas\/"},"wordCount":182,"image":{"@id":"https:\/\/www.manabi.gob.ec\/index.php\/continuamos-llevando-salud-y-bienestar-a-los-manabitas\/#primaryimage"},"thumbnailUrl":"https:\/\/www.manabi.gob.ec\/wp-content\/uploads\/2023\/03\/WhatsApp-Image-2023-03-22-at-16.42.06.jpeg","articleSection":["Desarrollo Social","Noticias","salud","Todas"],"inLanguage":"es"},{"@type":"WebPage","@id":"https:\/\/www.manabi.gob.ec\/index.php\/continuamos-llevando-salud-y-bienestar-a-los-manabitas\/","url":"https:\/\/www.manabi.gob.ec\/index.php\/continuamos-llevando-salud-y-bienestar-a-los-manabitas\/","name":"Continuamos llevando salud y bienestar a los manabitas - Prefectura de Manab\u00ed","isPartOf":{"@id":"https:\/\/www.manabi.gob.ec\/#website"},"primaryImageOfPage":{"@id":"https:\/\/www.manabi.gob.ec\/index.php\/continuamos-llevando-salud-y-bienestar-a-los-manabitas\/#primaryimage"},"image":{"@id":"https:\/\/www.manabi.gob.ec\/index.php\/continuamos-llevando-salud-y-bienestar-a-los-manabitas\/#primaryimage"},"thumbnailUrl":"https:\/\/www.manabi.gob.ec\/wp-content\/uploads\/2023\/03\/WhatsApp-Image-2023-03-22-at-16.42.06.jpeg","datePublished":"2023-03-24T16:39:49+00:00","dateModified":"2023-03-24T16:39:55+00:00","author":{"@id":"https:\/\/www.manabi.gob.ec\/#\/schema\/person\/c4f117989332ad723a6ced5994aa7d7a"},"breadcrumb":{"@id":"https:\/\/www.manabi.gob.ec\/index.php\/continuamos-llevando-salud-y-bienestar-a-los-manabitas\/#breadcrumb"},"inLanguage":"es","potentialAction":[{"@type":"ReadAction","target":["https:\/\/www.manabi.gob.ec\/index.php\/continuamos-llevando-salud-y-bienestar-a-los-manabitas\/"]}]},{"@type":"ImageObject","inLanguage":"es","@id":"https:\/\/www.manabi.gob.ec\/index.php\/continuamos-llevando-salud-y-bienestar-a-los-manabitas\/#primaryimage","url":"https:\/\/www.manabi.gob.ec\/wp-content\/uploads\/2023\/03\/WhatsApp-Image-2023-03-22-at-16.42.06.jpeg","contentUrl":"https:\/\/www.manabi.gob.ec\/wp-content\/uploads\/2023\/03\/WhatsApp-Image-2023-03-22-at-16.42.06.jpeg","width":1280,"height":720},{"@type":"BreadcrumbList","@id":"https:\/\/www.manabi.gob.ec\/index.php\/continuamos-llevando-salud-y-bienestar-a-los-manabitas\/#breadcrumb","itemListElement":[{"@type":"ListItem","position":1,"name":"Portada","item":"https:\/\/www.manabi.gob.ec\/"},{"@type":"ListItem","position":2,"name":"Continuamos llevando salud y bienestar a los manabitas"}]},{"@type":"WebSite","@id":"https:\/\/www.manabi.gob.ec\/#website","url":"https:\/\/www.manabi.gob.ec\/","name":"Prefectura de Manab\u00ed","description":"P\u00e1gina web de la prefectura","potentialAction":[{"@type":"SearchAction","target":{"@type":"EntryPoint","urlTemplate":"https:\/\/www.manabi.gob.ec\/?s={search_term_string}"},"query-input":{"@type":"PropertyValueSpecification","valueRequired":true,"valueName":"search_term_string"}}],"inLanguage":"es"},{"@type":"Person","@id":"https:\/\/www.manabi.gob.ec\/#\/schema\/person\/c4f117989332ad723a6ced5994aa7d7a","name":"Lui Ochoa","image":{"@type":"ImageObject","inLanguage":"es","@id":"https:\/\/secure.gravatar.com\/avatar\/6e8017d0fe69dead8a95864d2eb6e1e1d8bf8e01194ba49cf7b897ff038126ba?s=96&d=mm&r=g","url":"https:\/\/secure.gravatar.com\/avatar\/6e8017d0fe69dead8a95864d2eb6e1e1d8bf8e01194ba49cf7b897ff038126ba?s=96&d=mm&r=g","contentUrl":"https:\/\/secure.gravatar.com\/avatar\/6e8017d0fe69dead8a95864d2eb6e1e1d8bf8e01194ba49cf7b897ff038126ba?s=96&d=mm&r=g","caption":"Lui Ochoa"},"url":"https:\/\/www.manabi.gob.ec\/index.php\/author\/lochoa\/"}]}},"jetpack_featured_media_url":"https:\/\/www.manabi.gob.ec\/wp-content\/uploads\/2023\/03\/WhatsApp-Image-2023-03-22-at-16.42.06.jpeg","_links":{"self":[{"href":"https:\/\/www.manabi.gob.ec\/index.php\/wp-json\/wp\/v2\/posts\/23856","targetHints":{"allow":["GET"]}}],"collection":[{"href":"https:\/\/www.manabi.gob.ec\/index.php\/wp-json\/wp\/v2\/posts"}],"about":[{"href":"https:\/\/www.manabi.gob.ec\/index.php\/wp-json\/wp\/v2\/types\/post"}],"author":[{"embeddable":true,"href":"https:\/\/www.manabi.gob.ec\/index.php\/wp-json\/wp\/v2\/users\/10"}],"replies":[{"embeddable":true,"href":"https:\/\/www.manabi.gob.ec\/index.php\/wp-json\/wp\/v2\/comments?post=23856"}],"version-history":[{"count":0,"href":"https:\/\/www.manabi.gob.ec\/index.php\/wp-json\/wp\/v2\/posts\/23856\/revisions"}],"wp:featuredmedia":[{"embeddable":true,"href":"https:\/\/www.manabi.gob.ec\/index.php\/wp-json\/wp\/v2\/media\/23857"}],"wp:attachment":[{"href":"https:\/\/www.manabi.gob.ec\/index.php\/wp-json\/wp\/v2\/media?parent=23856"}],"wp:term":[{"taxonomy":"category","embeddable":true,"href":"https:\/\/www.manabi.gob.ec\/index.php\/wp-json\/wp\/v2\/categories?post=23856"},{"taxonomy":"post_tag","embeddable":true,"href":"https:\/\/www.manabi.gob.ec\/index.php\/wp-json\/wp\/v2\/tags?post=23856"}],"curies":[{"name":"wp","href":"https:\/\/api.w.org\/{rel}","templated":true}]}}