{"id":23863,"date":"2023-03-24T17:06:55","date_gmt":"2023-03-24T17:06:55","guid":{"rendered":"https:\/\/www.manabi.gob.ec\/?p=23863"},"modified":"2023-03-24T17:06:58","modified_gmt":"2023-03-24T17:06:58","slug":"la-prefectura-mantiene-su-compromiso-de-trabajo-y-amor-con-chone","status":"publish","type":"post","link":"https:\/\/www.manabi.gob.ec\/index.php\/la-prefectura-mantiene-su-compromiso-de-trabajo-y-amor-con-chone\/","title":{"rendered":"\u00a1LA PREFECTURA, MANTIENE SU COMPROMISO DE TRABAJO Y AMOR CON CHONE!"},"content":{"rendered":"\n<p>Este mi\u00e9rcoles 22 de marzo, y bajo una intensa lluvia el prefecto Leonardo Orlando y su equipo t\u00e9cnico cumpli\u00f3 agenda territorial en las comunidades: Corrales, La Ram\u00edrez, Zapote, La L\u00f3pez, Ensenada y Jord\u00e1n que fueron afectadas por los taludes y quebradas que se desbordaron el pasado 7 de marzo, por las intensas lluvias.<\/p>\n\n\n\n<p>\u00abHemos identificado la magnitud de los deslizamientos, y constatamos que el peligro sigue latente porque las lluvias no cesan. En la comunidad La Ram\u00edrez, las casas est\u00e1n embancadas, el nivel de vulnerabilidad de las viviendas es mayor\u00bb, sostuvo el prefecto de Manab\u00ed.<\/p>\n\n\n\n<p>Este recorrido tambi\u00e9n fue oportuno para que el Prefecto entregue un abrazo solidario a los familiares de Antonio Giler y Regina Villalba, quienes fueron las v\u00edctimas mortales de la avalancha de lodo, palos y piedras que sepult\u00f3 su casa ubicada en El Zapote.<\/p>\n\n\n\n<p>Finalmente supervis\u00f3 el puente El Jord\u00e1n, viaducto que result\u00f3 seriamente afectado en su estructura por la creciente del r\u00edo Mosquito.<\/p>\n","protected":false},"excerpt":{"rendered":"<p>Este mi\u00e9rcoles 22 de marzo, y bajo una intensa lluvia el prefecto Leonardo Orlando y su equipo t\u00e9cnico cumpli\u00f3 agenda territorial en las comunidades: Corrales, La Ram\u00edrez, Zapote, La L\u00f3pez, Ensenada y Jord\u00e1n que fueron afectadas por los taludes y quebradas que se desbordaron el pasado 7 de marzo, por las intensas lluvias. \u00abHemos identificado [&hellip;]<\/p>\n","protected":false},"author":10,"featured_media":23864,"comment_status":"closed","ping_status":"closed","sticky":false,"template":"","format":"standard","meta":{"_joinchat":[],"footnotes":""},"categories":[150,141,142,92,181,339,340,91],"tags":[],"class_list":["post-23863","post","type-post","status-publish","format-standard","has-post-thumbnail","hentry","category-ambiente","category-chone","category-desarrollo-social","category-noticias-manabi","category-obra-publica","category-plan-invernal","category-plan-invernal-plan-invernal","category-todas"],"yoast_head":"<!-- This site is optimized with the Yoast SEO plugin v27.4 - https:\/\/yoast.com\/product\/yoast-seo-wordpress\/ -->\n<title>\u00a1LA PREFECTURA, MANTIENE SU COMPROMISO DE TRABAJO Y AMOR CON CHONE! - Prefectura de Manab\u00ed<\/title>\n<meta name=\"robots\" content=\"index, follow, max-snippet:-1, max-image-preview:large, max-video-preview:-1\" \/>\n<link rel=\"canonical\" href=\"https:\/\/www.manabi.gob.ec\/index.php\/la-prefectura-mantiene-su-compromiso-de-trabajo-y-amor-con-chone\/\" \/>\n<meta property=\"og:locale\" content=\"es_ES\" \/>\n<meta property=\"og:type\" content=\"article\" \/>\n<meta property=\"og:title\" content=\"\u00a1LA PREFECTURA, MANTIENE SU COMPROMISO DE TRABAJO Y AMOR CON CHONE! - Prefectura de Manab\u00ed\" \/>\n<meta property=\"og:description\" content=\"Este mi\u00e9rcoles 22 de marzo, y bajo una intensa lluvia el prefecto Leonardo Orlando y su equipo t\u00e9cnico cumpli\u00f3 agenda territorial en las comunidades: Corrales, La Ram\u00edrez, Zapote, La L\u00f3pez, Ensenada y Jord\u00e1n que fueron afectadas por los taludes y quebradas que se desbordaron el pasado 7 de marzo, por las intensas lluvias. \u00abHemos identificado [&hellip;]\" \/>\n<meta property=\"og:url\" content=\"https:\/\/www.manabi.gob.ec\/index.php\/la-prefectura-mantiene-su-compromiso-de-trabajo-y-amor-con-chone\/\" \/>\n<meta property=\"og:site_name\" content=\"Prefectura de Manab\u00ed\" \/>\n<meta property=\"article:published_time\" content=\"2023-03-24T17:06:55+00:00\" \/>\n<meta property=\"article:modified_time\" content=\"2023-03-24T17:06:58+00:00\" \/>\n<meta property=\"og:image\" content=\"https:\/\/www.manabi.gob.ec\/wp-content\/uploads\/2023\/03\/WhatsApp-Image-2023-03-22-at-18.06.03.jpeg\" \/>\n\t<meta property=\"og:image:width\" content=\"1024\" \/>\n\t<meta property=\"og:image:height\" content=\"684\" \/>\n\t<meta property=\"og:image:type\" content=\"image\/jpeg\" \/>\n<meta name=\"author\" content=\"Lui Ochoa\" \/>\n<meta name=\"twitter:card\" content=\"summary_large_image\" \/>\n<meta name=\"twitter:label1\" content=\"Escrito por\" \/>\n\t<meta name=\"twitter:data1\" content=\"Lui Ochoa\" \/>\n\t<meta name=\"twitter:label2\" content=\"Tiempo de lectura\" \/>\n\t<meta name=\"twitter:data2\" content=\"1 minuto\" \/>\n<script type=\"application\/ld+json\" class=\"yoast-schema-graph\">{\"@context\":\"https:\\\/\\\/schema.org\",\"@graph\":[{\"@type\":\"Article\",\"@id\":\"https:\\\/\\\/www.manabi.gob.ec\\\/index.php\\\/la-prefectura-mantiene-su-compromiso-de-trabajo-y-amor-con-chone\\\/#article\",\"isPartOf\":{\"@id\":\"https:\\\/\\\/www.manabi.gob.ec\\\/index.php\\\/la-prefectura-mantiene-su-compromiso-de-trabajo-y-amor-con-chone\\\/\"},\"author\":{\"name\":\"Lui Ochoa\",\"@id\":\"https:\\\/\\\/www.manabi.gob.ec\\\/#\\\/schema\\\/person\\\/c4f117989332ad723a6ced5994aa7d7a\"},\"headline\":\"\u00a1LA PREFECTURA, MANTIENE SU COMPROMISO DE TRABAJO Y AMOR CON CHONE!\",\"datePublished\":\"2023-03-24T17:06:55+00:00\",\"dateModified\":\"2023-03-24T17:06:58+00:00\",\"mainEntityOfPage\":{\"@id\":\"https:\\\/\\\/www.manabi.gob.ec\\\/index.php\\\/la-prefectura-mantiene-su-compromiso-de-trabajo-y-amor-con-chone\\\/\"},\"wordCount\":178,\"image\":{\"@id\":\"https:\\\/\\\/www.manabi.gob.ec\\\/index.php\\\/la-prefectura-mantiene-su-compromiso-de-trabajo-y-amor-con-chone\\\/#primaryimage\"},\"thumbnailUrl\":\"https:\\\/\\\/www.manabi.gob.ec\\\/wp-content\\\/uploads\\\/2023\\\/03\\\/WhatsApp-Image-2023-03-22-at-18.06.03.jpeg\",\"articleSection\":[\"Ambiente\",\"Chone\",\"Desarrollo Social\",\"Noticias\",\"Obra P\u00fablica\",\"Plan Invernal\",\"PLAN INVERNAL\",\"Todas\"],\"inLanguage\":\"es\"},{\"@type\":\"WebPage\",\"@id\":\"https:\\\/\\\/www.manabi.gob.ec\\\/index.php\\\/la-prefectura-mantiene-su-compromiso-de-trabajo-y-amor-con-chone\\\/\",\"url\":\"https:\\\/\\\/www.manabi.gob.ec\\\/index.php\\\/la-prefectura-mantiene-su-compromiso-de-trabajo-y-amor-con-chone\\\/\",\"name\":\"\u00a1LA PREFECTURA, MANTIENE SU COMPROMISO DE TRABAJO Y AMOR CON CHONE! - Prefectura de Manab\u00ed\",\"isPartOf\":{\"@id\":\"https:\\\/\\\/www.manabi.gob.ec\\\/#website\"},\"primaryImageOfPage\":{\"@id\":\"https:\\\/\\\/www.manabi.gob.ec\\\/index.php\\\/la-prefectura-mantiene-su-compromiso-de-trabajo-y-amor-con-chone\\\/#primaryimage\"},\"image\":{\"@id\":\"https:\\\/\\\/www.manabi.gob.ec\\\/index.php\\\/la-prefectura-mantiene-su-compromiso-de-trabajo-y-amor-con-chone\\\/#primaryimage\"},\"thumbnailUrl\":\"https:\\\/\\\/www.manabi.gob.ec\\\/wp-content\\\/uploads\\\/2023\\\/03\\\/WhatsApp-Image-2023-03-22-at-18.06.03.jpeg\",\"datePublished\":\"2023-03-24T17:06:55+00:00\",\"dateModified\":\"2023-03-24T17:06:58+00:00\",\"author\":{\"@id\":\"https:\\\/\\\/www.manabi.gob.ec\\\/#\\\/schema\\\/person\\\/c4f117989332ad723a6ced5994aa7d7a\"},\"breadcrumb\":{\"@id\":\"https:\\\/\\\/www.manabi.gob.ec\\\/index.php\\\/la-prefectura-mantiene-su-compromiso-de-trabajo-y-amor-con-chone\\\/#breadcrumb\"},\"inLanguage\":\"es\",\"potentialAction\":[{\"@type\":\"ReadAction\",\"target\":[\"https:\\\/\\\/www.manabi.gob.ec\\\/index.php\\\/la-prefectura-mantiene-su-compromiso-de-trabajo-y-amor-con-chone\\\/\"]}]},{\"@type\":\"ImageObject\",\"inLanguage\":\"es\",\"@id\":\"https:\\\/\\\/www.manabi.gob.ec\\\/index.php\\\/la-prefectura-mantiene-su-compromiso-de-trabajo-y-amor-con-chone\\\/#primaryimage\",\"url\":\"https:\\\/\\\/www.manabi.gob.ec\\\/wp-content\\\/uploads\\\/2023\\\/03\\\/WhatsApp-Image-2023-03-22-at-18.06.03.jpeg\",\"contentUrl\":\"https:\\\/\\\/www.manabi.gob.ec\\\/wp-content\\\/uploads\\\/2023\\\/03\\\/WhatsApp-Image-2023-03-22-at-18.06.03.jpeg\",\"width\":1024,\"height\":684},{\"@type\":\"BreadcrumbList\",\"@id\":\"https:\\\/\\\/www.manabi.gob.ec\\\/index.php\\\/la-prefectura-mantiene-su-compromiso-de-trabajo-y-amor-con-chone\\\/#breadcrumb\",\"itemListElement\":[{\"@type\":\"ListItem\",\"position\":1,\"name\":\"Portada\",\"item\":\"https:\\\/\\\/www.manabi.gob.ec\\\/\"},{\"@type\":\"ListItem\",\"position\":2,\"name\":\"\u00a1LA PREFECTURA, MANTIENE SU COMPROMISO DE TRABAJO Y AMOR CON CHONE!\"}]},{\"@type\":\"WebSite\",\"@id\":\"https:\\\/\\\/www.manabi.gob.ec\\\/#website\",\"url\":\"https:\\\/\\\/www.manabi.gob.ec\\\/\",\"name\":\"Prefectura de Manab\u00ed\",\"description\":\"P\u00e1gina web de la prefectura\",\"potentialAction\":[{\"@type\":\"SearchAction\",\"target\":{\"@type\":\"EntryPoint\",\"urlTemplate\":\"https:\\\/\\\/www.manabi.gob.ec\\\/?s={search_term_string}\"},\"query-input\":{\"@type\":\"PropertyValueSpecification\",\"valueRequired\":true,\"valueName\":\"search_term_string\"}}],\"inLanguage\":\"es\"},{\"@type\":\"Person\",\"@id\":\"https:\\\/\\\/www.manabi.gob.ec\\\/#\\\/schema\\\/person\\\/c4f117989332ad723a6ced5994aa7d7a\",\"name\":\"Lui Ochoa\",\"image\":{\"@type\":\"ImageObject\",\"inLanguage\":\"es\",\"@id\":\"https:\\\/\\\/secure.gravatar.com\\\/avatar\\\/6e8017d0fe69dead8a95864d2eb6e1e1d8bf8e01194ba49cf7b897ff038126ba?s=96&d=mm&r=g\",\"url\":\"https:\\\/\\\/secure.gravatar.com\\\/avatar\\\/6e8017d0fe69dead8a95864d2eb6e1e1d8bf8e01194ba49cf7b897ff038126ba?s=96&d=mm&r=g\",\"contentUrl\":\"https:\\\/\\\/secure.gravatar.com\\\/avatar\\\/6e8017d0fe69dead8a95864d2eb6e1e1d8bf8e01194ba49cf7b897ff038126ba?s=96&d=mm&r=g\",\"caption\":\"Lui Ochoa\"},\"url\":\"https:\\\/\\\/www.manabi.gob.ec\\\/index.php\\\/author\\\/lochoa\\\/\"}]}<\/script>\n<!-- \/ Yoast SEO plugin. -->","yoast_head_json":{"title":"\u00a1LA PREFECTURA, MANTIENE SU COMPROMISO DE TRABAJO Y AMOR CON CHONE! - Prefectura de Manab\u00ed","robots":{"index":"index","follow":"follow","max-snippet":"max-snippet:-1","max-image-preview":"max-image-preview:large","max-video-preview":"max-video-preview:-1"},"canonical":"https:\/\/www.manabi.gob.ec\/index.php\/la-prefectura-mantiene-su-compromiso-de-trabajo-y-amor-con-chone\/","og_locale":"es_ES","og_type":"article","og_title":"\u00a1LA PREFECTURA, MANTIENE SU COMPROMISO DE TRABAJO Y AMOR CON CHONE! - Prefectura de Manab\u00ed","og_description":"Este mi\u00e9rcoles 22 de marzo, y bajo una intensa lluvia el prefecto Leonardo Orlando y su equipo t\u00e9cnico cumpli\u00f3 agenda territorial en las comunidades: Corrales, La Ram\u00edrez, Zapote, La L\u00f3pez, Ensenada y Jord\u00e1n que fueron afectadas por los taludes y quebradas que se desbordaron el pasado 7 de marzo, por las intensas lluvias. \u00abHemos identificado [&hellip;]","og_url":"https:\/\/www.manabi.gob.ec\/index.php\/la-prefectura-mantiene-su-compromiso-de-trabajo-y-amor-con-chone\/","og_site_name":"Prefectura de Manab\u00ed","article_published_time":"2023-03-24T17:06:55+00:00","article_modified_time":"2023-03-24T17:06:58+00:00","og_image":[{"width":1024,"height":684,"url":"https:\/\/www.manabi.gob.ec\/wp-content\/uploads\/2023\/03\/WhatsApp-Image-2023-03-22-at-18.06.03.jpeg","type":"image\/jpeg"}],"author":"Lui Ochoa","twitter_card":"summary_large_image","twitter_misc":{"Escrito por":"Lui Ochoa","Tiempo de lectura":"1 minuto"},"schema":{"@context":"https:\/\/schema.org","@graph":[{"@type":"Article","@id":"https:\/\/www.manabi.gob.ec\/index.php\/la-prefectura-mantiene-su-compromiso-de-trabajo-y-amor-con-chone\/#article","isPartOf":{"@id":"https:\/\/www.manabi.gob.ec\/index.php\/la-prefectura-mantiene-su-compromiso-de-trabajo-y-amor-con-chone\/"},"author":{"name":"Lui Ochoa","@id":"https:\/\/www.manabi.gob.ec\/#\/schema\/person\/c4f117989332ad723a6ced5994aa7d7a"},"headline":"\u00a1LA PREFECTURA, MANTIENE SU COMPROMISO DE TRABAJO Y AMOR CON CHONE!","datePublished":"2023-03-24T17:06:55+00:00","dateModified":"2023-03-24T17:06:58+00:00","mainEntityOfPage":{"@id":"https:\/\/www.manabi.gob.ec\/index.php\/la-prefectura-mantiene-su-compromiso-de-trabajo-y-amor-con-chone\/"},"wordCount":178,"image":{"@id":"https:\/\/www.manabi.gob.ec\/index.php\/la-prefectura-mantiene-su-compromiso-de-trabajo-y-amor-con-chone\/#primaryimage"},"thumbnailUrl":"https:\/\/www.manabi.gob.ec\/wp-content\/uploads\/2023\/03\/WhatsApp-Image-2023-03-22-at-18.06.03.jpeg","articleSection":["Ambiente","Chone","Desarrollo Social","Noticias","Obra P\u00fablica","Plan Invernal","PLAN INVERNAL","Todas"],"inLanguage":"es"},{"@type":"WebPage","@id":"https:\/\/www.manabi.gob.ec\/index.php\/la-prefectura-mantiene-su-compromiso-de-trabajo-y-amor-con-chone\/","url":"https:\/\/www.manabi.gob.ec\/index.php\/la-prefectura-mantiene-su-compromiso-de-trabajo-y-amor-con-chone\/","name":"\u00a1LA PREFECTURA, MANTIENE SU COMPROMISO DE TRABAJO Y AMOR CON CHONE! - Prefectura de Manab\u00ed","isPartOf":{"@id":"https:\/\/www.manabi.gob.ec\/#website"},"primaryImageOfPage":{"@id":"https:\/\/www.manabi.gob.ec\/index.php\/la-prefectura-mantiene-su-compromiso-de-trabajo-y-amor-con-chone\/#primaryimage"},"image":{"@id":"https:\/\/www.manabi.gob.ec\/index.php\/la-prefectura-mantiene-su-compromiso-de-trabajo-y-amor-con-chone\/#primaryimage"},"thumbnailUrl":"https:\/\/www.manabi.gob.ec\/wp-content\/uploads\/2023\/03\/WhatsApp-Image-2023-03-22-at-18.06.03.jpeg","datePublished":"2023-03-24T17:06:55+00:00","dateModified":"2023-03-24T17:06:58+00:00","author":{"@id":"https:\/\/www.manabi.gob.ec\/#\/schema\/person\/c4f117989332ad723a6ced5994aa7d7a"},"breadcrumb":{"@id":"https:\/\/www.manabi.gob.ec\/index.php\/la-prefectura-mantiene-su-compromiso-de-trabajo-y-amor-con-chone\/#breadcrumb"},"inLanguage":"es","potentialAction":[{"@type":"ReadAction","target":["https:\/\/www.manabi.gob.ec\/index.php\/la-prefectura-mantiene-su-compromiso-de-trabajo-y-amor-con-chone\/"]}]},{"@type":"ImageObject","inLanguage":"es","@id":"https:\/\/www.manabi.gob.ec\/index.php\/la-prefectura-mantiene-su-compromiso-de-trabajo-y-amor-con-chone\/#primaryimage","url":"https:\/\/www.manabi.gob.ec\/wp-content\/uploads\/2023\/03\/WhatsApp-Image-2023-03-22-at-18.06.03.jpeg","contentUrl":"https:\/\/www.manabi.gob.ec\/wp-content\/uploads\/2023\/03\/WhatsApp-Image-2023-03-22-at-18.06.03.jpeg","width":1024,"height":684},{"@type":"BreadcrumbList","@id":"https:\/\/www.manabi.gob.ec\/index.php\/la-prefectura-mantiene-su-compromiso-de-trabajo-y-amor-con-chone\/#breadcrumb","itemListElement":[{"@type":"ListItem","position":1,"name":"Portada","item":"https:\/\/www.manabi.gob.ec\/"},{"@type":"ListItem","position":2,"name":"\u00a1LA PREFECTURA, MANTIENE SU COMPROMISO DE TRABAJO Y AMOR CON CHONE!"}]},{"@type":"WebSite","@id":"https:\/\/www.manabi.gob.ec\/#website","url":"https:\/\/www.manabi.gob.ec\/","name":"Prefectura de Manab\u00ed","description":"P\u00e1gina web de la prefectura","potentialAction":[{"@type":"SearchAction","target":{"@type":"EntryPoint","urlTemplate":"https:\/\/www.manabi.gob.ec\/?s={search_term_string}"},"query-input":{"@type":"PropertyValueSpecification","valueRequired":true,"valueName":"search_term_string"}}],"inLanguage":"es"},{"@type":"Person","@id":"https:\/\/www.manabi.gob.ec\/#\/schema\/person\/c4f117989332ad723a6ced5994aa7d7a","name":"Lui Ochoa","image":{"@type":"ImageObject","inLanguage":"es","@id":"https:\/\/secure.gravatar.com\/avatar\/6e8017d0fe69dead8a95864d2eb6e1e1d8bf8e01194ba49cf7b897ff038126ba?s=96&d=mm&r=g","url":"https:\/\/secure.gravatar.com\/avatar\/6e8017d0fe69dead8a95864d2eb6e1e1d8bf8e01194ba49cf7b897ff038126ba?s=96&d=mm&r=g","contentUrl":"https:\/\/secure.gravatar.com\/avatar\/6e8017d0fe69dead8a95864d2eb6e1e1d8bf8e01194ba49cf7b897ff038126ba?s=96&d=mm&r=g","caption":"Lui Ochoa"},"url":"https:\/\/www.manabi.gob.ec\/index.php\/author\/lochoa\/"}]}},"jetpack_featured_media_url":"https:\/\/www.manabi.gob.ec\/wp-content\/uploads\/2023\/03\/WhatsApp-Image-2023-03-22-at-18.06.03.jpeg","_links":{"self":[{"href":"https:\/\/www.manabi.gob.ec\/index.php\/wp-json\/wp\/v2\/posts\/23863","targetHints":{"allow":["GET"]}}],"collection":[{"href":"https:\/\/www.manabi.gob.ec\/index.php\/wp-json\/wp\/v2\/posts"}],"about":[{"href":"https:\/\/www.manabi.gob.ec\/index.php\/wp-json\/wp\/v2\/types\/post"}],"author":[{"embeddable":true,"href":"https:\/\/www.manabi.gob.ec\/index.php\/wp-json\/wp\/v2\/users\/10"}],"replies":[{"embeddable":true,"href":"https:\/\/www.manabi.gob.ec\/index.php\/wp-json\/wp\/v2\/comments?post=23863"}],"version-history":[{"count":0,"href":"https:\/\/www.manabi.gob.ec\/index.php\/wp-json\/wp\/v2\/posts\/23863\/revisions"}],"wp:featuredmedia":[{"embeddable":true,"href":"https:\/\/www.manabi.gob.ec\/index.php\/wp-json\/wp\/v2\/media\/23864"}],"wp:attachment":[{"href":"https:\/\/www.manabi.gob.ec\/index.php\/wp-json\/wp\/v2\/media?parent=23863"}],"wp:term":[{"taxonomy":"category","embeddable":true,"href":"https:\/\/www.manabi.gob.ec\/index.php\/wp-json\/wp\/v2\/categories?post=23863"},{"taxonomy":"post_tag","embeddable":true,"href":"https:\/\/www.manabi.gob.ec\/index.php\/wp-json\/wp\/v2\/tags?post=23863"}],"curies":[{"name":"wp","href":"https:\/\/api.w.org\/{rel}","templated":true}]}}