{"id":23949,"date":"2023-04-05T17:54:00","date_gmt":"2023-04-05T17:54:00","guid":{"rendered":"https:\/\/www.manabi.gob.ec\/?p=23949"},"modified":"2023-04-05T17:54:04","modified_gmt":"2023-04-05T17:54:04","slug":"seguimos-apoyando-el-proceso-de-transicion-de-los-gobiernos-parroquiales-manabitas","status":"publish","type":"post","link":"https:\/\/www.manabi.gob.ec\/index.php\/seguimos-apoyando-el-proceso-de-transicion-de-los-gobiernos-parroquiales-manabitas\/","title":{"rendered":"SEGUIMOS APOYANDO EL PROCESO DE TRANSICI\u00d3N DE LOS GOBIERNOS PARROQUIALES MANABITAS."},"content":{"rendered":"\n<p>La Prefectura de Manab\u00ed brinda apoyo a los miembros electos y salientes de los Gobiernos Parroquiales Rurales de Manab\u00ed a trav\u00e9s de charlas de orientaci\u00f3n e informaci\u00f3n para los procesos de transici\u00f3n y otros temas relacionados con la administraci\u00f3n p\u00fablica y las competencias de estos organismos.<\/p>\n\n\n\n<p><br>Durante este segundo d\u00eda del evento, que se desarrolla en el cant\u00f3n Jipijapa, con los presidentes de los GADs parroquiales de la zona sur de Manab\u00ed, se trataron temas como las funciones y competencias de los Gobiernos Parroquiales Rurales, los procedimientos a seguir en el acto de transici\u00f3n y los acuerdos y compromisos necesarios para dicho proceso.<\/p>\n\n\n\n<p><br>El evento cont\u00f3 con la presencia de la prefecta (s) Kelly Buenaventura, qui\u00e9n ratific\u00f3 el compromiso del prefecto Leonardo Orlando de continuar trabajando junto a los diferentes niveles de gobiernos locales para seguir engrandeciendo a la provincia de Manab\u00ed.<\/p>\n\n\n\n<p><br>\u201cUstedes son hombres y esas mujeres, que tienen esa obligaci\u00f3n moral de transformar a sus territorios y darles un mejor vivir a sus ciudadanos, cuenten con esta prefectura amiga que estar\u00e1 junto a ustedes, trabajando por nuestra provincia, con amor, equidad y justicia social\u201d, se\u00f1al\u00f3 Buenaventura.<br>El objetivo de estos talleres es fortalecer la gesti\u00f3n tanto a los GAD\u2019s parroquiales como a la Prefectura, ya que ambos trabajan juntos para lograr el desarrollo de Manab\u00ed y el bienestar de sus ciudadanos.<\/p>\n","protected":false},"excerpt":{"rendered":"<p>La Prefectura de Manab\u00ed brinda apoyo a los miembros electos y salientes de los Gobiernos Parroquiales Rurales de Manab\u00ed a trav\u00e9s de charlas de orientaci\u00f3n e informaci\u00f3n para los procesos de transici\u00f3n y otros temas relacionados con la administraci\u00f3n p\u00fablica y las competencias de estos organismos. Durante este segundo d\u00eda del evento, que se desarrolla [&hellip;]<\/p>\n","protected":false},"author":10,"featured_media":23950,"comment_status":"closed","ping_status":"closed","sticky":false,"template":"","format":"standard","meta":{"_joinchat":[],"footnotes":""},"categories":[142,123,92,193,91],"tags":[],"class_list":["post-23949","post","type-post","status-publish","format-standard","has-post-thumbnail","hentry","category-desarrollo-social","category-jipijapa","category-noticias-manabi","category-participacion-ciudadana","category-todas"],"yoast_head":"<!-- This site is optimized with the Yoast SEO plugin v27.4 - https:\/\/yoast.com\/product\/yoast-seo-wordpress\/ -->\n<title>SEGUIMOS APOYANDO EL PROCESO DE TRANSICI\u00d3N DE LOS GOBIERNOS PARROQUIALES MANABITAS. - Prefectura de Manab\u00ed<\/title>\n<meta name=\"robots\" content=\"index, follow, max-snippet:-1, max-image-preview:large, max-video-preview:-1\" \/>\n<link rel=\"canonical\" href=\"https:\/\/www.manabi.gob.ec\/index.php\/seguimos-apoyando-el-proceso-de-transicion-de-los-gobiernos-parroquiales-manabitas\/\" \/>\n<meta property=\"og:locale\" content=\"es_ES\" \/>\n<meta property=\"og:type\" content=\"article\" \/>\n<meta property=\"og:title\" content=\"SEGUIMOS APOYANDO EL PROCESO DE TRANSICI\u00d3N DE LOS GOBIERNOS PARROQUIALES MANABITAS. - Prefectura de Manab\u00ed\" \/>\n<meta property=\"og:description\" content=\"La Prefectura de Manab\u00ed brinda apoyo a los miembros electos y salientes de los Gobiernos Parroquiales Rurales de Manab\u00ed a trav\u00e9s de charlas de orientaci\u00f3n e informaci\u00f3n para los procesos de transici\u00f3n y otros temas relacionados con la administraci\u00f3n p\u00fablica y las competencias de estos organismos. Durante este segundo d\u00eda del evento, que se desarrolla [&hellip;]\" \/>\n<meta property=\"og:url\" content=\"https:\/\/www.manabi.gob.ec\/index.php\/seguimos-apoyando-el-proceso-de-transicion-de-los-gobiernos-parroquiales-manabitas\/\" \/>\n<meta property=\"og:site_name\" content=\"Prefectura de Manab\u00ed\" \/>\n<meta property=\"article:published_time\" content=\"2023-04-05T17:54:00+00:00\" \/>\n<meta property=\"article:modified_time\" content=\"2023-04-05T17:54:04+00:00\" \/>\n<meta property=\"og:image\" content=\"https:\/\/www.manabi.gob.ec\/wp-content\/uploads\/2023\/04\/WhatsApp-Image-2023-03-29-at-14.53.58.jpeg\" \/>\n\t<meta property=\"og:image:width\" content=\"1280\" \/>\n\t<meta property=\"og:image:height\" content=\"852\" \/>\n\t<meta property=\"og:image:type\" content=\"image\/jpeg\" \/>\n<meta name=\"author\" content=\"Lui Ochoa\" \/>\n<meta name=\"twitter:card\" content=\"summary_large_image\" \/>\n<meta name=\"twitter:label1\" content=\"Escrito por\" \/>\n\t<meta name=\"twitter:data1\" content=\"Lui Ochoa\" \/>\n\t<meta name=\"twitter:label2\" content=\"Tiempo de lectura\" \/>\n\t<meta name=\"twitter:data2\" content=\"2 minutos\" \/>\n<script type=\"application\/ld+json\" class=\"yoast-schema-graph\">{\"@context\":\"https:\\\/\\\/schema.org\",\"@graph\":[{\"@type\":\"Article\",\"@id\":\"https:\\\/\\\/www.manabi.gob.ec\\\/index.php\\\/seguimos-apoyando-el-proceso-de-transicion-de-los-gobiernos-parroquiales-manabitas\\\/#article\",\"isPartOf\":{\"@id\":\"https:\\\/\\\/www.manabi.gob.ec\\\/index.php\\\/seguimos-apoyando-el-proceso-de-transicion-de-los-gobiernos-parroquiales-manabitas\\\/\"},\"author\":{\"name\":\"Lui Ochoa\",\"@id\":\"https:\\\/\\\/www.manabi.gob.ec\\\/#\\\/schema\\\/person\\\/c4f117989332ad723a6ced5994aa7d7a\"},\"headline\":\"SEGUIMOS APOYANDO EL PROCESO DE TRANSICI\u00d3N DE LOS GOBIERNOS PARROQUIALES MANABITAS.\",\"datePublished\":\"2023-04-05T17:54:00+00:00\",\"dateModified\":\"2023-04-05T17:54:04+00:00\",\"mainEntityOfPage\":{\"@id\":\"https:\\\/\\\/www.manabi.gob.ec\\\/index.php\\\/seguimos-apoyando-el-proceso-de-transicion-de-los-gobiernos-parroquiales-manabitas\\\/\"},\"wordCount\":249,\"image\":{\"@id\":\"https:\\\/\\\/www.manabi.gob.ec\\\/index.php\\\/seguimos-apoyando-el-proceso-de-transicion-de-los-gobiernos-parroquiales-manabitas\\\/#primaryimage\"},\"thumbnailUrl\":\"https:\\\/\\\/www.manabi.gob.ec\\\/wp-content\\\/uploads\\\/2023\\\/04\\\/WhatsApp-Image-2023-03-29-at-14.53.58.jpeg\",\"articleSection\":[\"Desarrollo Social\",\"Jipijapa\",\"Noticias\",\"Participaci\u00f3n ciudadana\",\"Todas\"],\"inLanguage\":\"es\"},{\"@type\":\"WebPage\",\"@id\":\"https:\\\/\\\/www.manabi.gob.ec\\\/index.php\\\/seguimos-apoyando-el-proceso-de-transicion-de-los-gobiernos-parroquiales-manabitas\\\/\",\"url\":\"https:\\\/\\\/www.manabi.gob.ec\\\/index.php\\\/seguimos-apoyando-el-proceso-de-transicion-de-los-gobiernos-parroquiales-manabitas\\\/\",\"name\":\"SEGUIMOS APOYANDO EL PROCESO DE TRANSICI\u00d3N DE LOS GOBIERNOS PARROQUIALES MANABITAS. - Prefectura de Manab\u00ed\",\"isPartOf\":{\"@id\":\"https:\\\/\\\/www.manabi.gob.ec\\\/#website\"},\"primaryImageOfPage\":{\"@id\":\"https:\\\/\\\/www.manabi.gob.ec\\\/index.php\\\/seguimos-apoyando-el-proceso-de-transicion-de-los-gobiernos-parroquiales-manabitas\\\/#primaryimage\"},\"image\":{\"@id\":\"https:\\\/\\\/www.manabi.gob.ec\\\/index.php\\\/seguimos-apoyando-el-proceso-de-transicion-de-los-gobiernos-parroquiales-manabitas\\\/#primaryimage\"},\"thumbnailUrl\":\"https:\\\/\\\/www.manabi.gob.ec\\\/wp-content\\\/uploads\\\/2023\\\/04\\\/WhatsApp-Image-2023-03-29-at-14.53.58.jpeg\",\"datePublished\":\"2023-04-05T17:54:00+00:00\",\"dateModified\":\"2023-04-05T17:54:04+00:00\",\"author\":{\"@id\":\"https:\\\/\\\/www.manabi.gob.ec\\\/#\\\/schema\\\/person\\\/c4f117989332ad723a6ced5994aa7d7a\"},\"breadcrumb\":{\"@id\":\"https:\\\/\\\/www.manabi.gob.ec\\\/index.php\\\/seguimos-apoyando-el-proceso-de-transicion-de-los-gobiernos-parroquiales-manabitas\\\/#breadcrumb\"},\"inLanguage\":\"es\",\"potentialAction\":[{\"@type\":\"ReadAction\",\"target\":[\"https:\\\/\\\/www.manabi.gob.ec\\\/index.php\\\/seguimos-apoyando-el-proceso-de-transicion-de-los-gobiernos-parroquiales-manabitas\\\/\"]}]},{\"@type\":\"ImageObject\",\"inLanguage\":\"es\",\"@id\":\"https:\\\/\\\/www.manabi.gob.ec\\\/index.php\\\/seguimos-apoyando-el-proceso-de-transicion-de-los-gobiernos-parroquiales-manabitas\\\/#primaryimage\",\"url\":\"https:\\\/\\\/www.manabi.gob.ec\\\/wp-content\\\/uploads\\\/2023\\\/04\\\/WhatsApp-Image-2023-03-29-at-14.53.58.jpeg\",\"contentUrl\":\"https:\\\/\\\/www.manabi.gob.ec\\\/wp-content\\\/uploads\\\/2023\\\/04\\\/WhatsApp-Image-2023-03-29-at-14.53.58.jpeg\",\"width\":1280,\"height\":852},{\"@type\":\"BreadcrumbList\",\"@id\":\"https:\\\/\\\/www.manabi.gob.ec\\\/index.php\\\/seguimos-apoyando-el-proceso-de-transicion-de-los-gobiernos-parroquiales-manabitas\\\/#breadcrumb\",\"itemListElement\":[{\"@type\":\"ListItem\",\"position\":1,\"name\":\"Portada\",\"item\":\"https:\\\/\\\/www.manabi.gob.ec\\\/\"},{\"@type\":\"ListItem\",\"position\":2,\"name\":\"SEGUIMOS APOYANDO EL PROCESO DE TRANSICI\u00d3N DE LOS GOBIERNOS PARROQUIALES MANABITAS.\"}]},{\"@type\":\"WebSite\",\"@id\":\"https:\\\/\\\/www.manabi.gob.ec\\\/#website\",\"url\":\"https:\\\/\\\/www.manabi.gob.ec\\\/\",\"name\":\"Prefectura de Manab\u00ed\",\"description\":\"P\u00e1gina web de la prefectura\",\"potentialAction\":[{\"@type\":\"SearchAction\",\"target\":{\"@type\":\"EntryPoint\",\"urlTemplate\":\"https:\\\/\\\/www.manabi.gob.ec\\\/?s={search_term_string}\"},\"query-input\":{\"@type\":\"PropertyValueSpecification\",\"valueRequired\":true,\"valueName\":\"search_term_string\"}}],\"inLanguage\":\"es\"},{\"@type\":\"Person\",\"@id\":\"https:\\\/\\\/www.manabi.gob.ec\\\/#\\\/schema\\\/person\\\/c4f117989332ad723a6ced5994aa7d7a\",\"name\":\"Lui Ochoa\",\"image\":{\"@type\":\"ImageObject\",\"inLanguage\":\"es\",\"@id\":\"https:\\\/\\\/secure.gravatar.com\\\/avatar\\\/6e8017d0fe69dead8a95864d2eb6e1e1d8bf8e01194ba49cf7b897ff038126ba?s=96&d=mm&r=g\",\"url\":\"https:\\\/\\\/secure.gravatar.com\\\/avatar\\\/6e8017d0fe69dead8a95864d2eb6e1e1d8bf8e01194ba49cf7b897ff038126ba?s=96&d=mm&r=g\",\"contentUrl\":\"https:\\\/\\\/secure.gravatar.com\\\/avatar\\\/6e8017d0fe69dead8a95864d2eb6e1e1d8bf8e01194ba49cf7b897ff038126ba?s=96&d=mm&r=g\",\"caption\":\"Lui Ochoa\"},\"url\":\"https:\\\/\\\/www.manabi.gob.ec\\\/index.php\\\/author\\\/lochoa\\\/\"}]}<\/script>\n<!-- \/ Yoast SEO plugin. -->","yoast_head_json":{"title":"SEGUIMOS APOYANDO EL PROCESO DE TRANSICI\u00d3N DE LOS GOBIERNOS PARROQUIALES MANABITAS. - Prefectura de Manab\u00ed","robots":{"index":"index","follow":"follow","max-snippet":"max-snippet:-1","max-image-preview":"max-image-preview:large","max-video-preview":"max-video-preview:-1"},"canonical":"https:\/\/www.manabi.gob.ec\/index.php\/seguimos-apoyando-el-proceso-de-transicion-de-los-gobiernos-parroquiales-manabitas\/","og_locale":"es_ES","og_type":"article","og_title":"SEGUIMOS APOYANDO EL PROCESO DE TRANSICI\u00d3N DE LOS GOBIERNOS PARROQUIALES MANABITAS. - Prefectura de Manab\u00ed","og_description":"La Prefectura de Manab\u00ed brinda apoyo a los miembros electos y salientes de los Gobiernos Parroquiales Rurales de Manab\u00ed a trav\u00e9s de charlas de orientaci\u00f3n e informaci\u00f3n para los procesos de transici\u00f3n y otros temas relacionados con la administraci\u00f3n p\u00fablica y las competencias de estos organismos. Durante este segundo d\u00eda del evento, que se desarrolla [&hellip;]","og_url":"https:\/\/www.manabi.gob.ec\/index.php\/seguimos-apoyando-el-proceso-de-transicion-de-los-gobiernos-parroquiales-manabitas\/","og_site_name":"Prefectura de Manab\u00ed","article_published_time":"2023-04-05T17:54:00+00:00","article_modified_time":"2023-04-05T17:54:04+00:00","og_image":[{"width":1280,"height":852,"url":"https:\/\/www.manabi.gob.ec\/wp-content\/uploads\/2023\/04\/WhatsApp-Image-2023-03-29-at-14.53.58.jpeg","type":"image\/jpeg"}],"author":"Lui Ochoa","twitter_card":"summary_large_image","twitter_misc":{"Escrito por":"Lui Ochoa","Tiempo de lectura":"2 minutos"},"schema":{"@context":"https:\/\/schema.org","@graph":[{"@type":"Article","@id":"https:\/\/www.manabi.gob.ec\/index.php\/seguimos-apoyando-el-proceso-de-transicion-de-los-gobiernos-parroquiales-manabitas\/#article","isPartOf":{"@id":"https:\/\/www.manabi.gob.ec\/index.php\/seguimos-apoyando-el-proceso-de-transicion-de-los-gobiernos-parroquiales-manabitas\/"},"author":{"name":"Lui Ochoa","@id":"https:\/\/www.manabi.gob.ec\/#\/schema\/person\/c4f117989332ad723a6ced5994aa7d7a"},"headline":"SEGUIMOS APOYANDO EL PROCESO DE TRANSICI\u00d3N DE LOS GOBIERNOS PARROQUIALES MANABITAS.","datePublished":"2023-04-05T17:54:00+00:00","dateModified":"2023-04-05T17:54:04+00:00","mainEntityOfPage":{"@id":"https:\/\/www.manabi.gob.ec\/index.php\/seguimos-apoyando-el-proceso-de-transicion-de-los-gobiernos-parroquiales-manabitas\/"},"wordCount":249,"image":{"@id":"https:\/\/www.manabi.gob.ec\/index.php\/seguimos-apoyando-el-proceso-de-transicion-de-los-gobiernos-parroquiales-manabitas\/#primaryimage"},"thumbnailUrl":"https:\/\/www.manabi.gob.ec\/wp-content\/uploads\/2023\/04\/WhatsApp-Image-2023-03-29-at-14.53.58.jpeg","articleSection":["Desarrollo Social","Jipijapa","Noticias","Participaci\u00f3n ciudadana","Todas"],"inLanguage":"es"},{"@type":"WebPage","@id":"https:\/\/www.manabi.gob.ec\/index.php\/seguimos-apoyando-el-proceso-de-transicion-de-los-gobiernos-parroquiales-manabitas\/","url":"https:\/\/www.manabi.gob.ec\/index.php\/seguimos-apoyando-el-proceso-de-transicion-de-los-gobiernos-parroquiales-manabitas\/","name":"SEGUIMOS APOYANDO EL PROCESO DE TRANSICI\u00d3N DE LOS GOBIERNOS PARROQUIALES MANABITAS. - Prefectura de Manab\u00ed","isPartOf":{"@id":"https:\/\/www.manabi.gob.ec\/#website"},"primaryImageOfPage":{"@id":"https:\/\/www.manabi.gob.ec\/index.php\/seguimos-apoyando-el-proceso-de-transicion-de-los-gobiernos-parroquiales-manabitas\/#primaryimage"},"image":{"@id":"https:\/\/www.manabi.gob.ec\/index.php\/seguimos-apoyando-el-proceso-de-transicion-de-los-gobiernos-parroquiales-manabitas\/#primaryimage"},"thumbnailUrl":"https:\/\/www.manabi.gob.ec\/wp-content\/uploads\/2023\/04\/WhatsApp-Image-2023-03-29-at-14.53.58.jpeg","datePublished":"2023-04-05T17:54:00+00:00","dateModified":"2023-04-05T17:54:04+00:00","author":{"@id":"https:\/\/www.manabi.gob.ec\/#\/schema\/person\/c4f117989332ad723a6ced5994aa7d7a"},"breadcrumb":{"@id":"https:\/\/www.manabi.gob.ec\/index.php\/seguimos-apoyando-el-proceso-de-transicion-de-los-gobiernos-parroquiales-manabitas\/#breadcrumb"},"inLanguage":"es","potentialAction":[{"@type":"ReadAction","target":["https:\/\/www.manabi.gob.ec\/index.php\/seguimos-apoyando-el-proceso-de-transicion-de-los-gobiernos-parroquiales-manabitas\/"]}]},{"@type":"ImageObject","inLanguage":"es","@id":"https:\/\/www.manabi.gob.ec\/index.php\/seguimos-apoyando-el-proceso-de-transicion-de-los-gobiernos-parroquiales-manabitas\/#primaryimage","url":"https:\/\/www.manabi.gob.ec\/wp-content\/uploads\/2023\/04\/WhatsApp-Image-2023-03-29-at-14.53.58.jpeg","contentUrl":"https:\/\/www.manabi.gob.ec\/wp-content\/uploads\/2023\/04\/WhatsApp-Image-2023-03-29-at-14.53.58.jpeg","width":1280,"height":852},{"@type":"BreadcrumbList","@id":"https:\/\/www.manabi.gob.ec\/index.php\/seguimos-apoyando-el-proceso-de-transicion-de-los-gobiernos-parroquiales-manabitas\/#breadcrumb","itemListElement":[{"@type":"ListItem","position":1,"name":"Portada","item":"https:\/\/www.manabi.gob.ec\/"},{"@type":"ListItem","position":2,"name":"SEGUIMOS APOYANDO EL PROCESO DE TRANSICI\u00d3N DE LOS GOBIERNOS PARROQUIALES MANABITAS."}]},{"@type":"WebSite","@id":"https:\/\/www.manabi.gob.ec\/#website","url":"https:\/\/www.manabi.gob.ec\/","name":"Prefectura de Manab\u00ed","description":"P\u00e1gina web de la prefectura","potentialAction":[{"@type":"SearchAction","target":{"@type":"EntryPoint","urlTemplate":"https:\/\/www.manabi.gob.ec\/?s={search_term_string}"},"query-input":{"@type":"PropertyValueSpecification","valueRequired":true,"valueName":"search_term_string"}}],"inLanguage":"es"},{"@type":"Person","@id":"https:\/\/www.manabi.gob.ec\/#\/schema\/person\/c4f117989332ad723a6ced5994aa7d7a","name":"Lui Ochoa","image":{"@type":"ImageObject","inLanguage":"es","@id":"https:\/\/secure.gravatar.com\/avatar\/6e8017d0fe69dead8a95864d2eb6e1e1d8bf8e01194ba49cf7b897ff038126ba?s=96&d=mm&r=g","url":"https:\/\/secure.gravatar.com\/avatar\/6e8017d0fe69dead8a95864d2eb6e1e1d8bf8e01194ba49cf7b897ff038126ba?s=96&d=mm&r=g","contentUrl":"https:\/\/secure.gravatar.com\/avatar\/6e8017d0fe69dead8a95864d2eb6e1e1d8bf8e01194ba49cf7b897ff038126ba?s=96&d=mm&r=g","caption":"Lui Ochoa"},"url":"https:\/\/www.manabi.gob.ec\/index.php\/author\/lochoa\/"}]}},"jetpack_featured_media_url":"https:\/\/www.manabi.gob.ec\/wp-content\/uploads\/2023\/04\/WhatsApp-Image-2023-03-29-at-14.53.58.jpeg","_links":{"self":[{"href":"https:\/\/www.manabi.gob.ec\/index.php\/wp-json\/wp\/v2\/posts\/23949","targetHints":{"allow":["GET"]}}],"collection":[{"href":"https:\/\/www.manabi.gob.ec\/index.php\/wp-json\/wp\/v2\/posts"}],"about":[{"href":"https:\/\/www.manabi.gob.ec\/index.php\/wp-json\/wp\/v2\/types\/post"}],"author":[{"embeddable":true,"href":"https:\/\/www.manabi.gob.ec\/index.php\/wp-json\/wp\/v2\/users\/10"}],"replies":[{"embeddable":true,"href":"https:\/\/www.manabi.gob.ec\/index.php\/wp-json\/wp\/v2\/comments?post=23949"}],"version-history":[{"count":0,"href":"https:\/\/www.manabi.gob.ec\/index.php\/wp-json\/wp\/v2\/posts\/23949\/revisions"}],"wp:featuredmedia":[{"embeddable":true,"href":"https:\/\/www.manabi.gob.ec\/index.php\/wp-json\/wp\/v2\/media\/23950"}],"wp:attachment":[{"href":"https:\/\/www.manabi.gob.ec\/index.php\/wp-json\/wp\/v2\/media?parent=23949"}],"wp:term":[{"taxonomy":"category","embeddable":true,"href":"https:\/\/www.manabi.gob.ec\/index.php\/wp-json\/wp\/v2\/categories?post=23949"},{"taxonomy":"post_tag","embeddable":true,"href":"https:\/\/www.manabi.gob.ec\/index.php\/wp-json\/wp\/v2\/tags?post=23949"}],"curies":[{"name":"wp","href":"https:\/\/api.w.org\/{rel}","templated":true}]}}