{"id":23952,"date":"2023-04-05T17:56:26","date_gmt":"2023-04-05T17:56:26","guid":{"rendered":"https:\/\/www.manabi.gob.ec\/?p=23952"},"modified":"2023-04-05T17:56:31","modified_gmt":"2023-04-05T17:56:31","slug":"prefectura-coordina-acciones-con-iniap-para-ampliar-apoyo-a-los-agricultores-de-manab","status":"publish","type":"post","link":"https:\/\/www.manabi.gob.ec\/index.php\/prefectura-coordina-acciones-con-iniap-para-ampliar-apoyo-a-los-agricultores-de-manab\/","title":{"rendered":"PREFECTURA COORDINA ACCIONES CON INIAP PARA AMPLIAR APOYO A LOS AGRICULTORES DE MANAB"},"content":{"rendered":"\n<p>T\u00e9cnicos de Fomento Productivo de la Prefectura de Manab\u00ed, de la Empresa P\u00fablica Manab\u00ed Produce y del Instituto Nacional de Investigaci\u00f3n Agropecuaria (INIAP), estaci\u00f3n experimental de Portoviejo, mantuvieron una jornada de trabajo en b\u00fasqueda de coordinar acciones que lleven a brindar un mayor apoyo a los agricultores de la provincia, especialmente en ma\u00edz.<\/p>\n\n\n\n<p><br>La jornada se desarroll\u00f3 este 29 de marzo, en la que se analiz\u00f3 la variedad de semillas de ma\u00edz que oferta el INIAP, los rendimientos productivos por hect\u00e1rea, costo de producci\u00f3n, resistencia a enfermedades y plagas, porque tambi\u00e9n se busca reducir impactos ambientales, dijo Ra\u00fal Andrade, director de Fomento Productivo de la Prefectura.<br>T\u00e9cnicos de INIAP expusieron sobre la variedad \u201cNutrichoclo\u201d que tiene, la que dijeron es de alta calidad de prote\u00ednas y muchas otras bondades que lo hacen ser escogidos para la ganader\u00eda no solo como alimento sino por el incremento de producci\u00f3n de leche.<\/p>\n\n\n\n<p><br>Tambi\u00e9n se habl\u00f3 de varias acciones que deben implementarse para mejorar las condiciones del pl\u00e1tano y controlar la expansi\u00f3n del moco, enfermedad presente en plantaciones del norte de la provincia, que puede llegar a trav\u00e9s de la venta de colines. Se destac\u00f3 la necesidad de trabajarse por un pl\u00e1tano org\u00e1nico en la provincia.<br>Esta coordinaci\u00f3n de trabajo entre Prefectura y el INIAP, se da en el marco de un convenio que mantienen las dos instituciones, con el objetivo de dar mayor y mejor apoyo a los productores manabitas.<\/p>\n","protected":false},"excerpt":{"rendered":"<p>T\u00e9cnicos de Fomento Productivo de la Prefectura de Manab\u00ed, de la Empresa P\u00fablica Manab\u00ed Produce y del Instituto Nacional de Investigaci\u00f3n Agropecuaria (INIAP), estaci\u00f3n experimental de Portoviejo, mantuvieron una jornada de trabajo en b\u00fasqueda de coordinar acciones que lleven a brindar un mayor apoyo a los agricultores de la provincia, especialmente en ma\u00edz. La jornada [&hellip;]<\/p>\n","protected":false},"author":10,"featured_media":23953,"comment_status":"closed","ping_status":"closed","sticky":false,"template":"","format":"standard","meta":{"_joinchat":[],"footnotes":""},"categories":[142,92,140,91],"tags":[],"class_list":["post-23952","post","type-post","status-publish","format-standard","has-post-thumbnail","hentry","category-desarrollo-social","category-noticias-manabi","category-produccion","category-todas"],"yoast_head":"<!-- This site is optimized with the Yoast SEO plugin v27.4 - https:\/\/yoast.com\/product\/yoast-seo-wordpress\/ -->\n<title>PREFECTURA COORDINA ACCIONES CON INIAP PARA AMPLIAR APOYO A LOS AGRICULTORES DE MANAB - Prefectura de Manab\u00ed<\/title>\n<meta name=\"robots\" content=\"index, follow, max-snippet:-1, max-image-preview:large, max-video-preview:-1\" \/>\n<link rel=\"canonical\" href=\"https:\/\/www.manabi.gob.ec\/index.php\/prefectura-coordina-acciones-con-iniap-para-ampliar-apoyo-a-los-agricultores-de-manab\/\" \/>\n<meta property=\"og:locale\" content=\"es_ES\" \/>\n<meta property=\"og:type\" content=\"article\" \/>\n<meta property=\"og:title\" content=\"PREFECTURA COORDINA ACCIONES CON INIAP PARA AMPLIAR APOYO A LOS AGRICULTORES DE MANAB - Prefectura de Manab\u00ed\" \/>\n<meta property=\"og:description\" content=\"T\u00e9cnicos de Fomento Productivo de la Prefectura de Manab\u00ed, de la Empresa P\u00fablica Manab\u00ed Produce y del Instituto Nacional de Investigaci\u00f3n Agropecuaria (INIAP), estaci\u00f3n experimental de Portoviejo, mantuvieron una jornada de trabajo en b\u00fasqueda de coordinar acciones que lleven a brindar un mayor apoyo a los agricultores de la provincia, especialmente en ma\u00edz. La jornada [&hellip;]\" \/>\n<meta property=\"og:url\" content=\"https:\/\/www.manabi.gob.ec\/index.php\/prefectura-coordina-acciones-con-iniap-para-ampliar-apoyo-a-los-agricultores-de-manab\/\" \/>\n<meta property=\"og:site_name\" content=\"Prefectura de Manab\u00ed\" \/>\n<meta property=\"article:published_time\" content=\"2023-04-05T17:56:26+00:00\" \/>\n<meta property=\"article:modified_time\" content=\"2023-04-05T17:56:31+00:00\" \/>\n<meta property=\"og:image\" content=\"https:\/\/www.manabi.gob.ec\/wp-content\/uploads\/2023\/04\/WhatsApp-Image-2023-03-29-at-15.17.49.jpeg\" \/>\n\t<meta property=\"og:image:width\" content=\"1280\" \/>\n\t<meta property=\"og:image:height\" content=\"853\" \/>\n\t<meta property=\"og:image:type\" content=\"image\/jpeg\" \/>\n<meta name=\"author\" content=\"Lui Ochoa\" \/>\n<meta name=\"twitter:card\" content=\"summary_large_image\" \/>\n<meta name=\"twitter:label1\" content=\"Escrito por\" \/>\n\t<meta name=\"twitter:data1\" content=\"Lui Ochoa\" \/>\n\t<meta name=\"twitter:label2\" content=\"Tiempo de lectura\" \/>\n\t<meta name=\"twitter:data2\" content=\"2 minutos\" \/>\n<script type=\"application\/ld+json\" class=\"yoast-schema-graph\">{\"@context\":\"https:\\\/\\\/schema.org\",\"@graph\":[{\"@type\":\"Article\",\"@id\":\"https:\\\/\\\/www.manabi.gob.ec\\\/index.php\\\/prefectura-coordina-acciones-con-iniap-para-ampliar-apoyo-a-los-agricultores-de-manab\\\/#article\",\"isPartOf\":{\"@id\":\"https:\\\/\\\/www.manabi.gob.ec\\\/index.php\\\/prefectura-coordina-acciones-con-iniap-para-ampliar-apoyo-a-los-agricultores-de-manab\\\/\"},\"author\":{\"name\":\"Lui Ochoa\",\"@id\":\"https:\\\/\\\/www.manabi.gob.ec\\\/#\\\/schema\\\/person\\\/c4f117989332ad723a6ced5994aa7d7a\"},\"headline\":\"PREFECTURA COORDINA ACCIONES CON INIAP PARA AMPLIAR APOYO A LOS AGRICULTORES DE MANAB\",\"datePublished\":\"2023-04-05T17:56:26+00:00\",\"dateModified\":\"2023-04-05T17:56:31+00:00\",\"mainEntityOfPage\":{\"@id\":\"https:\\\/\\\/www.manabi.gob.ec\\\/index.php\\\/prefectura-coordina-acciones-con-iniap-para-ampliar-apoyo-a-los-agricultores-de-manab\\\/\"},\"wordCount\":271,\"image\":{\"@id\":\"https:\\\/\\\/www.manabi.gob.ec\\\/index.php\\\/prefectura-coordina-acciones-con-iniap-para-ampliar-apoyo-a-los-agricultores-de-manab\\\/#primaryimage\"},\"thumbnailUrl\":\"https:\\\/\\\/www.manabi.gob.ec\\\/wp-content\\\/uploads\\\/2023\\\/04\\\/WhatsApp-Image-2023-03-29-at-15.17.49.jpeg\",\"articleSection\":[\"Desarrollo Social\",\"Noticias\",\"Producci\u00f3n\",\"Todas\"],\"inLanguage\":\"es\"},{\"@type\":\"WebPage\",\"@id\":\"https:\\\/\\\/www.manabi.gob.ec\\\/index.php\\\/prefectura-coordina-acciones-con-iniap-para-ampliar-apoyo-a-los-agricultores-de-manab\\\/\",\"url\":\"https:\\\/\\\/www.manabi.gob.ec\\\/index.php\\\/prefectura-coordina-acciones-con-iniap-para-ampliar-apoyo-a-los-agricultores-de-manab\\\/\",\"name\":\"PREFECTURA COORDINA ACCIONES CON INIAP PARA AMPLIAR APOYO A LOS AGRICULTORES DE MANAB - Prefectura de Manab\u00ed\",\"isPartOf\":{\"@id\":\"https:\\\/\\\/www.manabi.gob.ec\\\/#website\"},\"primaryImageOfPage\":{\"@id\":\"https:\\\/\\\/www.manabi.gob.ec\\\/index.php\\\/prefectura-coordina-acciones-con-iniap-para-ampliar-apoyo-a-los-agricultores-de-manab\\\/#primaryimage\"},\"image\":{\"@id\":\"https:\\\/\\\/www.manabi.gob.ec\\\/index.php\\\/prefectura-coordina-acciones-con-iniap-para-ampliar-apoyo-a-los-agricultores-de-manab\\\/#primaryimage\"},\"thumbnailUrl\":\"https:\\\/\\\/www.manabi.gob.ec\\\/wp-content\\\/uploads\\\/2023\\\/04\\\/WhatsApp-Image-2023-03-29-at-15.17.49.jpeg\",\"datePublished\":\"2023-04-05T17:56:26+00:00\",\"dateModified\":\"2023-04-05T17:56:31+00:00\",\"author\":{\"@id\":\"https:\\\/\\\/www.manabi.gob.ec\\\/#\\\/schema\\\/person\\\/c4f117989332ad723a6ced5994aa7d7a\"},\"breadcrumb\":{\"@id\":\"https:\\\/\\\/www.manabi.gob.ec\\\/index.php\\\/prefectura-coordina-acciones-con-iniap-para-ampliar-apoyo-a-los-agricultores-de-manab\\\/#breadcrumb\"},\"inLanguage\":\"es\",\"potentialAction\":[{\"@type\":\"ReadAction\",\"target\":[\"https:\\\/\\\/www.manabi.gob.ec\\\/index.php\\\/prefectura-coordina-acciones-con-iniap-para-ampliar-apoyo-a-los-agricultores-de-manab\\\/\"]}]},{\"@type\":\"ImageObject\",\"inLanguage\":\"es\",\"@id\":\"https:\\\/\\\/www.manabi.gob.ec\\\/index.php\\\/prefectura-coordina-acciones-con-iniap-para-ampliar-apoyo-a-los-agricultores-de-manab\\\/#primaryimage\",\"url\":\"https:\\\/\\\/www.manabi.gob.ec\\\/wp-content\\\/uploads\\\/2023\\\/04\\\/WhatsApp-Image-2023-03-29-at-15.17.49.jpeg\",\"contentUrl\":\"https:\\\/\\\/www.manabi.gob.ec\\\/wp-content\\\/uploads\\\/2023\\\/04\\\/WhatsApp-Image-2023-03-29-at-15.17.49.jpeg\",\"width\":1280,\"height\":853},{\"@type\":\"BreadcrumbList\",\"@id\":\"https:\\\/\\\/www.manabi.gob.ec\\\/index.php\\\/prefectura-coordina-acciones-con-iniap-para-ampliar-apoyo-a-los-agricultores-de-manab\\\/#breadcrumb\",\"itemListElement\":[{\"@type\":\"ListItem\",\"position\":1,\"name\":\"Portada\",\"item\":\"https:\\\/\\\/www.manabi.gob.ec\\\/\"},{\"@type\":\"ListItem\",\"position\":2,\"name\":\"PREFECTURA COORDINA ACCIONES CON INIAP PARA AMPLIAR APOYO A LOS AGRICULTORES DE MANAB\"}]},{\"@type\":\"WebSite\",\"@id\":\"https:\\\/\\\/www.manabi.gob.ec\\\/#website\",\"url\":\"https:\\\/\\\/www.manabi.gob.ec\\\/\",\"name\":\"Prefectura de Manab\u00ed\",\"description\":\"P\u00e1gina web de la prefectura\",\"potentialAction\":[{\"@type\":\"SearchAction\",\"target\":{\"@type\":\"EntryPoint\",\"urlTemplate\":\"https:\\\/\\\/www.manabi.gob.ec\\\/?s={search_term_string}\"},\"query-input\":{\"@type\":\"PropertyValueSpecification\",\"valueRequired\":true,\"valueName\":\"search_term_string\"}}],\"inLanguage\":\"es\"},{\"@type\":\"Person\",\"@id\":\"https:\\\/\\\/www.manabi.gob.ec\\\/#\\\/schema\\\/person\\\/c4f117989332ad723a6ced5994aa7d7a\",\"name\":\"Lui Ochoa\",\"image\":{\"@type\":\"ImageObject\",\"inLanguage\":\"es\",\"@id\":\"https:\\\/\\\/secure.gravatar.com\\\/avatar\\\/6e8017d0fe69dead8a95864d2eb6e1e1d8bf8e01194ba49cf7b897ff038126ba?s=96&d=mm&r=g\",\"url\":\"https:\\\/\\\/secure.gravatar.com\\\/avatar\\\/6e8017d0fe69dead8a95864d2eb6e1e1d8bf8e01194ba49cf7b897ff038126ba?s=96&d=mm&r=g\",\"contentUrl\":\"https:\\\/\\\/secure.gravatar.com\\\/avatar\\\/6e8017d0fe69dead8a95864d2eb6e1e1d8bf8e01194ba49cf7b897ff038126ba?s=96&d=mm&r=g\",\"caption\":\"Lui Ochoa\"},\"url\":\"https:\\\/\\\/www.manabi.gob.ec\\\/index.php\\\/author\\\/lochoa\\\/\"}]}<\/script>\n<!-- \/ Yoast SEO plugin. -->","yoast_head_json":{"title":"PREFECTURA COORDINA ACCIONES CON INIAP PARA AMPLIAR APOYO A LOS AGRICULTORES DE MANAB - Prefectura de Manab\u00ed","robots":{"index":"index","follow":"follow","max-snippet":"max-snippet:-1","max-image-preview":"max-image-preview:large","max-video-preview":"max-video-preview:-1"},"canonical":"https:\/\/www.manabi.gob.ec\/index.php\/prefectura-coordina-acciones-con-iniap-para-ampliar-apoyo-a-los-agricultores-de-manab\/","og_locale":"es_ES","og_type":"article","og_title":"PREFECTURA COORDINA ACCIONES CON INIAP PARA AMPLIAR APOYO A LOS AGRICULTORES DE MANAB - Prefectura de Manab\u00ed","og_description":"T\u00e9cnicos de Fomento Productivo de la Prefectura de Manab\u00ed, de la Empresa P\u00fablica Manab\u00ed Produce y del Instituto Nacional de Investigaci\u00f3n Agropecuaria (INIAP), estaci\u00f3n experimental de Portoviejo, mantuvieron una jornada de trabajo en b\u00fasqueda de coordinar acciones que lleven a brindar un mayor apoyo a los agricultores de la provincia, especialmente en ma\u00edz. La jornada [&hellip;]","og_url":"https:\/\/www.manabi.gob.ec\/index.php\/prefectura-coordina-acciones-con-iniap-para-ampliar-apoyo-a-los-agricultores-de-manab\/","og_site_name":"Prefectura de Manab\u00ed","article_published_time":"2023-04-05T17:56:26+00:00","article_modified_time":"2023-04-05T17:56:31+00:00","og_image":[{"width":1280,"height":853,"url":"https:\/\/www.manabi.gob.ec\/wp-content\/uploads\/2023\/04\/WhatsApp-Image-2023-03-29-at-15.17.49.jpeg","type":"image\/jpeg"}],"author":"Lui Ochoa","twitter_card":"summary_large_image","twitter_misc":{"Escrito por":"Lui Ochoa","Tiempo de lectura":"2 minutos"},"schema":{"@context":"https:\/\/schema.org","@graph":[{"@type":"Article","@id":"https:\/\/www.manabi.gob.ec\/index.php\/prefectura-coordina-acciones-con-iniap-para-ampliar-apoyo-a-los-agricultores-de-manab\/#article","isPartOf":{"@id":"https:\/\/www.manabi.gob.ec\/index.php\/prefectura-coordina-acciones-con-iniap-para-ampliar-apoyo-a-los-agricultores-de-manab\/"},"author":{"name":"Lui Ochoa","@id":"https:\/\/www.manabi.gob.ec\/#\/schema\/person\/c4f117989332ad723a6ced5994aa7d7a"},"headline":"PREFECTURA COORDINA ACCIONES CON INIAP PARA AMPLIAR APOYO A LOS AGRICULTORES DE MANAB","datePublished":"2023-04-05T17:56:26+00:00","dateModified":"2023-04-05T17:56:31+00:00","mainEntityOfPage":{"@id":"https:\/\/www.manabi.gob.ec\/index.php\/prefectura-coordina-acciones-con-iniap-para-ampliar-apoyo-a-los-agricultores-de-manab\/"},"wordCount":271,"image":{"@id":"https:\/\/www.manabi.gob.ec\/index.php\/prefectura-coordina-acciones-con-iniap-para-ampliar-apoyo-a-los-agricultores-de-manab\/#primaryimage"},"thumbnailUrl":"https:\/\/www.manabi.gob.ec\/wp-content\/uploads\/2023\/04\/WhatsApp-Image-2023-03-29-at-15.17.49.jpeg","articleSection":["Desarrollo Social","Noticias","Producci\u00f3n","Todas"],"inLanguage":"es"},{"@type":"WebPage","@id":"https:\/\/www.manabi.gob.ec\/index.php\/prefectura-coordina-acciones-con-iniap-para-ampliar-apoyo-a-los-agricultores-de-manab\/","url":"https:\/\/www.manabi.gob.ec\/index.php\/prefectura-coordina-acciones-con-iniap-para-ampliar-apoyo-a-los-agricultores-de-manab\/","name":"PREFECTURA COORDINA ACCIONES CON INIAP PARA AMPLIAR APOYO A LOS AGRICULTORES DE MANAB - Prefectura de Manab\u00ed","isPartOf":{"@id":"https:\/\/www.manabi.gob.ec\/#website"},"primaryImageOfPage":{"@id":"https:\/\/www.manabi.gob.ec\/index.php\/prefectura-coordina-acciones-con-iniap-para-ampliar-apoyo-a-los-agricultores-de-manab\/#primaryimage"},"image":{"@id":"https:\/\/www.manabi.gob.ec\/index.php\/prefectura-coordina-acciones-con-iniap-para-ampliar-apoyo-a-los-agricultores-de-manab\/#primaryimage"},"thumbnailUrl":"https:\/\/www.manabi.gob.ec\/wp-content\/uploads\/2023\/04\/WhatsApp-Image-2023-03-29-at-15.17.49.jpeg","datePublished":"2023-04-05T17:56:26+00:00","dateModified":"2023-04-05T17:56:31+00:00","author":{"@id":"https:\/\/www.manabi.gob.ec\/#\/schema\/person\/c4f117989332ad723a6ced5994aa7d7a"},"breadcrumb":{"@id":"https:\/\/www.manabi.gob.ec\/index.php\/prefectura-coordina-acciones-con-iniap-para-ampliar-apoyo-a-los-agricultores-de-manab\/#breadcrumb"},"inLanguage":"es","potentialAction":[{"@type":"ReadAction","target":["https:\/\/www.manabi.gob.ec\/index.php\/prefectura-coordina-acciones-con-iniap-para-ampliar-apoyo-a-los-agricultores-de-manab\/"]}]},{"@type":"ImageObject","inLanguage":"es","@id":"https:\/\/www.manabi.gob.ec\/index.php\/prefectura-coordina-acciones-con-iniap-para-ampliar-apoyo-a-los-agricultores-de-manab\/#primaryimage","url":"https:\/\/www.manabi.gob.ec\/wp-content\/uploads\/2023\/04\/WhatsApp-Image-2023-03-29-at-15.17.49.jpeg","contentUrl":"https:\/\/www.manabi.gob.ec\/wp-content\/uploads\/2023\/04\/WhatsApp-Image-2023-03-29-at-15.17.49.jpeg","width":1280,"height":853},{"@type":"BreadcrumbList","@id":"https:\/\/www.manabi.gob.ec\/index.php\/prefectura-coordina-acciones-con-iniap-para-ampliar-apoyo-a-los-agricultores-de-manab\/#breadcrumb","itemListElement":[{"@type":"ListItem","position":1,"name":"Portada","item":"https:\/\/www.manabi.gob.ec\/"},{"@type":"ListItem","position":2,"name":"PREFECTURA COORDINA ACCIONES CON INIAP PARA AMPLIAR APOYO A LOS AGRICULTORES DE MANAB"}]},{"@type":"WebSite","@id":"https:\/\/www.manabi.gob.ec\/#website","url":"https:\/\/www.manabi.gob.ec\/","name":"Prefectura de Manab\u00ed","description":"P\u00e1gina web de la prefectura","potentialAction":[{"@type":"SearchAction","target":{"@type":"EntryPoint","urlTemplate":"https:\/\/www.manabi.gob.ec\/?s={search_term_string}"},"query-input":{"@type":"PropertyValueSpecification","valueRequired":true,"valueName":"search_term_string"}}],"inLanguage":"es"},{"@type":"Person","@id":"https:\/\/www.manabi.gob.ec\/#\/schema\/person\/c4f117989332ad723a6ced5994aa7d7a","name":"Lui Ochoa","image":{"@type":"ImageObject","inLanguage":"es","@id":"https:\/\/secure.gravatar.com\/avatar\/6e8017d0fe69dead8a95864d2eb6e1e1d8bf8e01194ba49cf7b897ff038126ba?s=96&d=mm&r=g","url":"https:\/\/secure.gravatar.com\/avatar\/6e8017d0fe69dead8a95864d2eb6e1e1d8bf8e01194ba49cf7b897ff038126ba?s=96&d=mm&r=g","contentUrl":"https:\/\/secure.gravatar.com\/avatar\/6e8017d0fe69dead8a95864d2eb6e1e1d8bf8e01194ba49cf7b897ff038126ba?s=96&d=mm&r=g","caption":"Lui Ochoa"},"url":"https:\/\/www.manabi.gob.ec\/index.php\/author\/lochoa\/"}]}},"jetpack_featured_media_url":"https:\/\/www.manabi.gob.ec\/wp-content\/uploads\/2023\/04\/WhatsApp-Image-2023-03-29-at-15.17.49.jpeg","_links":{"self":[{"href":"https:\/\/www.manabi.gob.ec\/index.php\/wp-json\/wp\/v2\/posts\/23952","targetHints":{"allow":["GET"]}}],"collection":[{"href":"https:\/\/www.manabi.gob.ec\/index.php\/wp-json\/wp\/v2\/posts"}],"about":[{"href":"https:\/\/www.manabi.gob.ec\/index.php\/wp-json\/wp\/v2\/types\/post"}],"author":[{"embeddable":true,"href":"https:\/\/www.manabi.gob.ec\/index.php\/wp-json\/wp\/v2\/users\/10"}],"replies":[{"embeddable":true,"href":"https:\/\/www.manabi.gob.ec\/index.php\/wp-json\/wp\/v2\/comments?post=23952"}],"version-history":[{"count":0,"href":"https:\/\/www.manabi.gob.ec\/index.php\/wp-json\/wp\/v2\/posts\/23952\/revisions"}],"wp:featuredmedia":[{"embeddable":true,"href":"https:\/\/www.manabi.gob.ec\/index.php\/wp-json\/wp\/v2\/media\/23953"}],"wp:attachment":[{"href":"https:\/\/www.manabi.gob.ec\/index.php\/wp-json\/wp\/v2\/media?parent=23952"}],"wp:term":[{"taxonomy":"category","embeddable":true,"href":"https:\/\/www.manabi.gob.ec\/index.php\/wp-json\/wp\/v2\/categories?post=23952"},{"taxonomy":"post_tag","embeddable":true,"href":"https:\/\/www.manabi.gob.ec\/index.php\/wp-json\/wp\/v2\/tags?post=23952"}],"curies":[{"name":"wp","href":"https:\/\/api.w.org\/{rel}","templated":true}]}}