{"id":23973,"date":"2023-04-05T18:09:33","date_gmt":"2023-04-05T18:09:33","guid":{"rendered":"https:\/\/www.manabi.gob.ec\/?p=23973"},"modified":"2023-04-05T18:09:37","modified_gmt":"2023-04-05T18:09:37","slug":"pedernalescelebramos-31-anos-de-cantonizacion","status":"publish","type":"post","link":"https:\/\/www.manabi.gob.ec\/index.php\/pedernalescelebramos-31-anos-de-cantonizacion\/","title":{"rendered":"Pedernales<br>Celebramos 31 a\u00f1os de cantonizaci\u00f3n"},"content":{"rendered":"\n<p>La prefecta de Manab\u00ed (s), Kelly Buenaventura Moreira, particip\u00f3 de la sesi\u00f3n solemne que se realiz\u00f3 en Pedernales, al cumplir 31 a\u00f1os de cantonizaci\u00f3n, este 31 de marzo.<\/p>\n\n\n\n<p>En el evento intervino la autoridad provincial dando a conocer la inversi\u00f3n que ha realizado la Prefectura de Manab\u00ed en todas sus competencias.<\/p>\n\n\n\n<p>En obras viales se ha invertido m\u00e1s de 6 millones 647 mil 880 d\u00f3lares en apertura de v\u00edas, terraplenes, mantenimiento y mejoramiento vial en la zona urbana y rural de Pedernales.<\/p>\n\n\n\n<p>\u201cHemos trabajado en construcci\u00f3n de puentes, obra social, emprendimientos, fomento productivo y promoci\u00f3n tur\u00edstica del cant\u00f3n, junto al compa\u00f1ero prefecto Leonardo Orlando, seguiremos entregando obras con dignidad y amor para nuestros hermanos manabitas\u201d, enfatiz\u00f3 Buenaventura.<\/p>\n","protected":false},"excerpt":{"rendered":"<p>La prefecta de Manab\u00ed (s), Kelly Buenaventura Moreira, particip\u00f3 de la sesi\u00f3n solemne que se realiz\u00f3 en Pedernales, al cumplir 31 a\u00f1os de cantonizaci\u00f3n, este 31 de marzo. En el evento intervino la autoridad provincial dando a conocer la inversi\u00f3n que ha realizado la Prefectura de Manab\u00ed en todas sus competencias. En obras viales se [&hellip;]<\/p>\n","protected":false},"author":10,"featured_media":23974,"comment_status":"closed","ping_status":"closed","sticky":false,"template":"","format":"standard","meta":{"_joinchat":[],"footnotes":""},"categories":[142,92,137,91],"tags":[],"class_list":["post-23973","post","type-post","status-publish","format-standard","has-post-thumbnail","hentry","category-desarrollo-social","category-noticias-manabi","category-pedernales","category-todas"],"yoast_head":"<!-- This site is optimized with the Yoast SEO plugin v27.4 - https:\/\/yoast.com\/product\/yoast-seo-wordpress\/ -->\n<title>PedernalesCelebramos 31 a\u00f1os de cantonizaci\u00f3n - Prefectura de Manab\u00ed<\/title>\n<meta name=\"robots\" content=\"index, follow, max-snippet:-1, max-image-preview:large, max-video-preview:-1\" \/>\n<link rel=\"canonical\" href=\"https:\/\/www.manabi.gob.ec\/index.php\/pedernalescelebramos-31-anos-de-cantonizacion\/\" \/>\n<meta property=\"og:locale\" content=\"es_ES\" \/>\n<meta property=\"og:type\" content=\"article\" \/>\n<meta property=\"og:title\" content=\"PedernalesCelebramos 31 a\u00f1os de cantonizaci\u00f3n - Prefectura de Manab\u00ed\" \/>\n<meta property=\"og:description\" content=\"La prefecta de Manab\u00ed (s), Kelly Buenaventura Moreira, particip\u00f3 de la sesi\u00f3n solemne que se realiz\u00f3 en Pedernales, al cumplir 31 a\u00f1os de cantonizaci\u00f3n, este 31 de marzo. En el evento intervino la autoridad provincial dando a conocer la inversi\u00f3n que ha realizado la Prefectura de Manab\u00ed en todas sus competencias. En obras viales se [&hellip;]\" \/>\n<meta property=\"og:url\" content=\"https:\/\/www.manabi.gob.ec\/index.php\/pedernalescelebramos-31-anos-de-cantonizacion\/\" \/>\n<meta property=\"og:site_name\" content=\"Prefectura de Manab\u00ed\" \/>\n<meta property=\"article:published_time\" content=\"2023-04-05T18:09:33+00:00\" \/>\n<meta property=\"article:modified_time\" content=\"2023-04-05T18:09:37+00:00\" \/>\n<meta property=\"og:image\" content=\"https:\/\/www.manabi.gob.ec\/wp-content\/uploads\/2023\/04\/WhatsApp-Image-2023-03-31-at-17.33.40.jpeg\" \/>\n\t<meta property=\"og:image:width\" content=\"1024\" \/>\n\t<meta property=\"og:image:height\" content=\"745\" \/>\n\t<meta property=\"og:image:type\" content=\"image\/jpeg\" \/>\n<meta name=\"author\" content=\"Lui Ochoa\" \/>\n<meta name=\"twitter:card\" content=\"summary_large_image\" \/>\n<meta name=\"twitter:label1\" content=\"Escrito por\" \/>\n\t<meta name=\"twitter:data1\" content=\"Lui Ochoa\" \/>\n\t<meta name=\"twitter:label2\" content=\"Tiempo de lectura\" \/>\n\t<meta name=\"twitter:data2\" content=\"1 minuto\" \/>\n<script type=\"application\/ld+json\" class=\"yoast-schema-graph\">{\"@context\":\"https:\\\/\\\/schema.org\",\"@graph\":[{\"@type\":\"Article\",\"@id\":\"https:\\\/\\\/www.manabi.gob.ec\\\/index.php\\\/pedernalescelebramos-31-anos-de-cantonizacion\\\/#article\",\"isPartOf\":{\"@id\":\"https:\\\/\\\/www.manabi.gob.ec\\\/index.php\\\/pedernalescelebramos-31-anos-de-cantonizacion\\\/\"},\"author\":{\"name\":\"Lui Ochoa\",\"@id\":\"https:\\\/\\\/www.manabi.gob.ec\\\/#\\\/schema\\\/person\\\/c4f117989332ad723a6ced5994aa7d7a\"},\"headline\":\"Pedernales Celebramos 31 a\u00f1os de cantonizaci\u00f3n\",\"datePublished\":\"2023-04-05T18:09:33+00:00\",\"dateModified\":\"2023-04-05T18:09:37+00:00\",\"mainEntityOfPage\":{\"@id\":\"https:\\\/\\\/www.manabi.gob.ec\\\/index.php\\\/pedernalescelebramos-31-anos-de-cantonizacion\\\/\"},\"wordCount\":130,\"image\":{\"@id\":\"https:\\\/\\\/www.manabi.gob.ec\\\/index.php\\\/pedernalescelebramos-31-anos-de-cantonizacion\\\/#primaryimage\"},\"thumbnailUrl\":\"https:\\\/\\\/www.manabi.gob.ec\\\/wp-content\\\/uploads\\\/2023\\\/04\\\/WhatsApp-Image-2023-03-31-at-17.33.40.jpeg\",\"articleSection\":[\"Desarrollo Social\",\"Noticias\",\"Pedernales\",\"Todas\"],\"inLanguage\":\"es\"},{\"@type\":\"WebPage\",\"@id\":\"https:\\\/\\\/www.manabi.gob.ec\\\/index.php\\\/pedernalescelebramos-31-anos-de-cantonizacion\\\/\",\"url\":\"https:\\\/\\\/www.manabi.gob.ec\\\/index.php\\\/pedernalescelebramos-31-anos-de-cantonizacion\\\/\",\"name\":\"Pedernales Celebramos 31 a\u00f1os de cantonizaci\u00f3n - Prefectura de Manab\u00ed\",\"isPartOf\":{\"@id\":\"https:\\\/\\\/www.manabi.gob.ec\\\/#website\"},\"primaryImageOfPage\":{\"@id\":\"https:\\\/\\\/www.manabi.gob.ec\\\/index.php\\\/pedernalescelebramos-31-anos-de-cantonizacion\\\/#primaryimage\"},\"image\":{\"@id\":\"https:\\\/\\\/www.manabi.gob.ec\\\/index.php\\\/pedernalescelebramos-31-anos-de-cantonizacion\\\/#primaryimage\"},\"thumbnailUrl\":\"https:\\\/\\\/www.manabi.gob.ec\\\/wp-content\\\/uploads\\\/2023\\\/04\\\/WhatsApp-Image-2023-03-31-at-17.33.40.jpeg\",\"datePublished\":\"2023-04-05T18:09:33+00:00\",\"dateModified\":\"2023-04-05T18:09:37+00:00\",\"author\":{\"@id\":\"https:\\\/\\\/www.manabi.gob.ec\\\/#\\\/schema\\\/person\\\/c4f117989332ad723a6ced5994aa7d7a\"},\"breadcrumb\":{\"@id\":\"https:\\\/\\\/www.manabi.gob.ec\\\/index.php\\\/pedernalescelebramos-31-anos-de-cantonizacion\\\/#breadcrumb\"},\"inLanguage\":\"es\",\"potentialAction\":[{\"@type\":\"ReadAction\",\"target\":[\"https:\\\/\\\/www.manabi.gob.ec\\\/index.php\\\/pedernalescelebramos-31-anos-de-cantonizacion\\\/\"]}]},{\"@type\":\"ImageObject\",\"inLanguage\":\"es\",\"@id\":\"https:\\\/\\\/www.manabi.gob.ec\\\/index.php\\\/pedernalescelebramos-31-anos-de-cantonizacion\\\/#primaryimage\",\"url\":\"https:\\\/\\\/www.manabi.gob.ec\\\/wp-content\\\/uploads\\\/2023\\\/04\\\/WhatsApp-Image-2023-03-31-at-17.33.40.jpeg\",\"contentUrl\":\"https:\\\/\\\/www.manabi.gob.ec\\\/wp-content\\\/uploads\\\/2023\\\/04\\\/WhatsApp-Image-2023-03-31-at-17.33.40.jpeg\",\"width\":1024,\"height\":745},{\"@type\":\"BreadcrumbList\",\"@id\":\"https:\\\/\\\/www.manabi.gob.ec\\\/index.php\\\/pedernalescelebramos-31-anos-de-cantonizacion\\\/#breadcrumb\",\"itemListElement\":[{\"@type\":\"ListItem\",\"position\":1,\"name\":\"Portada\",\"item\":\"https:\\\/\\\/www.manabi.gob.ec\\\/\"},{\"@type\":\"ListItem\",\"position\":2,\"name\":\"PedernalesCelebramos 31 a\u00f1os de cantonizaci\u00f3n\"}]},{\"@type\":\"WebSite\",\"@id\":\"https:\\\/\\\/www.manabi.gob.ec\\\/#website\",\"url\":\"https:\\\/\\\/www.manabi.gob.ec\\\/\",\"name\":\"Prefectura de Manab\u00ed\",\"description\":\"P\u00e1gina web de la prefectura\",\"potentialAction\":[{\"@type\":\"SearchAction\",\"target\":{\"@type\":\"EntryPoint\",\"urlTemplate\":\"https:\\\/\\\/www.manabi.gob.ec\\\/?s={search_term_string}\"},\"query-input\":{\"@type\":\"PropertyValueSpecification\",\"valueRequired\":true,\"valueName\":\"search_term_string\"}}],\"inLanguage\":\"es\"},{\"@type\":\"Person\",\"@id\":\"https:\\\/\\\/www.manabi.gob.ec\\\/#\\\/schema\\\/person\\\/c4f117989332ad723a6ced5994aa7d7a\",\"name\":\"Lui Ochoa\",\"image\":{\"@type\":\"ImageObject\",\"inLanguage\":\"es\",\"@id\":\"https:\\\/\\\/secure.gravatar.com\\\/avatar\\\/6e8017d0fe69dead8a95864d2eb6e1e1d8bf8e01194ba49cf7b897ff038126ba?s=96&d=mm&r=g\",\"url\":\"https:\\\/\\\/secure.gravatar.com\\\/avatar\\\/6e8017d0fe69dead8a95864d2eb6e1e1d8bf8e01194ba49cf7b897ff038126ba?s=96&d=mm&r=g\",\"contentUrl\":\"https:\\\/\\\/secure.gravatar.com\\\/avatar\\\/6e8017d0fe69dead8a95864d2eb6e1e1d8bf8e01194ba49cf7b897ff038126ba?s=96&d=mm&r=g\",\"caption\":\"Lui Ochoa\"},\"url\":\"https:\\\/\\\/www.manabi.gob.ec\\\/index.php\\\/author\\\/lochoa\\\/\"}]}<\/script>\n<!-- \/ Yoast SEO plugin. -->","yoast_head_json":{"title":"PedernalesCelebramos 31 a\u00f1os de cantonizaci\u00f3n - Prefectura de Manab\u00ed","robots":{"index":"index","follow":"follow","max-snippet":"max-snippet:-1","max-image-preview":"max-image-preview:large","max-video-preview":"max-video-preview:-1"},"canonical":"https:\/\/www.manabi.gob.ec\/index.php\/pedernalescelebramos-31-anos-de-cantonizacion\/","og_locale":"es_ES","og_type":"article","og_title":"PedernalesCelebramos 31 a\u00f1os de cantonizaci\u00f3n - Prefectura de Manab\u00ed","og_description":"La prefecta de Manab\u00ed (s), Kelly Buenaventura Moreira, particip\u00f3 de la sesi\u00f3n solemne que se realiz\u00f3 en Pedernales, al cumplir 31 a\u00f1os de cantonizaci\u00f3n, este 31 de marzo. En el evento intervino la autoridad provincial dando a conocer la inversi\u00f3n que ha realizado la Prefectura de Manab\u00ed en todas sus competencias. En obras viales se [&hellip;]","og_url":"https:\/\/www.manabi.gob.ec\/index.php\/pedernalescelebramos-31-anos-de-cantonizacion\/","og_site_name":"Prefectura de Manab\u00ed","article_published_time":"2023-04-05T18:09:33+00:00","article_modified_time":"2023-04-05T18:09:37+00:00","og_image":[{"width":1024,"height":745,"url":"https:\/\/www.manabi.gob.ec\/wp-content\/uploads\/2023\/04\/WhatsApp-Image-2023-03-31-at-17.33.40.jpeg","type":"image\/jpeg"}],"author":"Lui Ochoa","twitter_card":"summary_large_image","twitter_misc":{"Escrito por":"Lui Ochoa","Tiempo de lectura":"1 minuto"},"schema":{"@context":"https:\/\/schema.org","@graph":[{"@type":"Article","@id":"https:\/\/www.manabi.gob.ec\/index.php\/pedernalescelebramos-31-anos-de-cantonizacion\/#article","isPartOf":{"@id":"https:\/\/www.manabi.gob.ec\/index.php\/pedernalescelebramos-31-anos-de-cantonizacion\/"},"author":{"name":"Lui Ochoa","@id":"https:\/\/www.manabi.gob.ec\/#\/schema\/person\/c4f117989332ad723a6ced5994aa7d7a"},"headline":"Pedernales Celebramos 31 a\u00f1os de cantonizaci\u00f3n","datePublished":"2023-04-05T18:09:33+00:00","dateModified":"2023-04-05T18:09:37+00:00","mainEntityOfPage":{"@id":"https:\/\/www.manabi.gob.ec\/index.php\/pedernalescelebramos-31-anos-de-cantonizacion\/"},"wordCount":130,"image":{"@id":"https:\/\/www.manabi.gob.ec\/index.php\/pedernalescelebramos-31-anos-de-cantonizacion\/#primaryimage"},"thumbnailUrl":"https:\/\/www.manabi.gob.ec\/wp-content\/uploads\/2023\/04\/WhatsApp-Image-2023-03-31-at-17.33.40.jpeg","articleSection":["Desarrollo Social","Noticias","Pedernales","Todas"],"inLanguage":"es"},{"@type":"WebPage","@id":"https:\/\/www.manabi.gob.ec\/index.php\/pedernalescelebramos-31-anos-de-cantonizacion\/","url":"https:\/\/www.manabi.gob.ec\/index.php\/pedernalescelebramos-31-anos-de-cantonizacion\/","name":"Pedernales Celebramos 31 a\u00f1os de cantonizaci\u00f3n - Prefectura de Manab\u00ed","isPartOf":{"@id":"https:\/\/www.manabi.gob.ec\/#website"},"primaryImageOfPage":{"@id":"https:\/\/www.manabi.gob.ec\/index.php\/pedernalescelebramos-31-anos-de-cantonizacion\/#primaryimage"},"image":{"@id":"https:\/\/www.manabi.gob.ec\/index.php\/pedernalescelebramos-31-anos-de-cantonizacion\/#primaryimage"},"thumbnailUrl":"https:\/\/www.manabi.gob.ec\/wp-content\/uploads\/2023\/04\/WhatsApp-Image-2023-03-31-at-17.33.40.jpeg","datePublished":"2023-04-05T18:09:33+00:00","dateModified":"2023-04-05T18:09:37+00:00","author":{"@id":"https:\/\/www.manabi.gob.ec\/#\/schema\/person\/c4f117989332ad723a6ced5994aa7d7a"},"breadcrumb":{"@id":"https:\/\/www.manabi.gob.ec\/index.php\/pedernalescelebramos-31-anos-de-cantonizacion\/#breadcrumb"},"inLanguage":"es","potentialAction":[{"@type":"ReadAction","target":["https:\/\/www.manabi.gob.ec\/index.php\/pedernalescelebramos-31-anos-de-cantonizacion\/"]}]},{"@type":"ImageObject","inLanguage":"es","@id":"https:\/\/www.manabi.gob.ec\/index.php\/pedernalescelebramos-31-anos-de-cantonizacion\/#primaryimage","url":"https:\/\/www.manabi.gob.ec\/wp-content\/uploads\/2023\/04\/WhatsApp-Image-2023-03-31-at-17.33.40.jpeg","contentUrl":"https:\/\/www.manabi.gob.ec\/wp-content\/uploads\/2023\/04\/WhatsApp-Image-2023-03-31-at-17.33.40.jpeg","width":1024,"height":745},{"@type":"BreadcrumbList","@id":"https:\/\/www.manabi.gob.ec\/index.php\/pedernalescelebramos-31-anos-de-cantonizacion\/#breadcrumb","itemListElement":[{"@type":"ListItem","position":1,"name":"Portada","item":"https:\/\/www.manabi.gob.ec\/"},{"@type":"ListItem","position":2,"name":"PedernalesCelebramos 31 a\u00f1os de cantonizaci\u00f3n"}]},{"@type":"WebSite","@id":"https:\/\/www.manabi.gob.ec\/#website","url":"https:\/\/www.manabi.gob.ec\/","name":"Prefectura de Manab\u00ed","description":"P\u00e1gina web de la prefectura","potentialAction":[{"@type":"SearchAction","target":{"@type":"EntryPoint","urlTemplate":"https:\/\/www.manabi.gob.ec\/?s={search_term_string}"},"query-input":{"@type":"PropertyValueSpecification","valueRequired":true,"valueName":"search_term_string"}}],"inLanguage":"es"},{"@type":"Person","@id":"https:\/\/www.manabi.gob.ec\/#\/schema\/person\/c4f117989332ad723a6ced5994aa7d7a","name":"Lui Ochoa","image":{"@type":"ImageObject","inLanguage":"es","@id":"https:\/\/secure.gravatar.com\/avatar\/6e8017d0fe69dead8a95864d2eb6e1e1d8bf8e01194ba49cf7b897ff038126ba?s=96&d=mm&r=g","url":"https:\/\/secure.gravatar.com\/avatar\/6e8017d0fe69dead8a95864d2eb6e1e1d8bf8e01194ba49cf7b897ff038126ba?s=96&d=mm&r=g","contentUrl":"https:\/\/secure.gravatar.com\/avatar\/6e8017d0fe69dead8a95864d2eb6e1e1d8bf8e01194ba49cf7b897ff038126ba?s=96&d=mm&r=g","caption":"Lui Ochoa"},"url":"https:\/\/www.manabi.gob.ec\/index.php\/author\/lochoa\/"}]}},"jetpack_featured_media_url":"https:\/\/www.manabi.gob.ec\/wp-content\/uploads\/2023\/04\/WhatsApp-Image-2023-03-31-at-17.33.40.jpeg","_links":{"self":[{"href":"https:\/\/www.manabi.gob.ec\/index.php\/wp-json\/wp\/v2\/posts\/23973","targetHints":{"allow":["GET"]}}],"collection":[{"href":"https:\/\/www.manabi.gob.ec\/index.php\/wp-json\/wp\/v2\/posts"}],"about":[{"href":"https:\/\/www.manabi.gob.ec\/index.php\/wp-json\/wp\/v2\/types\/post"}],"author":[{"embeddable":true,"href":"https:\/\/www.manabi.gob.ec\/index.php\/wp-json\/wp\/v2\/users\/10"}],"replies":[{"embeddable":true,"href":"https:\/\/www.manabi.gob.ec\/index.php\/wp-json\/wp\/v2\/comments?post=23973"}],"version-history":[{"count":0,"href":"https:\/\/www.manabi.gob.ec\/index.php\/wp-json\/wp\/v2\/posts\/23973\/revisions"}],"wp:featuredmedia":[{"embeddable":true,"href":"https:\/\/www.manabi.gob.ec\/index.php\/wp-json\/wp\/v2\/media\/23974"}],"wp:attachment":[{"href":"https:\/\/www.manabi.gob.ec\/index.php\/wp-json\/wp\/v2\/media?parent=23973"}],"wp:term":[{"taxonomy":"category","embeddable":true,"href":"https:\/\/www.manabi.gob.ec\/index.php\/wp-json\/wp\/v2\/categories?post=23973"},{"taxonomy":"post_tag","embeddable":true,"href":"https:\/\/www.manabi.gob.ec\/index.php\/wp-json\/wp\/v2\/tags?post=23973"}],"curies":[{"name":"wp","href":"https:\/\/api.w.org\/{rel}","templated":true}]}}