{"id":24112,"date":"2023-04-17T21:25:37","date_gmt":"2023-04-17T21:25:37","guid":{"rendered":"https:\/\/www.manabi.gob.ec\/?p=24112"},"modified":"2023-04-17T21:25:42","modified_gmt":"2023-04-17T21:25:42","slug":"se-jugo-la-final-del-campeonato-interno-de-futbol-entrenando-valores","status":"publish","type":"post","link":"https:\/\/www.manabi.gob.ec\/index.php\/se-jugo-la-final-del-campeonato-interno-de-futbol-entrenando-valores\/","title":{"rendered":"SE JUG\u00d3 LA FINAL DEL CAMPEONATO INTERNO DE F\u00daTBOL ENTRENANDO VALORES."},"content":{"rendered":"\n<p>En medio de la alegr\u00eda de los padres de familia, la ma\u00f1ana y tarde de este viernes 14 de febrero del presente a\u00f1o, se llev\u00f3 a efecto la final del campeonato interno de las unidades de f\u00fatbol Entrenando Valores de la Prefectura de Manab\u00ed correspondiente a la micro regi\u00f3n centro sur, Santa Ana, Olmedo y 24 de Mayo.<\/p>\n\n\n\n<p><br>Los 3 partidos jugados, se los realiz\u00f3 en la cancha del estadio del cant\u00f3n Olmedo, a primera hora y en la categor\u00eda de 6 a 9 a\u00f1os, jugaron los equipos de Olmedo que le gan\u00f3 3 x 2 a 24 de Mayo, con este resultado los representantes del cant\u00f3n Olmedo se coronaron campeones en esta categor\u00eda.<\/p>\n\n\n\n<p><br>En el segundo encuentro en la categor\u00eda de 10 a 13 a\u00f1os, compitieron el equipo Jaboncillo El Esfuerzo con la parroquia Ayacucho, terminando empatados durante el tiempo reglamentario 0x0 y en penales Ayacucho termin\u00f3 derrotando 4&#215;2 a su rival y son los campeones en esta categor\u00eda.<\/p>\n\n\n\n<p><br>Finalmente en choque de fondo y para cerrar con broche de oro esta gran jornada futbol\u00edstica, se enfrentaron los equipos de Olmedo y 24 de Mayo en la categor\u00eda de 14 a 17 a\u00f1os, donde ambos equipos dejaron todo en la cancha por obtener el t\u00edtulo de campeones, siendo los representantes del cant\u00f3n Olmedo que con un magn\u00edfico gol lograron la victoria 1&#215;0 y el t\u00edtulo de campeones.<\/p>\n\n\n\n<p>Vale mencionar que los ganadores y campeones de esta micro regi\u00f3n centro sur, pasan a la siguiente fase y se enfrentar\u00e1n a los ganadores de la micro regi\u00f3n norte, que en los pr\u00f3ximos d\u00edas competir\u00e1n para enfrentar a los ganadores actuales en iguales categor\u00edas.<\/p>\n","protected":false},"excerpt":{"rendered":"<p>En medio de la alegr\u00eda de los padres de familia, la ma\u00f1ana y tarde de este viernes 14 de febrero del presente a\u00f1o, se llev\u00f3 a efecto la final del campeonato interno de las unidades de f\u00fatbol Entrenando Valores de la Prefectura de Manab\u00ed correspondiente a la micro regi\u00f3n centro sur, Santa Ana, Olmedo y [&hellip;]<\/p>\n","protected":false},"author":10,"featured_media":24113,"comment_status":"closed","ping_status":"closed","sticky":false,"template":"","format":"standard","meta":{"_joinchat":[],"footnotes":""},"categories":[142,92,193,91],"tags":[],"class_list":["post-24112","post","type-post","status-publish","format-standard","has-post-thumbnail","hentry","category-desarrollo-social","category-noticias-manabi","category-participacion-ciudadana","category-todas"],"yoast_head":"<!-- This site is optimized with the Yoast SEO plugin v27.4 - https:\/\/yoast.com\/product\/yoast-seo-wordpress\/ -->\n<title>SE JUG\u00d3 LA FINAL DEL CAMPEONATO INTERNO DE F\u00daTBOL ENTRENANDO VALORES. - Prefectura de Manab\u00ed<\/title>\n<meta name=\"description\" content=\"En medio de la alegr\u00eda de los padres de familia, la ma\u00f1ana y tarde de este viernes 14 de febrero del presente a\u00f1o, se llev\u00f3 a efecto la final del campeonato interno de las unidades de f\u00fatbol Entrenando Valores de la Prefectura de Manab\u00ed correspondiente a la micro regi\u00f3n centro sur, Santa Ana, Olmedo y 24 de Mayo.Los 3 partidos jugados, se los realiz\u00f3 en la cancha del estadio del cant\u00f3n Olmedo, a primera hora y en la categor\u00eda de 6 a 9 a\u00f1os, jugaron los equipos de Olmedo que le gan\u00f3 3 x 2 a 24 de Mayo, con este resultado los representantes del cant\u00f3n Olmedo se coronaron campeones en esta categor\u00eda.En el segundo encuentro en la categor\u00eda de 10 a 13 a\u00f1os, compitieron el equipo Jaboncillo El Esfuerzo con la parroquia Ayacucho, terminando empatados durante el tiempo reglamentario 0x0 y en penales Ayacucho termin\u00f3 derrotando 4x2 a su rival y son los campeones en esta categor\u00eda.Finalmente en choque de fondo y para cerrar con broche de oro esta gran jornada futbol\u00edstica, se enfrentaron los equipos de Olmedo y 24 de Mayo en la categor\u00eda de 14 a 17 a\u00f1os, donde ambos equipos dejaron todo en la cancha por obtener el t\u00edtulo de campeones, siendo los representantes del cant\u00f3n Olmedo que con un magn\u00edfico gol lograron la victoria 1x0 y el t\u00edtulo de campeones. Vale mencionar que los ganadores y campeones de esta micro regi\u00f3n centro sur, pasan a la siguiente fase y se enfrentar\u00e1n a los ganadores de la micro regi\u00f3n norte, que en los pr\u00f3ximos d\u00edas competir\u00e1n para enfrentar a los ganadores actuales en iguales categor\u00edas.\" \/>\n<meta name=\"robots\" content=\"index, follow, max-snippet:-1, max-image-preview:large, max-video-preview:-1\" \/>\n<link rel=\"canonical\" href=\"https:\/\/www.manabi.gob.ec\/index.php\/se-jugo-la-final-del-campeonato-interno-de-futbol-entrenando-valores\/\" \/>\n<meta property=\"og:locale\" content=\"es_ES\" \/>\n<meta property=\"og:type\" content=\"article\" \/>\n<meta property=\"og:title\" content=\"SE JUG\u00d3 LA FINAL DEL CAMPEONATO INTERNO DE F\u00daTBOL ENTRENANDO VALORES. - Prefectura de Manab\u00ed\" \/>\n<meta property=\"og:description\" content=\"En medio de la alegr\u00eda de los padres de familia, la ma\u00f1ana y tarde de este viernes 14 de febrero del presente a\u00f1o, se llev\u00f3 a efecto la final del campeonato interno de las unidades de f\u00fatbol Entrenando Valores de la Prefectura de Manab\u00ed correspondiente a la micro regi\u00f3n centro sur, Santa Ana, Olmedo y 24 de Mayo.Los 3 partidos jugados, se los realiz\u00f3 en la cancha del estadio del cant\u00f3n Olmedo, a primera hora y en la categor\u00eda de 6 a 9 a\u00f1os, jugaron los equipos de Olmedo que le gan\u00f3 3 x 2 a 24 de Mayo, con este resultado los representantes del cant\u00f3n Olmedo se coronaron campeones en esta categor\u00eda.En el segundo encuentro en la categor\u00eda de 10 a 13 a\u00f1os, compitieron el equipo Jaboncillo El Esfuerzo con la parroquia Ayacucho, terminando empatados durante el tiempo reglamentario 0x0 y en penales Ayacucho termin\u00f3 derrotando 4x2 a su rival y son los campeones en esta categor\u00eda.Finalmente en choque de fondo y para cerrar con broche de oro esta gran jornada futbol\u00edstica, se enfrentaron los equipos de Olmedo y 24 de Mayo en la categor\u00eda de 14 a 17 a\u00f1os, donde ambos equipos dejaron todo en la cancha por obtener el t\u00edtulo de campeones, siendo los representantes del cant\u00f3n Olmedo que con un magn\u00edfico gol lograron la victoria 1x0 y el t\u00edtulo de campeones. Vale mencionar que los ganadores y campeones de esta micro regi\u00f3n centro sur, pasan a la siguiente fase y se enfrentar\u00e1n a los ganadores de la micro regi\u00f3n norte, que en los pr\u00f3ximos d\u00edas competir\u00e1n para enfrentar a los ganadores actuales en iguales categor\u00edas.\" \/>\n<meta property=\"og:url\" content=\"https:\/\/www.manabi.gob.ec\/index.php\/se-jugo-la-final-del-campeonato-interno-de-futbol-entrenando-valores\/\" \/>\n<meta property=\"og:site_name\" content=\"Prefectura de Manab\u00ed\" \/>\n<meta property=\"article:published_time\" content=\"2023-04-17T21:25:37+00:00\" \/>\n<meta property=\"article:modified_time\" content=\"2023-04-17T21:25:42+00:00\" \/>\n<meta property=\"og:image\" content=\"https:\/\/www.manabi.gob.ec\/wp-content\/uploads\/2023\/04\/WhatsApp-Image-2023-04-17-at-15.30.21.jpeg\" \/>\n\t<meta property=\"og:image:width\" content=\"1280\" \/>\n\t<meta property=\"og:image:height\" content=\"853\" \/>\n\t<meta property=\"og:image:type\" content=\"image\/jpeg\" \/>\n<meta name=\"author\" content=\"Lui Ochoa\" \/>\n<meta name=\"twitter:card\" content=\"summary_large_image\" \/>\n<meta name=\"twitter:label1\" content=\"Escrito por\" \/>\n\t<meta name=\"twitter:data1\" content=\"Lui Ochoa\" \/>\n\t<meta name=\"twitter:label2\" content=\"Tiempo de lectura\" \/>\n\t<meta name=\"twitter:data2\" content=\"2 minutos\" \/>\n<script type=\"application\/ld+json\" class=\"yoast-schema-graph\">{\"@context\":\"https:\\\/\\\/schema.org\",\"@graph\":[{\"@type\":\"Article\",\"@id\":\"https:\\\/\\\/www.manabi.gob.ec\\\/index.php\\\/se-jugo-la-final-del-campeonato-interno-de-futbol-entrenando-valores\\\/#article\",\"isPartOf\":{\"@id\":\"https:\\\/\\\/www.manabi.gob.ec\\\/index.php\\\/se-jugo-la-final-del-campeonato-interno-de-futbol-entrenando-valores\\\/\"},\"author\":{\"name\":\"Lui Ochoa\",\"@id\":\"https:\\\/\\\/www.manabi.gob.ec\\\/#\\\/schema\\\/person\\\/c4f117989332ad723a6ced5994aa7d7a\"},\"headline\":\"SE JUG\u00d3 LA FINAL DEL CAMPEONATO INTERNO DE F\u00daTBOL ENTRENANDO VALORES.\",\"datePublished\":\"2023-04-17T21:25:37+00:00\",\"dateModified\":\"2023-04-17T21:25:42+00:00\",\"mainEntityOfPage\":{\"@id\":\"https:\\\/\\\/www.manabi.gob.ec\\\/index.php\\\/se-jugo-la-final-del-campeonato-interno-de-futbol-entrenando-valores\\\/\"},\"wordCount\":298,\"image\":{\"@id\":\"https:\\\/\\\/www.manabi.gob.ec\\\/index.php\\\/se-jugo-la-final-del-campeonato-interno-de-futbol-entrenando-valores\\\/#primaryimage\"},\"thumbnailUrl\":\"https:\\\/\\\/www.manabi.gob.ec\\\/wp-content\\\/uploads\\\/2023\\\/04\\\/WhatsApp-Image-2023-04-17-at-15.30.21.jpeg\",\"articleSection\":[\"Desarrollo Social\",\"Noticias\",\"Participaci\u00f3n ciudadana\",\"Todas\"],\"inLanguage\":\"es\"},{\"@type\":\"WebPage\",\"@id\":\"https:\\\/\\\/www.manabi.gob.ec\\\/index.php\\\/se-jugo-la-final-del-campeonato-interno-de-futbol-entrenando-valores\\\/\",\"url\":\"https:\\\/\\\/www.manabi.gob.ec\\\/index.php\\\/se-jugo-la-final-del-campeonato-interno-de-futbol-entrenando-valores\\\/\",\"name\":\"SE JUG\u00d3 LA FINAL DEL CAMPEONATO INTERNO DE F\u00daTBOL ENTRENANDO VALORES. - Prefectura de Manab\u00ed\",\"isPartOf\":{\"@id\":\"https:\\\/\\\/www.manabi.gob.ec\\\/#website\"},\"primaryImageOfPage\":{\"@id\":\"https:\\\/\\\/www.manabi.gob.ec\\\/index.php\\\/se-jugo-la-final-del-campeonato-interno-de-futbol-entrenando-valores\\\/#primaryimage\"},\"image\":{\"@id\":\"https:\\\/\\\/www.manabi.gob.ec\\\/index.php\\\/se-jugo-la-final-del-campeonato-interno-de-futbol-entrenando-valores\\\/#primaryimage\"},\"thumbnailUrl\":\"https:\\\/\\\/www.manabi.gob.ec\\\/wp-content\\\/uploads\\\/2023\\\/04\\\/WhatsApp-Image-2023-04-17-at-15.30.21.jpeg\",\"datePublished\":\"2023-04-17T21:25:37+00:00\",\"dateModified\":\"2023-04-17T21:25:42+00:00\",\"author\":{\"@id\":\"https:\\\/\\\/www.manabi.gob.ec\\\/#\\\/schema\\\/person\\\/c4f117989332ad723a6ced5994aa7d7a\"},\"description\":\"En medio de la alegr\u00eda de los padres de familia, la ma\u00f1ana y tarde de este viernes 14 de febrero del presente a\u00f1o, se llev\u00f3 a efecto la final del campeonato interno de las unidades de f\u00fatbol Entrenando Valores de la Prefectura de Manab\u00ed correspondiente a la micro regi\u00f3n centro sur, Santa Ana, Olmedo y 24 de Mayo.Los 3 partidos jugados, se los realiz\u00f3 en la cancha del estadio del cant\u00f3n Olmedo, a primera hora y en la categor\u00eda de 6 a 9 a\u00f1os, jugaron los equipos de Olmedo que le gan\u00f3 3 x 2 a 24 de Mayo, con este resultado los representantes del cant\u00f3n Olmedo se coronaron campeones en esta categor\u00eda.En el segundo encuentro en la categor\u00eda de 10 a 13 a\u00f1os, compitieron el equipo Jaboncillo El Esfuerzo con la parroquia Ayacucho, terminando empatados durante el tiempo reglamentario 0x0 y en penales Ayacucho termin\u00f3 derrotando 4x2 a su rival y son los campeones en esta categor\u00eda.Finalmente en choque de fondo y para cerrar con broche de oro esta gran jornada futbol\u00edstica, se enfrentaron los equipos de Olmedo y 24 de Mayo en la categor\u00eda de 14 a 17 a\u00f1os, donde ambos equipos dejaron todo en la cancha por obtener el t\u00edtulo de campeones, siendo los representantes del cant\u00f3n Olmedo que con un magn\u00edfico gol lograron la victoria 1x0 y el t\u00edtulo de campeones. Vale mencionar que los ganadores y campeones de esta micro regi\u00f3n centro sur, pasan a la siguiente fase y se enfrentar\u00e1n a los ganadores de la micro regi\u00f3n norte, que en los pr\u00f3ximos d\u00edas competir\u00e1n para enfrentar a los ganadores actuales en iguales categor\u00edas.\",\"breadcrumb\":{\"@id\":\"https:\\\/\\\/www.manabi.gob.ec\\\/index.php\\\/se-jugo-la-final-del-campeonato-interno-de-futbol-entrenando-valores\\\/#breadcrumb\"},\"inLanguage\":\"es\",\"potentialAction\":[{\"@type\":\"ReadAction\",\"target\":[\"https:\\\/\\\/www.manabi.gob.ec\\\/index.php\\\/se-jugo-la-final-del-campeonato-interno-de-futbol-entrenando-valores\\\/\"]}]},{\"@type\":\"ImageObject\",\"inLanguage\":\"es\",\"@id\":\"https:\\\/\\\/www.manabi.gob.ec\\\/index.php\\\/se-jugo-la-final-del-campeonato-interno-de-futbol-entrenando-valores\\\/#primaryimage\",\"url\":\"https:\\\/\\\/www.manabi.gob.ec\\\/wp-content\\\/uploads\\\/2023\\\/04\\\/WhatsApp-Image-2023-04-17-at-15.30.21.jpeg\",\"contentUrl\":\"https:\\\/\\\/www.manabi.gob.ec\\\/wp-content\\\/uploads\\\/2023\\\/04\\\/WhatsApp-Image-2023-04-17-at-15.30.21.jpeg\",\"width\":1280,\"height\":853},{\"@type\":\"BreadcrumbList\",\"@id\":\"https:\\\/\\\/www.manabi.gob.ec\\\/index.php\\\/se-jugo-la-final-del-campeonato-interno-de-futbol-entrenando-valores\\\/#breadcrumb\",\"itemListElement\":[{\"@type\":\"ListItem\",\"position\":1,\"name\":\"Portada\",\"item\":\"https:\\\/\\\/www.manabi.gob.ec\\\/\"},{\"@type\":\"ListItem\",\"position\":2,\"name\":\"SE JUG\u00d3 LA FINAL DEL CAMPEONATO INTERNO DE F\u00daTBOL ENTRENANDO VALORES.\"}]},{\"@type\":\"WebSite\",\"@id\":\"https:\\\/\\\/www.manabi.gob.ec\\\/#website\",\"url\":\"https:\\\/\\\/www.manabi.gob.ec\\\/\",\"name\":\"Prefectura de Manab\u00ed\",\"description\":\"P\u00e1gina web de la prefectura\",\"potentialAction\":[{\"@type\":\"SearchAction\",\"target\":{\"@type\":\"EntryPoint\",\"urlTemplate\":\"https:\\\/\\\/www.manabi.gob.ec\\\/?s={search_term_string}\"},\"query-input\":{\"@type\":\"PropertyValueSpecification\",\"valueRequired\":true,\"valueName\":\"search_term_string\"}}],\"inLanguage\":\"es\"},{\"@type\":\"Person\",\"@id\":\"https:\\\/\\\/www.manabi.gob.ec\\\/#\\\/schema\\\/person\\\/c4f117989332ad723a6ced5994aa7d7a\",\"name\":\"Lui Ochoa\",\"image\":{\"@type\":\"ImageObject\",\"inLanguage\":\"es\",\"@id\":\"https:\\\/\\\/secure.gravatar.com\\\/avatar\\\/6e8017d0fe69dead8a95864d2eb6e1e1d8bf8e01194ba49cf7b897ff038126ba?s=96&d=mm&r=g\",\"url\":\"https:\\\/\\\/secure.gravatar.com\\\/avatar\\\/6e8017d0fe69dead8a95864d2eb6e1e1d8bf8e01194ba49cf7b897ff038126ba?s=96&d=mm&r=g\",\"contentUrl\":\"https:\\\/\\\/secure.gravatar.com\\\/avatar\\\/6e8017d0fe69dead8a95864d2eb6e1e1d8bf8e01194ba49cf7b897ff038126ba?s=96&d=mm&r=g\",\"caption\":\"Lui Ochoa\"},\"url\":\"https:\\\/\\\/www.manabi.gob.ec\\\/index.php\\\/author\\\/lochoa\\\/\"}]}<\/script>\n<!-- \/ Yoast SEO plugin. -->","yoast_head_json":{"title":"SE JUG\u00d3 LA FINAL DEL CAMPEONATO INTERNO DE F\u00daTBOL ENTRENANDO VALORES. - Prefectura de Manab\u00ed","description":"En medio de la alegr\u00eda de los padres de familia, la ma\u00f1ana y tarde de este viernes 14 de febrero del presente a\u00f1o, se llev\u00f3 a efecto la final del campeonato interno de las unidades de f\u00fatbol Entrenando Valores de la Prefectura de Manab\u00ed correspondiente a la micro regi\u00f3n centro sur, Santa Ana, Olmedo y 24 de Mayo.Los 3 partidos jugados, se los realiz\u00f3 en la cancha del estadio del cant\u00f3n Olmedo, a primera hora y en la categor\u00eda de 6 a 9 a\u00f1os, jugaron los equipos de Olmedo que le gan\u00f3 3 x 2 a 24 de Mayo, con este resultado los representantes del cant\u00f3n Olmedo se coronaron campeones en esta categor\u00eda.En el segundo encuentro en la categor\u00eda de 10 a 13 a\u00f1os, compitieron el equipo Jaboncillo El Esfuerzo con la parroquia Ayacucho, terminando empatados durante el tiempo reglamentario 0x0 y en penales Ayacucho termin\u00f3 derrotando 4x2 a su rival y son los campeones en esta categor\u00eda.Finalmente en choque de fondo y para cerrar con broche de oro esta gran jornada futbol\u00edstica, se enfrentaron los equipos de Olmedo y 24 de Mayo en la categor\u00eda de 14 a 17 a\u00f1os, donde ambos equipos dejaron todo en la cancha por obtener el t\u00edtulo de campeones, siendo los representantes del cant\u00f3n Olmedo que con un magn\u00edfico gol lograron la victoria 1x0 y el t\u00edtulo de campeones. Vale mencionar que los ganadores y campeones de esta micro regi\u00f3n centro sur, pasan a la siguiente fase y se enfrentar\u00e1n a los ganadores de la micro regi\u00f3n norte, que en los pr\u00f3ximos d\u00edas competir\u00e1n para enfrentar a los ganadores actuales en iguales categor\u00edas.","robots":{"index":"index","follow":"follow","max-snippet":"max-snippet:-1","max-image-preview":"max-image-preview:large","max-video-preview":"max-video-preview:-1"},"canonical":"https:\/\/www.manabi.gob.ec\/index.php\/se-jugo-la-final-del-campeonato-interno-de-futbol-entrenando-valores\/","og_locale":"es_ES","og_type":"article","og_title":"SE JUG\u00d3 LA FINAL DEL CAMPEONATO INTERNO DE F\u00daTBOL ENTRENANDO VALORES. - Prefectura de Manab\u00ed","og_description":"En medio de la alegr\u00eda de los padres de familia, la ma\u00f1ana y tarde de este viernes 14 de febrero del presente a\u00f1o, se llev\u00f3 a efecto la final del campeonato interno de las unidades de f\u00fatbol Entrenando Valores de la Prefectura de Manab\u00ed correspondiente a la micro regi\u00f3n centro sur, Santa Ana, Olmedo y 24 de Mayo.Los 3 partidos jugados, se los realiz\u00f3 en la cancha del estadio del cant\u00f3n Olmedo, a primera hora y en la categor\u00eda de 6 a 9 a\u00f1os, jugaron los equipos de Olmedo que le gan\u00f3 3 x 2 a 24 de Mayo, con este resultado los representantes del cant\u00f3n Olmedo se coronaron campeones en esta categor\u00eda.En el segundo encuentro en la categor\u00eda de 10 a 13 a\u00f1os, compitieron el equipo Jaboncillo El Esfuerzo con la parroquia Ayacucho, terminando empatados durante el tiempo reglamentario 0x0 y en penales Ayacucho termin\u00f3 derrotando 4x2 a su rival y son los campeones en esta categor\u00eda.Finalmente en choque de fondo y para cerrar con broche de oro esta gran jornada futbol\u00edstica, se enfrentaron los equipos de Olmedo y 24 de Mayo en la categor\u00eda de 14 a 17 a\u00f1os, donde ambos equipos dejaron todo en la cancha por obtener el t\u00edtulo de campeones, siendo los representantes del cant\u00f3n Olmedo que con un magn\u00edfico gol lograron la victoria 1x0 y el t\u00edtulo de campeones. Vale mencionar que los ganadores y campeones de esta micro regi\u00f3n centro sur, pasan a la siguiente fase y se enfrentar\u00e1n a los ganadores de la micro regi\u00f3n norte, que en los pr\u00f3ximos d\u00edas competir\u00e1n para enfrentar a los ganadores actuales en iguales categor\u00edas.","og_url":"https:\/\/www.manabi.gob.ec\/index.php\/se-jugo-la-final-del-campeonato-interno-de-futbol-entrenando-valores\/","og_site_name":"Prefectura de Manab\u00ed","article_published_time":"2023-04-17T21:25:37+00:00","article_modified_time":"2023-04-17T21:25:42+00:00","og_image":[{"width":1280,"height":853,"url":"https:\/\/www.manabi.gob.ec\/wp-content\/uploads\/2023\/04\/WhatsApp-Image-2023-04-17-at-15.30.21.jpeg","type":"image\/jpeg"}],"author":"Lui Ochoa","twitter_card":"summary_large_image","twitter_misc":{"Escrito por":"Lui Ochoa","Tiempo de lectura":"2 minutos"},"schema":{"@context":"https:\/\/schema.org","@graph":[{"@type":"Article","@id":"https:\/\/www.manabi.gob.ec\/index.php\/se-jugo-la-final-del-campeonato-interno-de-futbol-entrenando-valores\/#article","isPartOf":{"@id":"https:\/\/www.manabi.gob.ec\/index.php\/se-jugo-la-final-del-campeonato-interno-de-futbol-entrenando-valores\/"},"author":{"name":"Lui Ochoa","@id":"https:\/\/www.manabi.gob.ec\/#\/schema\/person\/c4f117989332ad723a6ced5994aa7d7a"},"headline":"SE JUG\u00d3 LA FINAL DEL CAMPEONATO INTERNO DE F\u00daTBOL ENTRENANDO VALORES.","datePublished":"2023-04-17T21:25:37+00:00","dateModified":"2023-04-17T21:25:42+00:00","mainEntityOfPage":{"@id":"https:\/\/www.manabi.gob.ec\/index.php\/se-jugo-la-final-del-campeonato-interno-de-futbol-entrenando-valores\/"},"wordCount":298,"image":{"@id":"https:\/\/www.manabi.gob.ec\/index.php\/se-jugo-la-final-del-campeonato-interno-de-futbol-entrenando-valores\/#primaryimage"},"thumbnailUrl":"https:\/\/www.manabi.gob.ec\/wp-content\/uploads\/2023\/04\/WhatsApp-Image-2023-04-17-at-15.30.21.jpeg","articleSection":["Desarrollo Social","Noticias","Participaci\u00f3n ciudadana","Todas"],"inLanguage":"es"},{"@type":"WebPage","@id":"https:\/\/www.manabi.gob.ec\/index.php\/se-jugo-la-final-del-campeonato-interno-de-futbol-entrenando-valores\/","url":"https:\/\/www.manabi.gob.ec\/index.php\/se-jugo-la-final-del-campeonato-interno-de-futbol-entrenando-valores\/","name":"SE JUG\u00d3 LA FINAL DEL CAMPEONATO INTERNO DE F\u00daTBOL ENTRENANDO VALORES. - Prefectura de Manab\u00ed","isPartOf":{"@id":"https:\/\/www.manabi.gob.ec\/#website"},"primaryImageOfPage":{"@id":"https:\/\/www.manabi.gob.ec\/index.php\/se-jugo-la-final-del-campeonato-interno-de-futbol-entrenando-valores\/#primaryimage"},"image":{"@id":"https:\/\/www.manabi.gob.ec\/index.php\/se-jugo-la-final-del-campeonato-interno-de-futbol-entrenando-valores\/#primaryimage"},"thumbnailUrl":"https:\/\/www.manabi.gob.ec\/wp-content\/uploads\/2023\/04\/WhatsApp-Image-2023-04-17-at-15.30.21.jpeg","datePublished":"2023-04-17T21:25:37+00:00","dateModified":"2023-04-17T21:25:42+00:00","author":{"@id":"https:\/\/www.manabi.gob.ec\/#\/schema\/person\/c4f117989332ad723a6ced5994aa7d7a"},"description":"En medio de la alegr\u00eda de los padres de familia, la ma\u00f1ana y tarde de este viernes 14 de febrero del presente a\u00f1o, se llev\u00f3 a efecto la final del campeonato interno de las unidades de f\u00fatbol Entrenando Valores de la Prefectura de Manab\u00ed correspondiente a la micro regi\u00f3n centro sur, Santa Ana, Olmedo y 24 de Mayo.Los 3 partidos jugados, se los realiz\u00f3 en la cancha del estadio del cant\u00f3n Olmedo, a primera hora y en la categor\u00eda de 6 a 9 a\u00f1os, jugaron los equipos de Olmedo que le gan\u00f3 3 x 2 a 24 de Mayo, con este resultado los representantes del cant\u00f3n Olmedo se coronaron campeones en esta categor\u00eda.En el segundo encuentro en la categor\u00eda de 10 a 13 a\u00f1os, compitieron el equipo Jaboncillo El Esfuerzo con la parroquia Ayacucho, terminando empatados durante el tiempo reglamentario 0x0 y en penales Ayacucho termin\u00f3 derrotando 4x2 a su rival y son los campeones en esta categor\u00eda.Finalmente en choque de fondo y para cerrar con broche de oro esta gran jornada futbol\u00edstica, se enfrentaron los equipos de Olmedo y 24 de Mayo en la categor\u00eda de 14 a 17 a\u00f1os, donde ambos equipos dejaron todo en la cancha por obtener el t\u00edtulo de campeones, siendo los representantes del cant\u00f3n Olmedo que con un magn\u00edfico gol lograron la victoria 1x0 y el t\u00edtulo de campeones. Vale mencionar que los ganadores y campeones de esta micro regi\u00f3n centro sur, pasan a la siguiente fase y se enfrentar\u00e1n a los ganadores de la micro regi\u00f3n norte, que en los pr\u00f3ximos d\u00edas competir\u00e1n para enfrentar a los ganadores actuales en iguales categor\u00edas.","breadcrumb":{"@id":"https:\/\/www.manabi.gob.ec\/index.php\/se-jugo-la-final-del-campeonato-interno-de-futbol-entrenando-valores\/#breadcrumb"},"inLanguage":"es","potentialAction":[{"@type":"ReadAction","target":["https:\/\/www.manabi.gob.ec\/index.php\/se-jugo-la-final-del-campeonato-interno-de-futbol-entrenando-valores\/"]}]},{"@type":"ImageObject","inLanguage":"es","@id":"https:\/\/www.manabi.gob.ec\/index.php\/se-jugo-la-final-del-campeonato-interno-de-futbol-entrenando-valores\/#primaryimage","url":"https:\/\/www.manabi.gob.ec\/wp-content\/uploads\/2023\/04\/WhatsApp-Image-2023-04-17-at-15.30.21.jpeg","contentUrl":"https:\/\/www.manabi.gob.ec\/wp-content\/uploads\/2023\/04\/WhatsApp-Image-2023-04-17-at-15.30.21.jpeg","width":1280,"height":853},{"@type":"BreadcrumbList","@id":"https:\/\/www.manabi.gob.ec\/index.php\/se-jugo-la-final-del-campeonato-interno-de-futbol-entrenando-valores\/#breadcrumb","itemListElement":[{"@type":"ListItem","position":1,"name":"Portada","item":"https:\/\/www.manabi.gob.ec\/"},{"@type":"ListItem","position":2,"name":"SE JUG\u00d3 LA FINAL DEL CAMPEONATO INTERNO DE F\u00daTBOL ENTRENANDO VALORES."}]},{"@type":"WebSite","@id":"https:\/\/www.manabi.gob.ec\/#website","url":"https:\/\/www.manabi.gob.ec\/","name":"Prefectura de Manab\u00ed","description":"P\u00e1gina web de la prefectura","potentialAction":[{"@type":"SearchAction","target":{"@type":"EntryPoint","urlTemplate":"https:\/\/www.manabi.gob.ec\/?s={search_term_string}"},"query-input":{"@type":"PropertyValueSpecification","valueRequired":true,"valueName":"search_term_string"}}],"inLanguage":"es"},{"@type":"Person","@id":"https:\/\/www.manabi.gob.ec\/#\/schema\/person\/c4f117989332ad723a6ced5994aa7d7a","name":"Lui Ochoa","image":{"@type":"ImageObject","inLanguage":"es","@id":"https:\/\/secure.gravatar.com\/avatar\/6e8017d0fe69dead8a95864d2eb6e1e1d8bf8e01194ba49cf7b897ff038126ba?s=96&d=mm&r=g","url":"https:\/\/secure.gravatar.com\/avatar\/6e8017d0fe69dead8a95864d2eb6e1e1d8bf8e01194ba49cf7b897ff038126ba?s=96&d=mm&r=g","contentUrl":"https:\/\/secure.gravatar.com\/avatar\/6e8017d0fe69dead8a95864d2eb6e1e1d8bf8e01194ba49cf7b897ff038126ba?s=96&d=mm&r=g","caption":"Lui Ochoa"},"url":"https:\/\/www.manabi.gob.ec\/index.php\/author\/lochoa\/"}]}},"jetpack_featured_media_url":"https:\/\/www.manabi.gob.ec\/wp-content\/uploads\/2023\/04\/WhatsApp-Image-2023-04-17-at-15.30.21.jpeg","_links":{"self":[{"href":"https:\/\/www.manabi.gob.ec\/index.php\/wp-json\/wp\/v2\/posts\/24112","targetHints":{"allow":["GET"]}}],"collection":[{"href":"https:\/\/www.manabi.gob.ec\/index.php\/wp-json\/wp\/v2\/posts"}],"about":[{"href":"https:\/\/www.manabi.gob.ec\/index.php\/wp-json\/wp\/v2\/types\/post"}],"author":[{"embeddable":true,"href":"https:\/\/www.manabi.gob.ec\/index.php\/wp-json\/wp\/v2\/users\/10"}],"replies":[{"embeddable":true,"href":"https:\/\/www.manabi.gob.ec\/index.php\/wp-json\/wp\/v2\/comments?post=24112"}],"version-history":[{"count":0,"href":"https:\/\/www.manabi.gob.ec\/index.php\/wp-json\/wp\/v2\/posts\/24112\/revisions"}],"wp:featuredmedia":[{"embeddable":true,"href":"https:\/\/www.manabi.gob.ec\/index.php\/wp-json\/wp\/v2\/media\/24113"}],"wp:attachment":[{"href":"https:\/\/www.manabi.gob.ec\/index.php\/wp-json\/wp\/v2\/media?parent=24112"}],"wp:term":[{"taxonomy":"category","embeddable":true,"href":"https:\/\/www.manabi.gob.ec\/index.php\/wp-json\/wp\/v2\/categories?post=24112"},{"taxonomy":"post_tag","embeddable":true,"href":"https:\/\/www.manabi.gob.ec\/index.php\/wp-json\/wp\/v2\/tags?post=24112"}],"curies":[{"name":"wp","href":"https:\/\/api.w.org\/{rel}","templated":true}]}}