{"id":24159,"date":"2023-04-19T18:59:44","date_gmt":"2023-04-19T18:59:44","guid":{"rendered":"https:\/\/www.manabi.gob.ec\/?p=24159"},"modified":"2023-04-19T18:59:48","modified_gmt":"2023-04-19T18:59:48","slug":"el-prefecto-de-manabi-y-el-alcalde-de-jaramijo-se-reunen-para-revisar-proyectos-y-fortalecer-el-desarrollo-del-canton","status":"publish","type":"post","link":"https:\/\/www.manabi.gob.ec\/index.php\/el-prefecto-de-manabi-y-el-alcalde-de-jaramijo-se-reunen-para-revisar-proyectos-y-fortalecer-el-desarrollo-del-canton\/","title":{"rendered":"El Prefecto de Manab\u00ed y el alcalde de Jaramij\u00f3 se re\u00fanen para revisar proyectos y fortalecer el desarrollo del cant\u00f3n."},"content":{"rendered":"\n<p>El Prefecto de Manab\u00ed y el alcalde de Jaramij\u00f3 se re\u00fanen para revisar proyectos y fortalecer el desarrollo del cant\u00f3n.<\/p>\n\n\n\n<p>El Prefecto de la provincia de Manab\u00ed, Leonardo Orlando y su equipo t\u00e9cnico, mantuvieron una reuni\u00f3n de trabajo con el alcalde de Jaramij\u00f3, Simetrio Calder\u00f3n, para revisar proyectos ejecutados, el avances de los que est\u00e1n en ejecuci\u00f3n y los nuevos planes para seguir generando m\u00e1s obras para el cant\u00f3n.<\/p>\n\n\n\n<p>El prefecto Orlando destac\u00f3 la importancia de trabajar de manera conjunta con los municipios para lograr un desarrollo equitativo en toda la regi\u00f3n. Adem\u00e1s, manifest\u00f3 su compromiso de seguir impulsando iniciativas que permitan mejorar la calidad de vida de los habitantes de la provincia de Manab\u00ed.<\/p>\n\n\n\n<p>\u201cEs fundamental esta articulaci\u00f3n con los gobiernos municipales, con el alcalde Simetrio Calder\u00f3n hemos trabajado de la mano en varios proyectos: viales, sociales, tur\u00edsticos\u201d, dijo la primera autoridad provincial.<\/p>\n\n\n\n<p>Por su parte, el alcalde Calder\u00f3n agradeci\u00f3 la iniciativa del Prefecto Orlando y su equipo t\u00e9cnico, y manifest\u00f3 su disposici\u00f3n de trabajar en colaboraci\u00f3n para seguir fortaleciendo la infraestructura y los servicios en el cant\u00f3n.<\/p>\n","protected":false},"excerpt":{"rendered":"<p>El Prefecto de Manab\u00ed y el alcalde de Jaramij\u00f3 se re\u00fanen para revisar proyectos y fortalecer el desarrollo del cant\u00f3n. El Prefecto de la provincia de Manab\u00ed, Leonardo Orlando y su equipo t\u00e9cnico, mantuvieron una reuni\u00f3n de trabajo con el alcalde de Jaramij\u00f3, Simetrio Calder\u00f3n, para revisar proyectos ejecutados, el avances de los que est\u00e1n [&hellip;]<\/p>\n","protected":false},"author":10,"featured_media":24160,"comment_status":"closed","ping_status":"closed","sticky":false,"template":"","format":"standard","meta":{"_joinchat":[],"footnotes":""},"categories":[142,92,181,91,127],"tags":[],"class_list":["post-24159","post","type-post","status-publish","format-standard","has-post-thumbnail","hentry","category-desarrollo-social","category-noticias-manabi","category-obra-publica","category-todas","category-vialidad"],"yoast_head":"<!-- This site is optimized with the Yoast SEO plugin v27.4 - https:\/\/yoast.com\/product\/yoast-seo-wordpress\/ -->\n<title>El Prefecto de Manab\u00ed y el alcalde de Jaramij\u00f3 se re\u00fanen para revisar proyectos y fortalecer el desarrollo del cant\u00f3n. - Prefectura de Manab\u00ed<\/title>\n<meta name=\"robots\" content=\"index, follow, max-snippet:-1, max-image-preview:large, max-video-preview:-1\" \/>\n<link rel=\"canonical\" href=\"https:\/\/www.manabi.gob.ec\/index.php\/el-prefecto-de-manabi-y-el-alcalde-de-jaramijo-se-reunen-para-revisar-proyectos-y-fortalecer-el-desarrollo-del-canton\/\" \/>\n<meta property=\"og:locale\" content=\"es_ES\" \/>\n<meta property=\"og:type\" content=\"article\" \/>\n<meta property=\"og:title\" content=\"El Prefecto de Manab\u00ed y el alcalde de Jaramij\u00f3 se re\u00fanen para revisar proyectos y fortalecer el desarrollo del cant\u00f3n. - Prefectura de Manab\u00ed\" \/>\n<meta property=\"og:description\" content=\"El Prefecto de Manab\u00ed y el alcalde de Jaramij\u00f3 se re\u00fanen para revisar proyectos y fortalecer el desarrollo del cant\u00f3n. El Prefecto de la provincia de Manab\u00ed, Leonardo Orlando y su equipo t\u00e9cnico, mantuvieron una reuni\u00f3n de trabajo con el alcalde de Jaramij\u00f3, Simetrio Calder\u00f3n, para revisar proyectos ejecutados, el avances de los que est\u00e1n [&hellip;]\" \/>\n<meta property=\"og:url\" content=\"https:\/\/www.manabi.gob.ec\/index.php\/el-prefecto-de-manabi-y-el-alcalde-de-jaramijo-se-reunen-para-revisar-proyectos-y-fortalecer-el-desarrollo-del-canton\/\" \/>\n<meta property=\"og:site_name\" content=\"Prefectura de Manab\u00ed\" \/>\n<meta property=\"article:published_time\" content=\"2023-04-19T18:59:44+00:00\" \/>\n<meta property=\"article:modified_time\" content=\"2023-04-19T18:59:48+00:00\" \/>\n<meta property=\"og:image\" content=\"https:\/\/www.manabi.gob.ec\/wp-content\/uploads\/2023\/04\/11b8d17e-c145-467d-be44-9e6635001593.jpg\" \/>\n\t<meta property=\"og:image:width\" content=\"1280\" \/>\n\t<meta property=\"og:image:height\" content=\"855\" \/>\n\t<meta property=\"og:image:type\" content=\"image\/jpeg\" \/>\n<meta name=\"author\" content=\"Lui Ochoa\" \/>\n<meta name=\"twitter:card\" content=\"summary_large_image\" \/>\n<meta name=\"twitter:label1\" content=\"Escrito por\" \/>\n\t<meta name=\"twitter:data1\" content=\"Lui Ochoa\" \/>\n\t<meta name=\"twitter:label2\" content=\"Tiempo de lectura\" \/>\n\t<meta name=\"twitter:data2\" content=\"1 minuto\" \/>\n<script type=\"application\/ld+json\" class=\"yoast-schema-graph\">{\"@context\":\"https:\\\/\\\/schema.org\",\"@graph\":[{\"@type\":\"Article\",\"@id\":\"https:\\\/\\\/www.manabi.gob.ec\\\/index.php\\\/el-prefecto-de-manabi-y-el-alcalde-de-jaramijo-se-reunen-para-revisar-proyectos-y-fortalecer-el-desarrollo-del-canton\\\/#article\",\"isPartOf\":{\"@id\":\"https:\\\/\\\/www.manabi.gob.ec\\\/index.php\\\/el-prefecto-de-manabi-y-el-alcalde-de-jaramijo-se-reunen-para-revisar-proyectos-y-fortalecer-el-desarrollo-del-canton\\\/\"},\"author\":{\"name\":\"Lui Ochoa\",\"@id\":\"https:\\\/\\\/www.manabi.gob.ec\\\/#\\\/schema\\\/person\\\/c4f117989332ad723a6ced5994aa7d7a\"},\"headline\":\"El Prefecto de Manab\u00ed y el alcalde de Jaramij\u00f3 se re\u00fanen para revisar proyectos y fortalecer el desarrollo del cant\u00f3n.\",\"datePublished\":\"2023-04-19T18:59:44+00:00\",\"dateModified\":\"2023-04-19T18:59:48+00:00\",\"mainEntityOfPage\":{\"@id\":\"https:\\\/\\\/www.manabi.gob.ec\\\/index.php\\\/el-prefecto-de-manabi-y-el-alcalde-de-jaramijo-se-reunen-para-revisar-proyectos-y-fortalecer-el-desarrollo-del-canton\\\/\"},\"wordCount\":220,\"image\":{\"@id\":\"https:\\\/\\\/www.manabi.gob.ec\\\/index.php\\\/el-prefecto-de-manabi-y-el-alcalde-de-jaramijo-se-reunen-para-revisar-proyectos-y-fortalecer-el-desarrollo-del-canton\\\/#primaryimage\"},\"thumbnailUrl\":\"https:\\\/\\\/www.manabi.gob.ec\\\/wp-content\\\/uploads\\\/2023\\\/04\\\/11b8d17e-c145-467d-be44-9e6635001593.jpg\",\"articleSection\":[\"Desarrollo Social\",\"Noticias\",\"Obra P\u00fablica\",\"Todas\",\"Vialidad\"],\"inLanguage\":\"es\"},{\"@type\":\"WebPage\",\"@id\":\"https:\\\/\\\/www.manabi.gob.ec\\\/index.php\\\/el-prefecto-de-manabi-y-el-alcalde-de-jaramijo-se-reunen-para-revisar-proyectos-y-fortalecer-el-desarrollo-del-canton\\\/\",\"url\":\"https:\\\/\\\/www.manabi.gob.ec\\\/index.php\\\/el-prefecto-de-manabi-y-el-alcalde-de-jaramijo-se-reunen-para-revisar-proyectos-y-fortalecer-el-desarrollo-del-canton\\\/\",\"name\":\"El Prefecto de Manab\u00ed y el alcalde de Jaramij\u00f3 se re\u00fanen para revisar proyectos y fortalecer el desarrollo del cant\u00f3n. - Prefectura de Manab\u00ed\",\"isPartOf\":{\"@id\":\"https:\\\/\\\/www.manabi.gob.ec\\\/#website\"},\"primaryImageOfPage\":{\"@id\":\"https:\\\/\\\/www.manabi.gob.ec\\\/index.php\\\/el-prefecto-de-manabi-y-el-alcalde-de-jaramijo-se-reunen-para-revisar-proyectos-y-fortalecer-el-desarrollo-del-canton\\\/#primaryimage\"},\"image\":{\"@id\":\"https:\\\/\\\/www.manabi.gob.ec\\\/index.php\\\/el-prefecto-de-manabi-y-el-alcalde-de-jaramijo-se-reunen-para-revisar-proyectos-y-fortalecer-el-desarrollo-del-canton\\\/#primaryimage\"},\"thumbnailUrl\":\"https:\\\/\\\/www.manabi.gob.ec\\\/wp-content\\\/uploads\\\/2023\\\/04\\\/11b8d17e-c145-467d-be44-9e6635001593.jpg\",\"datePublished\":\"2023-04-19T18:59:44+00:00\",\"dateModified\":\"2023-04-19T18:59:48+00:00\",\"author\":{\"@id\":\"https:\\\/\\\/www.manabi.gob.ec\\\/#\\\/schema\\\/person\\\/c4f117989332ad723a6ced5994aa7d7a\"},\"breadcrumb\":{\"@id\":\"https:\\\/\\\/www.manabi.gob.ec\\\/index.php\\\/el-prefecto-de-manabi-y-el-alcalde-de-jaramijo-se-reunen-para-revisar-proyectos-y-fortalecer-el-desarrollo-del-canton\\\/#breadcrumb\"},\"inLanguage\":\"es\",\"potentialAction\":[{\"@type\":\"ReadAction\",\"target\":[\"https:\\\/\\\/www.manabi.gob.ec\\\/index.php\\\/el-prefecto-de-manabi-y-el-alcalde-de-jaramijo-se-reunen-para-revisar-proyectos-y-fortalecer-el-desarrollo-del-canton\\\/\"]}]},{\"@type\":\"ImageObject\",\"inLanguage\":\"es\",\"@id\":\"https:\\\/\\\/www.manabi.gob.ec\\\/index.php\\\/el-prefecto-de-manabi-y-el-alcalde-de-jaramijo-se-reunen-para-revisar-proyectos-y-fortalecer-el-desarrollo-del-canton\\\/#primaryimage\",\"url\":\"https:\\\/\\\/www.manabi.gob.ec\\\/wp-content\\\/uploads\\\/2023\\\/04\\\/11b8d17e-c145-467d-be44-9e6635001593.jpg\",\"contentUrl\":\"https:\\\/\\\/www.manabi.gob.ec\\\/wp-content\\\/uploads\\\/2023\\\/04\\\/11b8d17e-c145-467d-be44-9e6635001593.jpg\",\"width\":1280,\"height\":855},{\"@type\":\"BreadcrumbList\",\"@id\":\"https:\\\/\\\/www.manabi.gob.ec\\\/index.php\\\/el-prefecto-de-manabi-y-el-alcalde-de-jaramijo-se-reunen-para-revisar-proyectos-y-fortalecer-el-desarrollo-del-canton\\\/#breadcrumb\",\"itemListElement\":[{\"@type\":\"ListItem\",\"position\":1,\"name\":\"Portada\",\"item\":\"https:\\\/\\\/www.manabi.gob.ec\\\/\"},{\"@type\":\"ListItem\",\"position\":2,\"name\":\"El Prefecto de Manab\u00ed y el alcalde de Jaramij\u00f3 se re\u00fanen para revisar proyectos y fortalecer el desarrollo del cant\u00f3n.\"}]},{\"@type\":\"WebSite\",\"@id\":\"https:\\\/\\\/www.manabi.gob.ec\\\/#website\",\"url\":\"https:\\\/\\\/www.manabi.gob.ec\\\/\",\"name\":\"Prefectura de Manab\u00ed\",\"description\":\"P\u00e1gina web de la prefectura\",\"potentialAction\":[{\"@type\":\"SearchAction\",\"target\":{\"@type\":\"EntryPoint\",\"urlTemplate\":\"https:\\\/\\\/www.manabi.gob.ec\\\/?s={search_term_string}\"},\"query-input\":{\"@type\":\"PropertyValueSpecification\",\"valueRequired\":true,\"valueName\":\"search_term_string\"}}],\"inLanguage\":\"es\"},{\"@type\":\"Person\",\"@id\":\"https:\\\/\\\/www.manabi.gob.ec\\\/#\\\/schema\\\/person\\\/c4f117989332ad723a6ced5994aa7d7a\",\"name\":\"Lui Ochoa\",\"image\":{\"@type\":\"ImageObject\",\"inLanguage\":\"es\",\"@id\":\"https:\\\/\\\/secure.gravatar.com\\\/avatar\\\/6e8017d0fe69dead8a95864d2eb6e1e1d8bf8e01194ba49cf7b897ff038126ba?s=96&d=mm&r=g\",\"url\":\"https:\\\/\\\/secure.gravatar.com\\\/avatar\\\/6e8017d0fe69dead8a95864d2eb6e1e1d8bf8e01194ba49cf7b897ff038126ba?s=96&d=mm&r=g\",\"contentUrl\":\"https:\\\/\\\/secure.gravatar.com\\\/avatar\\\/6e8017d0fe69dead8a95864d2eb6e1e1d8bf8e01194ba49cf7b897ff038126ba?s=96&d=mm&r=g\",\"caption\":\"Lui Ochoa\"},\"url\":\"https:\\\/\\\/www.manabi.gob.ec\\\/index.php\\\/author\\\/lochoa\\\/\"}]}<\/script>\n<!-- \/ Yoast SEO plugin. -->","yoast_head_json":{"title":"El Prefecto de Manab\u00ed y el alcalde de Jaramij\u00f3 se re\u00fanen para revisar proyectos y fortalecer el desarrollo del cant\u00f3n. - Prefectura de Manab\u00ed","robots":{"index":"index","follow":"follow","max-snippet":"max-snippet:-1","max-image-preview":"max-image-preview:large","max-video-preview":"max-video-preview:-1"},"canonical":"https:\/\/www.manabi.gob.ec\/index.php\/el-prefecto-de-manabi-y-el-alcalde-de-jaramijo-se-reunen-para-revisar-proyectos-y-fortalecer-el-desarrollo-del-canton\/","og_locale":"es_ES","og_type":"article","og_title":"El Prefecto de Manab\u00ed y el alcalde de Jaramij\u00f3 se re\u00fanen para revisar proyectos y fortalecer el desarrollo del cant\u00f3n. - Prefectura de Manab\u00ed","og_description":"El Prefecto de Manab\u00ed y el alcalde de Jaramij\u00f3 se re\u00fanen para revisar proyectos y fortalecer el desarrollo del cant\u00f3n. El Prefecto de la provincia de Manab\u00ed, Leonardo Orlando y su equipo t\u00e9cnico, mantuvieron una reuni\u00f3n de trabajo con el alcalde de Jaramij\u00f3, Simetrio Calder\u00f3n, para revisar proyectos ejecutados, el avances de los que est\u00e1n [&hellip;]","og_url":"https:\/\/www.manabi.gob.ec\/index.php\/el-prefecto-de-manabi-y-el-alcalde-de-jaramijo-se-reunen-para-revisar-proyectos-y-fortalecer-el-desarrollo-del-canton\/","og_site_name":"Prefectura de Manab\u00ed","article_published_time":"2023-04-19T18:59:44+00:00","article_modified_time":"2023-04-19T18:59:48+00:00","og_image":[{"width":1280,"height":855,"url":"https:\/\/www.manabi.gob.ec\/wp-content\/uploads\/2023\/04\/11b8d17e-c145-467d-be44-9e6635001593.jpg","type":"image\/jpeg"}],"author":"Lui Ochoa","twitter_card":"summary_large_image","twitter_misc":{"Escrito por":"Lui Ochoa","Tiempo de lectura":"1 minuto"},"schema":{"@context":"https:\/\/schema.org","@graph":[{"@type":"Article","@id":"https:\/\/www.manabi.gob.ec\/index.php\/el-prefecto-de-manabi-y-el-alcalde-de-jaramijo-se-reunen-para-revisar-proyectos-y-fortalecer-el-desarrollo-del-canton\/#article","isPartOf":{"@id":"https:\/\/www.manabi.gob.ec\/index.php\/el-prefecto-de-manabi-y-el-alcalde-de-jaramijo-se-reunen-para-revisar-proyectos-y-fortalecer-el-desarrollo-del-canton\/"},"author":{"name":"Lui Ochoa","@id":"https:\/\/www.manabi.gob.ec\/#\/schema\/person\/c4f117989332ad723a6ced5994aa7d7a"},"headline":"El Prefecto de Manab\u00ed y el alcalde de Jaramij\u00f3 se re\u00fanen para revisar proyectos y fortalecer el desarrollo del cant\u00f3n.","datePublished":"2023-04-19T18:59:44+00:00","dateModified":"2023-04-19T18:59:48+00:00","mainEntityOfPage":{"@id":"https:\/\/www.manabi.gob.ec\/index.php\/el-prefecto-de-manabi-y-el-alcalde-de-jaramijo-se-reunen-para-revisar-proyectos-y-fortalecer-el-desarrollo-del-canton\/"},"wordCount":220,"image":{"@id":"https:\/\/www.manabi.gob.ec\/index.php\/el-prefecto-de-manabi-y-el-alcalde-de-jaramijo-se-reunen-para-revisar-proyectos-y-fortalecer-el-desarrollo-del-canton\/#primaryimage"},"thumbnailUrl":"https:\/\/www.manabi.gob.ec\/wp-content\/uploads\/2023\/04\/11b8d17e-c145-467d-be44-9e6635001593.jpg","articleSection":["Desarrollo Social","Noticias","Obra P\u00fablica","Todas","Vialidad"],"inLanguage":"es"},{"@type":"WebPage","@id":"https:\/\/www.manabi.gob.ec\/index.php\/el-prefecto-de-manabi-y-el-alcalde-de-jaramijo-se-reunen-para-revisar-proyectos-y-fortalecer-el-desarrollo-del-canton\/","url":"https:\/\/www.manabi.gob.ec\/index.php\/el-prefecto-de-manabi-y-el-alcalde-de-jaramijo-se-reunen-para-revisar-proyectos-y-fortalecer-el-desarrollo-del-canton\/","name":"El Prefecto de Manab\u00ed y el alcalde de Jaramij\u00f3 se re\u00fanen para revisar proyectos y fortalecer el desarrollo del cant\u00f3n. - Prefectura de Manab\u00ed","isPartOf":{"@id":"https:\/\/www.manabi.gob.ec\/#website"},"primaryImageOfPage":{"@id":"https:\/\/www.manabi.gob.ec\/index.php\/el-prefecto-de-manabi-y-el-alcalde-de-jaramijo-se-reunen-para-revisar-proyectos-y-fortalecer-el-desarrollo-del-canton\/#primaryimage"},"image":{"@id":"https:\/\/www.manabi.gob.ec\/index.php\/el-prefecto-de-manabi-y-el-alcalde-de-jaramijo-se-reunen-para-revisar-proyectos-y-fortalecer-el-desarrollo-del-canton\/#primaryimage"},"thumbnailUrl":"https:\/\/www.manabi.gob.ec\/wp-content\/uploads\/2023\/04\/11b8d17e-c145-467d-be44-9e6635001593.jpg","datePublished":"2023-04-19T18:59:44+00:00","dateModified":"2023-04-19T18:59:48+00:00","author":{"@id":"https:\/\/www.manabi.gob.ec\/#\/schema\/person\/c4f117989332ad723a6ced5994aa7d7a"},"breadcrumb":{"@id":"https:\/\/www.manabi.gob.ec\/index.php\/el-prefecto-de-manabi-y-el-alcalde-de-jaramijo-se-reunen-para-revisar-proyectos-y-fortalecer-el-desarrollo-del-canton\/#breadcrumb"},"inLanguage":"es","potentialAction":[{"@type":"ReadAction","target":["https:\/\/www.manabi.gob.ec\/index.php\/el-prefecto-de-manabi-y-el-alcalde-de-jaramijo-se-reunen-para-revisar-proyectos-y-fortalecer-el-desarrollo-del-canton\/"]}]},{"@type":"ImageObject","inLanguage":"es","@id":"https:\/\/www.manabi.gob.ec\/index.php\/el-prefecto-de-manabi-y-el-alcalde-de-jaramijo-se-reunen-para-revisar-proyectos-y-fortalecer-el-desarrollo-del-canton\/#primaryimage","url":"https:\/\/www.manabi.gob.ec\/wp-content\/uploads\/2023\/04\/11b8d17e-c145-467d-be44-9e6635001593.jpg","contentUrl":"https:\/\/www.manabi.gob.ec\/wp-content\/uploads\/2023\/04\/11b8d17e-c145-467d-be44-9e6635001593.jpg","width":1280,"height":855},{"@type":"BreadcrumbList","@id":"https:\/\/www.manabi.gob.ec\/index.php\/el-prefecto-de-manabi-y-el-alcalde-de-jaramijo-se-reunen-para-revisar-proyectos-y-fortalecer-el-desarrollo-del-canton\/#breadcrumb","itemListElement":[{"@type":"ListItem","position":1,"name":"Portada","item":"https:\/\/www.manabi.gob.ec\/"},{"@type":"ListItem","position":2,"name":"El Prefecto de Manab\u00ed y el alcalde de Jaramij\u00f3 se re\u00fanen para revisar proyectos y fortalecer el desarrollo del cant\u00f3n."}]},{"@type":"WebSite","@id":"https:\/\/www.manabi.gob.ec\/#website","url":"https:\/\/www.manabi.gob.ec\/","name":"Prefectura de Manab\u00ed","description":"P\u00e1gina web de la prefectura","potentialAction":[{"@type":"SearchAction","target":{"@type":"EntryPoint","urlTemplate":"https:\/\/www.manabi.gob.ec\/?s={search_term_string}"},"query-input":{"@type":"PropertyValueSpecification","valueRequired":true,"valueName":"search_term_string"}}],"inLanguage":"es"},{"@type":"Person","@id":"https:\/\/www.manabi.gob.ec\/#\/schema\/person\/c4f117989332ad723a6ced5994aa7d7a","name":"Lui Ochoa","image":{"@type":"ImageObject","inLanguage":"es","@id":"https:\/\/secure.gravatar.com\/avatar\/6e8017d0fe69dead8a95864d2eb6e1e1d8bf8e01194ba49cf7b897ff038126ba?s=96&d=mm&r=g","url":"https:\/\/secure.gravatar.com\/avatar\/6e8017d0fe69dead8a95864d2eb6e1e1d8bf8e01194ba49cf7b897ff038126ba?s=96&d=mm&r=g","contentUrl":"https:\/\/secure.gravatar.com\/avatar\/6e8017d0fe69dead8a95864d2eb6e1e1d8bf8e01194ba49cf7b897ff038126ba?s=96&d=mm&r=g","caption":"Lui Ochoa"},"url":"https:\/\/www.manabi.gob.ec\/index.php\/author\/lochoa\/"}]}},"jetpack_featured_media_url":"https:\/\/www.manabi.gob.ec\/wp-content\/uploads\/2023\/04\/11b8d17e-c145-467d-be44-9e6635001593.jpg","_links":{"self":[{"href":"https:\/\/www.manabi.gob.ec\/index.php\/wp-json\/wp\/v2\/posts\/24159","targetHints":{"allow":["GET"]}}],"collection":[{"href":"https:\/\/www.manabi.gob.ec\/index.php\/wp-json\/wp\/v2\/posts"}],"about":[{"href":"https:\/\/www.manabi.gob.ec\/index.php\/wp-json\/wp\/v2\/types\/post"}],"author":[{"embeddable":true,"href":"https:\/\/www.manabi.gob.ec\/index.php\/wp-json\/wp\/v2\/users\/10"}],"replies":[{"embeddable":true,"href":"https:\/\/www.manabi.gob.ec\/index.php\/wp-json\/wp\/v2\/comments?post=24159"}],"version-history":[{"count":0,"href":"https:\/\/www.manabi.gob.ec\/index.php\/wp-json\/wp\/v2\/posts\/24159\/revisions"}],"wp:featuredmedia":[{"embeddable":true,"href":"https:\/\/www.manabi.gob.ec\/index.php\/wp-json\/wp\/v2\/media\/24160"}],"wp:attachment":[{"href":"https:\/\/www.manabi.gob.ec\/index.php\/wp-json\/wp\/v2\/media?parent=24159"}],"wp:term":[{"taxonomy":"category","embeddable":true,"href":"https:\/\/www.manabi.gob.ec\/index.php\/wp-json\/wp\/v2\/categories?post=24159"},{"taxonomy":"post_tag","embeddable":true,"href":"https:\/\/www.manabi.gob.ec\/index.php\/wp-json\/wp\/v2\/tags?post=24159"}],"curies":[{"name":"wp","href":"https:\/\/api.w.org\/{rel}","templated":true}]}}