{"id":24197,"date":"2023-04-21T20:55:25","date_gmt":"2023-04-21T20:55:25","guid":{"rendered":"https:\/\/www.manabi.gob.ec\/?p=24197"},"modified":"2023-04-21T20:55:30","modified_gmt":"2023-04-21T20:55:30","slug":"prefectura-de-manabi-avanza-en-la-proteccion-del-area-del-mercado-en-charapoto-ante-fuertes-lluvias","status":"publish","type":"post","link":"https:\/\/www.manabi.gob.ec\/index.php\/prefectura-de-manabi-avanza-en-la-proteccion-del-area-del-mercado-en-charapoto-ante-fuertes-lluvias\/","title":{"rendered":"Prefectura de Manab\u00ed avanza en la protecci\u00f3n del \u00e1rea del mercado en Charapot\u00f3 ante fuertes lluvias."},"content":{"rendered":"\n<p>La Prefectura de Manab\u00ed contin\u00faa trabajando en la protecci\u00f3n del \u00e1rea del mercado nuevo en la parroquia Charapot\u00f3 del cant\u00f3n Sucre, mediante la utilizaci\u00f3n de una excavadora brazo corto.<\/p>\n\n\n\n<p>Actualmente, se ha logrado un avance del 60% en las labores de protecci\u00f3n con piedra escollera y limpieza del canal que se form\u00f3 de manera natural por el desbordamiento del r\u00edo Viejo.<\/p>\n\n\n\n<p>Las fuertes lluvias registradas en la zona han ocasionado la salida de inmensas quebradas, que bajaban con mucha fuerza, llev\u00e1ndose todo lo que encontraron a su paso, tambi\u00e9n aumentando el nivel del cauce del r\u00edo Viejo y su posterior desbordamiento, poniendo en peligro la edificaci\u00f3n del nuevo y reci\u00e9n terminado mercado de la parroquia.<\/p>\n\n\n\n<p>Jean Paul Guadamud, t\u00e9cnico del \u00e1rea de Riego y Drenaje de la Prefectura de Manab\u00ed, manifest\u00f3 que se han estado realizando labores de protecci\u00f3n durante varios d\u00edas, con el fin de salvaguardar este bien tan importante para la parroquia. Adem\u00e1s, expres\u00f3 que de acuerdo al clima se podr\u00e1 ir finalizando en su totalidad el trabajo de protecci\u00f3n.<\/p>\n\n\n\n<p>El funcionario inform\u00f3 adem\u00e1s que, en la comunidad de Santa Teresa, ubicada en la misma parroquia, se est\u00e1 trabajando en la limpieza de canales de riego y drenaje mediante el uso de una excavadora brazo largo. \u00abEsta acci\u00f3n, sin duda, ser\u00e1 de gran beneficio para la comunidad en general\u00bb, indic\u00f3.<\/p>\n","protected":false},"excerpt":{"rendered":"<p>La Prefectura de Manab\u00ed contin\u00faa trabajando en la protecci\u00f3n del \u00e1rea del mercado nuevo en la parroquia Charapot\u00f3 del cant\u00f3n Sucre, mediante la utilizaci\u00f3n de una excavadora brazo corto. Actualmente, se ha logrado un avance del 60% en las labores de protecci\u00f3n con piedra escollera y limpieza del canal que se form\u00f3 de manera natural [&hellip;]<\/p>\n","protected":false},"author":10,"featured_media":24198,"comment_status":"closed","ping_status":"closed","sticky":false,"template":"","format":"standard","meta":{"_joinchat":[],"footnotes":""},"categories":[142,92,181,339,340,160,91],"tags":[],"class_list":["post-24197","post","type-post","status-publish","format-standard","has-post-thumbnail","hentry","category-desarrollo-social","category-noticias-manabi","category-obra-publica","category-plan-invernal","category-plan-invernal-plan-invernal","category-sucre","category-todas"],"yoast_head":"<!-- This site is optimized with the Yoast SEO plugin v27.4 - https:\/\/yoast.com\/product\/yoast-seo-wordpress\/ -->\n<title>Prefectura de Manab\u00ed avanza en la protecci\u00f3n del \u00e1rea del mercado en Charapot\u00f3 ante fuertes lluvias. - Prefectura de Manab\u00ed<\/title>\n<meta name=\"robots\" content=\"index, follow, max-snippet:-1, max-image-preview:large, max-video-preview:-1\" \/>\n<link rel=\"canonical\" href=\"https:\/\/www.manabi.gob.ec\/index.php\/prefectura-de-manabi-avanza-en-la-proteccion-del-area-del-mercado-en-charapoto-ante-fuertes-lluvias\/\" \/>\n<meta property=\"og:locale\" content=\"es_ES\" \/>\n<meta property=\"og:type\" content=\"article\" \/>\n<meta property=\"og:title\" content=\"Prefectura de Manab\u00ed avanza en la protecci\u00f3n del \u00e1rea del mercado en Charapot\u00f3 ante fuertes lluvias. - Prefectura de Manab\u00ed\" \/>\n<meta property=\"og:description\" content=\"La Prefectura de Manab\u00ed contin\u00faa trabajando en la protecci\u00f3n del \u00e1rea del mercado nuevo en la parroquia Charapot\u00f3 del cant\u00f3n Sucre, mediante la utilizaci\u00f3n de una excavadora brazo corto. Actualmente, se ha logrado un avance del 60% en las labores de protecci\u00f3n con piedra escollera y limpieza del canal que se form\u00f3 de manera natural [&hellip;]\" \/>\n<meta property=\"og:url\" content=\"https:\/\/www.manabi.gob.ec\/index.php\/prefectura-de-manabi-avanza-en-la-proteccion-del-area-del-mercado-en-charapoto-ante-fuertes-lluvias\/\" \/>\n<meta property=\"og:site_name\" content=\"Prefectura de Manab\u00ed\" \/>\n<meta property=\"article:published_time\" content=\"2023-04-21T20:55:25+00:00\" \/>\n<meta property=\"article:modified_time\" content=\"2023-04-21T20:55:30+00:00\" \/>\n<meta property=\"og:image\" content=\"https:\/\/www.manabi.gob.ec\/wp-content\/uploads\/2023\/04\/WhatsApp-Image-2023-04-20-at-10.24.29.jpeg\" \/>\n\t<meta property=\"og:image:width\" content=\"1280\" \/>\n\t<meta property=\"og:image:height\" content=\"960\" \/>\n\t<meta property=\"og:image:type\" content=\"image\/jpeg\" \/>\n<meta name=\"author\" content=\"Lui Ochoa\" \/>\n<meta name=\"twitter:card\" content=\"summary_large_image\" \/>\n<meta name=\"twitter:label1\" content=\"Escrito por\" \/>\n\t<meta name=\"twitter:data1\" content=\"Lui Ochoa\" \/>\n\t<meta name=\"twitter:label2\" content=\"Tiempo de lectura\" \/>\n\t<meta name=\"twitter:data2\" content=\"2 minutos\" \/>\n<script type=\"application\/ld+json\" class=\"yoast-schema-graph\">{\"@context\":\"https:\\\/\\\/schema.org\",\"@graph\":[{\"@type\":\"Article\",\"@id\":\"https:\\\/\\\/www.manabi.gob.ec\\\/index.php\\\/prefectura-de-manabi-avanza-en-la-proteccion-del-area-del-mercado-en-charapoto-ante-fuertes-lluvias\\\/#article\",\"isPartOf\":{\"@id\":\"https:\\\/\\\/www.manabi.gob.ec\\\/index.php\\\/prefectura-de-manabi-avanza-en-la-proteccion-del-area-del-mercado-en-charapoto-ante-fuertes-lluvias\\\/\"},\"author\":{\"name\":\"Lui Ochoa\",\"@id\":\"https:\\\/\\\/www.manabi.gob.ec\\\/#\\\/schema\\\/person\\\/c4f117989332ad723a6ced5994aa7d7a\"},\"headline\":\"Prefectura de Manab\u00ed avanza en la protecci\u00f3n del \u00e1rea del mercado en Charapot\u00f3 ante fuertes lluvias.\",\"datePublished\":\"2023-04-21T20:55:25+00:00\",\"dateModified\":\"2023-04-21T20:55:30+00:00\",\"mainEntityOfPage\":{\"@id\":\"https:\\\/\\\/www.manabi.gob.ec\\\/index.php\\\/prefectura-de-manabi-avanza-en-la-proteccion-del-area-del-mercado-en-charapoto-ante-fuertes-lluvias\\\/\"},\"wordCount\":256,\"image\":{\"@id\":\"https:\\\/\\\/www.manabi.gob.ec\\\/index.php\\\/prefectura-de-manabi-avanza-en-la-proteccion-del-area-del-mercado-en-charapoto-ante-fuertes-lluvias\\\/#primaryimage\"},\"thumbnailUrl\":\"https:\\\/\\\/www.manabi.gob.ec\\\/wp-content\\\/uploads\\\/2023\\\/04\\\/WhatsApp-Image-2023-04-20-at-10.24.29.jpeg\",\"articleSection\":[\"Desarrollo Social\",\"Noticias\",\"Obra P\u00fablica\",\"Plan Invernal\",\"PLAN INVERNAL\",\"Sucre\",\"Todas\"],\"inLanguage\":\"es\"},{\"@type\":\"WebPage\",\"@id\":\"https:\\\/\\\/www.manabi.gob.ec\\\/index.php\\\/prefectura-de-manabi-avanza-en-la-proteccion-del-area-del-mercado-en-charapoto-ante-fuertes-lluvias\\\/\",\"url\":\"https:\\\/\\\/www.manabi.gob.ec\\\/index.php\\\/prefectura-de-manabi-avanza-en-la-proteccion-del-area-del-mercado-en-charapoto-ante-fuertes-lluvias\\\/\",\"name\":\"Prefectura de Manab\u00ed avanza en la protecci\u00f3n del \u00e1rea del mercado en Charapot\u00f3 ante fuertes lluvias. - Prefectura de Manab\u00ed\",\"isPartOf\":{\"@id\":\"https:\\\/\\\/www.manabi.gob.ec\\\/#website\"},\"primaryImageOfPage\":{\"@id\":\"https:\\\/\\\/www.manabi.gob.ec\\\/index.php\\\/prefectura-de-manabi-avanza-en-la-proteccion-del-area-del-mercado-en-charapoto-ante-fuertes-lluvias\\\/#primaryimage\"},\"image\":{\"@id\":\"https:\\\/\\\/www.manabi.gob.ec\\\/index.php\\\/prefectura-de-manabi-avanza-en-la-proteccion-del-area-del-mercado-en-charapoto-ante-fuertes-lluvias\\\/#primaryimage\"},\"thumbnailUrl\":\"https:\\\/\\\/www.manabi.gob.ec\\\/wp-content\\\/uploads\\\/2023\\\/04\\\/WhatsApp-Image-2023-04-20-at-10.24.29.jpeg\",\"datePublished\":\"2023-04-21T20:55:25+00:00\",\"dateModified\":\"2023-04-21T20:55:30+00:00\",\"author\":{\"@id\":\"https:\\\/\\\/www.manabi.gob.ec\\\/#\\\/schema\\\/person\\\/c4f117989332ad723a6ced5994aa7d7a\"},\"breadcrumb\":{\"@id\":\"https:\\\/\\\/www.manabi.gob.ec\\\/index.php\\\/prefectura-de-manabi-avanza-en-la-proteccion-del-area-del-mercado-en-charapoto-ante-fuertes-lluvias\\\/#breadcrumb\"},\"inLanguage\":\"es\",\"potentialAction\":[{\"@type\":\"ReadAction\",\"target\":[\"https:\\\/\\\/www.manabi.gob.ec\\\/index.php\\\/prefectura-de-manabi-avanza-en-la-proteccion-del-area-del-mercado-en-charapoto-ante-fuertes-lluvias\\\/\"]}]},{\"@type\":\"ImageObject\",\"inLanguage\":\"es\",\"@id\":\"https:\\\/\\\/www.manabi.gob.ec\\\/index.php\\\/prefectura-de-manabi-avanza-en-la-proteccion-del-area-del-mercado-en-charapoto-ante-fuertes-lluvias\\\/#primaryimage\",\"url\":\"https:\\\/\\\/www.manabi.gob.ec\\\/wp-content\\\/uploads\\\/2023\\\/04\\\/WhatsApp-Image-2023-04-20-at-10.24.29.jpeg\",\"contentUrl\":\"https:\\\/\\\/www.manabi.gob.ec\\\/wp-content\\\/uploads\\\/2023\\\/04\\\/WhatsApp-Image-2023-04-20-at-10.24.29.jpeg\",\"width\":1280,\"height\":960},{\"@type\":\"BreadcrumbList\",\"@id\":\"https:\\\/\\\/www.manabi.gob.ec\\\/index.php\\\/prefectura-de-manabi-avanza-en-la-proteccion-del-area-del-mercado-en-charapoto-ante-fuertes-lluvias\\\/#breadcrumb\",\"itemListElement\":[{\"@type\":\"ListItem\",\"position\":1,\"name\":\"Portada\",\"item\":\"https:\\\/\\\/www.manabi.gob.ec\\\/\"},{\"@type\":\"ListItem\",\"position\":2,\"name\":\"Prefectura de Manab\u00ed avanza en la protecci\u00f3n del \u00e1rea del mercado en Charapot\u00f3 ante fuertes lluvias.\"}]},{\"@type\":\"WebSite\",\"@id\":\"https:\\\/\\\/www.manabi.gob.ec\\\/#website\",\"url\":\"https:\\\/\\\/www.manabi.gob.ec\\\/\",\"name\":\"Prefectura de Manab\u00ed\",\"description\":\"P\u00e1gina web de la prefectura\",\"potentialAction\":[{\"@type\":\"SearchAction\",\"target\":{\"@type\":\"EntryPoint\",\"urlTemplate\":\"https:\\\/\\\/www.manabi.gob.ec\\\/?s={search_term_string}\"},\"query-input\":{\"@type\":\"PropertyValueSpecification\",\"valueRequired\":true,\"valueName\":\"search_term_string\"}}],\"inLanguage\":\"es\"},{\"@type\":\"Person\",\"@id\":\"https:\\\/\\\/www.manabi.gob.ec\\\/#\\\/schema\\\/person\\\/c4f117989332ad723a6ced5994aa7d7a\",\"name\":\"Lui Ochoa\",\"image\":{\"@type\":\"ImageObject\",\"inLanguage\":\"es\",\"@id\":\"https:\\\/\\\/secure.gravatar.com\\\/avatar\\\/6e8017d0fe69dead8a95864d2eb6e1e1d8bf8e01194ba49cf7b897ff038126ba?s=96&d=mm&r=g\",\"url\":\"https:\\\/\\\/secure.gravatar.com\\\/avatar\\\/6e8017d0fe69dead8a95864d2eb6e1e1d8bf8e01194ba49cf7b897ff038126ba?s=96&d=mm&r=g\",\"contentUrl\":\"https:\\\/\\\/secure.gravatar.com\\\/avatar\\\/6e8017d0fe69dead8a95864d2eb6e1e1d8bf8e01194ba49cf7b897ff038126ba?s=96&d=mm&r=g\",\"caption\":\"Lui Ochoa\"},\"url\":\"https:\\\/\\\/www.manabi.gob.ec\\\/index.php\\\/author\\\/lochoa\\\/\"}]}<\/script>\n<!-- \/ Yoast SEO plugin. -->","yoast_head_json":{"title":"Prefectura de Manab\u00ed avanza en la protecci\u00f3n del \u00e1rea del mercado en Charapot\u00f3 ante fuertes lluvias. - Prefectura de Manab\u00ed","robots":{"index":"index","follow":"follow","max-snippet":"max-snippet:-1","max-image-preview":"max-image-preview:large","max-video-preview":"max-video-preview:-1"},"canonical":"https:\/\/www.manabi.gob.ec\/index.php\/prefectura-de-manabi-avanza-en-la-proteccion-del-area-del-mercado-en-charapoto-ante-fuertes-lluvias\/","og_locale":"es_ES","og_type":"article","og_title":"Prefectura de Manab\u00ed avanza en la protecci\u00f3n del \u00e1rea del mercado en Charapot\u00f3 ante fuertes lluvias. - Prefectura de Manab\u00ed","og_description":"La Prefectura de Manab\u00ed contin\u00faa trabajando en la protecci\u00f3n del \u00e1rea del mercado nuevo en la parroquia Charapot\u00f3 del cant\u00f3n Sucre, mediante la utilizaci\u00f3n de una excavadora brazo corto. Actualmente, se ha logrado un avance del 60% en las labores de protecci\u00f3n con piedra escollera y limpieza del canal que se form\u00f3 de manera natural [&hellip;]","og_url":"https:\/\/www.manabi.gob.ec\/index.php\/prefectura-de-manabi-avanza-en-la-proteccion-del-area-del-mercado-en-charapoto-ante-fuertes-lluvias\/","og_site_name":"Prefectura de Manab\u00ed","article_published_time":"2023-04-21T20:55:25+00:00","article_modified_time":"2023-04-21T20:55:30+00:00","og_image":[{"width":1280,"height":960,"url":"https:\/\/www.manabi.gob.ec\/wp-content\/uploads\/2023\/04\/WhatsApp-Image-2023-04-20-at-10.24.29.jpeg","type":"image\/jpeg"}],"author":"Lui Ochoa","twitter_card":"summary_large_image","twitter_misc":{"Escrito por":"Lui Ochoa","Tiempo de lectura":"2 minutos"},"schema":{"@context":"https:\/\/schema.org","@graph":[{"@type":"Article","@id":"https:\/\/www.manabi.gob.ec\/index.php\/prefectura-de-manabi-avanza-en-la-proteccion-del-area-del-mercado-en-charapoto-ante-fuertes-lluvias\/#article","isPartOf":{"@id":"https:\/\/www.manabi.gob.ec\/index.php\/prefectura-de-manabi-avanza-en-la-proteccion-del-area-del-mercado-en-charapoto-ante-fuertes-lluvias\/"},"author":{"name":"Lui Ochoa","@id":"https:\/\/www.manabi.gob.ec\/#\/schema\/person\/c4f117989332ad723a6ced5994aa7d7a"},"headline":"Prefectura de Manab\u00ed avanza en la protecci\u00f3n del \u00e1rea del mercado en Charapot\u00f3 ante fuertes lluvias.","datePublished":"2023-04-21T20:55:25+00:00","dateModified":"2023-04-21T20:55:30+00:00","mainEntityOfPage":{"@id":"https:\/\/www.manabi.gob.ec\/index.php\/prefectura-de-manabi-avanza-en-la-proteccion-del-area-del-mercado-en-charapoto-ante-fuertes-lluvias\/"},"wordCount":256,"image":{"@id":"https:\/\/www.manabi.gob.ec\/index.php\/prefectura-de-manabi-avanza-en-la-proteccion-del-area-del-mercado-en-charapoto-ante-fuertes-lluvias\/#primaryimage"},"thumbnailUrl":"https:\/\/www.manabi.gob.ec\/wp-content\/uploads\/2023\/04\/WhatsApp-Image-2023-04-20-at-10.24.29.jpeg","articleSection":["Desarrollo Social","Noticias","Obra P\u00fablica","Plan Invernal","PLAN INVERNAL","Sucre","Todas"],"inLanguage":"es"},{"@type":"WebPage","@id":"https:\/\/www.manabi.gob.ec\/index.php\/prefectura-de-manabi-avanza-en-la-proteccion-del-area-del-mercado-en-charapoto-ante-fuertes-lluvias\/","url":"https:\/\/www.manabi.gob.ec\/index.php\/prefectura-de-manabi-avanza-en-la-proteccion-del-area-del-mercado-en-charapoto-ante-fuertes-lluvias\/","name":"Prefectura de Manab\u00ed avanza en la protecci\u00f3n del \u00e1rea del mercado en Charapot\u00f3 ante fuertes lluvias. - Prefectura de Manab\u00ed","isPartOf":{"@id":"https:\/\/www.manabi.gob.ec\/#website"},"primaryImageOfPage":{"@id":"https:\/\/www.manabi.gob.ec\/index.php\/prefectura-de-manabi-avanza-en-la-proteccion-del-area-del-mercado-en-charapoto-ante-fuertes-lluvias\/#primaryimage"},"image":{"@id":"https:\/\/www.manabi.gob.ec\/index.php\/prefectura-de-manabi-avanza-en-la-proteccion-del-area-del-mercado-en-charapoto-ante-fuertes-lluvias\/#primaryimage"},"thumbnailUrl":"https:\/\/www.manabi.gob.ec\/wp-content\/uploads\/2023\/04\/WhatsApp-Image-2023-04-20-at-10.24.29.jpeg","datePublished":"2023-04-21T20:55:25+00:00","dateModified":"2023-04-21T20:55:30+00:00","author":{"@id":"https:\/\/www.manabi.gob.ec\/#\/schema\/person\/c4f117989332ad723a6ced5994aa7d7a"},"breadcrumb":{"@id":"https:\/\/www.manabi.gob.ec\/index.php\/prefectura-de-manabi-avanza-en-la-proteccion-del-area-del-mercado-en-charapoto-ante-fuertes-lluvias\/#breadcrumb"},"inLanguage":"es","potentialAction":[{"@type":"ReadAction","target":["https:\/\/www.manabi.gob.ec\/index.php\/prefectura-de-manabi-avanza-en-la-proteccion-del-area-del-mercado-en-charapoto-ante-fuertes-lluvias\/"]}]},{"@type":"ImageObject","inLanguage":"es","@id":"https:\/\/www.manabi.gob.ec\/index.php\/prefectura-de-manabi-avanza-en-la-proteccion-del-area-del-mercado-en-charapoto-ante-fuertes-lluvias\/#primaryimage","url":"https:\/\/www.manabi.gob.ec\/wp-content\/uploads\/2023\/04\/WhatsApp-Image-2023-04-20-at-10.24.29.jpeg","contentUrl":"https:\/\/www.manabi.gob.ec\/wp-content\/uploads\/2023\/04\/WhatsApp-Image-2023-04-20-at-10.24.29.jpeg","width":1280,"height":960},{"@type":"BreadcrumbList","@id":"https:\/\/www.manabi.gob.ec\/index.php\/prefectura-de-manabi-avanza-en-la-proteccion-del-area-del-mercado-en-charapoto-ante-fuertes-lluvias\/#breadcrumb","itemListElement":[{"@type":"ListItem","position":1,"name":"Portada","item":"https:\/\/www.manabi.gob.ec\/"},{"@type":"ListItem","position":2,"name":"Prefectura de Manab\u00ed avanza en la protecci\u00f3n del \u00e1rea del mercado en Charapot\u00f3 ante fuertes lluvias."}]},{"@type":"WebSite","@id":"https:\/\/www.manabi.gob.ec\/#website","url":"https:\/\/www.manabi.gob.ec\/","name":"Prefectura de Manab\u00ed","description":"P\u00e1gina web de la prefectura","potentialAction":[{"@type":"SearchAction","target":{"@type":"EntryPoint","urlTemplate":"https:\/\/www.manabi.gob.ec\/?s={search_term_string}"},"query-input":{"@type":"PropertyValueSpecification","valueRequired":true,"valueName":"search_term_string"}}],"inLanguage":"es"},{"@type":"Person","@id":"https:\/\/www.manabi.gob.ec\/#\/schema\/person\/c4f117989332ad723a6ced5994aa7d7a","name":"Lui Ochoa","image":{"@type":"ImageObject","inLanguage":"es","@id":"https:\/\/secure.gravatar.com\/avatar\/6e8017d0fe69dead8a95864d2eb6e1e1d8bf8e01194ba49cf7b897ff038126ba?s=96&d=mm&r=g","url":"https:\/\/secure.gravatar.com\/avatar\/6e8017d0fe69dead8a95864d2eb6e1e1d8bf8e01194ba49cf7b897ff038126ba?s=96&d=mm&r=g","contentUrl":"https:\/\/secure.gravatar.com\/avatar\/6e8017d0fe69dead8a95864d2eb6e1e1d8bf8e01194ba49cf7b897ff038126ba?s=96&d=mm&r=g","caption":"Lui Ochoa"},"url":"https:\/\/www.manabi.gob.ec\/index.php\/author\/lochoa\/"}]}},"jetpack_featured_media_url":"https:\/\/www.manabi.gob.ec\/wp-content\/uploads\/2023\/04\/WhatsApp-Image-2023-04-20-at-10.24.29.jpeg","_links":{"self":[{"href":"https:\/\/www.manabi.gob.ec\/index.php\/wp-json\/wp\/v2\/posts\/24197","targetHints":{"allow":["GET"]}}],"collection":[{"href":"https:\/\/www.manabi.gob.ec\/index.php\/wp-json\/wp\/v2\/posts"}],"about":[{"href":"https:\/\/www.manabi.gob.ec\/index.php\/wp-json\/wp\/v2\/types\/post"}],"author":[{"embeddable":true,"href":"https:\/\/www.manabi.gob.ec\/index.php\/wp-json\/wp\/v2\/users\/10"}],"replies":[{"embeddable":true,"href":"https:\/\/www.manabi.gob.ec\/index.php\/wp-json\/wp\/v2\/comments?post=24197"}],"version-history":[{"count":0,"href":"https:\/\/www.manabi.gob.ec\/index.php\/wp-json\/wp\/v2\/posts\/24197\/revisions"}],"wp:featuredmedia":[{"embeddable":true,"href":"https:\/\/www.manabi.gob.ec\/index.php\/wp-json\/wp\/v2\/media\/24198"}],"wp:attachment":[{"href":"https:\/\/www.manabi.gob.ec\/index.php\/wp-json\/wp\/v2\/media?parent=24197"}],"wp:term":[{"taxonomy":"category","embeddable":true,"href":"https:\/\/www.manabi.gob.ec\/index.php\/wp-json\/wp\/v2\/categories?post=24197"},{"taxonomy":"post_tag","embeddable":true,"href":"https:\/\/www.manabi.gob.ec\/index.php\/wp-json\/wp\/v2\/tags?post=24197"}],"curies":[{"name":"wp","href":"https:\/\/api.w.org\/{rel}","templated":true}]}}