{"id":24403,"date":"2023-05-02T21:11:09","date_gmt":"2023-05-02T21:11:09","guid":{"rendered":"https:\/\/www.manabi.gob.ec\/?p=24403"},"modified":"2023-05-02T21:11:13","modified_gmt":"2023-05-02T21:11:13","slug":"por-mejores-dias-para-pajan","status":"publish","type":"post","link":"https:\/\/www.manabi.gob.ec\/index.php\/por-mejores-dias-para-pajan\/","title":{"rendered":"\u00a1POR MEJORES D\u00cdAS PARA PAJ\u00c1N!"},"content":{"rendered":"\n<p>El prefecto de Manab\u00ed, Leonardo Orlando, sigue manteniendo reuniones con los alcaldes electos y reelectos que asumir\u00e1n funciones el pr\u00f3ximo 15 de mayo y as\u00ed \u201cganarle tiempo al tiempo\u201d para priorizar, coordinar, y planificar las intervenciones.<\/p>\n\n\n\n<p>Con este objetivo, junto a directores y t\u00e9cnicos de la Prefectura, Orlando se reuni\u00f3 con la alcaldesa electa de Paj\u00e1n, Karen Marcillo, y su equipo t\u00e9cnico-administrativo, este martes 2 de mayo en la sede institucional.<\/p>\n\n\n\n<p>Se mencion\u00f3 acciones de prevenci\u00f3n y mitigaci\u00f3n de riesgos, y obras que se har\u00e1n apenas culmine la estaci\u00f3n invernal, como apertura de caminos veraneros. En esta reuni\u00f3n tambi\u00e9n se pas\u00f3 revista a las obras y proyectos ejecutados por la Prefectura de Manab\u00ed durante el periodo 2019-2023, con una inversi\u00f3n global que bordea los 10.3 millones de d\u00f3lares.<\/p>\n\n\n\n<p>En este primer periodo de la administraci\u00f3n provincial liderada por Leonardo Orlando, en Paj\u00e1n se han ejecutado obras y proyectos financiados con recursos propios, cr\u00e9ditos del Banco de Desarrollo, y en convenio con los GAD parroquiales; ahora, bajo la alcald\u00eda de Karen Marcillo, tambi\u00e9n se trabajar\u00e1 articuladamente y mediante convenios con la administraci\u00f3n municipal, lo cual no fue posible concretar con el alcalde saliente.<\/p>\n\n\n\n<p>\u201cEsta reuni\u00f3n es muy importante para el futuro de Paj\u00e1n, porque necesitamos trabajar articuladamente por mejores d\u00edas para nuestro cant\u00f3n. Gracias por esta apertura y predisposici\u00f3n de su parte, se\u00f1or Prefecto\u201d, expres\u00f3&nbsp;Karen&nbsp;Marcillo.<\/p>\n","protected":false},"excerpt":{"rendered":"<p>El prefecto de Manab\u00ed, Leonardo Orlando, sigue manteniendo reuniones con los alcaldes electos y reelectos que asumir\u00e1n funciones el pr\u00f3ximo 15 de mayo y as\u00ed \u201cganarle tiempo al tiempo\u201d para priorizar, coordinar, y planificar las intervenciones. Con este objetivo, junto a directores y t\u00e9cnicos de la Prefectura, Orlando se reuni\u00f3 con la alcaldesa electa de [&hellip;]<\/p>\n","protected":false},"author":10,"featured_media":24404,"comment_status":"closed","ping_status":"closed","sticky":false,"template":"","format":"standard","meta":{"_joinchat":[],"footnotes":""},"categories":[142,92,126,193,91,127],"tags":[],"class_list":["post-24403","post","type-post","status-publish","format-standard","has-post-thumbnail","hentry","category-desarrollo-social","category-noticias-manabi","category-pajan","category-participacion-ciudadana","category-todas","category-vialidad"],"yoast_head":"<!-- This site is optimized with the Yoast SEO plugin v27.4 - https:\/\/yoast.com\/product\/yoast-seo-wordpress\/ -->\n<title>\u00a1POR MEJORES D\u00cdAS PARA PAJ\u00c1N! - Prefectura de Manab\u00ed<\/title>\n<meta name=\"robots\" content=\"index, follow, max-snippet:-1, max-image-preview:large, max-video-preview:-1\" \/>\n<link rel=\"canonical\" href=\"https:\/\/www.manabi.gob.ec\/index.php\/por-mejores-dias-para-pajan\/\" \/>\n<meta property=\"og:locale\" content=\"es_ES\" \/>\n<meta property=\"og:type\" content=\"article\" \/>\n<meta property=\"og:title\" content=\"\u00a1POR MEJORES D\u00cdAS PARA PAJ\u00c1N! - Prefectura de Manab\u00ed\" \/>\n<meta property=\"og:description\" content=\"El prefecto de Manab\u00ed, Leonardo Orlando, sigue manteniendo reuniones con los alcaldes electos y reelectos que asumir\u00e1n funciones el pr\u00f3ximo 15 de mayo y as\u00ed \u201cganarle tiempo al tiempo\u201d para priorizar, coordinar, y planificar las intervenciones. Con este objetivo, junto a directores y t\u00e9cnicos de la Prefectura, Orlando se reuni\u00f3 con la alcaldesa electa de [&hellip;]\" \/>\n<meta property=\"og:url\" content=\"https:\/\/www.manabi.gob.ec\/index.php\/por-mejores-dias-para-pajan\/\" \/>\n<meta property=\"og:site_name\" content=\"Prefectura de Manab\u00ed\" \/>\n<meta property=\"article:published_time\" content=\"2023-05-02T21:11:09+00:00\" \/>\n<meta property=\"article:modified_time\" content=\"2023-05-02T21:11:13+00:00\" \/>\n<meta property=\"og:image\" content=\"https:\/\/www.manabi.gob.ec\/wp-content\/uploads\/2023\/05\/WhatsApp-Image-2023-05-02-at-16.09.41.jpeg\" \/>\n\t<meta property=\"og:image:width\" content=\"1280\" \/>\n\t<meta property=\"og:image:height\" content=\"852\" \/>\n\t<meta property=\"og:image:type\" content=\"image\/jpeg\" \/>\n<meta name=\"author\" content=\"Lui Ochoa\" \/>\n<meta name=\"twitter:card\" content=\"summary_large_image\" \/>\n<meta name=\"twitter:label1\" content=\"Escrito por\" \/>\n\t<meta name=\"twitter:data1\" content=\"Lui Ochoa\" \/>\n\t<meta name=\"twitter:label2\" content=\"Tiempo de lectura\" \/>\n\t<meta name=\"twitter:data2\" content=\"2 minutos\" \/>\n<script type=\"application\/ld+json\" class=\"yoast-schema-graph\">{\"@context\":\"https:\\\/\\\/schema.org\",\"@graph\":[{\"@type\":\"Article\",\"@id\":\"https:\\\/\\\/www.manabi.gob.ec\\\/index.php\\\/por-mejores-dias-para-pajan\\\/#article\",\"isPartOf\":{\"@id\":\"https:\\\/\\\/www.manabi.gob.ec\\\/index.php\\\/por-mejores-dias-para-pajan\\\/\"},\"author\":{\"name\":\"Lui Ochoa\",\"@id\":\"https:\\\/\\\/www.manabi.gob.ec\\\/#\\\/schema\\\/person\\\/c4f117989332ad723a6ced5994aa7d7a\"},\"headline\":\"\u00a1POR MEJORES D\u00cdAS PARA PAJ\u00c1N!\",\"datePublished\":\"2023-05-02T21:11:09+00:00\",\"dateModified\":\"2023-05-02T21:11:13+00:00\",\"mainEntityOfPage\":{\"@id\":\"https:\\\/\\\/www.manabi.gob.ec\\\/index.php\\\/por-mejores-dias-para-pajan\\\/\"},\"wordCount\":257,\"image\":{\"@id\":\"https:\\\/\\\/www.manabi.gob.ec\\\/index.php\\\/por-mejores-dias-para-pajan\\\/#primaryimage\"},\"thumbnailUrl\":\"https:\\\/\\\/www.manabi.gob.ec\\\/wp-content\\\/uploads\\\/2023\\\/05\\\/WhatsApp-Image-2023-05-02-at-16.09.41.jpeg\",\"articleSection\":[\"Desarrollo Social\",\"Noticias\",\"Paj\u00e1n\",\"Participaci\u00f3n ciudadana\",\"Todas\",\"Vialidad\"],\"inLanguage\":\"es\"},{\"@type\":\"WebPage\",\"@id\":\"https:\\\/\\\/www.manabi.gob.ec\\\/index.php\\\/por-mejores-dias-para-pajan\\\/\",\"url\":\"https:\\\/\\\/www.manabi.gob.ec\\\/index.php\\\/por-mejores-dias-para-pajan\\\/\",\"name\":\"\u00a1POR MEJORES D\u00cdAS PARA PAJ\u00c1N! - Prefectura de Manab\u00ed\",\"isPartOf\":{\"@id\":\"https:\\\/\\\/www.manabi.gob.ec\\\/#website\"},\"primaryImageOfPage\":{\"@id\":\"https:\\\/\\\/www.manabi.gob.ec\\\/index.php\\\/por-mejores-dias-para-pajan\\\/#primaryimage\"},\"image\":{\"@id\":\"https:\\\/\\\/www.manabi.gob.ec\\\/index.php\\\/por-mejores-dias-para-pajan\\\/#primaryimage\"},\"thumbnailUrl\":\"https:\\\/\\\/www.manabi.gob.ec\\\/wp-content\\\/uploads\\\/2023\\\/05\\\/WhatsApp-Image-2023-05-02-at-16.09.41.jpeg\",\"datePublished\":\"2023-05-02T21:11:09+00:00\",\"dateModified\":\"2023-05-02T21:11:13+00:00\",\"author\":{\"@id\":\"https:\\\/\\\/www.manabi.gob.ec\\\/#\\\/schema\\\/person\\\/c4f117989332ad723a6ced5994aa7d7a\"},\"breadcrumb\":{\"@id\":\"https:\\\/\\\/www.manabi.gob.ec\\\/index.php\\\/por-mejores-dias-para-pajan\\\/#breadcrumb\"},\"inLanguage\":\"es\",\"potentialAction\":[{\"@type\":\"ReadAction\",\"target\":[\"https:\\\/\\\/www.manabi.gob.ec\\\/index.php\\\/por-mejores-dias-para-pajan\\\/\"]}]},{\"@type\":\"ImageObject\",\"inLanguage\":\"es\",\"@id\":\"https:\\\/\\\/www.manabi.gob.ec\\\/index.php\\\/por-mejores-dias-para-pajan\\\/#primaryimage\",\"url\":\"https:\\\/\\\/www.manabi.gob.ec\\\/wp-content\\\/uploads\\\/2023\\\/05\\\/WhatsApp-Image-2023-05-02-at-16.09.41.jpeg\",\"contentUrl\":\"https:\\\/\\\/www.manabi.gob.ec\\\/wp-content\\\/uploads\\\/2023\\\/05\\\/WhatsApp-Image-2023-05-02-at-16.09.41.jpeg\",\"width\":1280,\"height\":852},{\"@type\":\"BreadcrumbList\",\"@id\":\"https:\\\/\\\/www.manabi.gob.ec\\\/index.php\\\/por-mejores-dias-para-pajan\\\/#breadcrumb\",\"itemListElement\":[{\"@type\":\"ListItem\",\"position\":1,\"name\":\"Portada\",\"item\":\"https:\\\/\\\/www.manabi.gob.ec\\\/\"},{\"@type\":\"ListItem\",\"position\":2,\"name\":\"\u00a1POR MEJORES D\u00cdAS PARA PAJ\u00c1N!\"}]},{\"@type\":\"WebSite\",\"@id\":\"https:\\\/\\\/www.manabi.gob.ec\\\/#website\",\"url\":\"https:\\\/\\\/www.manabi.gob.ec\\\/\",\"name\":\"Prefectura de Manab\u00ed\",\"description\":\"P\u00e1gina web de la prefectura\",\"potentialAction\":[{\"@type\":\"SearchAction\",\"target\":{\"@type\":\"EntryPoint\",\"urlTemplate\":\"https:\\\/\\\/www.manabi.gob.ec\\\/?s={search_term_string}\"},\"query-input\":{\"@type\":\"PropertyValueSpecification\",\"valueRequired\":true,\"valueName\":\"search_term_string\"}}],\"inLanguage\":\"es\"},{\"@type\":\"Person\",\"@id\":\"https:\\\/\\\/www.manabi.gob.ec\\\/#\\\/schema\\\/person\\\/c4f117989332ad723a6ced5994aa7d7a\",\"name\":\"Lui Ochoa\",\"image\":{\"@type\":\"ImageObject\",\"inLanguage\":\"es\",\"@id\":\"https:\\\/\\\/secure.gravatar.com\\\/avatar\\\/6e8017d0fe69dead8a95864d2eb6e1e1d8bf8e01194ba49cf7b897ff038126ba?s=96&d=mm&r=g\",\"url\":\"https:\\\/\\\/secure.gravatar.com\\\/avatar\\\/6e8017d0fe69dead8a95864d2eb6e1e1d8bf8e01194ba49cf7b897ff038126ba?s=96&d=mm&r=g\",\"contentUrl\":\"https:\\\/\\\/secure.gravatar.com\\\/avatar\\\/6e8017d0fe69dead8a95864d2eb6e1e1d8bf8e01194ba49cf7b897ff038126ba?s=96&d=mm&r=g\",\"caption\":\"Lui Ochoa\"},\"url\":\"https:\\\/\\\/www.manabi.gob.ec\\\/index.php\\\/author\\\/lochoa\\\/\"}]}<\/script>\n<!-- \/ Yoast SEO plugin. -->","yoast_head_json":{"title":"\u00a1POR MEJORES D\u00cdAS PARA PAJ\u00c1N! - Prefectura de Manab\u00ed","robots":{"index":"index","follow":"follow","max-snippet":"max-snippet:-1","max-image-preview":"max-image-preview:large","max-video-preview":"max-video-preview:-1"},"canonical":"https:\/\/www.manabi.gob.ec\/index.php\/por-mejores-dias-para-pajan\/","og_locale":"es_ES","og_type":"article","og_title":"\u00a1POR MEJORES D\u00cdAS PARA PAJ\u00c1N! - Prefectura de Manab\u00ed","og_description":"El prefecto de Manab\u00ed, Leonardo Orlando, sigue manteniendo reuniones con los alcaldes electos y reelectos que asumir\u00e1n funciones el pr\u00f3ximo 15 de mayo y as\u00ed \u201cganarle tiempo al tiempo\u201d para priorizar, coordinar, y planificar las intervenciones. Con este objetivo, junto a directores y t\u00e9cnicos de la Prefectura, Orlando se reuni\u00f3 con la alcaldesa electa de [&hellip;]","og_url":"https:\/\/www.manabi.gob.ec\/index.php\/por-mejores-dias-para-pajan\/","og_site_name":"Prefectura de Manab\u00ed","article_published_time":"2023-05-02T21:11:09+00:00","article_modified_time":"2023-05-02T21:11:13+00:00","og_image":[{"width":1280,"height":852,"url":"https:\/\/www.manabi.gob.ec\/wp-content\/uploads\/2023\/05\/WhatsApp-Image-2023-05-02-at-16.09.41.jpeg","type":"image\/jpeg"}],"author":"Lui Ochoa","twitter_card":"summary_large_image","twitter_misc":{"Escrito por":"Lui Ochoa","Tiempo de lectura":"2 minutos"},"schema":{"@context":"https:\/\/schema.org","@graph":[{"@type":"Article","@id":"https:\/\/www.manabi.gob.ec\/index.php\/por-mejores-dias-para-pajan\/#article","isPartOf":{"@id":"https:\/\/www.manabi.gob.ec\/index.php\/por-mejores-dias-para-pajan\/"},"author":{"name":"Lui Ochoa","@id":"https:\/\/www.manabi.gob.ec\/#\/schema\/person\/c4f117989332ad723a6ced5994aa7d7a"},"headline":"\u00a1POR MEJORES D\u00cdAS PARA PAJ\u00c1N!","datePublished":"2023-05-02T21:11:09+00:00","dateModified":"2023-05-02T21:11:13+00:00","mainEntityOfPage":{"@id":"https:\/\/www.manabi.gob.ec\/index.php\/por-mejores-dias-para-pajan\/"},"wordCount":257,"image":{"@id":"https:\/\/www.manabi.gob.ec\/index.php\/por-mejores-dias-para-pajan\/#primaryimage"},"thumbnailUrl":"https:\/\/www.manabi.gob.ec\/wp-content\/uploads\/2023\/05\/WhatsApp-Image-2023-05-02-at-16.09.41.jpeg","articleSection":["Desarrollo Social","Noticias","Paj\u00e1n","Participaci\u00f3n ciudadana","Todas","Vialidad"],"inLanguage":"es"},{"@type":"WebPage","@id":"https:\/\/www.manabi.gob.ec\/index.php\/por-mejores-dias-para-pajan\/","url":"https:\/\/www.manabi.gob.ec\/index.php\/por-mejores-dias-para-pajan\/","name":"\u00a1POR MEJORES D\u00cdAS PARA PAJ\u00c1N! - Prefectura de Manab\u00ed","isPartOf":{"@id":"https:\/\/www.manabi.gob.ec\/#website"},"primaryImageOfPage":{"@id":"https:\/\/www.manabi.gob.ec\/index.php\/por-mejores-dias-para-pajan\/#primaryimage"},"image":{"@id":"https:\/\/www.manabi.gob.ec\/index.php\/por-mejores-dias-para-pajan\/#primaryimage"},"thumbnailUrl":"https:\/\/www.manabi.gob.ec\/wp-content\/uploads\/2023\/05\/WhatsApp-Image-2023-05-02-at-16.09.41.jpeg","datePublished":"2023-05-02T21:11:09+00:00","dateModified":"2023-05-02T21:11:13+00:00","author":{"@id":"https:\/\/www.manabi.gob.ec\/#\/schema\/person\/c4f117989332ad723a6ced5994aa7d7a"},"breadcrumb":{"@id":"https:\/\/www.manabi.gob.ec\/index.php\/por-mejores-dias-para-pajan\/#breadcrumb"},"inLanguage":"es","potentialAction":[{"@type":"ReadAction","target":["https:\/\/www.manabi.gob.ec\/index.php\/por-mejores-dias-para-pajan\/"]}]},{"@type":"ImageObject","inLanguage":"es","@id":"https:\/\/www.manabi.gob.ec\/index.php\/por-mejores-dias-para-pajan\/#primaryimage","url":"https:\/\/www.manabi.gob.ec\/wp-content\/uploads\/2023\/05\/WhatsApp-Image-2023-05-02-at-16.09.41.jpeg","contentUrl":"https:\/\/www.manabi.gob.ec\/wp-content\/uploads\/2023\/05\/WhatsApp-Image-2023-05-02-at-16.09.41.jpeg","width":1280,"height":852},{"@type":"BreadcrumbList","@id":"https:\/\/www.manabi.gob.ec\/index.php\/por-mejores-dias-para-pajan\/#breadcrumb","itemListElement":[{"@type":"ListItem","position":1,"name":"Portada","item":"https:\/\/www.manabi.gob.ec\/"},{"@type":"ListItem","position":2,"name":"\u00a1POR MEJORES D\u00cdAS PARA PAJ\u00c1N!"}]},{"@type":"WebSite","@id":"https:\/\/www.manabi.gob.ec\/#website","url":"https:\/\/www.manabi.gob.ec\/","name":"Prefectura de Manab\u00ed","description":"P\u00e1gina web de la prefectura","potentialAction":[{"@type":"SearchAction","target":{"@type":"EntryPoint","urlTemplate":"https:\/\/www.manabi.gob.ec\/?s={search_term_string}"},"query-input":{"@type":"PropertyValueSpecification","valueRequired":true,"valueName":"search_term_string"}}],"inLanguage":"es"},{"@type":"Person","@id":"https:\/\/www.manabi.gob.ec\/#\/schema\/person\/c4f117989332ad723a6ced5994aa7d7a","name":"Lui Ochoa","image":{"@type":"ImageObject","inLanguage":"es","@id":"https:\/\/secure.gravatar.com\/avatar\/6e8017d0fe69dead8a95864d2eb6e1e1d8bf8e01194ba49cf7b897ff038126ba?s=96&d=mm&r=g","url":"https:\/\/secure.gravatar.com\/avatar\/6e8017d0fe69dead8a95864d2eb6e1e1d8bf8e01194ba49cf7b897ff038126ba?s=96&d=mm&r=g","contentUrl":"https:\/\/secure.gravatar.com\/avatar\/6e8017d0fe69dead8a95864d2eb6e1e1d8bf8e01194ba49cf7b897ff038126ba?s=96&d=mm&r=g","caption":"Lui Ochoa"},"url":"https:\/\/www.manabi.gob.ec\/index.php\/author\/lochoa\/"}]}},"jetpack_featured_media_url":"https:\/\/www.manabi.gob.ec\/wp-content\/uploads\/2023\/05\/WhatsApp-Image-2023-05-02-at-16.09.41.jpeg","_links":{"self":[{"href":"https:\/\/www.manabi.gob.ec\/index.php\/wp-json\/wp\/v2\/posts\/24403","targetHints":{"allow":["GET"]}}],"collection":[{"href":"https:\/\/www.manabi.gob.ec\/index.php\/wp-json\/wp\/v2\/posts"}],"about":[{"href":"https:\/\/www.manabi.gob.ec\/index.php\/wp-json\/wp\/v2\/types\/post"}],"author":[{"embeddable":true,"href":"https:\/\/www.manabi.gob.ec\/index.php\/wp-json\/wp\/v2\/users\/10"}],"replies":[{"embeddable":true,"href":"https:\/\/www.manabi.gob.ec\/index.php\/wp-json\/wp\/v2\/comments?post=24403"}],"version-history":[{"count":0,"href":"https:\/\/www.manabi.gob.ec\/index.php\/wp-json\/wp\/v2\/posts\/24403\/revisions"}],"wp:featuredmedia":[{"embeddable":true,"href":"https:\/\/www.manabi.gob.ec\/index.php\/wp-json\/wp\/v2\/media\/24404"}],"wp:attachment":[{"href":"https:\/\/www.manabi.gob.ec\/index.php\/wp-json\/wp\/v2\/media?parent=24403"}],"wp:term":[{"taxonomy":"category","embeddable":true,"href":"https:\/\/www.manabi.gob.ec\/index.php\/wp-json\/wp\/v2\/categories?post=24403"},{"taxonomy":"post_tag","embeddable":true,"href":"https:\/\/www.manabi.gob.ec\/index.php\/wp-json\/wp\/v2\/tags?post=24403"}],"curies":[{"name":"wp","href":"https:\/\/api.w.org\/{rel}","templated":true}]}}