{"id":24410,"date":"2023-05-03T15:31:25","date_gmt":"2023-05-03T15:31:25","guid":{"rendered":"https:\/\/www.manabi.gob.ec\/?p=24410"},"modified":"2023-05-03T15:31:30","modified_gmt":"2023-05-03T15:31:30","slug":"la-prefectura-trabaja-en-mejorar-conectividad-vial-entre-julcuy-y-machalilla","status":"publish","type":"post","link":"https:\/\/www.manabi.gob.ec\/index.php\/la-prefectura-trabaja-en-mejorar-conectividad-vial-entre-julcuy-y-machalilla\/","title":{"rendered":"La Prefectura trabaja en mejorar conectividad vial entre Julcuy y Machalilla"},"content":{"rendered":"\n<p>Unir a las parroquias Julcuy y Machalilla de los cantones Jipijapa y Puerto L\u00f3pez, respectivamente es uno de los sue\u00f1os integradores del prefecto Leonardo Orlando, para lo cual impulsa el eje vial sur que integra los cantones Olmedo, 24 de Mayo, Jipijapa y Puerto L\u00f3pez.<\/p>\n\n\n\n<p>Actualmente se trabaja en el proyecto vial Barbal &#8211; El Lim\u00f3n &#8211; San Isidro, v\u00eda que tiene una extensi\u00f3n de 9,7 km de longitud y que es parte del eje vial sur.<\/p>\n\n\n\n<p>\u00abLos primeros 3,5 km tienen material de mejoramiento, en el segundo tramo estamos mejorando el trazado (terrapl\u00e9n). Tenemos estimado terminar a fines de a\u00f1o con el mejoramiento de la subrasate utilizando material de la zona\u00bb, expres\u00f3 Javier Cruzatty, t\u00e9cnico residente de la Prefectura de Manab\u00ed.<\/p>\n\n\n\n<p>La intervenci\u00f3n de esta v\u00eda beneficia a aproximadamente 300 familias quienes tienen esperanza de mejorar su calidad&nbsp;de&nbsp;vida.<\/p>\n","protected":false},"excerpt":{"rendered":"<p>Unir a las parroquias Julcuy y Machalilla de los cantones Jipijapa y Puerto L\u00f3pez, respectivamente es uno de los sue\u00f1os integradores del prefecto Leonardo Orlando, para lo cual impulsa el eje vial sur que integra los cantones Olmedo, 24 de Mayo, Jipijapa y Puerto L\u00f3pez. Actualmente se trabaja en el proyecto vial Barbal &#8211; El [&hellip;]<\/p>\n","protected":false},"author":10,"featured_media":24411,"comment_status":"closed","ping_status":"closed","sticky":false,"template":"","format":"standard","meta":{"_joinchat":[],"footnotes":""},"categories":[142,123,92,181,91,127],"tags":[],"class_list":["post-24410","post","type-post","status-publish","format-standard","has-post-thumbnail","hentry","category-desarrollo-social","category-jipijapa","category-noticias-manabi","category-obra-publica","category-todas","category-vialidad"],"yoast_head":"<!-- This site is optimized with the Yoast SEO plugin v27.4 - https:\/\/yoast.com\/product\/yoast-seo-wordpress\/ -->\n<title>La Prefectura trabaja en mejorar conectividad vial entre Julcuy y Machalilla - Prefectura de Manab\u00ed<\/title>\n<meta name=\"robots\" content=\"index, follow, max-snippet:-1, max-image-preview:large, max-video-preview:-1\" \/>\n<link rel=\"canonical\" href=\"https:\/\/www.manabi.gob.ec\/index.php\/la-prefectura-trabaja-en-mejorar-conectividad-vial-entre-julcuy-y-machalilla\/\" \/>\n<meta property=\"og:locale\" content=\"es_ES\" \/>\n<meta property=\"og:type\" content=\"article\" \/>\n<meta property=\"og:title\" content=\"La Prefectura trabaja en mejorar conectividad vial entre Julcuy y Machalilla - Prefectura de Manab\u00ed\" \/>\n<meta property=\"og:description\" content=\"Unir a las parroquias Julcuy y Machalilla de los cantones Jipijapa y Puerto L\u00f3pez, respectivamente es uno de los sue\u00f1os integradores del prefecto Leonardo Orlando, para lo cual impulsa el eje vial sur que integra los cantones Olmedo, 24 de Mayo, Jipijapa y Puerto L\u00f3pez. Actualmente se trabaja en el proyecto vial Barbal &#8211; El [&hellip;]\" \/>\n<meta property=\"og:url\" content=\"https:\/\/www.manabi.gob.ec\/index.php\/la-prefectura-trabaja-en-mejorar-conectividad-vial-entre-julcuy-y-machalilla\/\" \/>\n<meta property=\"og:site_name\" content=\"Prefectura de Manab\u00ed\" \/>\n<meta property=\"article:published_time\" content=\"2023-05-03T15:31:25+00:00\" \/>\n<meta property=\"article:modified_time\" content=\"2023-05-03T15:31:30+00:00\" \/>\n<meta property=\"og:image\" content=\"https:\/\/www.manabi.gob.ec\/wp-content\/uploads\/2023\/05\/WhatsApp-Image-2023-05-03-at-08.59.17.jpeg\" \/>\n\t<meta property=\"og:image:width\" content=\"1024\" \/>\n\t<meta property=\"og:image:height\" content=\"577\" \/>\n\t<meta property=\"og:image:type\" content=\"image\/jpeg\" \/>\n<meta name=\"author\" content=\"Lui Ochoa\" \/>\n<meta name=\"twitter:card\" content=\"summary_large_image\" \/>\n<meta name=\"twitter:label1\" content=\"Escrito por\" \/>\n\t<meta name=\"twitter:data1\" content=\"Lui Ochoa\" \/>\n\t<meta name=\"twitter:label2\" content=\"Tiempo de lectura\" \/>\n\t<meta name=\"twitter:data2\" content=\"1 minuto\" \/>\n<script type=\"application\/ld+json\" class=\"yoast-schema-graph\">{\"@context\":\"https:\\\/\\\/schema.org\",\"@graph\":[{\"@type\":\"Article\",\"@id\":\"https:\\\/\\\/www.manabi.gob.ec\\\/index.php\\\/la-prefectura-trabaja-en-mejorar-conectividad-vial-entre-julcuy-y-machalilla\\\/#article\",\"isPartOf\":{\"@id\":\"https:\\\/\\\/www.manabi.gob.ec\\\/index.php\\\/la-prefectura-trabaja-en-mejorar-conectividad-vial-entre-julcuy-y-machalilla\\\/\"},\"author\":{\"name\":\"Lui Ochoa\",\"@id\":\"https:\\\/\\\/www.manabi.gob.ec\\\/#\\\/schema\\\/person\\\/c4f117989332ad723a6ced5994aa7d7a\"},\"headline\":\"La Prefectura trabaja en mejorar conectividad vial entre Julcuy y Machalilla\",\"datePublished\":\"2023-05-03T15:31:25+00:00\",\"dateModified\":\"2023-05-03T15:31:30+00:00\",\"mainEntityOfPage\":{\"@id\":\"https:\\\/\\\/www.manabi.gob.ec\\\/index.php\\\/la-prefectura-trabaja-en-mejorar-conectividad-vial-entre-julcuy-y-machalilla\\\/\"},\"wordCount\":161,\"image\":{\"@id\":\"https:\\\/\\\/www.manabi.gob.ec\\\/index.php\\\/la-prefectura-trabaja-en-mejorar-conectividad-vial-entre-julcuy-y-machalilla\\\/#primaryimage\"},\"thumbnailUrl\":\"https:\\\/\\\/www.manabi.gob.ec\\\/wp-content\\\/uploads\\\/2023\\\/05\\\/WhatsApp-Image-2023-05-03-at-08.59.17.jpeg\",\"articleSection\":[\"Desarrollo Social\",\"Jipijapa\",\"Noticias\",\"Obra P\u00fablica\",\"Todas\",\"Vialidad\"],\"inLanguage\":\"es\"},{\"@type\":\"WebPage\",\"@id\":\"https:\\\/\\\/www.manabi.gob.ec\\\/index.php\\\/la-prefectura-trabaja-en-mejorar-conectividad-vial-entre-julcuy-y-machalilla\\\/\",\"url\":\"https:\\\/\\\/www.manabi.gob.ec\\\/index.php\\\/la-prefectura-trabaja-en-mejorar-conectividad-vial-entre-julcuy-y-machalilla\\\/\",\"name\":\"La Prefectura trabaja en mejorar conectividad vial entre Julcuy y Machalilla - Prefectura de Manab\u00ed\",\"isPartOf\":{\"@id\":\"https:\\\/\\\/www.manabi.gob.ec\\\/#website\"},\"primaryImageOfPage\":{\"@id\":\"https:\\\/\\\/www.manabi.gob.ec\\\/index.php\\\/la-prefectura-trabaja-en-mejorar-conectividad-vial-entre-julcuy-y-machalilla\\\/#primaryimage\"},\"image\":{\"@id\":\"https:\\\/\\\/www.manabi.gob.ec\\\/index.php\\\/la-prefectura-trabaja-en-mejorar-conectividad-vial-entre-julcuy-y-machalilla\\\/#primaryimage\"},\"thumbnailUrl\":\"https:\\\/\\\/www.manabi.gob.ec\\\/wp-content\\\/uploads\\\/2023\\\/05\\\/WhatsApp-Image-2023-05-03-at-08.59.17.jpeg\",\"datePublished\":\"2023-05-03T15:31:25+00:00\",\"dateModified\":\"2023-05-03T15:31:30+00:00\",\"author\":{\"@id\":\"https:\\\/\\\/www.manabi.gob.ec\\\/#\\\/schema\\\/person\\\/c4f117989332ad723a6ced5994aa7d7a\"},\"breadcrumb\":{\"@id\":\"https:\\\/\\\/www.manabi.gob.ec\\\/index.php\\\/la-prefectura-trabaja-en-mejorar-conectividad-vial-entre-julcuy-y-machalilla\\\/#breadcrumb\"},\"inLanguage\":\"es\",\"potentialAction\":[{\"@type\":\"ReadAction\",\"target\":[\"https:\\\/\\\/www.manabi.gob.ec\\\/index.php\\\/la-prefectura-trabaja-en-mejorar-conectividad-vial-entre-julcuy-y-machalilla\\\/\"]}]},{\"@type\":\"ImageObject\",\"inLanguage\":\"es\",\"@id\":\"https:\\\/\\\/www.manabi.gob.ec\\\/index.php\\\/la-prefectura-trabaja-en-mejorar-conectividad-vial-entre-julcuy-y-machalilla\\\/#primaryimage\",\"url\":\"https:\\\/\\\/www.manabi.gob.ec\\\/wp-content\\\/uploads\\\/2023\\\/05\\\/WhatsApp-Image-2023-05-03-at-08.59.17.jpeg\",\"contentUrl\":\"https:\\\/\\\/www.manabi.gob.ec\\\/wp-content\\\/uploads\\\/2023\\\/05\\\/WhatsApp-Image-2023-05-03-at-08.59.17.jpeg\",\"width\":1024,\"height\":577},{\"@type\":\"BreadcrumbList\",\"@id\":\"https:\\\/\\\/www.manabi.gob.ec\\\/index.php\\\/la-prefectura-trabaja-en-mejorar-conectividad-vial-entre-julcuy-y-machalilla\\\/#breadcrumb\",\"itemListElement\":[{\"@type\":\"ListItem\",\"position\":1,\"name\":\"Portada\",\"item\":\"https:\\\/\\\/www.manabi.gob.ec\\\/\"},{\"@type\":\"ListItem\",\"position\":2,\"name\":\"La Prefectura trabaja en mejorar conectividad vial entre Julcuy y Machalilla\"}]},{\"@type\":\"WebSite\",\"@id\":\"https:\\\/\\\/www.manabi.gob.ec\\\/#website\",\"url\":\"https:\\\/\\\/www.manabi.gob.ec\\\/\",\"name\":\"Prefectura de Manab\u00ed\",\"description\":\"P\u00e1gina web de la prefectura\",\"potentialAction\":[{\"@type\":\"SearchAction\",\"target\":{\"@type\":\"EntryPoint\",\"urlTemplate\":\"https:\\\/\\\/www.manabi.gob.ec\\\/?s={search_term_string}\"},\"query-input\":{\"@type\":\"PropertyValueSpecification\",\"valueRequired\":true,\"valueName\":\"search_term_string\"}}],\"inLanguage\":\"es\"},{\"@type\":\"Person\",\"@id\":\"https:\\\/\\\/www.manabi.gob.ec\\\/#\\\/schema\\\/person\\\/c4f117989332ad723a6ced5994aa7d7a\",\"name\":\"Lui Ochoa\",\"image\":{\"@type\":\"ImageObject\",\"inLanguage\":\"es\",\"@id\":\"https:\\\/\\\/secure.gravatar.com\\\/avatar\\\/6e8017d0fe69dead8a95864d2eb6e1e1d8bf8e01194ba49cf7b897ff038126ba?s=96&d=mm&r=g\",\"url\":\"https:\\\/\\\/secure.gravatar.com\\\/avatar\\\/6e8017d0fe69dead8a95864d2eb6e1e1d8bf8e01194ba49cf7b897ff038126ba?s=96&d=mm&r=g\",\"contentUrl\":\"https:\\\/\\\/secure.gravatar.com\\\/avatar\\\/6e8017d0fe69dead8a95864d2eb6e1e1d8bf8e01194ba49cf7b897ff038126ba?s=96&d=mm&r=g\",\"caption\":\"Lui Ochoa\"},\"url\":\"https:\\\/\\\/www.manabi.gob.ec\\\/index.php\\\/author\\\/lochoa\\\/\"}]}<\/script>\n<!-- \/ Yoast SEO plugin. -->","yoast_head_json":{"title":"La Prefectura trabaja en mejorar conectividad vial entre Julcuy y Machalilla - Prefectura de Manab\u00ed","robots":{"index":"index","follow":"follow","max-snippet":"max-snippet:-1","max-image-preview":"max-image-preview:large","max-video-preview":"max-video-preview:-1"},"canonical":"https:\/\/www.manabi.gob.ec\/index.php\/la-prefectura-trabaja-en-mejorar-conectividad-vial-entre-julcuy-y-machalilla\/","og_locale":"es_ES","og_type":"article","og_title":"La Prefectura trabaja en mejorar conectividad vial entre Julcuy y Machalilla - Prefectura de Manab\u00ed","og_description":"Unir a las parroquias Julcuy y Machalilla de los cantones Jipijapa y Puerto L\u00f3pez, respectivamente es uno de los sue\u00f1os integradores del prefecto Leonardo Orlando, para lo cual impulsa el eje vial sur que integra los cantones Olmedo, 24 de Mayo, Jipijapa y Puerto L\u00f3pez. Actualmente se trabaja en el proyecto vial Barbal &#8211; El [&hellip;]","og_url":"https:\/\/www.manabi.gob.ec\/index.php\/la-prefectura-trabaja-en-mejorar-conectividad-vial-entre-julcuy-y-machalilla\/","og_site_name":"Prefectura de Manab\u00ed","article_published_time":"2023-05-03T15:31:25+00:00","article_modified_time":"2023-05-03T15:31:30+00:00","og_image":[{"width":1024,"height":577,"url":"https:\/\/www.manabi.gob.ec\/wp-content\/uploads\/2023\/05\/WhatsApp-Image-2023-05-03-at-08.59.17.jpeg","type":"image\/jpeg"}],"author":"Lui Ochoa","twitter_card":"summary_large_image","twitter_misc":{"Escrito por":"Lui Ochoa","Tiempo de lectura":"1 minuto"},"schema":{"@context":"https:\/\/schema.org","@graph":[{"@type":"Article","@id":"https:\/\/www.manabi.gob.ec\/index.php\/la-prefectura-trabaja-en-mejorar-conectividad-vial-entre-julcuy-y-machalilla\/#article","isPartOf":{"@id":"https:\/\/www.manabi.gob.ec\/index.php\/la-prefectura-trabaja-en-mejorar-conectividad-vial-entre-julcuy-y-machalilla\/"},"author":{"name":"Lui Ochoa","@id":"https:\/\/www.manabi.gob.ec\/#\/schema\/person\/c4f117989332ad723a6ced5994aa7d7a"},"headline":"La Prefectura trabaja en mejorar conectividad vial entre Julcuy y Machalilla","datePublished":"2023-05-03T15:31:25+00:00","dateModified":"2023-05-03T15:31:30+00:00","mainEntityOfPage":{"@id":"https:\/\/www.manabi.gob.ec\/index.php\/la-prefectura-trabaja-en-mejorar-conectividad-vial-entre-julcuy-y-machalilla\/"},"wordCount":161,"image":{"@id":"https:\/\/www.manabi.gob.ec\/index.php\/la-prefectura-trabaja-en-mejorar-conectividad-vial-entre-julcuy-y-machalilla\/#primaryimage"},"thumbnailUrl":"https:\/\/www.manabi.gob.ec\/wp-content\/uploads\/2023\/05\/WhatsApp-Image-2023-05-03-at-08.59.17.jpeg","articleSection":["Desarrollo Social","Jipijapa","Noticias","Obra P\u00fablica","Todas","Vialidad"],"inLanguage":"es"},{"@type":"WebPage","@id":"https:\/\/www.manabi.gob.ec\/index.php\/la-prefectura-trabaja-en-mejorar-conectividad-vial-entre-julcuy-y-machalilla\/","url":"https:\/\/www.manabi.gob.ec\/index.php\/la-prefectura-trabaja-en-mejorar-conectividad-vial-entre-julcuy-y-machalilla\/","name":"La Prefectura trabaja en mejorar conectividad vial entre Julcuy y Machalilla - Prefectura de Manab\u00ed","isPartOf":{"@id":"https:\/\/www.manabi.gob.ec\/#website"},"primaryImageOfPage":{"@id":"https:\/\/www.manabi.gob.ec\/index.php\/la-prefectura-trabaja-en-mejorar-conectividad-vial-entre-julcuy-y-machalilla\/#primaryimage"},"image":{"@id":"https:\/\/www.manabi.gob.ec\/index.php\/la-prefectura-trabaja-en-mejorar-conectividad-vial-entre-julcuy-y-machalilla\/#primaryimage"},"thumbnailUrl":"https:\/\/www.manabi.gob.ec\/wp-content\/uploads\/2023\/05\/WhatsApp-Image-2023-05-03-at-08.59.17.jpeg","datePublished":"2023-05-03T15:31:25+00:00","dateModified":"2023-05-03T15:31:30+00:00","author":{"@id":"https:\/\/www.manabi.gob.ec\/#\/schema\/person\/c4f117989332ad723a6ced5994aa7d7a"},"breadcrumb":{"@id":"https:\/\/www.manabi.gob.ec\/index.php\/la-prefectura-trabaja-en-mejorar-conectividad-vial-entre-julcuy-y-machalilla\/#breadcrumb"},"inLanguage":"es","potentialAction":[{"@type":"ReadAction","target":["https:\/\/www.manabi.gob.ec\/index.php\/la-prefectura-trabaja-en-mejorar-conectividad-vial-entre-julcuy-y-machalilla\/"]}]},{"@type":"ImageObject","inLanguage":"es","@id":"https:\/\/www.manabi.gob.ec\/index.php\/la-prefectura-trabaja-en-mejorar-conectividad-vial-entre-julcuy-y-machalilla\/#primaryimage","url":"https:\/\/www.manabi.gob.ec\/wp-content\/uploads\/2023\/05\/WhatsApp-Image-2023-05-03-at-08.59.17.jpeg","contentUrl":"https:\/\/www.manabi.gob.ec\/wp-content\/uploads\/2023\/05\/WhatsApp-Image-2023-05-03-at-08.59.17.jpeg","width":1024,"height":577},{"@type":"BreadcrumbList","@id":"https:\/\/www.manabi.gob.ec\/index.php\/la-prefectura-trabaja-en-mejorar-conectividad-vial-entre-julcuy-y-machalilla\/#breadcrumb","itemListElement":[{"@type":"ListItem","position":1,"name":"Portada","item":"https:\/\/www.manabi.gob.ec\/"},{"@type":"ListItem","position":2,"name":"La Prefectura trabaja en mejorar conectividad vial entre Julcuy y Machalilla"}]},{"@type":"WebSite","@id":"https:\/\/www.manabi.gob.ec\/#website","url":"https:\/\/www.manabi.gob.ec\/","name":"Prefectura de Manab\u00ed","description":"P\u00e1gina web de la prefectura","potentialAction":[{"@type":"SearchAction","target":{"@type":"EntryPoint","urlTemplate":"https:\/\/www.manabi.gob.ec\/?s={search_term_string}"},"query-input":{"@type":"PropertyValueSpecification","valueRequired":true,"valueName":"search_term_string"}}],"inLanguage":"es"},{"@type":"Person","@id":"https:\/\/www.manabi.gob.ec\/#\/schema\/person\/c4f117989332ad723a6ced5994aa7d7a","name":"Lui Ochoa","image":{"@type":"ImageObject","inLanguage":"es","@id":"https:\/\/secure.gravatar.com\/avatar\/6e8017d0fe69dead8a95864d2eb6e1e1d8bf8e01194ba49cf7b897ff038126ba?s=96&d=mm&r=g","url":"https:\/\/secure.gravatar.com\/avatar\/6e8017d0fe69dead8a95864d2eb6e1e1d8bf8e01194ba49cf7b897ff038126ba?s=96&d=mm&r=g","contentUrl":"https:\/\/secure.gravatar.com\/avatar\/6e8017d0fe69dead8a95864d2eb6e1e1d8bf8e01194ba49cf7b897ff038126ba?s=96&d=mm&r=g","caption":"Lui Ochoa"},"url":"https:\/\/www.manabi.gob.ec\/index.php\/author\/lochoa\/"}]}},"jetpack_featured_media_url":"https:\/\/www.manabi.gob.ec\/wp-content\/uploads\/2023\/05\/WhatsApp-Image-2023-05-03-at-08.59.17.jpeg","_links":{"self":[{"href":"https:\/\/www.manabi.gob.ec\/index.php\/wp-json\/wp\/v2\/posts\/24410","targetHints":{"allow":["GET"]}}],"collection":[{"href":"https:\/\/www.manabi.gob.ec\/index.php\/wp-json\/wp\/v2\/posts"}],"about":[{"href":"https:\/\/www.manabi.gob.ec\/index.php\/wp-json\/wp\/v2\/types\/post"}],"author":[{"embeddable":true,"href":"https:\/\/www.manabi.gob.ec\/index.php\/wp-json\/wp\/v2\/users\/10"}],"replies":[{"embeddable":true,"href":"https:\/\/www.manabi.gob.ec\/index.php\/wp-json\/wp\/v2\/comments?post=24410"}],"version-history":[{"count":0,"href":"https:\/\/www.manabi.gob.ec\/index.php\/wp-json\/wp\/v2\/posts\/24410\/revisions"}],"wp:featuredmedia":[{"embeddable":true,"href":"https:\/\/www.manabi.gob.ec\/index.php\/wp-json\/wp\/v2\/media\/24411"}],"wp:attachment":[{"href":"https:\/\/www.manabi.gob.ec\/index.php\/wp-json\/wp\/v2\/media?parent=24410"}],"wp:term":[{"taxonomy":"category","embeddable":true,"href":"https:\/\/www.manabi.gob.ec\/index.php\/wp-json\/wp\/v2\/categories?post=24410"},{"taxonomy":"post_tag","embeddable":true,"href":"https:\/\/www.manabi.gob.ec\/index.php\/wp-json\/wp\/v2\/tags?post=24410"}],"curies":[{"name":"wp","href":"https:\/\/api.w.org\/{rel}","templated":true}]}}