{"id":24480,"date":"2023-05-11T16:41:40","date_gmt":"2023-05-11T16:41:40","guid":{"rendered":"https:\/\/www.manabi.gob.ec\/?p=24480"},"modified":"2023-05-11T16:41:45","modified_gmt":"2023-05-11T16:41:45","slug":"en-la-boca-de-crucita-la-prefectura-proteje-con-piedra-escolleras-las-cabanas-gastronomicas","status":"publish","type":"post","link":"https:\/\/www.manabi.gob.ec\/index.php\/en-la-boca-de-crucita-la-prefectura-proteje-con-piedra-escolleras-las-cabanas-gastronomicas\/","title":{"rendered":"En la Boca de Crucita, la Prefectura proteje con piedra escolleras las caba\u00f1as gastron\u00f3micas"},"content":{"rendered":"\n<p>Como una medida preventiva y correctiva maquinaria de la Prefectura de Manab\u00ed, se encuentra colocando piedra escolleras para protejer las caba\u00f1as gastron\u00f3micas que se encuentran en la comunidad Las Gilces, en el sector de La Boca.<\/p>\n\n\n\n<p>\u00abEl fuerte oleaje nos afect\u00f3, y esta vez se sumo el r\u00edo Portoviejo, afluente que se desv\u00edo de su cauce natural y puso en riesgo las caba\u00f1as gastron\u00f3mica; pero la r\u00e1pida intervenci\u00f3n de la Prefectura y del prefecto Leonardo Orlando en atender a tiempo esta emergencia evit\u00f3 un desenlace triste\u00bb, precis\u00f3 Bol\u00edvar Aragundi, presidente de la comuna Las Gilces de la parroquia Crucita de Portoviejo.<\/p>\n\n\n\n<p>Se tiene previsto colocar 150 metros lineales por 4 metros de ancho de piedras escolleras, manifest\u00f3 Ricardo Cabrera, de la direcci\u00f3n de Ambiente y Riesgos de la Prefectura de Manab\u00ed.<\/p>\n\n\n\n<p>Asimismo, indic\u00f3 que el prefecto Leonardo Orlando, quiere dar una soluci\u00f3n definitiva a este problema, por lo tanto se van a realizar los estudios para construir dos espigones en la desembocadura del r\u00edo Portoviejo.<\/p>\n\n\n\n<p>Mientras todo esto sucede las 143 familias que dependen del turismo, tienen la esperanza de que vendr\u00e1n d\u00edas mejores un vez que la temporada invernal finalice.<\/p>\n","protected":false},"excerpt":{"rendered":"<p>Como una medida preventiva y correctiva maquinaria de la Prefectura de Manab\u00ed, se encuentra colocando piedra escolleras para protejer las caba\u00f1as gastron\u00f3micas que se encuentran en la comunidad Las Gilces, en el sector de La Boca. \u00abEl fuerte oleaje nos afect\u00f3, y esta vez se sumo el r\u00edo Portoviejo, afluente que se desv\u00edo de su [&hellip;]<\/p>\n","protected":false},"author":10,"featured_media":24481,"comment_status":"closed","ping_status":"closed","sticky":false,"template":"","format":"standard","meta":{"_joinchat":[],"footnotes":""},"categories":[150,222,142,92,181,340,339,91,127],"tags":[],"class_list":["post-24480","post","type-post","status-publish","format-standard","has-post-thumbnail","hentry","category-ambiente","category-crucita","category-desarrollo-social","category-noticias-manabi","category-obra-publica","category-plan-invernal-plan-invernal","category-plan-invernal","category-todas","category-vialidad"],"yoast_head":"<!-- This site is optimized with the Yoast SEO plugin v27.4 - https:\/\/yoast.com\/product\/yoast-seo-wordpress\/ -->\n<title>En la Boca de Crucita, la Prefectura proteje con piedra escolleras las caba\u00f1as gastron\u00f3micas - Prefectura de Manab\u00ed<\/title>\n<meta name=\"robots\" content=\"index, follow, max-snippet:-1, max-image-preview:large, max-video-preview:-1\" \/>\n<link rel=\"canonical\" href=\"https:\/\/www.manabi.gob.ec\/index.php\/en-la-boca-de-crucita-la-prefectura-proteje-con-piedra-escolleras-las-cabanas-gastronomicas\/\" \/>\n<meta property=\"og:locale\" content=\"es_ES\" \/>\n<meta property=\"og:type\" content=\"article\" \/>\n<meta property=\"og:title\" content=\"En la Boca de Crucita, la Prefectura proteje con piedra escolleras las caba\u00f1as gastron\u00f3micas - Prefectura de Manab\u00ed\" \/>\n<meta property=\"og:description\" content=\"Como una medida preventiva y correctiva maquinaria de la Prefectura de Manab\u00ed, se encuentra colocando piedra escolleras para protejer las caba\u00f1as gastron\u00f3micas que se encuentran en la comunidad Las Gilces, en el sector de La Boca. \u00abEl fuerte oleaje nos afect\u00f3, y esta vez se sumo el r\u00edo Portoviejo, afluente que se desv\u00edo de su [&hellip;]\" \/>\n<meta property=\"og:url\" content=\"https:\/\/www.manabi.gob.ec\/index.php\/en-la-boca-de-crucita-la-prefectura-proteje-con-piedra-escolleras-las-cabanas-gastronomicas\/\" \/>\n<meta property=\"og:site_name\" content=\"Prefectura de Manab\u00ed\" \/>\n<meta property=\"article:published_time\" content=\"2023-05-11T16:41:40+00:00\" \/>\n<meta property=\"article:modified_time\" content=\"2023-05-11T16:41:45+00:00\" \/>\n<meta property=\"og:image\" content=\"https:\/\/www.manabi.gob.ec\/wp-content\/uploads\/2023\/05\/WhatsApp-Image-2023-05-09-at-17.58.57.jpeg\" \/>\n\t<meta property=\"og:image:width\" content=\"1024\" \/>\n\t<meta property=\"og:image:height\" content=\"684\" \/>\n\t<meta property=\"og:image:type\" content=\"image\/jpeg\" \/>\n<meta name=\"author\" content=\"Lui Ochoa\" \/>\n<meta name=\"twitter:card\" content=\"summary_large_image\" \/>\n<meta name=\"twitter:label1\" content=\"Escrito por\" \/>\n\t<meta name=\"twitter:data1\" content=\"Lui Ochoa\" \/>\n\t<meta name=\"twitter:label2\" content=\"Tiempo de lectura\" \/>\n\t<meta name=\"twitter:data2\" content=\"1 minuto\" \/>\n<script type=\"application\/ld+json\" class=\"yoast-schema-graph\">{\"@context\":\"https:\\\/\\\/schema.org\",\"@graph\":[{\"@type\":\"Article\",\"@id\":\"https:\\\/\\\/www.manabi.gob.ec\\\/index.php\\\/en-la-boca-de-crucita-la-prefectura-proteje-con-piedra-escolleras-las-cabanas-gastronomicas\\\/#article\",\"isPartOf\":{\"@id\":\"https:\\\/\\\/www.manabi.gob.ec\\\/index.php\\\/en-la-boca-de-crucita-la-prefectura-proteje-con-piedra-escolleras-las-cabanas-gastronomicas\\\/\"},\"author\":{\"name\":\"Lui Ochoa\",\"@id\":\"https:\\\/\\\/www.manabi.gob.ec\\\/#\\\/schema\\\/person\\\/c4f117989332ad723a6ced5994aa7d7a\"},\"headline\":\"En la Boca de Crucita, la Prefectura proteje con piedra escolleras las caba\u00f1as gastron\u00f3micas\",\"datePublished\":\"2023-05-11T16:41:40+00:00\",\"dateModified\":\"2023-05-11T16:41:45+00:00\",\"mainEntityOfPage\":{\"@id\":\"https:\\\/\\\/www.manabi.gob.ec\\\/index.php\\\/en-la-boca-de-crucita-la-prefectura-proteje-con-piedra-escolleras-las-cabanas-gastronomicas\\\/\"},\"wordCount\":218,\"image\":{\"@id\":\"https:\\\/\\\/www.manabi.gob.ec\\\/index.php\\\/en-la-boca-de-crucita-la-prefectura-proteje-con-piedra-escolleras-las-cabanas-gastronomicas\\\/#primaryimage\"},\"thumbnailUrl\":\"https:\\\/\\\/www.manabi.gob.ec\\\/wp-content\\\/uploads\\\/2023\\\/05\\\/WhatsApp-Image-2023-05-09-at-17.58.57.jpeg\",\"articleSection\":[\"Ambiente\",\"Crucita\",\"Desarrollo Social\",\"Noticias\",\"Obra P\u00fablica\",\"PLAN INVERNAL\",\"Plan Invernal\",\"Todas\",\"Vialidad\"],\"inLanguage\":\"es\"},{\"@type\":\"WebPage\",\"@id\":\"https:\\\/\\\/www.manabi.gob.ec\\\/index.php\\\/en-la-boca-de-crucita-la-prefectura-proteje-con-piedra-escolleras-las-cabanas-gastronomicas\\\/\",\"url\":\"https:\\\/\\\/www.manabi.gob.ec\\\/index.php\\\/en-la-boca-de-crucita-la-prefectura-proteje-con-piedra-escolleras-las-cabanas-gastronomicas\\\/\",\"name\":\"En la Boca de Crucita, la Prefectura proteje con piedra escolleras las caba\u00f1as gastron\u00f3micas - Prefectura de Manab\u00ed\",\"isPartOf\":{\"@id\":\"https:\\\/\\\/www.manabi.gob.ec\\\/#website\"},\"primaryImageOfPage\":{\"@id\":\"https:\\\/\\\/www.manabi.gob.ec\\\/index.php\\\/en-la-boca-de-crucita-la-prefectura-proteje-con-piedra-escolleras-las-cabanas-gastronomicas\\\/#primaryimage\"},\"image\":{\"@id\":\"https:\\\/\\\/www.manabi.gob.ec\\\/index.php\\\/en-la-boca-de-crucita-la-prefectura-proteje-con-piedra-escolleras-las-cabanas-gastronomicas\\\/#primaryimage\"},\"thumbnailUrl\":\"https:\\\/\\\/www.manabi.gob.ec\\\/wp-content\\\/uploads\\\/2023\\\/05\\\/WhatsApp-Image-2023-05-09-at-17.58.57.jpeg\",\"datePublished\":\"2023-05-11T16:41:40+00:00\",\"dateModified\":\"2023-05-11T16:41:45+00:00\",\"author\":{\"@id\":\"https:\\\/\\\/www.manabi.gob.ec\\\/#\\\/schema\\\/person\\\/c4f117989332ad723a6ced5994aa7d7a\"},\"breadcrumb\":{\"@id\":\"https:\\\/\\\/www.manabi.gob.ec\\\/index.php\\\/en-la-boca-de-crucita-la-prefectura-proteje-con-piedra-escolleras-las-cabanas-gastronomicas\\\/#breadcrumb\"},\"inLanguage\":\"es\",\"potentialAction\":[{\"@type\":\"ReadAction\",\"target\":[\"https:\\\/\\\/www.manabi.gob.ec\\\/index.php\\\/en-la-boca-de-crucita-la-prefectura-proteje-con-piedra-escolleras-las-cabanas-gastronomicas\\\/\"]}]},{\"@type\":\"ImageObject\",\"inLanguage\":\"es\",\"@id\":\"https:\\\/\\\/www.manabi.gob.ec\\\/index.php\\\/en-la-boca-de-crucita-la-prefectura-proteje-con-piedra-escolleras-las-cabanas-gastronomicas\\\/#primaryimage\",\"url\":\"https:\\\/\\\/www.manabi.gob.ec\\\/wp-content\\\/uploads\\\/2023\\\/05\\\/WhatsApp-Image-2023-05-09-at-17.58.57.jpeg\",\"contentUrl\":\"https:\\\/\\\/www.manabi.gob.ec\\\/wp-content\\\/uploads\\\/2023\\\/05\\\/WhatsApp-Image-2023-05-09-at-17.58.57.jpeg\",\"width\":1024,\"height\":684},{\"@type\":\"BreadcrumbList\",\"@id\":\"https:\\\/\\\/www.manabi.gob.ec\\\/index.php\\\/en-la-boca-de-crucita-la-prefectura-proteje-con-piedra-escolleras-las-cabanas-gastronomicas\\\/#breadcrumb\",\"itemListElement\":[{\"@type\":\"ListItem\",\"position\":1,\"name\":\"Portada\",\"item\":\"https:\\\/\\\/www.manabi.gob.ec\\\/\"},{\"@type\":\"ListItem\",\"position\":2,\"name\":\"En la Boca de Crucita, la Prefectura proteje con piedra escolleras las caba\u00f1as gastron\u00f3micas\"}]},{\"@type\":\"WebSite\",\"@id\":\"https:\\\/\\\/www.manabi.gob.ec\\\/#website\",\"url\":\"https:\\\/\\\/www.manabi.gob.ec\\\/\",\"name\":\"Prefectura de Manab\u00ed\",\"description\":\"P\u00e1gina web de la prefectura\",\"potentialAction\":[{\"@type\":\"SearchAction\",\"target\":{\"@type\":\"EntryPoint\",\"urlTemplate\":\"https:\\\/\\\/www.manabi.gob.ec\\\/?s={search_term_string}\"},\"query-input\":{\"@type\":\"PropertyValueSpecification\",\"valueRequired\":true,\"valueName\":\"search_term_string\"}}],\"inLanguage\":\"es\"},{\"@type\":\"Person\",\"@id\":\"https:\\\/\\\/www.manabi.gob.ec\\\/#\\\/schema\\\/person\\\/c4f117989332ad723a6ced5994aa7d7a\",\"name\":\"Lui Ochoa\",\"image\":{\"@type\":\"ImageObject\",\"inLanguage\":\"es\",\"@id\":\"https:\\\/\\\/secure.gravatar.com\\\/avatar\\\/6e8017d0fe69dead8a95864d2eb6e1e1d8bf8e01194ba49cf7b897ff038126ba?s=96&d=mm&r=g\",\"url\":\"https:\\\/\\\/secure.gravatar.com\\\/avatar\\\/6e8017d0fe69dead8a95864d2eb6e1e1d8bf8e01194ba49cf7b897ff038126ba?s=96&d=mm&r=g\",\"contentUrl\":\"https:\\\/\\\/secure.gravatar.com\\\/avatar\\\/6e8017d0fe69dead8a95864d2eb6e1e1d8bf8e01194ba49cf7b897ff038126ba?s=96&d=mm&r=g\",\"caption\":\"Lui Ochoa\"},\"url\":\"https:\\\/\\\/www.manabi.gob.ec\\\/index.php\\\/author\\\/lochoa\\\/\"}]}<\/script>\n<!-- \/ Yoast SEO plugin. -->","yoast_head_json":{"title":"En la Boca de Crucita, la Prefectura proteje con piedra escolleras las caba\u00f1as gastron\u00f3micas - Prefectura de Manab\u00ed","robots":{"index":"index","follow":"follow","max-snippet":"max-snippet:-1","max-image-preview":"max-image-preview:large","max-video-preview":"max-video-preview:-1"},"canonical":"https:\/\/www.manabi.gob.ec\/index.php\/en-la-boca-de-crucita-la-prefectura-proteje-con-piedra-escolleras-las-cabanas-gastronomicas\/","og_locale":"es_ES","og_type":"article","og_title":"En la Boca de Crucita, la Prefectura proteje con piedra escolleras las caba\u00f1as gastron\u00f3micas - Prefectura de Manab\u00ed","og_description":"Como una medida preventiva y correctiva maquinaria de la Prefectura de Manab\u00ed, se encuentra colocando piedra escolleras para protejer las caba\u00f1as gastron\u00f3micas que se encuentran en la comunidad Las Gilces, en el sector de La Boca. \u00abEl fuerte oleaje nos afect\u00f3, y esta vez se sumo el r\u00edo Portoviejo, afluente que se desv\u00edo de su [&hellip;]","og_url":"https:\/\/www.manabi.gob.ec\/index.php\/en-la-boca-de-crucita-la-prefectura-proteje-con-piedra-escolleras-las-cabanas-gastronomicas\/","og_site_name":"Prefectura de Manab\u00ed","article_published_time":"2023-05-11T16:41:40+00:00","article_modified_time":"2023-05-11T16:41:45+00:00","og_image":[{"width":1024,"height":684,"url":"https:\/\/www.manabi.gob.ec\/wp-content\/uploads\/2023\/05\/WhatsApp-Image-2023-05-09-at-17.58.57.jpeg","type":"image\/jpeg"}],"author":"Lui Ochoa","twitter_card":"summary_large_image","twitter_misc":{"Escrito por":"Lui Ochoa","Tiempo de lectura":"1 minuto"},"schema":{"@context":"https:\/\/schema.org","@graph":[{"@type":"Article","@id":"https:\/\/www.manabi.gob.ec\/index.php\/en-la-boca-de-crucita-la-prefectura-proteje-con-piedra-escolleras-las-cabanas-gastronomicas\/#article","isPartOf":{"@id":"https:\/\/www.manabi.gob.ec\/index.php\/en-la-boca-de-crucita-la-prefectura-proteje-con-piedra-escolleras-las-cabanas-gastronomicas\/"},"author":{"name":"Lui Ochoa","@id":"https:\/\/www.manabi.gob.ec\/#\/schema\/person\/c4f117989332ad723a6ced5994aa7d7a"},"headline":"En la Boca de Crucita, la Prefectura proteje con piedra escolleras las caba\u00f1as gastron\u00f3micas","datePublished":"2023-05-11T16:41:40+00:00","dateModified":"2023-05-11T16:41:45+00:00","mainEntityOfPage":{"@id":"https:\/\/www.manabi.gob.ec\/index.php\/en-la-boca-de-crucita-la-prefectura-proteje-con-piedra-escolleras-las-cabanas-gastronomicas\/"},"wordCount":218,"image":{"@id":"https:\/\/www.manabi.gob.ec\/index.php\/en-la-boca-de-crucita-la-prefectura-proteje-con-piedra-escolleras-las-cabanas-gastronomicas\/#primaryimage"},"thumbnailUrl":"https:\/\/www.manabi.gob.ec\/wp-content\/uploads\/2023\/05\/WhatsApp-Image-2023-05-09-at-17.58.57.jpeg","articleSection":["Ambiente","Crucita","Desarrollo Social","Noticias","Obra P\u00fablica","PLAN INVERNAL","Plan Invernal","Todas","Vialidad"],"inLanguage":"es"},{"@type":"WebPage","@id":"https:\/\/www.manabi.gob.ec\/index.php\/en-la-boca-de-crucita-la-prefectura-proteje-con-piedra-escolleras-las-cabanas-gastronomicas\/","url":"https:\/\/www.manabi.gob.ec\/index.php\/en-la-boca-de-crucita-la-prefectura-proteje-con-piedra-escolleras-las-cabanas-gastronomicas\/","name":"En la Boca de Crucita, la Prefectura proteje con piedra escolleras las caba\u00f1as gastron\u00f3micas - Prefectura de Manab\u00ed","isPartOf":{"@id":"https:\/\/www.manabi.gob.ec\/#website"},"primaryImageOfPage":{"@id":"https:\/\/www.manabi.gob.ec\/index.php\/en-la-boca-de-crucita-la-prefectura-proteje-con-piedra-escolleras-las-cabanas-gastronomicas\/#primaryimage"},"image":{"@id":"https:\/\/www.manabi.gob.ec\/index.php\/en-la-boca-de-crucita-la-prefectura-proteje-con-piedra-escolleras-las-cabanas-gastronomicas\/#primaryimage"},"thumbnailUrl":"https:\/\/www.manabi.gob.ec\/wp-content\/uploads\/2023\/05\/WhatsApp-Image-2023-05-09-at-17.58.57.jpeg","datePublished":"2023-05-11T16:41:40+00:00","dateModified":"2023-05-11T16:41:45+00:00","author":{"@id":"https:\/\/www.manabi.gob.ec\/#\/schema\/person\/c4f117989332ad723a6ced5994aa7d7a"},"breadcrumb":{"@id":"https:\/\/www.manabi.gob.ec\/index.php\/en-la-boca-de-crucita-la-prefectura-proteje-con-piedra-escolleras-las-cabanas-gastronomicas\/#breadcrumb"},"inLanguage":"es","potentialAction":[{"@type":"ReadAction","target":["https:\/\/www.manabi.gob.ec\/index.php\/en-la-boca-de-crucita-la-prefectura-proteje-con-piedra-escolleras-las-cabanas-gastronomicas\/"]}]},{"@type":"ImageObject","inLanguage":"es","@id":"https:\/\/www.manabi.gob.ec\/index.php\/en-la-boca-de-crucita-la-prefectura-proteje-con-piedra-escolleras-las-cabanas-gastronomicas\/#primaryimage","url":"https:\/\/www.manabi.gob.ec\/wp-content\/uploads\/2023\/05\/WhatsApp-Image-2023-05-09-at-17.58.57.jpeg","contentUrl":"https:\/\/www.manabi.gob.ec\/wp-content\/uploads\/2023\/05\/WhatsApp-Image-2023-05-09-at-17.58.57.jpeg","width":1024,"height":684},{"@type":"BreadcrumbList","@id":"https:\/\/www.manabi.gob.ec\/index.php\/en-la-boca-de-crucita-la-prefectura-proteje-con-piedra-escolleras-las-cabanas-gastronomicas\/#breadcrumb","itemListElement":[{"@type":"ListItem","position":1,"name":"Portada","item":"https:\/\/www.manabi.gob.ec\/"},{"@type":"ListItem","position":2,"name":"En la Boca de Crucita, la Prefectura proteje con piedra escolleras las caba\u00f1as gastron\u00f3micas"}]},{"@type":"WebSite","@id":"https:\/\/www.manabi.gob.ec\/#website","url":"https:\/\/www.manabi.gob.ec\/","name":"Prefectura de Manab\u00ed","description":"P\u00e1gina web de la prefectura","potentialAction":[{"@type":"SearchAction","target":{"@type":"EntryPoint","urlTemplate":"https:\/\/www.manabi.gob.ec\/?s={search_term_string}"},"query-input":{"@type":"PropertyValueSpecification","valueRequired":true,"valueName":"search_term_string"}}],"inLanguage":"es"},{"@type":"Person","@id":"https:\/\/www.manabi.gob.ec\/#\/schema\/person\/c4f117989332ad723a6ced5994aa7d7a","name":"Lui Ochoa","image":{"@type":"ImageObject","inLanguage":"es","@id":"https:\/\/secure.gravatar.com\/avatar\/6e8017d0fe69dead8a95864d2eb6e1e1d8bf8e01194ba49cf7b897ff038126ba?s=96&d=mm&r=g","url":"https:\/\/secure.gravatar.com\/avatar\/6e8017d0fe69dead8a95864d2eb6e1e1d8bf8e01194ba49cf7b897ff038126ba?s=96&d=mm&r=g","contentUrl":"https:\/\/secure.gravatar.com\/avatar\/6e8017d0fe69dead8a95864d2eb6e1e1d8bf8e01194ba49cf7b897ff038126ba?s=96&d=mm&r=g","caption":"Lui Ochoa"},"url":"https:\/\/www.manabi.gob.ec\/index.php\/author\/lochoa\/"}]}},"jetpack_featured_media_url":"https:\/\/www.manabi.gob.ec\/wp-content\/uploads\/2023\/05\/WhatsApp-Image-2023-05-09-at-17.58.57.jpeg","_links":{"self":[{"href":"https:\/\/www.manabi.gob.ec\/index.php\/wp-json\/wp\/v2\/posts\/24480","targetHints":{"allow":["GET"]}}],"collection":[{"href":"https:\/\/www.manabi.gob.ec\/index.php\/wp-json\/wp\/v2\/posts"}],"about":[{"href":"https:\/\/www.manabi.gob.ec\/index.php\/wp-json\/wp\/v2\/types\/post"}],"author":[{"embeddable":true,"href":"https:\/\/www.manabi.gob.ec\/index.php\/wp-json\/wp\/v2\/users\/10"}],"replies":[{"embeddable":true,"href":"https:\/\/www.manabi.gob.ec\/index.php\/wp-json\/wp\/v2\/comments?post=24480"}],"version-history":[{"count":0,"href":"https:\/\/www.manabi.gob.ec\/index.php\/wp-json\/wp\/v2\/posts\/24480\/revisions"}],"wp:featuredmedia":[{"embeddable":true,"href":"https:\/\/www.manabi.gob.ec\/index.php\/wp-json\/wp\/v2\/media\/24481"}],"wp:attachment":[{"href":"https:\/\/www.manabi.gob.ec\/index.php\/wp-json\/wp\/v2\/media?parent=24480"}],"wp:term":[{"taxonomy":"category","embeddable":true,"href":"https:\/\/www.manabi.gob.ec\/index.php\/wp-json\/wp\/v2\/categories?post=24480"},{"taxonomy":"post_tag","embeddable":true,"href":"https:\/\/www.manabi.gob.ec\/index.php\/wp-json\/wp\/v2\/tags?post=24480"}],"curies":[{"name":"wp","href":"https:\/\/api.w.org\/{rel}","templated":true}]}}