{"id":24537,"date":"2023-05-17T13:50:05","date_gmt":"2023-05-17T13:50:05","guid":{"rendered":"https:\/\/www.manabi.gob.ec\/?p=24537"},"modified":"2023-05-17T13:50:11","modified_gmt":"2023-05-17T13:50:11","slug":"viva-san-isidro","status":"publish","type":"post","link":"https:\/\/www.manabi.gob.ec\/index.php\/viva-san-isidro\/","title":{"rendered":"\u00a1Viva San Isidro!"},"content":{"rendered":"\n<p>\u00abHace cuatro a\u00f1os en el 2019, comenc\u00e9 mi primer d\u00eda de trabajo en la Fundaci\u00f3n Ra\u00edces y Sue\u00f1os de San Isidro, hoy cuatro a\u00f1os despu\u00e9s la primera parroquia que estoy visitando en mi primer d\u00eda de labores es San Isidro\u00bb, recalc\u00f3 el prefecto Leonardo Orlando, duramente su discurso en la sesi\u00f3n por los 95 a\u00f1os de parroquializaci\u00f3n de San Isidro.<\/p>\n\n\n\n<p>En el acto solemne el prefecto Leonardo Orlando firm\u00f3 un convenio marco tripartito con los GAD&#8217;S cantonal de Sucre y parroquial de San Isidro para construir a doble riego asf\u00e1ltico la v\u00eda San Isidro &#8211; 9 de Octubre &#8211; Las Brisas de 9km de longitud, y; un convenio marco de cooperaci\u00f3n con el GAD de San Isidro, para desarrollar proyectos en las \u00e1reas de vialidad, desarrollo social, Fomento Productivo, ambiental y otros.<\/p>\n\n\n\n<p>\u00abHemos trabajado en m\u00e1s de treinta v\u00edas y se han ejecutado m\u00e1s de 172 kil\u00f3metros en v\u00edas nuevas y a nivel de mejoramiento\u00bb, inform\u00f3 el prefecto Leonardo Orlando, quien tambi\u00e9n dijo que se van a realizar los estudios del puente sobre r\u00edo Jama, que forma parte del eje vial norte, y de la v\u00eda Bigua &#8211; Chimborazo, a nivel de carpeta asf\u00e1ltica.<\/p>\n\n\n\n<p>As\u00ed mismo indic\u00f3 que el primer puente que va a construir sobre el r\u00edo Mariano en la v\u00eda Tutumbe &#8211; La Margarita de 22 kil\u00f3metros de longitud, ya fue postulado al Banco de Desarrollo del Ecuador, con un presupuesto referencial de 583 mil d\u00f3lares.<\/p>\n","protected":false},"excerpt":{"rendered":"<p>\u00abHace cuatro a\u00f1os en el 2019, comenc\u00e9 mi primer d\u00eda de trabajo en la Fundaci\u00f3n Ra\u00edces y Sue\u00f1os de San Isidro, hoy cuatro a\u00f1os despu\u00e9s la primera parroquia que estoy visitando en mi primer d\u00eda de labores es San Isidro\u00bb, recalc\u00f3 el prefecto Leonardo Orlando, duramente su discurso en la sesi\u00f3n por los 95 a\u00f1os [&hellip;]<\/p>\n","protected":false},"author":10,"featured_media":24538,"comment_status":"closed","ping_status":"closed","sticky":false,"template":"","format":"standard","meta":{"_joinchat":[],"footnotes":""},"categories":[142,92,160,91],"tags":[],"class_list":["post-24537","post","type-post","status-publish","format-standard","has-post-thumbnail","hentry","category-desarrollo-social","category-noticias-manabi","category-sucre","category-todas"],"yoast_head":"<!-- This site is optimized with the Yoast SEO plugin v27.4 - https:\/\/yoast.com\/product\/yoast-seo-wordpress\/ -->\n<title>\u00a1Viva San Isidro! - Prefectura de Manab\u00ed<\/title>\n<meta name=\"robots\" content=\"index, follow, max-snippet:-1, max-image-preview:large, max-video-preview:-1\" \/>\n<link rel=\"canonical\" href=\"https:\/\/www.manabi.gob.ec\/index.php\/viva-san-isidro\/\" \/>\n<meta property=\"og:locale\" content=\"es_ES\" \/>\n<meta property=\"og:type\" content=\"article\" \/>\n<meta property=\"og:title\" content=\"\u00a1Viva San Isidro! - Prefectura de Manab\u00ed\" \/>\n<meta property=\"og:description\" content=\"\u00abHace cuatro a\u00f1os en el 2019, comenc\u00e9 mi primer d\u00eda de trabajo en la Fundaci\u00f3n Ra\u00edces y Sue\u00f1os de San Isidro, hoy cuatro a\u00f1os despu\u00e9s la primera parroquia que estoy visitando en mi primer d\u00eda de labores es San Isidro\u00bb, recalc\u00f3 el prefecto Leonardo Orlando, duramente su discurso en la sesi\u00f3n por los 95 a\u00f1os [&hellip;]\" \/>\n<meta property=\"og:url\" content=\"https:\/\/www.manabi.gob.ec\/index.php\/viva-san-isidro\/\" \/>\n<meta property=\"og:site_name\" content=\"Prefectura de Manab\u00ed\" \/>\n<meta property=\"article:published_time\" content=\"2023-05-17T13:50:05+00:00\" \/>\n<meta property=\"article:modified_time\" content=\"2023-05-17T13:50:11+00:00\" \/>\n<meta property=\"og:image\" content=\"https:\/\/www.manabi.gob.ec\/wp-content\/uploads\/2023\/05\/WhatsApp-Image-2023-05-16-at-07.12.16.jpeg\" \/>\n\t<meta property=\"og:image:width\" content=\"1024\" \/>\n\t<meta property=\"og:image:height\" content=\"768\" \/>\n\t<meta property=\"og:image:type\" content=\"image\/jpeg\" \/>\n<meta name=\"author\" content=\"Lui Ochoa\" \/>\n<meta name=\"twitter:card\" content=\"summary_large_image\" \/>\n<meta name=\"twitter:label1\" content=\"Escrito por\" \/>\n\t<meta name=\"twitter:data1\" content=\"Lui Ochoa\" \/>\n\t<meta name=\"twitter:label2\" content=\"Tiempo de lectura\" \/>\n\t<meta name=\"twitter:data2\" content=\"2 minutos\" \/>\n<script type=\"application\/ld+json\" class=\"yoast-schema-graph\">{\"@context\":\"https:\\\/\\\/schema.org\",\"@graph\":[{\"@type\":\"Article\",\"@id\":\"https:\\\/\\\/www.manabi.gob.ec\\\/index.php\\\/viva-san-isidro\\\/#article\",\"isPartOf\":{\"@id\":\"https:\\\/\\\/www.manabi.gob.ec\\\/index.php\\\/viva-san-isidro\\\/\"},\"author\":{\"name\":\"Lui Ochoa\",\"@id\":\"https:\\\/\\\/www.manabi.gob.ec\\\/#\\\/schema\\\/person\\\/c4f117989332ad723a6ced5994aa7d7a\"},\"headline\":\"\u00a1Viva San Isidro!\",\"datePublished\":\"2023-05-17T13:50:05+00:00\",\"dateModified\":\"2023-05-17T13:50:11+00:00\",\"mainEntityOfPage\":{\"@id\":\"https:\\\/\\\/www.manabi.gob.ec\\\/index.php\\\/viva-san-isidro\\\/\"},\"wordCount\":262,\"image\":{\"@id\":\"https:\\\/\\\/www.manabi.gob.ec\\\/index.php\\\/viva-san-isidro\\\/#primaryimage\"},\"thumbnailUrl\":\"https:\\\/\\\/www.manabi.gob.ec\\\/wp-content\\\/uploads\\\/2023\\\/05\\\/WhatsApp-Image-2023-05-16-at-07.12.16.jpeg\",\"articleSection\":[\"Desarrollo Social\",\"Noticias\",\"Sucre\",\"Todas\"],\"inLanguage\":\"es\"},{\"@type\":\"WebPage\",\"@id\":\"https:\\\/\\\/www.manabi.gob.ec\\\/index.php\\\/viva-san-isidro\\\/\",\"url\":\"https:\\\/\\\/www.manabi.gob.ec\\\/index.php\\\/viva-san-isidro\\\/\",\"name\":\"\u00a1Viva San Isidro! - Prefectura de Manab\u00ed\",\"isPartOf\":{\"@id\":\"https:\\\/\\\/www.manabi.gob.ec\\\/#website\"},\"primaryImageOfPage\":{\"@id\":\"https:\\\/\\\/www.manabi.gob.ec\\\/index.php\\\/viva-san-isidro\\\/#primaryimage\"},\"image\":{\"@id\":\"https:\\\/\\\/www.manabi.gob.ec\\\/index.php\\\/viva-san-isidro\\\/#primaryimage\"},\"thumbnailUrl\":\"https:\\\/\\\/www.manabi.gob.ec\\\/wp-content\\\/uploads\\\/2023\\\/05\\\/WhatsApp-Image-2023-05-16-at-07.12.16.jpeg\",\"datePublished\":\"2023-05-17T13:50:05+00:00\",\"dateModified\":\"2023-05-17T13:50:11+00:00\",\"author\":{\"@id\":\"https:\\\/\\\/www.manabi.gob.ec\\\/#\\\/schema\\\/person\\\/c4f117989332ad723a6ced5994aa7d7a\"},\"breadcrumb\":{\"@id\":\"https:\\\/\\\/www.manabi.gob.ec\\\/index.php\\\/viva-san-isidro\\\/#breadcrumb\"},\"inLanguage\":\"es\",\"potentialAction\":[{\"@type\":\"ReadAction\",\"target\":[\"https:\\\/\\\/www.manabi.gob.ec\\\/index.php\\\/viva-san-isidro\\\/\"]}]},{\"@type\":\"ImageObject\",\"inLanguage\":\"es\",\"@id\":\"https:\\\/\\\/www.manabi.gob.ec\\\/index.php\\\/viva-san-isidro\\\/#primaryimage\",\"url\":\"https:\\\/\\\/www.manabi.gob.ec\\\/wp-content\\\/uploads\\\/2023\\\/05\\\/WhatsApp-Image-2023-05-16-at-07.12.16.jpeg\",\"contentUrl\":\"https:\\\/\\\/www.manabi.gob.ec\\\/wp-content\\\/uploads\\\/2023\\\/05\\\/WhatsApp-Image-2023-05-16-at-07.12.16.jpeg\",\"width\":1024,\"height\":768},{\"@type\":\"BreadcrumbList\",\"@id\":\"https:\\\/\\\/www.manabi.gob.ec\\\/index.php\\\/viva-san-isidro\\\/#breadcrumb\",\"itemListElement\":[{\"@type\":\"ListItem\",\"position\":1,\"name\":\"Portada\",\"item\":\"https:\\\/\\\/www.manabi.gob.ec\\\/\"},{\"@type\":\"ListItem\",\"position\":2,\"name\":\"\u00a1Viva San Isidro!\"}]},{\"@type\":\"WebSite\",\"@id\":\"https:\\\/\\\/www.manabi.gob.ec\\\/#website\",\"url\":\"https:\\\/\\\/www.manabi.gob.ec\\\/\",\"name\":\"Prefectura de Manab\u00ed\",\"description\":\"P\u00e1gina web de la prefectura\",\"potentialAction\":[{\"@type\":\"SearchAction\",\"target\":{\"@type\":\"EntryPoint\",\"urlTemplate\":\"https:\\\/\\\/www.manabi.gob.ec\\\/?s={search_term_string}\"},\"query-input\":{\"@type\":\"PropertyValueSpecification\",\"valueRequired\":true,\"valueName\":\"search_term_string\"}}],\"inLanguage\":\"es\"},{\"@type\":\"Person\",\"@id\":\"https:\\\/\\\/www.manabi.gob.ec\\\/#\\\/schema\\\/person\\\/c4f117989332ad723a6ced5994aa7d7a\",\"name\":\"Lui Ochoa\",\"image\":{\"@type\":\"ImageObject\",\"inLanguage\":\"es\",\"@id\":\"https:\\\/\\\/secure.gravatar.com\\\/avatar\\\/6e8017d0fe69dead8a95864d2eb6e1e1d8bf8e01194ba49cf7b897ff038126ba?s=96&d=mm&r=g\",\"url\":\"https:\\\/\\\/secure.gravatar.com\\\/avatar\\\/6e8017d0fe69dead8a95864d2eb6e1e1d8bf8e01194ba49cf7b897ff038126ba?s=96&d=mm&r=g\",\"contentUrl\":\"https:\\\/\\\/secure.gravatar.com\\\/avatar\\\/6e8017d0fe69dead8a95864d2eb6e1e1d8bf8e01194ba49cf7b897ff038126ba?s=96&d=mm&r=g\",\"caption\":\"Lui Ochoa\"},\"url\":\"https:\\\/\\\/www.manabi.gob.ec\\\/index.php\\\/author\\\/lochoa\\\/\"}]}<\/script>\n<!-- \/ Yoast SEO plugin. -->","yoast_head_json":{"title":"\u00a1Viva San Isidro! - Prefectura de Manab\u00ed","robots":{"index":"index","follow":"follow","max-snippet":"max-snippet:-1","max-image-preview":"max-image-preview:large","max-video-preview":"max-video-preview:-1"},"canonical":"https:\/\/www.manabi.gob.ec\/index.php\/viva-san-isidro\/","og_locale":"es_ES","og_type":"article","og_title":"\u00a1Viva San Isidro! - Prefectura de Manab\u00ed","og_description":"\u00abHace cuatro a\u00f1os en el 2019, comenc\u00e9 mi primer d\u00eda de trabajo en la Fundaci\u00f3n Ra\u00edces y Sue\u00f1os de San Isidro, hoy cuatro a\u00f1os despu\u00e9s la primera parroquia que estoy visitando en mi primer d\u00eda de labores es San Isidro\u00bb, recalc\u00f3 el prefecto Leonardo Orlando, duramente su discurso en la sesi\u00f3n por los 95 a\u00f1os [&hellip;]","og_url":"https:\/\/www.manabi.gob.ec\/index.php\/viva-san-isidro\/","og_site_name":"Prefectura de Manab\u00ed","article_published_time":"2023-05-17T13:50:05+00:00","article_modified_time":"2023-05-17T13:50:11+00:00","og_image":[{"width":1024,"height":768,"url":"https:\/\/www.manabi.gob.ec\/wp-content\/uploads\/2023\/05\/WhatsApp-Image-2023-05-16-at-07.12.16.jpeg","type":"image\/jpeg"}],"author":"Lui Ochoa","twitter_card":"summary_large_image","twitter_misc":{"Escrito por":"Lui Ochoa","Tiempo de lectura":"2 minutos"},"schema":{"@context":"https:\/\/schema.org","@graph":[{"@type":"Article","@id":"https:\/\/www.manabi.gob.ec\/index.php\/viva-san-isidro\/#article","isPartOf":{"@id":"https:\/\/www.manabi.gob.ec\/index.php\/viva-san-isidro\/"},"author":{"name":"Lui Ochoa","@id":"https:\/\/www.manabi.gob.ec\/#\/schema\/person\/c4f117989332ad723a6ced5994aa7d7a"},"headline":"\u00a1Viva San Isidro!","datePublished":"2023-05-17T13:50:05+00:00","dateModified":"2023-05-17T13:50:11+00:00","mainEntityOfPage":{"@id":"https:\/\/www.manabi.gob.ec\/index.php\/viva-san-isidro\/"},"wordCount":262,"image":{"@id":"https:\/\/www.manabi.gob.ec\/index.php\/viva-san-isidro\/#primaryimage"},"thumbnailUrl":"https:\/\/www.manabi.gob.ec\/wp-content\/uploads\/2023\/05\/WhatsApp-Image-2023-05-16-at-07.12.16.jpeg","articleSection":["Desarrollo Social","Noticias","Sucre","Todas"],"inLanguage":"es"},{"@type":"WebPage","@id":"https:\/\/www.manabi.gob.ec\/index.php\/viva-san-isidro\/","url":"https:\/\/www.manabi.gob.ec\/index.php\/viva-san-isidro\/","name":"\u00a1Viva San Isidro! - Prefectura de Manab\u00ed","isPartOf":{"@id":"https:\/\/www.manabi.gob.ec\/#website"},"primaryImageOfPage":{"@id":"https:\/\/www.manabi.gob.ec\/index.php\/viva-san-isidro\/#primaryimage"},"image":{"@id":"https:\/\/www.manabi.gob.ec\/index.php\/viva-san-isidro\/#primaryimage"},"thumbnailUrl":"https:\/\/www.manabi.gob.ec\/wp-content\/uploads\/2023\/05\/WhatsApp-Image-2023-05-16-at-07.12.16.jpeg","datePublished":"2023-05-17T13:50:05+00:00","dateModified":"2023-05-17T13:50:11+00:00","author":{"@id":"https:\/\/www.manabi.gob.ec\/#\/schema\/person\/c4f117989332ad723a6ced5994aa7d7a"},"breadcrumb":{"@id":"https:\/\/www.manabi.gob.ec\/index.php\/viva-san-isidro\/#breadcrumb"},"inLanguage":"es","potentialAction":[{"@type":"ReadAction","target":["https:\/\/www.manabi.gob.ec\/index.php\/viva-san-isidro\/"]}]},{"@type":"ImageObject","inLanguage":"es","@id":"https:\/\/www.manabi.gob.ec\/index.php\/viva-san-isidro\/#primaryimage","url":"https:\/\/www.manabi.gob.ec\/wp-content\/uploads\/2023\/05\/WhatsApp-Image-2023-05-16-at-07.12.16.jpeg","contentUrl":"https:\/\/www.manabi.gob.ec\/wp-content\/uploads\/2023\/05\/WhatsApp-Image-2023-05-16-at-07.12.16.jpeg","width":1024,"height":768},{"@type":"BreadcrumbList","@id":"https:\/\/www.manabi.gob.ec\/index.php\/viva-san-isidro\/#breadcrumb","itemListElement":[{"@type":"ListItem","position":1,"name":"Portada","item":"https:\/\/www.manabi.gob.ec\/"},{"@type":"ListItem","position":2,"name":"\u00a1Viva San Isidro!"}]},{"@type":"WebSite","@id":"https:\/\/www.manabi.gob.ec\/#website","url":"https:\/\/www.manabi.gob.ec\/","name":"Prefectura de Manab\u00ed","description":"P\u00e1gina web de la prefectura","potentialAction":[{"@type":"SearchAction","target":{"@type":"EntryPoint","urlTemplate":"https:\/\/www.manabi.gob.ec\/?s={search_term_string}"},"query-input":{"@type":"PropertyValueSpecification","valueRequired":true,"valueName":"search_term_string"}}],"inLanguage":"es"},{"@type":"Person","@id":"https:\/\/www.manabi.gob.ec\/#\/schema\/person\/c4f117989332ad723a6ced5994aa7d7a","name":"Lui Ochoa","image":{"@type":"ImageObject","inLanguage":"es","@id":"https:\/\/secure.gravatar.com\/avatar\/6e8017d0fe69dead8a95864d2eb6e1e1d8bf8e01194ba49cf7b897ff038126ba?s=96&d=mm&r=g","url":"https:\/\/secure.gravatar.com\/avatar\/6e8017d0fe69dead8a95864d2eb6e1e1d8bf8e01194ba49cf7b897ff038126ba?s=96&d=mm&r=g","contentUrl":"https:\/\/secure.gravatar.com\/avatar\/6e8017d0fe69dead8a95864d2eb6e1e1d8bf8e01194ba49cf7b897ff038126ba?s=96&d=mm&r=g","caption":"Lui Ochoa"},"url":"https:\/\/www.manabi.gob.ec\/index.php\/author\/lochoa\/"}]}},"jetpack_featured_media_url":"https:\/\/www.manabi.gob.ec\/wp-content\/uploads\/2023\/05\/WhatsApp-Image-2023-05-16-at-07.12.16.jpeg","_links":{"self":[{"href":"https:\/\/www.manabi.gob.ec\/index.php\/wp-json\/wp\/v2\/posts\/24537","targetHints":{"allow":["GET"]}}],"collection":[{"href":"https:\/\/www.manabi.gob.ec\/index.php\/wp-json\/wp\/v2\/posts"}],"about":[{"href":"https:\/\/www.manabi.gob.ec\/index.php\/wp-json\/wp\/v2\/types\/post"}],"author":[{"embeddable":true,"href":"https:\/\/www.manabi.gob.ec\/index.php\/wp-json\/wp\/v2\/users\/10"}],"replies":[{"embeddable":true,"href":"https:\/\/www.manabi.gob.ec\/index.php\/wp-json\/wp\/v2\/comments?post=24537"}],"version-history":[{"count":0,"href":"https:\/\/www.manabi.gob.ec\/index.php\/wp-json\/wp\/v2\/posts\/24537\/revisions"}],"wp:featuredmedia":[{"embeddable":true,"href":"https:\/\/www.manabi.gob.ec\/index.php\/wp-json\/wp\/v2\/media\/24538"}],"wp:attachment":[{"href":"https:\/\/www.manabi.gob.ec\/index.php\/wp-json\/wp\/v2\/media?parent=24537"}],"wp:term":[{"taxonomy":"category","embeddable":true,"href":"https:\/\/www.manabi.gob.ec\/index.php\/wp-json\/wp\/v2\/categories?post=24537"},{"taxonomy":"post_tag","embeddable":true,"href":"https:\/\/www.manabi.gob.ec\/index.php\/wp-json\/wp\/v2\/tags?post=24537"}],"curies":[{"name":"wp","href":"https:\/\/api.w.org\/{rel}","templated":true}]}}