{"id":24556,"date":"2023-05-22T18:07:50","date_gmt":"2023-05-22T18:07:50","guid":{"rendered":"https:\/\/www.manabi.gob.ec\/?p=24556"},"modified":"2023-05-22T18:07:56","modified_gmt":"2023-05-22T18:07:56","slug":"continuamos-sembrando-verdor-en-la-provincia","status":"publish","type":"post","link":"https:\/\/www.manabi.gob.ec\/index.php\/continuamos-sembrando-verdor-en-la-provincia\/","title":{"rendered":"CONTINUAMOS SEMBRANDO VERDOR EN LA PROVINCIA"},"content":{"rendered":"\n<p>El programa de reforestaci\u00f3n de la provincia contin\u00faa promoviendo un ambiente saludable. La Prefectura de Manab\u00ed, a trav\u00e9s de la direcci\u00f3n de Gesti\u00f3n Ambiental, brinda asesor\u00eda t\u00e9cnica a los agricultores participantes en el programa, recorriendo sus propiedades durante la fase de crecimiento de las plantas.<\/p>\n\n\n\n<p>Un destacado ejemplo de compromiso ambiental es el caso de Henry Constante, residente del sitio Pescado del cant\u00f3n Olmedo, quien ha reforestado su propiedad con diversas especies durante muchos a\u00f1os. \u201cYo nac\u00ed y viv\u00ed siempre en el campo y al reforestar me he dado cuenta de que ha mejorado mucho el ambiente y la producci\u00f3n\u201d, dijo.<\/p>\n\n\n\n<p>Indic\u00f3 adem\u00e1s que su propiedad ahora cuenta con mayor humedad y un clima mejorado. Ha sembrado m\u00e1s de 5 hect\u00e1reas con \u00e1rboles de conservaci\u00f3n como cedro rojo y roble, as\u00ed como especies comerciales y de agroforester\u00eda. \u201cYo si corto un \u00e1rbol, siembro 3 o 5 m\u00e1s en su reemplazo, porque los \u00e1rboles nos generan agua y refrescan el ambiente\u201d, explic\u00f3<\/p>\n\n\n\n<p>Otra activa reforestadora en el cant\u00f3n Olmedo es Ramona Mac\u00edas Moreira, moradora del sitio Pata de P\u00e1jaros. Ella ha sembrado plantas frutales que, adem\u00e1s de contribuir al medio ambiente, le generan ingresos econ\u00f3micos.<\/p>\n\n\n\n<p>Este a\u00f1o 2023 la Prefectura ha entregado 31.125 plantas, lo que representa una siembra de 88,93 hect\u00e1reas. Adem\u00e1s, se implementar\u00e1n 40 viveros temporales con Asociaciones productivas y GAD parroquiales, para la proyecci\u00f3n de 2 mil plantas.<\/p>\n\n\n\n<p>Entre el 2019 al 2022 la Prefectura de Manab\u00ed ha entregado un total de 459.975 plantas en toda la provincia. Durante este periodo se han sembrado 1722 hect\u00e1reas con plantas con fines de conservaci\u00f3n y 400 hect\u00e1reas con plantas con fines comerciales y tambi\u00e9n agro-forestar\u00eda y silvopastoriles. As\u00ed mismo se mantiene programas de educaci\u00f3n ambiental a nivel de las unidades educativa , cerca de 3.500 ni\u00f1os y j\u00f3venes han participado en este proceso.<\/p>\n","protected":false},"excerpt":{"rendered":"<p>El programa de reforestaci\u00f3n de la provincia contin\u00faa promoviendo un ambiente saludable. La Prefectura de Manab\u00ed, a trav\u00e9s de la direcci\u00f3n de Gesti\u00f3n Ambiental, brinda asesor\u00eda t\u00e9cnica a los agricultores participantes en el programa, recorriendo sus propiedades durante la fase de crecimiento de las plantas. Un destacado ejemplo de compromiso ambiental es el caso de [&hellip;]<\/p>\n","protected":false},"author":10,"featured_media":24557,"comment_status":"closed","ping_status":"closed","sticky":false,"template":"","format":"standard","meta":{"_joinchat":[],"footnotes":""},"categories":[150,142,92,91],"tags":[],"class_list":["post-24556","post","type-post","status-publish","format-standard","has-post-thumbnail","hentry","category-ambiente","category-desarrollo-social","category-noticias-manabi","category-todas"],"yoast_head":"<!-- This site is optimized with the Yoast SEO plugin v27.4 - https:\/\/yoast.com\/product\/yoast-seo-wordpress\/ -->\n<title>CONTINUAMOS SEMBRANDO VERDOR EN LA PROVINCIA - Prefectura de Manab\u00ed<\/title>\n<meta name=\"robots\" content=\"index, follow, max-snippet:-1, max-image-preview:large, max-video-preview:-1\" \/>\n<link rel=\"canonical\" href=\"https:\/\/www.manabi.gob.ec\/index.php\/continuamos-sembrando-verdor-en-la-provincia\/\" \/>\n<meta property=\"og:locale\" content=\"es_ES\" \/>\n<meta property=\"og:type\" content=\"article\" \/>\n<meta property=\"og:title\" content=\"CONTINUAMOS SEMBRANDO VERDOR EN LA PROVINCIA - Prefectura de Manab\u00ed\" \/>\n<meta property=\"og:description\" content=\"El programa de reforestaci\u00f3n de la provincia contin\u00faa promoviendo un ambiente saludable. La Prefectura de Manab\u00ed, a trav\u00e9s de la direcci\u00f3n de Gesti\u00f3n Ambiental, brinda asesor\u00eda t\u00e9cnica a los agricultores participantes en el programa, recorriendo sus propiedades durante la fase de crecimiento de las plantas. Un destacado ejemplo de compromiso ambiental es el caso de [&hellip;]\" \/>\n<meta property=\"og:url\" content=\"https:\/\/www.manabi.gob.ec\/index.php\/continuamos-sembrando-verdor-en-la-provincia\/\" \/>\n<meta property=\"og:site_name\" content=\"Prefectura de Manab\u00ed\" \/>\n<meta property=\"article:published_time\" content=\"2023-05-22T18:07:50+00:00\" \/>\n<meta property=\"article:modified_time\" content=\"2023-05-22T18:07:56+00:00\" \/>\n<meta property=\"og:image\" content=\"https:\/\/www.manabi.gob.ec\/wp-content\/uploads\/2023\/05\/WhatsApp-Image-2023-05-18-at-16.44.09.jpeg\" \/>\n\t<meta property=\"og:image:width\" content=\"1280\" \/>\n\t<meta property=\"og:image:height\" content=\"852\" \/>\n\t<meta property=\"og:image:type\" content=\"image\/jpeg\" \/>\n<meta name=\"author\" content=\"Lui Ochoa\" \/>\n<meta name=\"twitter:card\" content=\"summary_large_image\" \/>\n<meta name=\"twitter:label1\" content=\"Escrito por\" \/>\n\t<meta name=\"twitter:data1\" content=\"Lui Ochoa\" \/>\n\t<meta name=\"twitter:label2\" content=\"Tiempo de lectura\" \/>\n\t<meta name=\"twitter:data2\" content=\"2 minutos\" \/>\n<script type=\"application\/ld+json\" class=\"yoast-schema-graph\">{\"@context\":\"https:\\\/\\\/schema.org\",\"@graph\":[{\"@type\":\"Article\",\"@id\":\"https:\\\/\\\/www.manabi.gob.ec\\\/index.php\\\/continuamos-sembrando-verdor-en-la-provincia\\\/#article\",\"isPartOf\":{\"@id\":\"https:\\\/\\\/www.manabi.gob.ec\\\/index.php\\\/continuamos-sembrando-verdor-en-la-provincia\\\/\"},\"author\":{\"name\":\"Lui Ochoa\",\"@id\":\"https:\\\/\\\/www.manabi.gob.ec\\\/#\\\/schema\\\/person\\\/c4f117989332ad723a6ced5994aa7d7a\"},\"headline\":\"CONTINUAMOS SEMBRANDO VERDOR EN LA PROVINCIA\",\"datePublished\":\"2023-05-22T18:07:50+00:00\",\"dateModified\":\"2023-05-22T18:07:56+00:00\",\"mainEntityOfPage\":{\"@id\":\"https:\\\/\\\/www.manabi.gob.ec\\\/index.php\\\/continuamos-sembrando-verdor-en-la-provincia\\\/\"},\"wordCount\":328,\"image\":{\"@id\":\"https:\\\/\\\/www.manabi.gob.ec\\\/index.php\\\/continuamos-sembrando-verdor-en-la-provincia\\\/#primaryimage\"},\"thumbnailUrl\":\"https:\\\/\\\/www.manabi.gob.ec\\\/wp-content\\\/uploads\\\/2023\\\/05\\\/WhatsApp-Image-2023-05-18-at-16.44.09.jpeg\",\"articleSection\":[\"Ambiente\",\"Desarrollo Social\",\"Noticias\",\"Todas\"],\"inLanguage\":\"es\"},{\"@type\":\"WebPage\",\"@id\":\"https:\\\/\\\/www.manabi.gob.ec\\\/index.php\\\/continuamos-sembrando-verdor-en-la-provincia\\\/\",\"url\":\"https:\\\/\\\/www.manabi.gob.ec\\\/index.php\\\/continuamos-sembrando-verdor-en-la-provincia\\\/\",\"name\":\"CONTINUAMOS SEMBRANDO VERDOR EN LA PROVINCIA - Prefectura de Manab\u00ed\",\"isPartOf\":{\"@id\":\"https:\\\/\\\/www.manabi.gob.ec\\\/#website\"},\"primaryImageOfPage\":{\"@id\":\"https:\\\/\\\/www.manabi.gob.ec\\\/index.php\\\/continuamos-sembrando-verdor-en-la-provincia\\\/#primaryimage\"},\"image\":{\"@id\":\"https:\\\/\\\/www.manabi.gob.ec\\\/index.php\\\/continuamos-sembrando-verdor-en-la-provincia\\\/#primaryimage\"},\"thumbnailUrl\":\"https:\\\/\\\/www.manabi.gob.ec\\\/wp-content\\\/uploads\\\/2023\\\/05\\\/WhatsApp-Image-2023-05-18-at-16.44.09.jpeg\",\"datePublished\":\"2023-05-22T18:07:50+00:00\",\"dateModified\":\"2023-05-22T18:07:56+00:00\",\"author\":{\"@id\":\"https:\\\/\\\/www.manabi.gob.ec\\\/#\\\/schema\\\/person\\\/c4f117989332ad723a6ced5994aa7d7a\"},\"breadcrumb\":{\"@id\":\"https:\\\/\\\/www.manabi.gob.ec\\\/index.php\\\/continuamos-sembrando-verdor-en-la-provincia\\\/#breadcrumb\"},\"inLanguage\":\"es\",\"potentialAction\":[{\"@type\":\"ReadAction\",\"target\":[\"https:\\\/\\\/www.manabi.gob.ec\\\/index.php\\\/continuamos-sembrando-verdor-en-la-provincia\\\/\"]}]},{\"@type\":\"ImageObject\",\"inLanguage\":\"es\",\"@id\":\"https:\\\/\\\/www.manabi.gob.ec\\\/index.php\\\/continuamos-sembrando-verdor-en-la-provincia\\\/#primaryimage\",\"url\":\"https:\\\/\\\/www.manabi.gob.ec\\\/wp-content\\\/uploads\\\/2023\\\/05\\\/WhatsApp-Image-2023-05-18-at-16.44.09.jpeg\",\"contentUrl\":\"https:\\\/\\\/www.manabi.gob.ec\\\/wp-content\\\/uploads\\\/2023\\\/05\\\/WhatsApp-Image-2023-05-18-at-16.44.09.jpeg\",\"width\":1280,\"height\":852},{\"@type\":\"BreadcrumbList\",\"@id\":\"https:\\\/\\\/www.manabi.gob.ec\\\/index.php\\\/continuamos-sembrando-verdor-en-la-provincia\\\/#breadcrumb\",\"itemListElement\":[{\"@type\":\"ListItem\",\"position\":1,\"name\":\"Portada\",\"item\":\"https:\\\/\\\/www.manabi.gob.ec\\\/\"},{\"@type\":\"ListItem\",\"position\":2,\"name\":\"CONTINUAMOS SEMBRANDO VERDOR EN LA PROVINCIA\"}]},{\"@type\":\"WebSite\",\"@id\":\"https:\\\/\\\/www.manabi.gob.ec\\\/#website\",\"url\":\"https:\\\/\\\/www.manabi.gob.ec\\\/\",\"name\":\"Prefectura de Manab\u00ed\",\"description\":\"P\u00e1gina web de la prefectura\",\"potentialAction\":[{\"@type\":\"SearchAction\",\"target\":{\"@type\":\"EntryPoint\",\"urlTemplate\":\"https:\\\/\\\/www.manabi.gob.ec\\\/?s={search_term_string}\"},\"query-input\":{\"@type\":\"PropertyValueSpecification\",\"valueRequired\":true,\"valueName\":\"search_term_string\"}}],\"inLanguage\":\"es\"},{\"@type\":\"Person\",\"@id\":\"https:\\\/\\\/www.manabi.gob.ec\\\/#\\\/schema\\\/person\\\/c4f117989332ad723a6ced5994aa7d7a\",\"name\":\"Lui Ochoa\",\"image\":{\"@type\":\"ImageObject\",\"inLanguage\":\"es\",\"@id\":\"https:\\\/\\\/secure.gravatar.com\\\/avatar\\\/6e8017d0fe69dead8a95864d2eb6e1e1d8bf8e01194ba49cf7b897ff038126ba?s=96&d=mm&r=g\",\"url\":\"https:\\\/\\\/secure.gravatar.com\\\/avatar\\\/6e8017d0fe69dead8a95864d2eb6e1e1d8bf8e01194ba49cf7b897ff038126ba?s=96&d=mm&r=g\",\"contentUrl\":\"https:\\\/\\\/secure.gravatar.com\\\/avatar\\\/6e8017d0fe69dead8a95864d2eb6e1e1d8bf8e01194ba49cf7b897ff038126ba?s=96&d=mm&r=g\",\"caption\":\"Lui Ochoa\"},\"url\":\"https:\\\/\\\/www.manabi.gob.ec\\\/index.php\\\/author\\\/lochoa\\\/\"}]}<\/script>\n<!-- \/ Yoast SEO plugin. -->","yoast_head_json":{"title":"CONTINUAMOS SEMBRANDO VERDOR EN LA PROVINCIA - Prefectura de Manab\u00ed","robots":{"index":"index","follow":"follow","max-snippet":"max-snippet:-1","max-image-preview":"max-image-preview:large","max-video-preview":"max-video-preview:-1"},"canonical":"https:\/\/www.manabi.gob.ec\/index.php\/continuamos-sembrando-verdor-en-la-provincia\/","og_locale":"es_ES","og_type":"article","og_title":"CONTINUAMOS SEMBRANDO VERDOR EN LA PROVINCIA - Prefectura de Manab\u00ed","og_description":"El programa de reforestaci\u00f3n de la provincia contin\u00faa promoviendo un ambiente saludable. La Prefectura de Manab\u00ed, a trav\u00e9s de la direcci\u00f3n de Gesti\u00f3n Ambiental, brinda asesor\u00eda t\u00e9cnica a los agricultores participantes en el programa, recorriendo sus propiedades durante la fase de crecimiento de las plantas. Un destacado ejemplo de compromiso ambiental es el caso de [&hellip;]","og_url":"https:\/\/www.manabi.gob.ec\/index.php\/continuamos-sembrando-verdor-en-la-provincia\/","og_site_name":"Prefectura de Manab\u00ed","article_published_time":"2023-05-22T18:07:50+00:00","article_modified_time":"2023-05-22T18:07:56+00:00","og_image":[{"width":1280,"height":852,"url":"https:\/\/www.manabi.gob.ec\/wp-content\/uploads\/2023\/05\/WhatsApp-Image-2023-05-18-at-16.44.09.jpeg","type":"image\/jpeg"}],"author":"Lui Ochoa","twitter_card":"summary_large_image","twitter_misc":{"Escrito por":"Lui Ochoa","Tiempo de lectura":"2 minutos"},"schema":{"@context":"https:\/\/schema.org","@graph":[{"@type":"Article","@id":"https:\/\/www.manabi.gob.ec\/index.php\/continuamos-sembrando-verdor-en-la-provincia\/#article","isPartOf":{"@id":"https:\/\/www.manabi.gob.ec\/index.php\/continuamos-sembrando-verdor-en-la-provincia\/"},"author":{"name":"Lui Ochoa","@id":"https:\/\/www.manabi.gob.ec\/#\/schema\/person\/c4f117989332ad723a6ced5994aa7d7a"},"headline":"CONTINUAMOS SEMBRANDO VERDOR EN LA PROVINCIA","datePublished":"2023-05-22T18:07:50+00:00","dateModified":"2023-05-22T18:07:56+00:00","mainEntityOfPage":{"@id":"https:\/\/www.manabi.gob.ec\/index.php\/continuamos-sembrando-verdor-en-la-provincia\/"},"wordCount":328,"image":{"@id":"https:\/\/www.manabi.gob.ec\/index.php\/continuamos-sembrando-verdor-en-la-provincia\/#primaryimage"},"thumbnailUrl":"https:\/\/www.manabi.gob.ec\/wp-content\/uploads\/2023\/05\/WhatsApp-Image-2023-05-18-at-16.44.09.jpeg","articleSection":["Ambiente","Desarrollo Social","Noticias","Todas"],"inLanguage":"es"},{"@type":"WebPage","@id":"https:\/\/www.manabi.gob.ec\/index.php\/continuamos-sembrando-verdor-en-la-provincia\/","url":"https:\/\/www.manabi.gob.ec\/index.php\/continuamos-sembrando-verdor-en-la-provincia\/","name":"CONTINUAMOS SEMBRANDO VERDOR EN LA PROVINCIA - Prefectura de Manab\u00ed","isPartOf":{"@id":"https:\/\/www.manabi.gob.ec\/#website"},"primaryImageOfPage":{"@id":"https:\/\/www.manabi.gob.ec\/index.php\/continuamos-sembrando-verdor-en-la-provincia\/#primaryimage"},"image":{"@id":"https:\/\/www.manabi.gob.ec\/index.php\/continuamos-sembrando-verdor-en-la-provincia\/#primaryimage"},"thumbnailUrl":"https:\/\/www.manabi.gob.ec\/wp-content\/uploads\/2023\/05\/WhatsApp-Image-2023-05-18-at-16.44.09.jpeg","datePublished":"2023-05-22T18:07:50+00:00","dateModified":"2023-05-22T18:07:56+00:00","author":{"@id":"https:\/\/www.manabi.gob.ec\/#\/schema\/person\/c4f117989332ad723a6ced5994aa7d7a"},"breadcrumb":{"@id":"https:\/\/www.manabi.gob.ec\/index.php\/continuamos-sembrando-verdor-en-la-provincia\/#breadcrumb"},"inLanguage":"es","potentialAction":[{"@type":"ReadAction","target":["https:\/\/www.manabi.gob.ec\/index.php\/continuamos-sembrando-verdor-en-la-provincia\/"]}]},{"@type":"ImageObject","inLanguage":"es","@id":"https:\/\/www.manabi.gob.ec\/index.php\/continuamos-sembrando-verdor-en-la-provincia\/#primaryimage","url":"https:\/\/www.manabi.gob.ec\/wp-content\/uploads\/2023\/05\/WhatsApp-Image-2023-05-18-at-16.44.09.jpeg","contentUrl":"https:\/\/www.manabi.gob.ec\/wp-content\/uploads\/2023\/05\/WhatsApp-Image-2023-05-18-at-16.44.09.jpeg","width":1280,"height":852},{"@type":"BreadcrumbList","@id":"https:\/\/www.manabi.gob.ec\/index.php\/continuamos-sembrando-verdor-en-la-provincia\/#breadcrumb","itemListElement":[{"@type":"ListItem","position":1,"name":"Portada","item":"https:\/\/www.manabi.gob.ec\/"},{"@type":"ListItem","position":2,"name":"CONTINUAMOS SEMBRANDO VERDOR EN LA PROVINCIA"}]},{"@type":"WebSite","@id":"https:\/\/www.manabi.gob.ec\/#website","url":"https:\/\/www.manabi.gob.ec\/","name":"Prefectura de Manab\u00ed","description":"P\u00e1gina web de la prefectura","potentialAction":[{"@type":"SearchAction","target":{"@type":"EntryPoint","urlTemplate":"https:\/\/www.manabi.gob.ec\/?s={search_term_string}"},"query-input":{"@type":"PropertyValueSpecification","valueRequired":true,"valueName":"search_term_string"}}],"inLanguage":"es"},{"@type":"Person","@id":"https:\/\/www.manabi.gob.ec\/#\/schema\/person\/c4f117989332ad723a6ced5994aa7d7a","name":"Lui Ochoa","image":{"@type":"ImageObject","inLanguage":"es","@id":"https:\/\/secure.gravatar.com\/avatar\/6e8017d0fe69dead8a95864d2eb6e1e1d8bf8e01194ba49cf7b897ff038126ba?s=96&d=mm&r=g","url":"https:\/\/secure.gravatar.com\/avatar\/6e8017d0fe69dead8a95864d2eb6e1e1d8bf8e01194ba49cf7b897ff038126ba?s=96&d=mm&r=g","contentUrl":"https:\/\/secure.gravatar.com\/avatar\/6e8017d0fe69dead8a95864d2eb6e1e1d8bf8e01194ba49cf7b897ff038126ba?s=96&d=mm&r=g","caption":"Lui Ochoa"},"url":"https:\/\/www.manabi.gob.ec\/index.php\/author\/lochoa\/"}]}},"jetpack_featured_media_url":"https:\/\/www.manabi.gob.ec\/wp-content\/uploads\/2023\/05\/WhatsApp-Image-2023-05-18-at-16.44.09.jpeg","_links":{"self":[{"href":"https:\/\/www.manabi.gob.ec\/index.php\/wp-json\/wp\/v2\/posts\/24556","targetHints":{"allow":["GET"]}}],"collection":[{"href":"https:\/\/www.manabi.gob.ec\/index.php\/wp-json\/wp\/v2\/posts"}],"about":[{"href":"https:\/\/www.manabi.gob.ec\/index.php\/wp-json\/wp\/v2\/types\/post"}],"author":[{"embeddable":true,"href":"https:\/\/www.manabi.gob.ec\/index.php\/wp-json\/wp\/v2\/users\/10"}],"replies":[{"embeddable":true,"href":"https:\/\/www.manabi.gob.ec\/index.php\/wp-json\/wp\/v2\/comments?post=24556"}],"version-history":[{"count":0,"href":"https:\/\/www.manabi.gob.ec\/index.php\/wp-json\/wp\/v2\/posts\/24556\/revisions"}],"wp:featuredmedia":[{"embeddable":true,"href":"https:\/\/www.manabi.gob.ec\/index.php\/wp-json\/wp\/v2\/media\/24557"}],"wp:attachment":[{"href":"https:\/\/www.manabi.gob.ec\/index.php\/wp-json\/wp\/v2\/media?parent=24556"}],"wp:term":[{"taxonomy":"category","embeddable":true,"href":"https:\/\/www.manabi.gob.ec\/index.php\/wp-json\/wp\/v2\/categories?post=24556"},{"taxonomy":"post_tag","embeddable":true,"href":"https:\/\/www.manabi.gob.ec\/index.php\/wp-json\/wp\/v2\/tags?post=24556"}],"curies":[{"name":"wp","href":"https:\/\/api.w.org\/{rel}","templated":true}]}}