{"id":24646,"date":"2023-05-31T15:40:40","date_gmt":"2023-05-31T15:40:40","guid":{"rendered":"https:\/\/www.manabi.gob.ec\/?p=24646"},"modified":"2023-05-31T15:40:44","modified_gmt":"2023-05-31T15:40:44","slug":"la-facilidad-turistica-de-san-roque-hace-mas-grande-a-charapoto","status":"publish","type":"post","link":"https:\/\/www.manabi.gob.ec\/index.php\/la-facilidad-turistica-de-san-roque-hace-mas-grande-a-charapoto\/","title":{"rendered":"La facilidad tur\u00edstica de San Roque hace m\u00e1s grande a Charapot\u00f3."},"content":{"rendered":"\n<p>\u201cPara mi es tan importante este proyecto porque es dar oportunidades sostenibles, permitir combinar el turismo con la gastronom\u00eda y la conservaci\u00f3n del ecosistema, adem\u00e1s de conocer nuestra identidad cultural\u201d, expres\u00f3 el prefecto Leonardo Orlando, en la inauguraci\u00f3n de la facilidad tur\u00edstica San Roque de la parroquia Charapot\u00f3 del cant\u00f3n Sucre.<\/p>\n\n\n\n<p>Esta obra se ejecut\u00f3 a trav\u00e9s de un convenio de cooperaci\u00f3n firmado entre la Prefectura de Manab\u00ed, y Fundaci\u00f3n FIDES, en junio de 2020, para la implementaci\u00f3n del proyecto de cooperaci\u00f3n internacional no reembolsable denominado \u201cConsolidaci\u00f3n de los medios de vida de 668 familias afectadas por el terremoto 2016 en dos parroquias rurales de los cantones Portoviejo y Sucre-Manab\u00ed Convida\u201d, y Co financiado por el Fondo \u00cdtalo Ecuatoriano de Desarrollo Sostenible FIEDS, Fundaci\u00f3n FIDES, GADS Portoviejo, Crucita, Sucre y Charapot\u00f3.<\/p>\n\n\n\n<p>El proyecto cuenta con la construcci\u00f3n de un muelle tipo voladizo, una caba\u00f1a gastron\u00f3mica, una caba\u00f1a de descanso y bater\u00edas sanitarias, las mismas que fueron construidas con estructura de Ca\u00f1a Guadua y cimentaciones de hormig\u00f3n armado.<\/p>\n\n\n\n<p>Las infraestructuras de San Roque &#8211; San Jacinto impulsar\u00e1n los recorridos en lanchas dentro del manglar para realizar el avistamiento de la gran diversidad de especies de aves que habitan en el sitio, esta actividad se realizan con gu\u00edas locales de la comunidad que tienen licencia para guianza, beneficiando a 2.307 personas de 668 familias, promoviendo el turismo y potenciando el desarrollo econ\u00f3mico de la zona.<\/p>\n\n\n\n<p>Posterior a la inauguraci\u00f3n la primera autoridad provincial supervis\u00f3 los trabajos de mantenimiento con bacheo asf\u00e1ltico de la v\u00eda El Blanco -San Roque.<\/p>\n\n\n\n<p>Dato:<br>Es importante destacar que en 4 a\u00f1os de gesti\u00f3n la Prefectura de Manab\u00ed ha impulsado la actividad tur\u00edstica a trav\u00e9s de 232 eventos tur\u00edsticos, culturales, de arte, patrimonio y memoria social en toda la provincia; tambi\u00e9n se ha construido y rehabilitado 6 facilidades tur\u00edsticas ubicadas en los cantones Jipijapa, Sucre, Manta y Rocafuerte, beneficiando a 134.484 personas.<\/p>\n","protected":false},"excerpt":{"rendered":"<p>\u201cPara mi es tan importante este proyecto porque es dar oportunidades sostenibles, permitir combinar el turismo con la gastronom\u00eda y la conservaci\u00f3n del ecosistema, adem\u00e1s de conocer nuestra identidad cultural\u201d, expres\u00f3 el prefecto Leonardo Orlando, en la inauguraci\u00f3n de la facilidad tur\u00edstica San Roque de la parroquia Charapot\u00f3 del cant\u00f3n Sucre. Esta obra se ejecut\u00f3 [&hellip;]<\/p>\n","protected":false},"author":10,"featured_media":24647,"comment_status":"closed","ping_status":"closed","sticky":false,"template":"","format":"standard","meta":{"_joinchat":[],"footnotes":""},"categories":[142,92,91,81],"tags":[],"class_list":["post-24646","post","type-post","status-publish","format-standard","has-post-thumbnail","hentry","category-desarrollo-social","category-noticias-manabi","category-todas","category-turismo"],"yoast_head":"<!-- This site is optimized with the Yoast SEO plugin v27.4 - https:\/\/yoast.com\/product\/yoast-seo-wordpress\/ -->\n<title>La facilidad tur\u00edstica de San Roque hace m\u00e1s grande a Charapot\u00f3. - Prefectura de Manab\u00ed<\/title>\n<meta name=\"robots\" content=\"index, follow, max-snippet:-1, max-image-preview:large, max-video-preview:-1\" \/>\n<link rel=\"canonical\" href=\"https:\/\/www.manabi.gob.ec\/index.php\/la-facilidad-turistica-de-san-roque-hace-mas-grande-a-charapoto\/\" \/>\n<meta property=\"og:locale\" content=\"es_ES\" \/>\n<meta property=\"og:type\" content=\"article\" \/>\n<meta property=\"og:title\" content=\"La facilidad tur\u00edstica de San Roque hace m\u00e1s grande a Charapot\u00f3. - Prefectura de Manab\u00ed\" \/>\n<meta property=\"og:description\" content=\"\u201cPara mi es tan importante este proyecto porque es dar oportunidades sostenibles, permitir combinar el turismo con la gastronom\u00eda y la conservaci\u00f3n del ecosistema, adem\u00e1s de conocer nuestra identidad cultural\u201d, expres\u00f3 el prefecto Leonardo Orlando, en la inauguraci\u00f3n de la facilidad tur\u00edstica San Roque de la parroquia Charapot\u00f3 del cant\u00f3n Sucre. Esta obra se ejecut\u00f3 [&hellip;]\" \/>\n<meta property=\"og:url\" content=\"https:\/\/www.manabi.gob.ec\/index.php\/la-facilidad-turistica-de-san-roque-hace-mas-grande-a-charapoto\/\" \/>\n<meta property=\"og:site_name\" content=\"Prefectura de Manab\u00ed\" \/>\n<meta property=\"article:published_time\" content=\"2023-05-31T15:40:40+00:00\" \/>\n<meta property=\"article:modified_time\" content=\"2023-05-31T15:40:44+00:00\" \/>\n<meta property=\"og:image\" content=\"https:\/\/www.manabi.gob.ec\/wp-content\/uploads\/2023\/05\/WhatsApp-Image-2023-05-27-at-16.45.08.jpeg\" \/>\n\t<meta property=\"og:image:width\" content=\"1280\" \/>\n\t<meta property=\"og:image:height\" content=\"853\" \/>\n\t<meta property=\"og:image:type\" content=\"image\/jpeg\" \/>\n<meta name=\"author\" content=\"Lui Ochoa\" \/>\n<meta name=\"twitter:card\" content=\"summary_large_image\" \/>\n<meta name=\"twitter:label1\" content=\"Escrito por\" \/>\n\t<meta name=\"twitter:data1\" content=\"Lui Ochoa\" \/>\n\t<meta name=\"twitter:label2\" content=\"Tiempo de lectura\" \/>\n\t<meta name=\"twitter:data2\" content=\"2 minutos\" \/>\n<script type=\"application\/ld+json\" class=\"yoast-schema-graph\">{\"@context\":\"https:\\\/\\\/schema.org\",\"@graph\":[{\"@type\":\"Article\",\"@id\":\"https:\\\/\\\/www.manabi.gob.ec\\\/index.php\\\/la-facilidad-turistica-de-san-roque-hace-mas-grande-a-charapoto\\\/#article\",\"isPartOf\":{\"@id\":\"https:\\\/\\\/www.manabi.gob.ec\\\/index.php\\\/la-facilidad-turistica-de-san-roque-hace-mas-grande-a-charapoto\\\/\"},\"author\":{\"name\":\"Lui Ochoa\",\"@id\":\"https:\\\/\\\/www.manabi.gob.ec\\\/#\\\/schema\\\/person\\\/c4f117989332ad723a6ced5994aa7d7a\"},\"headline\":\"La facilidad tur\u00edstica de San Roque hace m\u00e1s grande a Charapot\u00f3.\",\"datePublished\":\"2023-05-31T15:40:40+00:00\",\"dateModified\":\"2023-05-31T15:40:44+00:00\",\"mainEntityOfPage\":{\"@id\":\"https:\\\/\\\/www.manabi.gob.ec\\\/index.php\\\/la-facilidad-turistica-de-san-roque-hace-mas-grande-a-charapoto\\\/\"},\"wordCount\":351,\"image\":{\"@id\":\"https:\\\/\\\/www.manabi.gob.ec\\\/index.php\\\/la-facilidad-turistica-de-san-roque-hace-mas-grande-a-charapoto\\\/#primaryimage\"},\"thumbnailUrl\":\"https:\\\/\\\/www.manabi.gob.ec\\\/wp-content\\\/uploads\\\/2023\\\/05\\\/WhatsApp-Image-2023-05-27-at-16.45.08.jpeg\",\"articleSection\":[\"Desarrollo Social\",\"Noticias\",\"Todas\",\"Turismo\"],\"inLanguage\":\"es\"},{\"@type\":\"WebPage\",\"@id\":\"https:\\\/\\\/www.manabi.gob.ec\\\/index.php\\\/la-facilidad-turistica-de-san-roque-hace-mas-grande-a-charapoto\\\/\",\"url\":\"https:\\\/\\\/www.manabi.gob.ec\\\/index.php\\\/la-facilidad-turistica-de-san-roque-hace-mas-grande-a-charapoto\\\/\",\"name\":\"La facilidad tur\u00edstica de San Roque hace m\u00e1s grande a Charapot\u00f3. - Prefectura de Manab\u00ed\",\"isPartOf\":{\"@id\":\"https:\\\/\\\/www.manabi.gob.ec\\\/#website\"},\"primaryImageOfPage\":{\"@id\":\"https:\\\/\\\/www.manabi.gob.ec\\\/index.php\\\/la-facilidad-turistica-de-san-roque-hace-mas-grande-a-charapoto\\\/#primaryimage\"},\"image\":{\"@id\":\"https:\\\/\\\/www.manabi.gob.ec\\\/index.php\\\/la-facilidad-turistica-de-san-roque-hace-mas-grande-a-charapoto\\\/#primaryimage\"},\"thumbnailUrl\":\"https:\\\/\\\/www.manabi.gob.ec\\\/wp-content\\\/uploads\\\/2023\\\/05\\\/WhatsApp-Image-2023-05-27-at-16.45.08.jpeg\",\"datePublished\":\"2023-05-31T15:40:40+00:00\",\"dateModified\":\"2023-05-31T15:40:44+00:00\",\"author\":{\"@id\":\"https:\\\/\\\/www.manabi.gob.ec\\\/#\\\/schema\\\/person\\\/c4f117989332ad723a6ced5994aa7d7a\"},\"breadcrumb\":{\"@id\":\"https:\\\/\\\/www.manabi.gob.ec\\\/index.php\\\/la-facilidad-turistica-de-san-roque-hace-mas-grande-a-charapoto\\\/#breadcrumb\"},\"inLanguage\":\"es\",\"potentialAction\":[{\"@type\":\"ReadAction\",\"target\":[\"https:\\\/\\\/www.manabi.gob.ec\\\/index.php\\\/la-facilidad-turistica-de-san-roque-hace-mas-grande-a-charapoto\\\/\"]}]},{\"@type\":\"ImageObject\",\"inLanguage\":\"es\",\"@id\":\"https:\\\/\\\/www.manabi.gob.ec\\\/index.php\\\/la-facilidad-turistica-de-san-roque-hace-mas-grande-a-charapoto\\\/#primaryimage\",\"url\":\"https:\\\/\\\/www.manabi.gob.ec\\\/wp-content\\\/uploads\\\/2023\\\/05\\\/WhatsApp-Image-2023-05-27-at-16.45.08.jpeg\",\"contentUrl\":\"https:\\\/\\\/www.manabi.gob.ec\\\/wp-content\\\/uploads\\\/2023\\\/05\\\/WhatsApp-Image-2023-05-27-at-16.45.08.jpeg\",\"width\":1280,\"height\":853},{\"@type\":\"BreadcrumbList\",\"@id\":\"https:\\\/\\\/www.manabi.gob.ec\\\/index.php\\\/la-facilidad-turistica-de-san-roque-hace-mas-grande-a-charapoto\\\/#breadcrumb\",\"itemListElement\":[{\"@type\":\"ListItem\",\"position\":1,\"name\":\"Portada\",\"item\":\"https:\\\/\\\/www.manabi.gob.ec\\\/\"},{\"@type\":\"ListItem\",\"position\":2,\"name\":\"La facilidad tur\u00edstica de San Roque hace m\u00e1s grande a Charapot\u00f3.\"}]},{\"@type\":\"WebSite\",\"@id\":\"https:\\\/\\\/www.manabi.gob.ec\\\/#website\",\"url\":\"https:\\\/\\\/www.manabi.gob.ec\\\/\",\"name\":\"Prefectura de Manab\u00ed\",\"description\":\"P\u00e1gina web de la prefectura\",\"potentialAction\":[{\"@type\":\"SearchAction\",\"target\":{\"@type\":\"EntryPoint\",\"urlTemplate\":\"https:\\\/\\\/www.manabi.gob.ec\\\/?s={search_term_string}\"},\"query-input\":{\"@type\":\"PropertyValueSpecification\",\"valueRequired\":true,\"valueName\":\"search_term_string\"}}],\"inLanguage\":\"es\"},{\"@type\":\"Person\",\"@id\":\"https:\\\/\\\/www.manabi.gob.ec\\\/#\\\/schema\\\/person\\\/c4f117989332ad723a6ced5994aa7d7a\",\"name\":\"Lui Ochoa\",\"image\":{\"@type\":\"ImageObject\",\"inLanguage\":\"es\",\"@id\":\"https:\\\/\\\/secure.gravatar.com\\\/avatar\\\/6e8017d0fe69dead8a95864d2eb6e1e1d8bf8e01194ba49cf7b897ff038126ba?s=96&d=mm&r=g\",\"url\":\"https:\\\/\\\/secure.gravatar.com\\\/avatar\\\/6e8017d0fe69dead8a95864d2eb6e1e1d8bf8e01194ba49cf7b897ff038126ba?s=96&d=mm&r=g\",\"contentUrl\":\"https:\\\/\\\/secure.gravatar.com\\\/avatar\\\/6e8017d0fe69dead8a95864d2eb6e1e1d8bf8e01194ba49cf7b897ff038126ba?s=96&d=mm&r=g\",\"caption\":\"Lui Ochoa\"},\"url\":\"https:\\\/\\\/www.manabi.gob.ec\\\/index.php\\\/author\\\/lochoa\\\/\"}]}<\/script>\n<!-- \/ Yoast SEO plugin. -->","yoast_head_json":{"title":"La facilidad tur\u00edstica de San Roque hace m\u00e1s grande a Charapot\u00f3. - Prefectura de Manab\u00ed","robots":{"index":"index","follow":"follow","max-snippet":"max-snippet:-1","max-image-preview":"max-image-preview:large","max-video-preview":"max-video-preview:-1"},"canonical":"https:\/\/www.manabi.gob.ec\/index.php\/la-facilidad-turistica-de-san-roque-hace-mas-grande-a-charapoto\/","og_locale":"es_ES","og_type":"article","og_title":"La facilidad tur\u00edstica de San Roque hace m\u00e1s grande a Charapot\u00f3. - Prefectura de Manab\u00ed","og_description":"\u201cPara mi es tan importante este proyecto porque es dar oportunidades sostenibles, permitir combinar el turismo con la gastronom\u00eda y la conservaci\u00f3n del ecosistema, adem\u00e1s de conocer nuestra identidad cultural\u201d, expres\u00f3 el prefecto Leonardo Orlando, en la inauguraci\u00f3n de la facilidad tur\u00edstica San Roque de la parroquia Charapot\u00f3 del cant\u00f3n Sucre. Esta obra se ejecut\u00f3 [&hellip;]","og_url":"https:\/\/www.manabi.gob.ec\/index.php\/la-facilidad-turistica-de-san-roque-hace-mas-grande-a-charapoto\/","og_site_name":"Prefectura de Manab\u00ed","article_published_time":"2023-05-31T15:40:40+00:00","article_modified_time":"2023-05-31T15:40:44+00:00","og_image":[{"width":1280,"height":853,"url":"https:\/\/www.manabi.gob.ec\/wp-content\/uploads\/2023\/05\/WhatsApp-Image-2023-05-27-at-16.45.08.jpeg","type":"image\/jpeg"}],"author":"Lui Ochoa","twitter_card":"summary_large_image","twitter_misc":{"Escrito por":"Lui Ochoa","Tiempo de lectura":"2 minutos"},"schema":{"@context":"https:\/\/schema.org","@graph":[{"@type":"Article","@id":"https:\/\/www.manabi.gob.ec\/index.php\/la-facilidad-turistica-de-san-roque-hace-mas-grande-a-charapoto\/#article","isPartOf":{"@id":"https:\/\/www.manabi.gob.ec\/index.php\/la-facilidad-turistica-de-san-roque-hace-mas-grande-a-charapoto\/"},"author":{"name":"Lui Ochoa","@id":"https:\/\/www.manabi.gob.ec\/#\/schema\/person\/c4f117989332ad723a6ced5994aa7d7a"},"headline":"La facilidad tur\u00edstica de San Roque hace m\u00e1s grande a Charapot\u00f3.","datePublished":"2023-05-31T15:40:40+00:00","dateModified":"2023-05-31T15:40:44+00:00","mainEntityOfPage":{"@id":"https:\/\/www.manabi.gob.ec\/index.php\/la-facilidad-turistica-de-san-roque-hace-mas-grande-a-charapoto\/"},"wordCount":351,"image":{"@id":"https:\/\/www.manabi.gob.ec\/index.php\/la-facilidad-turistica-de-san-roque-hace-mas-grande-a-charapoto\/#primaryimage"},"thumbnailUrl":"https:\/\/www.manabi.gob.ec\/wp-content\/uploads\/2023\/05\/WhatsApp-Image-2023-05-27-at-16.45.08.jpeg","articleSection":["Desarrollo Social","Noticias","Todas","Turismo"],"inLanguage":"es"},{"@type":"WebPage","@id":"https:\/\/www.manabi.gob.ec\/index.php\/la-facilidad-turistica-de-san-roque-hace-mas-grande-a-charapoto\/","url":"https:\/\/www.manabi.gob.ec\/index.php\/la-facilidad-turistica-de-san-roque-hace-mas-grande-a-charapoto\/","name":"La facilidad tur\u00edstica de San Roque hace m\u00e1s grande a Charapot\u00f3. - Prefectura de Manab\u00ed","isPartOf":{"@id":"https:\/\/www.manabi.gob.ec\/#website"},"primaryImageOfPage":{"@id":"https:\/\/www.manabi.gob.ec\/index.php\/la-facilidad-turistica-de-san-roque-hace-mas-grande-a-charapoto\/#primaryimage"},"image":{"@id":"https:\/\/www.manabi.gob.ec\/index.php\/la-facilidad-turistica-de-san-roque-hace-mas-grande-a-charapoto\/#primaryimage"},"thumbnailUrl":"https:\/\/www.manabi.gob.ec\/wp-content\/uploads\/2023\/05\/WhatsApp-Image-2023-05-27-at-16.45.08.jpeg","datePublished":"2023-05-31T15:40:40+00:00","dateModified":"2023-05-31T15:40:44+00:00","author":{"@id":"https:\/\/www.manabi.gob.ec\/#\/schema\/person\/c4f117989332ad723a6ced5994aa7d7a"},"breadcrumb":{"@id":"https:\/\/www.manabi.gob.ec\/index.php\/la-facilidad-turistica-de-san-roque-hace-mas-grande-a-charapoto\/#breadcrumb"},"inLanguage":"es","potentialAction":[{"@type":"ReadAction","target":["https:\/\/www.manabi.gob.ec\/index.php\/la-facilidad-turistica-de-san-roque-hace-mas-grande-a-charapoto\/"]}]},{"@type":"ImageObject","inLanguage":"es","@id":"https:\/\/www.manabi.gob.ec\/index.php\/la-facilidad-turistica-de-san-roque-hace-mas-grande-a-charapoto\/#primaryimage","url":"https:\/\/www.manabi.gob.ec\/wp-content\/uploads\/2023\/05\/WhatsApp-Image-2023-05-27-at-16.45.08.jpeg","contentUrl":"https:\/\/www.manabi.gob.ec\/wp-content\/uploads\/2023\/05\/WhatsApp-Image-2023-05-27-at-16.45.08.jpeg","width":1280,"height":853},{"@type":"BreadcrumbList","@id":"https:\/\/www.manabi.gob.ec\/index.php\/la-facilidad-turistica-de-san-roque-hace-mas-grande-a-charapoto\/#breadcrumb","itemListElement":[{"@type":"ListItem","position":1,"name":"Portada","item":"https:\/\/www.manabi.gob.ec\/"},{"@type":"ListItem","position":2,"name":"La facilidad tur\u00edstica de San Roque hace m\u00e1s grande a Charapot\u00f3."}]},{"@type":"WebSite","@id":"https:\/\/www.manabi.gob.ec\/#website","url":"https:\/\/www.manabi.gob.ec\/","name":"Prefectura de Manab\u00ed","description":"P\u00e1gina web de la prefectura","potentialAction":[{"@type":"SearchAction","target":{"@type":"EntryPoint","urlTemplate":"https:\/\/www.manabi.gob.ec\/?s={search_term_string}"},"query-input":{"@type":"PropertyValueSpecification","valueRequired":true,"valueName":"search_term_string"}}],"inLanguage":"es"},{"@type":"Person","@id":"https:\/\/www.manabi.gob.ec\/#\/schema\/person\/c4f117989332ad723a6ced5994aa7d7a","name":"Lui Ochoa","image":{"@type":"ImageObject","inLanguage":"es","@id":"https:\/\/secure.gravatar.com\/avatar\/6e8017d0fe69dead8a95864d2eb6e1e1d8bf8e01194ba49cf7b897ff038126ba?s=96&d=mm&r=g","url":"https:\/\/secure.gravatar.com\/avatar\/6e8017d0fe69dead8a95864d2eb6e1e1d8bf8e01194ba49cf7b897ff038126ba?s=96&d=mm&r=g","contentUrl":"https:\/\/secure.gravatar.com\/avatar\/6e8017d0fe69dead8a95864d2eb6e1e1d8bf8e01194ba49cf7b897ff038126ba?s=96&d=mm&r=g","caption":"Lui Ochoa"},"url":"https:\/\/www.manabi.gob.ec\/index.php\/author\/lochoa\/"}]}},"jetpack_featured_media_url":"https:\/\/www.manabi.gob.ec\/wp-content\/uploads\/2023\/05\/WhatsApp-Image-2023-05-27-at-16.45.08.jpeg","_links":{"self":[{"href":"https:\/\/www.manabi.gob.ec\/index.php\/wp-json\/wp\/v2\/posts\/24646","targetHints":{"allow":["GET"]}}],"collection":[{"href":"https:\/\/www.manabi.gob.ec\/index.php\/wp-json\/wp\/v2\/posts"}],"about":[{"href":"https:\/\/www.manabi.gob.ec\/index.php\/wp-json\/wp\/v2\/types\/post"}],"author":[{"embeddable":true,"href":"https:\/\/www.manabi.gob.ec\/index.php\/wp-json\/wp\/v2\/users\/10"}],"replies":[{"embeddable":true,"href":"https:\/\/www.manabi.gob.ec\/index.php\/wp-json\/wp\/v2\/comments?post=24646"}],"version-history":[{"count":0,"href":"https:\/\/www.manabi.gob.ec\/index.php\/wp-json\/wp\/v2\/posts\/24646\/revisions"}],"wp:featuredmedia":[{"embeddable":true,"href":"https:\/\/www.manabi.gob.ec\/index.php\/wp-json\/wp\/v2\/media\/24647"}],"wp:attachment":[{"href":"https:\/\/www.manabi.gob.ec\/index.php\/wp-json\/wp\/v2\/media?parent=24646"}],"wp:term":[{"taxonomy":"category","embeddable":true,"href":"https:\/\/www.manabi.gob.ec\/index.php\/wp-json\/wp\/v2\/categories?post=24646"},{"taxonomy":"post_tag","embeddable":true,"href":"https:\/\/www.manabi.gob.ec\/index.php\/wp-json\/wp\/v2\/tags?post=24646"}],"curies":[{"name":"wp","href":"https:\/\/api.w.org\/{rel}","templated":true}]}}